{"id":13614,"date":"2026-03-18T12:17:34","date_gmt":"2026-03-18T12:17:34","guid":{"rendered":"https:\/\/comarcas.csm.org.pt\/leiria\/?p=13614"},"modified":"2026-03-18T12:17:36","modified_gmt":"2026-03-18T12:17:36","slug":"tribunal-de-leiria-julga-homem-suspeito-de-matar-amigo","status":"publish","type":"post","link":"https:\/\/comarcas.csm.org.pt\/leiria\/blog\/2026\/03\/18\/tribunal-de-leiria-julga-homem-suspeito-de-matar-amigo\/","title":{"rendered":"Tribunal de Leiria julga homem suspeito de matar\u00a0amigo"},"content":{"rendered":"\n<p id=\"block-3303be34-dbe1-406f-b02d-fbb694e39dff\"><a href=\"https:\/\/observador.pt\/2026\/03\/17\/tribunal-de-leiria-julga-homem-suspeito-de-matar-amigo\/\">in &#8220;Observador.pt&#8221;, 17-03-2026<\/a><\/p>\n\n\n\n<p id=\"block-a26caeba-85eb-431e-ba1b-f06085a4116c\">Homem apontou a arma ao peito da v\u00edtima, um homem de 68 anos, a cerca de 50 cent\u00edmetros, dizendo &#8220;n\u00e3o tenhas medo que a arma n\u00e3o tem aqui dentro nada&#8221;, e premiu o gatilho, fazendo um disparo.<\/p>\n\n\n\n<p id=\"block-77959906-ef02-4e29-9991-4a592751f582\">O Tribunal Judicial de Leiria come\u00e7a a julgar na quinta-feira um homem suspeito de ter matado um amigo e que est\u00e1 acusado dos crimes de homic\u00eddio por neglig\u00eancia grosseira e de deten\u00e7\u00e3o de arma proibida, neste caso como reincidente.<\/p>\n\n\n\n<p id=\"block-f50e9ad4-64ed-43e7-a914-58490167338a\">No despacho de acusa\u00e7\u00e3o, consultado pela ag\u00eancia Lusa, l\u00ea-se que no dia 4 de abril de 2025, pelas 18h00, o arguido foi a um caf\u00e9 na Nazar\u00e9,&nbsp;<strong>onde se sentou numa mesa onde estavam dois seus amigos<\/strong>.<\/p>\n\n\n\n<p id=\"block-d909e325-6294-4775-9f7f-2d7cc35062b4\">Ap\u00f3s pedir bebidas para si e para os amigos, tirou de uma bolsa que guardava numa mochila que trazia consigo uma arma de fogo, sem o carregador, que exibiu \u00e0queles.<\/p>\n\n\n\n<p id=\"block-7f04051b-70ee-4881-90ab-55174a0a4b88\">Nessa sequ\u00eancia, apontou a arma ao peito da v\u00edtima, um homem de 68 anos,<strong>&nbsp;a cerca de 50 cent\u00edmetros, dizendo \u201cn\u00e3o tenhas medo que a arma n\u00e3o tem aqui dentro nada\u201d<\/strong>, e premiu o gatilho, fazendo um disparo, segundo a acusa\u00e7\u00e3o do Minist\u00e9rio P\u00fablico (MP).<\/p>\n\n\n\n<p id=\"block-8fc8a059-5763-46c1-8a87-c4cad5d8cbef\">Apesar de n\u00e3o ter o carregador, a arma estava municiada com uma muni\u00e7\u00e3o de calibre 6,35, que perfurou o peito da v\u00edtima.<\/p>\n\n\n\n<p id=\"block-c1263de5-a77d-459b-b5f4-479cc995acc4\">O arguido abandonou o local e a v\u00edtima foi transportada para o hospital de Leiria e, depois, transferida para Coimbra, onde morreu quatro dias depois.<\/p>\n\n\n\n<p id=\"block-236f5450-2dbd-45f4-9aa9-3c413ee55670\">O suspeito n\u00e3o tem licen\u00e7a de uso e porte de armas, nem armas manifestadas em seu nome, de acordo com o MP, adiantando que aquele empunhou a arma na dire\u00e7\u00e3o da v\u00edtima sem previamente se certificar de que a mesma se encontrava totalmente desmuniciada,&nbsp;<strong>\u201ccomo poderia e deveria ter feito, antes de libertar a patilha de seguran\u00e7a e premir o gatilho para efetuar o disparo\u201d.<\/strong><\/p>\n\n\n\n<p id=\"block-35d011f4-37ad-4086-8dca-6b14903c5ec4\">\u201cAo empunhar a arma na dire\u00e7\u00e3o de (\u2026), \u00e0 referida dist\u00e2ncia, o arguido n\u00e3o previu como possivel que, acionado o gatilho da mesma, esta disparasse um proj\u00e9til e a morte daquele pudesse ocorrer, confiando que tal n\u00e3o sucederia uma vez que havia retirado da dita arma o respetivo carregador\u201d, adiantou.<\/p>\n\n\n\n<p id=\"block-ce2c6846-42bd-4637-bc7c-05761f283237\">Para o MP, o arguido agiu \u201csem o cuidado a que estava obrigado e de que era capaz, com total e grosseiro desrespeito e pondera\u00e7\u00e3o dos deveres de cuidado a que estava vinculado enquanto possuidor de arma de fogo\u201d, n\u00e3o tendo representado a possibilidade de a sua conduta resultar na morte de terceiros.<\/p>\n\n\n\n<p id=\"block-03f5901b-4f43-4b2a-9084-f90e2c4a036f\">O<strong>&nbsp;arguido, de 43 anos, estava, \u00e0 data dos factos, em liberdade condicional<\/strong>.<\/p>\n\n\n\n<p id=\"block-8bfb409e-494e-46fb-9837-9253c08ea4db\">O julgamento, por um tribunal coletivo, est\u00e1 previsto iniciar \u00e0s 09h30.<\/p>\n\n\n\n<p><\/p>\n","protected":false},"excerpt":{"rendered":"<p>in &#8220;Observador.pt&#8221;, 17-03-2026 Homem apontou a arma ao peito da v\u00edtima, um homem de 68 anos, a cerca de 50 cent\u00edmetros, dizendo &#8220;n\u00e3o tenhas medo que a arma n\u00e3o tem aqui dentro nada&#8221;, e premiu&#8230;<\/p>\n","protected":false},"author":16,"featured_media":0,"comment_status":"closed","ping_status":"open","sticky":false,"template":"","format":"standard","meta":{"_tbt_post_transparent":"","_tbt_post_title":"","_tbt_post_layout":"","_tbt_post_sidebar_id":"","_tbt_post_content_style":"","_tbt_post_vertical_padding":"","_tbt_post_feature":"","_tbt_post_feature_position":"","_tbt_post_header":false,"_tbt_post_footer":false},"categories":[1,5],"tags":[],"class_list":["post-13614","post","type-post","status-publish","format-standard","hentry","category-geral","category-noticias"],"yoast_head":"<!-- This site is optimized with the Yoast SEO plugin v25.6 - https:\/\/yoast.com\/wordpress\/plugins\/seo\/ -->\n<title>Tribunal de Leiria julga homem suspeito de matar\u00a0amigo - Tribunal Judicial da Comarca de Leiria<\/title>\n<meta name=\"robots\" content=\"index, follow, max-snippet:-1, max-image-preview:large, max-video-preview:-1\" \/>\n<link rel=\"canonical\" href=\"https:\/\/comarcas.csm.org.pt\/leiria\/blog\/2026\/03\/18\/tribunal-de-leiria-julga-homem-suspeito-de-matar-amigo\/\" \/>\n<meta property=\"og:locale\" content=\"pt_PT\" \/>\n<meta property=\"og:type\" content=\"article\" \/>\n<meta property=\"og:title\" content=\"Tribunal de Leiria julga homem suspeito de matar\u00a0amigo - Tribunal Judicial da Comarca de Leiria\" \/>\n<meta property=\"og:description\" content=\"in &#8220;Observador.pt&#8221;, 17-03-2026 Homem apontou a arma ao peito da v\u00edtima, um homem de 68 anos, a cerca de 50 cent\u00edmetros, dizendo &#8220;n\u00e3o tenhas medo que a arma n\u00e3o tem aqui dentro nada&#8221;, e premiu...\" \/>\n<meta property=\"og:url\" content=\"https:\/\/comarcas.csm.org.pt\/leiria\/blog\/2026\/03\/18\/tribunal-de-leiria-julga-homem-suspeito-de-matar-amigo\/\" \/>\n<meta property=\"og:site_name\" content=\"Tribunal Judicial da Comarca de Leiria\" \/>\n<meta property=\"article:published_time\" content=\"2026-03-18T12:17:34+00:00\" \/>\n<meta property=\"article:modified_time\" content=\"2026-03-18T12:17:36+00:00\" \/>\n<meta name=\"author\" content=\"leiria\" \/>\n<meta name=\"twitter:card\" content=\"summary_large_image\" \/>\n<meta name=\"twitter:label1\" content=\"Escrito por\" \/>\n\t<meta name=\"twitter:data1\" content=\"leiria\" \/>\n\t<meta name=\"twitter:label2\" content=\"Tempo estimado de leitura\" \/>\n\t<meta name=\"twitter:data2\" content=\"3 minutos\" \/>\n<script type=\"application\/ld+json\" class=\"yoast-schema-graph\">{\"@context\":\"https:\/\/schema.org\",\"@graph\":[{\"@type\":\"Article\",\"@id\":\"https:\/\/comarcas.csm.org.pt\/leiria\/blog\/2026\/03\/18\/tribunal-de-leiria-julga-homem-suspeito-de-matar-amigo\/#article\",\"isPartOf\":{\"@id\":\"https:\/\/comarcas.csm.org.pt\/leiria\/blog\/2026\/03\/18\/tribunal-de-leiria-julga-homem-suspeito-de-matar-amigo\/\"},\"author\":{\"name\":\"leiria\",\"@id\":\"https:\/\/comarcas.csm.org.pt\/leiria\/#\/schema\/person\/9057b6fbd670d5a2e931712cd357d806\"},\"headline\":\"Tribunal de Leiria julga homem suspeito de matar\u00a0amigo\",\"datePublished\":\"2026-03-18T12:17:34+00:00\",\"dateModified\":\"2026-03-18T12:17:36+00:00\",\"mainEntityOfPage\":{\"@id\":\"https:\/\/comarcas.csm.org.pt\/leiria\/blog\/2026\/03\/18\/tribunal-de-leiria-julga-homem-suspeito-de-matar-amigo\/\"},\"wordCount\":470,\"publisher\":{\"@id\":\"https:\/\/comarcas.csm.org.pt\/leiria\/#organization\"},\"articleSection\":[\"Geral\",\"Not\u00edcias\"],\"inLanguage\":\"pt-PT\"},{\"@type\":\"WebPage\",\"@id\":\"https:\/\/comarcas.csm.org.pt\/leiria\/blog\/2026\/03\/18\/tribunal-de-leiria-julga-homem-suspeito-de-matar-amigo\/\",\"url\":\"https:\/\/comarcas.csm.org.pt\/leiria\/blog\/2026\/03\/18\/tribunal-de-leiria-julga-homem-suspeito-de-matar-amigo\/\",\"name\":\"Tribunal de Leiria julga homem suspeito de matar\u00a0amigo - Tribunal Judicial da Comarca de Leiria\",\"isPartOf\":{\"@id\":\"https:\/\/comarcas.csm.org.pt\/leiria\/#website\"},\"datePublished\":\"2026-03-18T12:17:34+00:00\",\"dateModified\":\"2026-03-18T12:17:36+00:00\",\"breadcrumb\":{\"@id\":\"https:\/\/comarcas.csm.org.pt\/leiria\/blog\/2026\/03\/18\/tribunal-de-leiria-julga-homem-suspeito-de-matar-amigo\/#breadcrumb\"},\"inLanguage\":\"pt-PT\",\"potentialAction\":[{\"@type\":\"ReadAction\",\"target\":[\"https:\/\/comarcas.csm.org.pt\/leiria\/blog\/2026\/03\/18\/tribunal-de-leiria-julga-homem-suspeito-de-matar-amigo\/\"]}]},{\"@type\":\"BreadcrumbList\",\"@id\":\"https:\/\/comarcas.csm.org.pt\/leiria\/blog\/2026\/03\/18\/tribunal-de-leiria-julga-homem-suspeito-de-matar-amigo\/#breadcrumb\",\"itemListElement\":[{\"@type\":\"ListItem\",\"position\":1,\"name\":\"In\u00edcio\",\"item\":\"https:\/\/comarcas.csm.org.pt\/leiria\/\"},{\"@type\":\"ListItem\",\"position\":2,\"name\":\"Tribunal de Leiria julga homem suspeito de matar\u00a0amigo\"}]},{\"@type\":\"WebSite\",\"@id\":\"https:\/\/comarcas.csm.org.pt\/leiria\/#website\",\"url\":\"https:\/\/comarcas.csm.org.pt\/leiria\/\",\"name\":\"Tribunal Judicial da Comarca de Leiria\",\"description\":\"Tribunal Judicial da Comarca de Aveiro\",\"publisher\":{\"@id\":\"https:\/\/comarcas.csm.org.pt\/leiria\/#organization\"},\"potentialAction\":[{\"@type\":\"SearchAction\",\"target\":{\"@type\":\"EntryPoint\",\"urlTemplate\":\"https:\/\/comarcas.csm.org.pt\/leiria\/?s={search_term_string}\"},\"query-input\":{\"@type\":\"PropertyValueSpecification\",\"valueRequired\":true,\"valueName\":\"search_term_string\"}}],\"inLanguage\":\"pt-PT\"},{\"@type\":\"Organization\",\"@id\":\"https:\/\/comarcas.csm.org.pt\/leiria\/#organization\",\"name\":\"Tribunal Judicial da Comarca de Leiria\",\"url\":\"https:\/\/comarcas.csm.org.pt\/leiria\/\",\"logo\":{\"@type\":\"ImageObject\",\"inLanguage\":\"pt-PT\",\"@id\":\"https:\/\/comarcas.csm.org.pt\/leiria\/#\/schema\/logo\/image\/\",\"url\":\"https:\/\/comarcas.csm.org.pt\/leiria\/wp-content\/uploads\/sites\/16\/2024\/11\/Leiria_positivo-horizontal.png\",\"contentUrl\":\"https:\/\/comarcas.csm.org.pt\/leiria\/wp-content\/uploads\/sites\/16\/2024\/11\/Leiria_positivo-horizontal.png\",\"width\":5088,\"height\":890,\"caption\":\"Tribunal Judicial da Comarca de Leiria\"},\"image\":{\"@id\":\"https:\/\/comarcas.csm.org.pt\/leiria\/#\/schema\/logo\/image\/\"}},{\"@type\":\"Person\",\"@id\":\"https:\/\/comarcas.csm.org.pt\/leiria\/#\/schema\/person\/9057b6fbd670d5a2e931712cd357d806\",\"name\":\"leiria\",\"image\":{\"@type\":\"ImageObject\",\"inLanguage\":\"pt-PT\",\"@id\":\"https:\/\/comarcas.csm.org.pt\/leiria\/#\/schema\/person\/image\/\",\"url\":\"https:\/\/secure.gravatar.com\/avatar\/399a72a2630b07d71a4e0167744303361d26ed8a993be2c5686bbe5ff44b469f?s=96&d=mm&r=g\",\"contentUrl\":\"https:\/\/secure.gravatar.com\/avatar\/399a72a2630b07d71a4e0167744303361d26ed8a993be2c5686bbe5ff44b469f?s=96&d=mm&r=g\",\"caption\":\"leiria\"},\"url\":\"https:\/\/comarcas.csm.org.pt\/leiria\/blog\/author\/leiria\/\"}]}<\/script>\n<!-- \/ Yoast SEO plugin. -->","yoast_head_json":{"title":"Tribunal de Leiria julga homem suspeito de matar\u00a0amigo - Tribunal Judicial da Comarca de Leiria","robots":{"index":"index","follow":"follow","max-snippet":"max-snippet:-1","max-image-preview":"max-image-preview:large","max-video-preview":"max-video-preview:-1"},"canonical":"https:\/\/comarcas.csm.org.pt\/leiria\/blog\/2026\/03\/18\/tribunal-de-leiria-julga-homem-suspeito-de-matar-amigo\/","og_locale":"pt_PT","og_type":"article","og_title":"Tribunal de Leiria julga homem suspeito de matar\u00a0amigo - Tribunal Judicial da Comarca de Leiria","og_description":"in &#8220;Observador.pt&#8221;, 17-03-2026 Homem apontou a arma ao peito da v\u00edtima, um homem de 68 anos, a cerca de 50 cent\u00edmetros, dizendo &#8220;n\u00e3o tenhas medo que a arma n\u00e3o tem aqui dentro nada&#8221;, e premiu...","og_url":"https:\/\/comarcas.csm.org.pt\/leiria\/blog\/2026\/03\/18\/tribunal-de-leiria-julga-homem-suspeito-de-matar-amigo\/","og_site_name":"Tribunal Judicial da Comarca de Leiria","article_published_time":"2026-03-18T12:17:34+00:00","article_modified_time":"2026-03-18T12:17:36+00:00","author":"leiria","twitter_card":"summary_large_image","twitter_misc":{"Escrito por":"leiria","Tempo estimado de leitura":"3 minutos"},"schema":{"@context":"https:\/\/schema.org","@graph":[{"@type":"Article","@id":"https:\/\/comarcas.csm.org.pt\/leiria\/blog\/2026\/03\/18\/tribunal-de-leiria-julga-homem-suspeito-de-matar-amigo\/#article","isPartOf":{"@id":"https:\/\/comarcas.csm.org.pt\/leiria\/blog\/2026\/03\/18\/tribunal-de-leiria-julga-homem-suspeito-de-matar-amigo\/"},"author":{"name":"leiria","@id":"https:\/\/comarcas.csm.org.pt\/leiria\/#\/schema\/person\/9057b6fbd670d5a2e931712cd357d806"},"headline":"Tribunal de Leiria julga homem suspeito de matar\u00a0amigo","datePublished":"2026-03-18T12:17:34+00:00","dateModified":"2026-03-18T12:17:36+00:00","mainEntityOfPage":{"@id":"https:\/\/comarcas.csm.org.pt\/leiria\/blog\/2026\/03\/18\/tribunal-de-leiria-julga-homem-suspeito-de-matar-amigo\/"},"wordCount":470,"publisher":{"@id":"https:\/\/comarcas.csm.org.pt\/leiria\/#organization"},"articleSection":["Geral","Not\u00edcias"],"inLanguage":"pt-PT"},{"@type":"WebPage","@id":"https:\/\/comarcas.csm.org.pt\/leiria\/blog\/2026\/03\/18\/tribunal-de-leiria-julga-homem-suspeito-de-matar-amigo\/","url":"https:\/\/comarcas.csm.org.pt\/leiria\/blog\/2026\/03\/18\/tribunal-de-leiria-julga-homem-suspeito-de-matar-amigo\/","name":"Tribunal de Leiria julga homem suspeito de matar\u00a0amigo - Tribunal Judicial da Comarca de Leiria","isPartOf":{"@id":"https:\/\/comarcas.csm.org.pt\/leiria\/#website"},"datePublished":"2026-03-18T12:17:34+00:00","dateModified":"2026-03-18T12:17:36+00:00","breadcrumb":{"@id":"https:\/\/comarcas.csm.org.pt\/leiria\/blog\/2026\/03\/18\/tribunal-de-leiria-julga-homem-suspeito-de-matar-amigo\/#breadcrumb"},"inLanguage":"pt-PT","potentialAction":[{"@type":"ReadAction","target":["https:\/\/comarcas.csm.org.pt\/leiria\/blog\/2026\/03\/18\/tribunal-de-leiria-julga-homem-suspeito-de-matar-amigo\/"]}]},{"@type":"BreadcrumbList","@id":"https:\/\/comarcas.csm.org.pt\/leiria\/blog\/2026\/03\/18\/tribunal-de-leiria-julga-homem-suspeito-de-matar-amigo\/#breadcrumb","itemListElement":[{"@type":"ListItem","position":1,"name":"In\u00edcio","item":"https:\/\/comarcas.csm.org.pt\/leiria\/"},{"@type":"ListItem","position":2,"name":"Tribunal de Leiria julga homem suspeito de matar\u00a0amigo"}]},{"@type":"WebSite","@id":"https:\/\/comarcas.csm.org.pt\/leiria\/#website","url":"https:\/\/comarcas.csm.org.pt\/leiria\/","name":"Tribunal Judicial da Comarca de Leiria","description":"Tribunal Judicial da Comarca de Aveiro","publisher":{"@id":"https:\/\/comarcas.csm.org.pt\/leiria\/#organization"},"potentialAction":[{"@type":"SearchAction","target":{"@type":"EntryPoint","urlTemplate":"https:\/\/comarcas.csm.org.pt\/leiria\/?s={search_term_string}"},"query-input":{"@type":"PropertyValueSpecification","valueRequired":true,"valueName":"search_term_string"}}],"inLanguage":"pt-PT"},{"@type":"Organization","@id":"https:\/\/comarcas.csm.org.pt\/leiria\/#organization","name":"Tribunal Judicial da Comarca de Leiria","url":"https:\/\/comarcas.csm.org.pt\/leiria\/","logo":{"@type":"ImageObject","inLanguage":"pt-PT","@id":"https:\/\/comarcas.csm.org.pt\/leiria\/#\/schema\/logo\/image\/","url":"https:\/\/comarcas.csm.org.pt\/leiria\/wp-content\/uploads\/sites\/16\/2024\/11\/Leiria_positivo-horizontal.png","contentUrl":"https:\/\/comarcas.csm.org.pt\/leiria\/wp-content\/uploads\/sites\/16\/2024\/11\/Leiria_positivo-horizontal.png","width":5088,"height":890,"caption":"Tribunal Judicial da Comarca de Leiria"},"image":{"@id":"https:\/\/comarcas.csm.org.pt\/leiria\/#\/schema\/logo\/image\/"}},{"@type":"Person","@id":"https:\/\/comarcas.csm.org.pt\/leiria\/#\/schema\/person\/9057b6fbd670d5a2e931712cd357d806","name":"leiria","image":{"@type":"ImageObject","inLanguage":"pt-PT","@id":"https:\/\/comarcas.csm.org.pt\/leiria\/#\/schema\/person\/image\/","url":"https:\/\/secure.gravatar.com\/avatar\/399a72a2630b07d71a4e0167744303361d26ed8a993be2c5686bbe5ff44b469f?s=96&d=mm&r=g","contentUrl":"https:\/\/secure.gravatar.com\/avatar\/399a72a2630b07d71a4e0167744303361d26ed8a993be2c5686bbe5ff44b469f?s=96&d=mm&r=g","caption":"leiria"},"url":"https:\/\/comarcas.csm.org.pt\/leiria\/blog\/author\/leiria\/"}]}},"_links":{"self":[{"href":"https:\/\/comarcas.csm.org.pt\/leiria\/wp-json\/wp\/v2\/posts\/13614","targetHints":{"allow":["GET"]}}],"collection":[{"href":"https:\/\/comarcas.csm.org.pt\/leiria\/wp-json\/wp\/v2\/posts"}],"about":[{"href":"https:\/\/comarcas.csm.org.pt\/leiria\/wp-json\/wp\/v2\/types\/post"}],"author":[{"embeddable":true,"href":"https:\/\/comarcas.csm.org.pt\/leiria\/wp-json\/wp\/v2\/users\/16"}],"replies":[{"embeddable":true,"href":"https:\/\/comarcas.csm.org.pt\/leiria\/wp-json\/wp\/v2\/comments?post=13614"}],"version-history":[{"count":1,"href":"https:\/\/comarcas.csm.org.pt\/leiria\/wp-json\/wp\/v2\/posts\/13614\/revisions"}],"predecessor-version":[{"id":13615,"href":"https:\/\/comarcas.csm.org.pt\/leiria\/wp-json\/wp\/v2\/posts\/13614\/revisions\/13615"}],"wp:attachment":[{"href":"https:\/\/comarcas.csm.org.pt\/leiria\/wp-json\/wp\/v2\/media?parent=13614"}],"wp:term":[{"taxonomy":"category","embeddable":true,"href":"https:\/\/comarcas.csm.org.pt\/leiria\/wp-json\/wp\/v2\/categories?post=13614"},{"taxonomy":"post_tag","embeddable":true,"href":"https:\/\/comarcas.csm.org.pt\/leiria\/wp-json\/wp\/v2\/tags?post=13614"}],"curies":[{"name":"wp","href":"https:\/\/api.w.org\/{rel}","templated":true}]}}