{"id":13625,"date":"2026-03-27T11:14:03","date_gmt":"2026-03-27T11:14:03","guid":{"rendered":"https:\/\/comarcas.csm.org.pt\/leiria\/?p=13625"},"modified":"2026-03-27T11:14:04","modified_gmt":"2026-03-27T11:14:04","slug":"homem-de-30-anos-detido-pela-psp-de-leiria-para-cumprir-prisao","status":"publish","type":"post","link":"https:\/\/comarcas.csm.org.pt\/leiria\/blog\/2026\/03\/27\/homem-de-30-anos-detido-pela-psp-de-leiria-para-cumprir-prisao\/","title":{"rendered":"Homem de 30 anos detido pela PSP de Leiria para cumprir pris\u00e3o"},"content":{"rendered":"\n<p>In <a href=\"https:\/\/www.diarioleiria.pt\/2026\/03\/27\/homem-de-30-anos-detido-pela-psp-de-leiria-para-cumprir-prisao\/\">Di\u00e1rio de Leiria<\/a>, de 27.03.2026<\/p>\n\n\n\n<p><strong>O arguido foi condenado, em 2025, a uma pena de pris\u00e3o de dois anos e seis meses, suspensa na sua execu\u00e7\u00e3o<\/strong><\/p>\n\n\n\n<p>Um homem de 30 anos foi detido pela PSP de Leiria para cumprimento de uma pena de dois anos e seis meses de pris\u00e3o efetiva por viol\u00eancia dom\u00e9stica, ap\u00f3s incumprimento das regras da pena suspensa.<\/p>\n\n\n\n<p>Segundo informou hoje o Comando Distrital de Leiria da Pol\u00edcia de Seguran\u00e7a P\u00fablica, o arguido foi condenado, em 2025, a uma pena de pris\u00e3o de dois anos e seis meses, suspensa na sua execu\u00e7\u00e3o.<\/p>\n\n\n\n<p>A pena foi sujeita ao cumprimento de diversas regras de conduta, nomeadamente a proibi\u00e7\u00e3o de contacto com a v\u00edtima, a obriga\u00e7\u00e3o de frequ\u00eancia de programas espec\u00edficos de preven\u00e7\u00e3o da viol\u00eancia dom\u00e9stica e a sujei\u00e7\u00e3o a acompanhamento para despiste e tratamento de consumos abusivos de \u00e1lcool e estupefacientes.<\/p>\n\n\n\n<p>O homem ficou tamb\u00e9m proibido de uso e porte de armas pelo mesmo per\u00edodo.<\/p>\n\n\n\n<p>No entanto, os factos apurados evidenciaram que o homem manteve um \u201cpadr\u00e3o continuado de viol\u00eancia f\u00edsica, verbal e psicol\u00f3gica sobre a v\u00edtima, incluindo agress\u00f5es com recurso a for\u00e7a f\u00edsica, amea\u00e7as contra a vida, persegui\u00e7\u00f5es e inj\u00farias\u201d.<\/p>\n\n\n\n<p>A PSP acrescentou que essa conduta provocou um \u201cestado prolongado de medo, humilha\u00e7\u00e3o e ansiedade\u201d.<\/p>\n\n\n\n<p>\u201cEstes comportamentos ocorreram ao longo de v\u00e1rios anos, mesmo ap\u00f3s a separa\u00e7\u00e3o do casal, tendo o arguido agido de forma consciente e reiterada, afetando gravemente a integridade f\u00edsica, emocional e a dignidade da v\u00edtima, com quem tem dois filhos menores em comum\u201d, referiu ainda a pol\u00edcia.<\/p>\n\n\n\n<p>De acordo com a PSP, o homem possui um \u201cextenso registo criminal, com v\u00e1rias condena\u00e7\u00f5es anteriores, designadamente por crimes de condu\u00e7\u00e3o sem habilita\u00e7\u00e3o legal, ofensas \u00e0 integridade f\u00edsica e posse de arma proibida\u201d.<\/p>\n\n\n\n<p>A deten\u00e7\u00e3o decorre de decis\u00e3o judicial transitada em julgado, relacionada com a pr\u00e1tica do crime de viol\u00eancia dom\u00e9stica agravado contra c\u00f4njuge ou an\u00e1logos, no \u00e2mbito de factos ocorridos desde o ano de 2017, na \u00e1rea da Marinha Grande.<\/p>\n\n\n\n<p>Ap\u00f3s a sua localiza\u00e7\u00e3o e deten\u00e7\u00e3o, o homem foi conduzido ao Estabelecimento Prisional de Leiria, onde ir\u00e1 cumprir a pena de pris\u00e3o efetiva a que foi condenado.<\/p>\n\n\n\n<p><\/p>\n","protected":false},"excerpt":{"rendered":"<p>In Di\u00e1rio de Leiria, de 27.03.2026 O arguido foi condenado, em 2025, a uma pena de pris\u00e3o de dois anos e seis meses, suspensa na sua execu\u00e7\u00e3o Um homem de 30 anos foi detido pela&#8230;<\/p>\n","protected":false},"author":16,"featured_media":0,"comment_status":"closed","ping_status":"open","sticky":false,"template":"","format":"standard","meta":{"_tbt_post_transparent":"","_tbt_post_title":"","_tbt_post_layout":"","_tbt_post_sidebar_id":"","_tbt_post_content_style":"","_tbt_post_vertical_padding":"","_tbt_post_feature":"","_tbt_post_feature_position":"","_tbt_post_header":false,"_tbt_post_footer":false},"categories":[1,5],"tags":[],"class_list":["post-13625","post","type-post","status-publish","format-standard","hentry","category-geral","category-noticias"],"yoast_head":"<!-- This site is optimized with the Yoast SEO plugin v25.6 - https:\/\/yoast.com\/wordpress\/plugins\/seo\/ -->\n<title>Homem de 30 anos detido pela PSP de Leiria para cumprir pris\u00e3o - Tribunal Judicial da Comarca de Leiria<\/title>\n<meta name=\"robots\" content=\"index, follow, max-snippet:-1, max-image-preview:large, max-video-preview:-1\" \/>\n<link rel=\"canonical\" href=\"https:\/\/comarcas.csm.org.pt\/leiria\/blog\/2026\/03\/27\/homem-de-30-anos-detido-pela-psp-de-leiria-para-cumprir-prisao\/\" \/>\n<meta property=\"og:locale\" content=\"pt_PT\" \/>\n<meta property=\"og:type\" content=\"article\" \/>\n<meta property=\"og:title\" content=\"Homem de 30 anos detido pela PSP de Leiria para cumprir pris\u00e3o - Tribunal Judicial da Comarca de Leiria\" \/>\n<meta property=\"og:description\" content=\"In Di\u00e1rio de Leiria, de 27.03.2026 O arguido foi condenado, em 2025, a uma pena de pris\u00e3o de dois anos e seis meses, suspensa na sua execu\u00e7\u00e3o Um homem de 30 anos foi detido pela...\" \/>\n<meta property=\"og:url\" content=\"https:\/\/comarcas.csm.org.pt\/leiria\/blog\/2026\/03\/27\/homem-de-30-anos-detido-pela-psp-de-leiria-para-cumprir-prisao\/\" \/>\n<meta property=\"og:site_name\" content=\"Tribunal Judicial da Comarca de Leiria\" \/>\n<meta property=\"article:published_time\" content=\"2026-03-27T11:14:03+00:00\" \/>\n<meta property=\"article:modified_time\" content=\"2026-03-27T11:14:04+00:00\" \/>\n<meta name=\"author\" content=\"leiria\" \/>\n<meta name=\"twitter:card\" content=\"summary_large_image\" \/>\n<meta name=\"twitter:label1\" content=\"Escrito por\" \/>\n\t<meta name=\"twitter:data1\" content=\"leiria\" \/>\n\t<meta name=\"twitter:label2\" content=\"Tempo estimado de leitura\" \/>\n\t<meta name=\"twitter:data2\" content=\"2 minutos\" \/>\n<script type=\"application\/ld+json\" class=\"yoast-schema-graph\">{\"@context\":\"https:\/\/schema.org\",\"@graph\":[{\"@type\":\"Article\",\"@id\":\"https:\/\/comarcas.csm.org.pt\/leiria\/blog\/2026\/03\/27\/homem-de-30-anos-detido-pela-psp-de-leiria-para-cumprir-prisao\/#article\",\"isPartOf\":{\"@id\":\"https:\/\/comarcas.csm.org.pt\/leiria\/blog\/2026\/03\/27\/homem-de-30-anos-detido-pela-psp-de-leiria-para-cumprir-prisao\/\"},\"author\":{\"name\":\"leiria\",\"@id\":\"https:\/\/comarcas.csm.org.pt\/leiria\/#\/schema\/person\/9057b6fbd670d5a2e931712cd357d806\"},\"headline\":\"Homem de 30 anos detido pela PSP de Leiria para cumprir pris\u00e3o\",\"datePublished\":\"2026-03-27T11:14:03+00:00\",\"dateModified\":\"2026-03-27T11:14:04+00:00\",\"mainEntityOfPage\":{\"@id\":\"https:\/\/comarcas.csm.org.pt\/leiria\/blog\/2026\/03\/27\/homem-de-30-anos-detido-pela-psp-de-leiria-para-cumprir-prisao\/\"},\"wordCount\":415,\"publisher\":{\"@id\":\"https:\/\/comarcas.csm.org.pt\/leiria\/#organization\"},\"articleSection\":[\"Geral\",\"Not\u00edcias\"],\"inLanguage\":\"pt-PT\"},{\"@type\":\"WebPage\",\"@id\":\"https:\/\/comarcas.csm.org.pt\/leiria\/blog\/2026\/03\/27\/homem-de-30-anos-detido-pela-psp-de-leiria-para-cumprir-prisao\/\",\"url\":\"https:\/\/comarcas.csm.org.pt\/leiria\/blog\/2026\/03\/27\/homem-de-30-anos-detido-pela-psp-de-leiria-para-cumprir-prisao\/\",\"name\":\"Homem de 30 anos detido pela PSP de Leiria para cumprir pris\u00e3o - Tribunal Judicial da Comarca de Leiria\",\"isPartOf\":{\"@id\":\"https:\/\/comarcas.csm.org.pt\/leiria\/#website\"},\"datePublished\":\"2026-03-27T11:14:03+00:00\",\"dateModified\":\"2026-03-27T11:14:04+00:00\",\"breadcrumb\":{\"@id\":\"https:\/\/comarcas.csm.org.pt\/leiria\/blog\/2026\/03\/27\/homem-de-30-anos-detido-pela-psp-de-leiria-para-cumprir-prisao\/#breadcrumb\"},\"inLanguage\":\"pt-PT\",\"potentialAction\":[{\"@type\":\"ReadAction\",\"target\":[\"https:\/\/comarcas.csm.org.pt\/leiria\/blog\/2026\/03\/27\/homem-de-30-anos-detido-pela-psp-de-leiria-para-cumprir-prisao\/\"]}]},{\"@type\":\"BreadcrumbList\",\"@id\":\"https:\/\/comarcas.csm.org.pt\/leiria\/blog\/2026\/03\/27\/homem-de-30-anos-detido-pela-psp-de-leiria-para-cumprir-prisao\/#breadcrumb\",\"itemListElement\":[{\"@type\":\"ListItem\",\"position\":1,\"name\":\"In\u00edcio\",\"item\":\"https:\/\/comarcas.csm.org.pt\/leiria\/\"},{\"@type\":\"ListItem\",\"position\":2,\"name\":\"Homem de 30 anos detido pela PSP de Leiria para cumprir pris\u00e3o\"}]},{\"@type\":\"WebSite\",\"@id\":\"https:\/\/comarcas.csm.org.pt\/leiria\/#website\",\"url\":\"https:\/\/comarcas.csm.org.pt\/leiria\/\",\"name\":\"Tribunal Judicial da Comarca de Leiria\",\"description\":\"Tribunal Judicial da Comarca de Aveiro\",\"publisher\":{\"@id\":\"https:\/\/comarcas.csm.org.pt\/leiria\/#organization\"},\"potentialAction\":[{\"@type\":\"SearchAction\",\"target\":{\"@type\":\"EntryPoint\",\"urlTemplate\":\"https:\/\/comarcas.csm.org.pt\/leiria\/?s={search_term_string}\"},\"query-input\":{\"@type\":\"PropertyValueSpecification\",\"valueRequired\":true,\"valueName\":\"search_term_string\"}}],\"inLanguage\":\"pt-PT\"},{\"@type\":\"Organization\",\"@id\":\"https:\/\/comarcas.csm.org.pt\/leiria\/#organization\",\"name\":\"Tribunal Judicial da Comarca de Leiria\",\"url\":\"https:\/\/comarcas.csm.org.pt\/leiria\/\",\"logo\":{\"@type\":\"ImageObject\",\"inLanguage\":\"pt-PT\",\"@id\":\"https:\/\/comarcas.csm.org.pt\/leiria\/#\/schema\/logo\/image\/\",\"url\":\"https:\/\/comarcas.csm.org.pt\/leiria\/wp-content\/uploads\/sites\/16\/2024\/11\/Leiria_positivo-horizontal.png\",\"contentUrl\":\"https:\/\/comarcas.csm.org.pt\/leiria\/wp-content\/uploads\/sites\/16\/2024\/11\/Leiria_positivo-horizontal.png\",\"width\":5088,\"height\":890,\"caption\":\"Tribunal Judicial da Comarca de Leiria\"},\"image\":{\"@id\":\"https:\/\/comarcas.csm.org.pt\/leiria\/#\/schema\/logo\/image\/\"}},{\"@type\":\"Person\",\"@id\":\"https:\/\/comarcas.csm.org.pt\/leiria\/#\/schema\/person\/9057b6fbd670d5a2e931712cd357d806\",\"name\":\"leiria\",\"image\":{\"@type\":\"ImageObject\",\"inLanguage\":\"pt-PT\",\"@id\":\"https:\/\/comarcas.csm.org.pt\/leiria\/#\/schema\/person\/image\/\",\"url\":\"https:\/\/secure.gravatar.com\/avatar\/399a72a2630b07d71a4e0167744303361d26ed8a993be2c5686bbe5ff44b469f?s=96&d=mm&r=g\",\"contentUrl\":\"https:\/\/secure.gravatar.com\/avatar\/399a72a2630b07d71a4e0167744303361d26ed8a993be2c5686bbe5ff44b469f?s=96&d=mm&r=g\",\"caption\":\"leiria\"},\"url\":\"https:\/\/comarcas.csm.org.pt\/leiria\/blog\/author\/leiria\/\"}]}<\/script>\n<!-- \/ Yoast SEO plugin. -->","yoast_head_json":{"title":"Homem de 30 anos detido pela PSP de Leiria para cumprir pris\u00e3o - Tribunal Judicial da Comarca de Leiria","robots":{"index":"index","follow":"follow","max-snippet":"max-snippet:-1","max-image-preview":"max-image-preview:large","max-video-preview":"max-video-preview:-1"},"canonical":"https:\/\/comarcas.csm.org.pt\/leiria\/blog\/2026\/03\/27\/homem-de-30-anos-detido-pela-psp-de-leiria-para-cumprir-prisao\/","og_locale":"pt_PT","og_type":"article","og_title":"Homem de 30 anos detido pela PSP de Leiria para cumprir pris\u00e3o - Tribunal Judicial da Comarca de Leiria","og_description":"In Di\u00e1rio de Leiria, de 27.03.2026 O arguido foi condenado, em 2025, a uma pena de pris\u00e3o de dois anos e seis meses, suspensa na sua execu\u00e7\u00e3o Um homem de 30 anos foi detido pela...","og_url":"https:\/\/comarcas.csm.org.pt\/leiria\/blog\/2026\/03\/27\/homem-de-30-anos-detido-pela-psp-de-leiria-para-cumprir-prisao\/","og_site_name":"Tribunal Judicial da Comarca de Leiria","article_published_time":"2026-03-27T11:14:03+00:00","article_modified_time":"2026-03-27T11:14:04+00:00","author":"leiria","twitter_card":"summary_large_image","twitter_misc":{"Escrito por":"leiria","Tempo estimado de leitura":"2 minutos"},"schema":{"@context":"https:\/\/schema.org","@graph":[{"@type":"Article","@id":"https:\/\/comarcas.csm.org.pt\/leiria\/blog\/2026\/03\/27\/homem-de-30-anos-detido-pela-psp-de-leiria-para-cumprir-prisao\/#article","isPartOf":{"@id":"https:\/\/comarcas.csm.org.pt\/leiria\/blog\/2026\/03\/27\/homem-de-30-anos-detido-pela-psp-de-leiria-para-cumprir-prisao\/"},"author":{"name":"leiria","@id":"https:\/\/comarcas.csm.org.pt\/leiria\/#\/schema\/person\/9057b6fbd670d5a2e931712cd357d806"},"headline":"Homem de 30 anos detido pela PSP de Leiria para cumprir pris\u00e3o","datePublished":"2026-03-27T11:14:03+00:00","dateModified":"2026-03-27T11:14:04+00:00","mainEntityOfPage":{"@id":"https:\/\/comarcas.csm.org.pt\/leiria\/blog\/2026\/03\/27\/homem-de-30-anos-detido-pela-psp-de-leiria-para-cumprir-prisao\/"},"wordCount":415,"publisher":{"@id":"https:\/\/comarcas.csm.org.pt\/leiria\/#organization"},"articleSection":["Geral","Not\u00edcias"],"inLanguage":"pt-PT"},{"@type":"WebPage","@id":"https:\/\/comarcas.csm.org.pt\/leiria\/blog\/2026\/03\/27\/homem-de-30-anos-detido-pela-psp-de-leiria-para-cumprir-prisao\/","url":"https:\/\/comarcas.csm.org.pt\/leiria\/blog\/2026\/03\/27\/homem-de-30-anos-detido-pela-psp-de-leiria-para-cumprir-prisao\/","name":"Homem de 30 anos detido pela PSP de Leiria para cumprir pris\u00e3o - Tribunal Judicial da Comarca de Leiria","isPartOf":{"@id":"https:\/\/comarcas.csm.org.pt\/leiria\/#website"},"datePublished":"2026-03-27T11:14:03+00:00","dateModified":"2026-03-27T11:14:04+00:00","breadcrumb":{"@id":"https:\/\/comarcas.csm.org.pt\/leiria\/blog\/2026\/03\/27\/homem-de-30-anos-detido-pela-psp-de-leiria-para-cumprir-prisao\/#breadcrumb"},"inLanguage":"pt-PT","potentialAction":[{"@type":"ReadAction","target":["https:\/\/comarcas.csm.org.pt\/leiria\/blog\/2026\/03\/27\/homem-de-30-anos-detido-pela-psp-de-leiria-para-cumprir-prisao\/"]}]},{"@type":"BreadcrumbList","@id":"https:\/\/comarcas.csm.org.pt\/leiria\/blog\/2026\/03\/27\/homem-de-30-anos-detido-pela-psp-de-leiria-para-cumprir-prisao\/#breadcrumb","itemListElement":[{"@type":"ListItem","position":1,"name":"In\u00edcio","item":"https:\/\/comarcas.csm.org.pt\/leiria\/"},{"@type":"ListItem","position":2,"name":"Homem de 30 anos detido pela PSP de Leiria para cumprir pris\u00e3o"}]},{"@type":"WebSite","@id":"https:\/\/comarcas.csm.org.pt\/leiria\/#website","url":"https:\/\/comarcas.csm.org.pt\/leiria\/","name":"Tribunal Judicial da Comarca de Leiria","description":"Tribunal Judicial da Comarca de Aveiro","publisher":{"@id":"https:\/\/comarcas.csm.org.pt\/leiria\/#organization"},"potentialAction":[{"@type":"SearchAction","target":{"@type":"EntryPoint","urlTemplate":"https:\/\/comarcas.csm.org.pt\/leiria\/?s={search_term_string}"},"query-input":{"@type":"PropertyValueSpecification","valueRequired":true,"valueName":"search_term_string"}}],"inLanguage":"pt-PT"},{"@type":"Organization","@id":"https:\/\/comarcas.csm.org.pt\/leiria\/#organization","name":"Tribunal Judicial da Comarca de Leiria","url":"https:\/\/comarcas.csm.org.pt\/leiria\/","logo":{"@type":"ImageObject","inLanguage":"pt-PT","@id":"https:\/\/comarcas.csm.org.pt\/leiria\/#\/schema\/logo\/image\/","url":"https:\/\/comarcas.csm.org.pt\/leiria\/wp-content\/uploads\/sites\/16\/2024\/11\/Leiria_positivo-horizontal.png","contentUrl":"https:\/\/comarcas.csm.org.pt\/leiria\/wp-content\/uploads\/sites\/16\/2024\/11\/Leiria_positivo-horizontal.png","width":5088,"height":890,"caption":"Tribunal Judicial da Comarca de Leiria"},"image":{"@id":"https:\/\/comarcas.csm.org.pt\/leiria\/#\/schema\/logo\/image\/"}},{"@type":"Person","@id":"https:\/\/comarcas.csm.org.pt\/leiria\/#\/schema\/person\/9057b6fbd670d5a2e931712cd357d806","name":"leiria","image":{"@type":"ImageObject","inLanguage":"pt-PT","@id":"https:\/\/comarcas.csm.org.pt\/leiria\/#\/schema\/person\/image\/","url":"https:\/\/secure.gravatar.com\/avatar\/399a72a2630b07d71a4e0167744303361d26ed8a993be2c5686bbe5ff44b469f?s=96&d=mm&r=g","contentUrl":"https:\/\/secure.gravatar.com\/avatar\/399a72a2630b07d71a4e0167744303361d26ed8a993be2c5686bbe5ff44b469f?s=96&d=mm&r=g","caption":"leiria"},"url":"https:\/\/comarcas.csm.org.pt\/leiria\/blog\/author\/leiria\/"}]}},"_links":{"self":[{"href":"https:\/\/comarcas.csm.org.pt\/leiria\/wp-json\/wp\/v2\/posts\/13625","targetHints":{"allow":["GET"]}}],"collection":[{"href":"https:\/\/comarcas.csm.org.pt\/leiria\/wp-json\/wp\/v2\/posts"}],"about":[{"href":"https:\/\/comarcas.csm.org.pt\/leiria\/wp-json\/wp\/v2\/types\/post"}],"author":[{"embeddable":true,"href":"https:\/\/comarcas.csm.org.pt\/leiria\/wp-json\/wp\/v2\/users\/16"}],"replies":[{"embeddable":true,"href":"https:\/\/comarcas.csm.org.pt\/leiria\/wp-json\/wp\/v2\/comments?post=13625"}],"version-history":[{"count":1,"href":"https:\/\/comarcas.csm.org.pt\/leiria\/wp-json\/wp\/v2\/posts\/13625\/revisions"}],"predecessor-version":[{"id":13626,"href":"https:\/\/comarcas.csm.org.pt\/leiria\/wp-json\/wp\/v2\/posts\/13625\/revisions\/13626"}],"wp:attachment":[{"href":"https:\/\/comarcas.csm.org.pt\/leiria\/wp-json\/wp\/v2\/media?parent=13625"}],"wp:term":[{"taxonomy":"category","embeddable":true,"href":"https:\/\/comarcas.csm.org.pt\/leiria\/wp-json\/wp\/v2\/categories?post=13625"},{"taxonomy":"post_tag","embeddable":true,"href":"https:\/\/comarcas.csm.org.pt\/leiria\/wp-json\/wp\/v2\/tags?post=13625"}],"curies":[{"name":"wp","href":"https:\/\/api.w.org\/{rel}","templated":true}]}}