{"id":13629,"date":"2026-03-30T09:42:17","date_gmt":"2026-03-30T09:42:17","guid":{"rendered":"https:\/\/comarcas.csm.org.pt\/leiria\/?p=13629"},"modified":"2026-03-30T09:42:18","modified_gmt":"2026-03-30T09:42:18","slug":"supremo-suaviza-pena-a-homem-que-amordacou-e-matou-vizinho-idoso-em-alcobaca","status":"publish","type":"post","link":"https:\/\/comarcas.csm.org.pt\/leiria\/blog\/2026\/03\/30\/supremo-suaviza-pena-a-homem-que-amordacou-e-matou-vizinho-idoso-em-alcobaca\/","title":{"rendered":"Supremo suaviza pena a homem que amorda\u00e7ou e matou vizinho idoso em Alcoba\u00e7a"},"content":{"rendered":"\n<p>In <a href=\"https:\/\/www.jn.pt\/justica\/artigo\/supremo-suaviza-pena-a-homem-que-amordacou-e-matou-vizinho-idoso-em-alcobaca\/18066035\">Jornal de Not\u00edcias<\/a>, de 29.03.2026<\/p>\n\n\n\n<p><strong>O Supremo Tribunal de Justi\u00e7a (STJ) considerou &#8220;excessiva&#8221; a pena de 21 anos de pris\u00e3o aplicada a um homem que matou um vizinho idoso, em 2020, em Alcoba\u00e7a, e reduziu-a para 20 anos.<\/strong><\/p>\n\n\n\n<p>Os conselheiros que subscrevem o ac\u00f3rd\u00e3o dizem que a pena de 20 anos \u00e9 &#8220;mais adequada ao crit\u00e9rio de proporcionalidade&#8221;. &#8220;Num sistema punitivo em que o m\u00e1ximo da pena, mesmo para um homicida em s\u00e9rie, \u00e9 de 25 anos de pris\u00e3o, seguramente que a pena de 21 anos de pris\u00e3o aplicada pelo tribunal recorrido se revela excessiva&#8221;, avaliam.<\/p>\n\n\n\n<p>O crime ocorreu a 23 de novembro de 2020, quando o arguido se deslocou a casa da v\u00edtima, um homem de 75 anos que vivia sozinho e tinha problemas card\u00edacos.<\/p>\n\n\n\n<p>Aquele ter\u00e1 cal\u00e7ado luvas de nitrilo para n\u00e3o deixar vest\u00edgios e atacado o idoso junto a um anexo no quintal da habita\u00e7\u00e3o, desferindo-lhe v\u00e1rias pancadas com um objeto corto-contundente na cabe\u00e7a, no tronco e nos membros.<\/p>\n\n\n\n<p>Depois, imobilizou e amarrou a v\u00edtima com cordas, arames e sacos de pl\u00e1stico, e amorda\u00e7ou-a com sacos de pl\u00e1stico presos com fita isoladora, tapando-lhe a boca e impedindo-a de respirar.<\/p>\n\n\n\n<p>O arguido arrastou depois o homem para o logradouro da casa, onde lhe desferiu novas pancadas, acabando por abandonar o local, deixando a v\u00edtima amarrada e amorda\u00e7ada.<\/p>\n\n\n\n<p>O relat\u00f3rio m\u00e9dico-legal concluiu que a v\u00edtima sofreu m\u00faltiplas les\u00f5es traum\u00e1ticas, incluindo fraturas cranianas e costais, al\u00e9m de diversos hematomas e escoria\u00e7\u00f5es por todo o corpo. A morte ocorreu devido a asfixia mec\u00e2nica por sufoca\u00e7\u00e3o, provocada pela oclus\u00e3o dos orif\u00edcios respirat\u00f3rios.<\/p>\n","protected":false},"excerpt":{"rendered":"<p>In Jornal de Not\u00edcias, de 29.03.2026 O Supremo Tribunal de Justi\u00e7a (STJ) considerou &#8220;excessiva&#8221; a pena de 21 anos de pris\u00e3o aplicada a um homem que matou um vizinho idoso, em 2020, em Alcoba\u00e7a, e&#8230;<\/p>\n","protected":false},"author":16,"featured_media":0,"comment_status":"closed","ping_status":"open","sticky":false,"template":"","format":"standard","meta":{"_tbt_post_transparent":"","_tbt_post_title":"","_tbt_post_layout":"","_tbt_post_sidebar_id":"","_tbt_post_content_style":"","_tbt_post_vertical_padding":"","_tbt_post_feature":"","_tbt_post_feature_position":"","_tbt_post_header":false,"_tbt_post_footer":false},"categories":[1,5],"tags":[],"class_list":["post-13629","post","type-post","status-publish","format-standard","hentry","category-geral","category-noticias"],"yoast_head":"<!-- This site is optimized with the Yoast SEO plugin v25.6 - https:\/\/yoast.com\/wordpress\/plugins\/seo\/ -->\n<title>Supremo suaviza pena a homem que amorda\u00e7ou e matou vizinho idoso em Alcoba\u00e7a - Tribunal Judicial da Comarca de Leiria<\/title>\n<meta name=\"robots\" content=\"index, follow, max-snippet:-1, max-image-preview:large, max-video-preview:-1\" \/>\n<link rel=\"canonical\" href=\"https:\/\/comarcas.csm.org.pt\/leiria\/blog\/2026\/03\/30\/supremo-suaviza-pena-a-homem-que-amordacou-e-matou-vizinho-idoso-em-alcobaca\/\" \/>\n<meta property=\"og:locale\" content=\"pt_PT\" \/>\n<meta property=\"og:type\" content=\"article\" \/>\n<meta property=\"og:title\" content=\"Supremo suaviza pena a homem que amorda\u00e7ou e matou vizinho idoso em Alcoba\u00e7a - Tribunal Judicial da Comarca de Leiria\" \/>\n<meta property=\"og:description\" content=\"In Jornal de Not\u00edcias, de 29.03.2026 O Supremo Tribunal de Justi\u00e7a (STJ) considerou &#8220;excessiva&#8221; a pena de 21 anos de pris\u00e3o aplicada a um homem que matou um vizinho idoso, em 2020, em Alcoba\u00e7a, e...\" \/>\n<meta property=\"og:url\" content=\"https:\/\/comarcas.csm.org.pt\/leiria\/blog\/2026\/03\/30\/supremo-suaviza-pena-a-homem-que-amordacou-e-matou-vizinho-idoso-em-alcobaca\/\" \/>\n<meta property=\"og:site_name\" content=\"Tribunal Judicial da Comarca de Leiria\" \/>\n<meta property=\"article:published_time\" content=\"2026-03-30T09:42:17+00:00\" \/>\n<meta property=\"article:modified_time\" content=\"2026-03-30T09:42:18+00:00\" \/>\n<meta name=\"author\" content=\"leiria\" \/>\n<meta name=\"twitter:card\" content=\"summary_large_image\" \/>\n<meta name=\"twitter:label1\" content=\"Escrito por\" \/>\n\t<meta name=\"twitter:data1\" content=\"leiria\" \/>\n\t<meta name=\"twitter:label2\" content=\"Tempo estimado de leitura\" \/>\n\t<meta name=\"twitter:data2\" content=\"2 minutos\" \/>\n<script type=\"application\/ld+json\" class=\"yoast-schema-graph\">{\"@context\":\"https:\/\/schema.org\",\"@graph\":[{\"@type\":\"Article\",\"@id\":\"https:\/\/comarcas.csm.org.pt\/leiria\/blog\/2026\/03\/30\/supremo-suaviza-pena-a-homem-que-amordacou-e-matou-vizinho-idoso-em-alcobaca\/#article\",\"isPartOf\":{\"@id\":\"https:\/\/comarcas.csm.org.pt\/leiria\/blog\/2026\/03\/30\/supremo-suaviza-pena-a-homem-que-amordacou-e-matou-vizinho-idoso-em-alcobaca\/\"},\"author\":{\"name\":\"leiria\",\"@id\":\"https:\/\/comarcas.csm.org.pt\/leiria\/#\/schema\/person\/9057b6fbd670d5a2e931712cd357d806\"},\"headline\":\"Supremo suaviza pena a homem que amorda\u00e7ou e matou vizinho idoso em Alcoba\u00e7a\",\"datePublished\":\"2026-03-30T09:42:17+00:00\",\"dateModified\":\"2026-03-30T09:42:18+00:00\",\"mainEntityOfPage\":{\"@id\":\"https:\/\/comarcas.csm.org.pt\/leiria\/blog\/2026\/03\/30\/supremo-suaviza-pena-a-homem-que-amordacou-e-matou-vizinho-idoso-em-alcobaca\/\"},\"wordCount\":302,\"publisher\":{\"@id\":\"https:\/\/comarcas.csm.org.pt\/leiria\/#organization\"},\"articleSection\":[\"Geral\",\"Not\u00edcias\"],\"inLanguage\":\"pt-PT\"},{\"@type\":\"WebPage\",\"@id\":\"https:\/\/comarcas.csm.org.pt\/leiria\/blog\/2026\/03\/30\/supremo-suaviza-pena-a-homem-que-amordacou-e-matou-vizinho-idoso-em-alcobaca\/\",\"url\":\"https:\/\/comarcas.csm.org.pt\/leiria\/blog\/2026\/03\/30\/supremo-suaviza-pena-a-homem-que-amordacou-e-matou-vizinho-idoso-em-alcobaca\/\",\"name\":\"Supremo suaviza pena a homem que amorda\u00e7ou e matou vizinho idoso em Alcoba\u00e7a - Tribunal Judicial da Comarca de Leiria\",\"isPartOf\":{\"@id\":\"https:\/\/comarcas.csm.org.pt\/leiria\/#website\"},\"datePublished\":\"2026-03-30T09:42:17+00:00\",\"dateModified\":\"2026-03-30T09:42:18+00:00\",\"breadcrumb\":{\"@id\":\"https:\/\/comarcas.csm.org.pt\/leiria\/blog\/2026\/03\/30\/supremo-suaviza-pena-a-homem-que-amordacou-e-matou-vizinho-idoso-em-alcobaca\/#breadcrumb\"},\"inLanguage\":\"pt-PT\",\"potentialAction\":[{\"@type\":\"ReadAction\",\"target\":[\"https:\/\/comarcas.csm.org.pt\/leiria\/blog\/2026\/03\/30\/supremo-suaviza-pena-a-homem-que-amordacou-e-matou-vizinho-idoso-em-alcobaca\/\"]}]},{\"@type\":\"BreadcrumbList\",\"@id\":\"https:\/\/comarcas.csm.org.pt\/leiria\/blog\/2026\/03\/30\/supremo-suaviza-pena-a-homem-que-amordacou-e-matou-vizinho-idoso-em-alcobaca\/#breadcrumb\",\"itemListElement\":[{\"@type\":\"ListItem\",\"position\":1,\"name\":\"In\u00edcio\",\"item\":\"https:\/\/comarcas.csm.org.pt\/leiria\/\"},{\"@type\":\"ListItem\",\"position\":2,\"name\":\"Supremo suaviza pena a homem que amorda\u00e7ou e matou vizinho idoso em Alcoba\u00e7a\"}]},{\"@type\":\"WebSite\",\"@id\":\"https:\/\/comarcas.csm.org.pt\/leiria\/#website\",\"url\":\"https:\/\/comarcas.csm.org.pt\/leiria\/\",\"name\":\"Tribunal Judicial da Comarca de Leiria\",\"description\":\"Tribunal Judicial da Comarca de Aveiro\",\"publisher\":{\"@id\":\"https:\/\/comarcas.csm.org.pt\/leiria\/#organization\"},\"potentialAction\":[{\"@type\":\"SearchAction\",\"target\":{\"@type\":\"EntryPoint\",\"urlTemplate\":\"https:\/\/comarcas.csm.org.pt\/leiria\/?s={search_term_string}\"},\"query-input\":{\"@type\":\"PropertyValueSpecification\",\"valueRequired\":true,\"valueName\":\"search_term_string\"}}],\"inLanguage\":\"pt-PT\"},{\"@type\":\"Organization\",\"@id\":\"https:\/\/comarcas.csm.org.pt\/leiria\/#organization\",\"name\":\"Tribunal Judicial da Comarca de Leiria\",\"url\":\"https:\/\/comarcas.csm.org.pt\/leiria\/\",\"logo\":{\"@type\":\"ImageObject\",\"inLanguage\":\"pt-PT\",\"@id\":\"https:\/\/comarcas.csm.org.pt\/leiria\/#\/schema\/logo\/image\/\",\"url\":\"https:\/\/comarcas.csm.org.pt\/leiria\/wp-content\/uploads\/sites\/16\/2024\/11\/Leiria_positivo-horizontal.png\",\"contentUrl\":\"https:\/\/comarcas.csm.org.pt\/leiria\/wp-content\/uploads\/sites\/16\/2024\/11\/Leiria_positivo-horizontal.png\",\"width\":5088,\"height\":890,\"caption\":\"Tribunal Judicial da Comarca de Leiria\"},\"image\":{\"@id\":\"https:\/\/comarcas.csm.org.pt\/leiria\/#\/schema\/logo\/image\/\"}},{\"@type\":\"Person\",\"@id\":\"https:\/\/comarcas.csm.org.pt\/leiria\/#\/schema\/person\/9057b6fbd670d5a2e931712cd357d806\",\"name\":\"leiria\",\"image\":{\"@type\":\"ImageObject\",\"inLanguage\":\"pt-PT\",\"@id\":\"https:\/\/comarcas.csm.org.pt\/leiria\/#\/schema\/person\/image\/\",\"url\":\"https:\/\/secure.gravatar.com\/avatar\/399a72a2630b07d71a4e0167744303361d26ed8a993be2c5686bbe5ff44b469f?s=96&d=mm&r=g\",\"contentUrl\":\"https:\/\/secure.gravatar.com\/avatar\/399a72a2630b07d71a4e0167744303361d26ed8a993be2c5686bbe5ff44b469f?s=96&d=mm&r=g\",\"caption\":\"leiria\"},\"url\":\"https:\/\/comarcas.csm.org.pt\/leiria\/blog\/author\/leiria\/\"}]}<\/script>\n<!-- \/ Yoast SEO plugin. -->","yoast_head_json":{"title":"Supremo suaviza pena a homem que amorda\u00e7ou e matou vizinho idoso em Alcoba\u00e7a - Tribunal Judicial da Comarca de Leiria","robots":{"index":"index","follow":"follow","max-snippet":"max-snippet:-1","max-image-preview":"max-image-preview:large","max-video-preview":"max-video-preview:-1"},"canonical":"https:\/\/comarcas.csm.org.pt\/leiria\/blog\/2026\/03\/30\/supremo-suaviza-pena-a-homem-que-amordacou-e-matou-vizinho-idoso-em-alcobaca\/","og_locale":"pt_PT","og_type":"article","og_title":"Supremo suaviza pena a homem que amorda\u00e7ou e matou vizinho idoso em Alcoba\u00e7a - Tribunal Judicial da Comarca de Leiria","og_description":"In Jornal de Not\u00edcias, de 29.03.2026 O Supremo Tribunal de Justi\u00e7a (STJ) considerou &#8220;excessiva&#8221; a pena de 21 anos de pris\u00e3o aplicada a um homem que matou um vizinho idoso, em 2020, em Alcoba\u00e7a, e...","og_url":"https:\/\/comarcas.csm.org.pt\/leiria\/blog\/2026\/03\/30\/supremo-suaviza-pena-a-homem-que-amordacou-e-matou-vizinho-idoso-em-alcobaca\/","og_site_name":"Tribunal Judicial da Comarca de Leiria","article_published_time":"2026-03-30T09:42:17+00:00","article_modified_time":"2026-03-30T09:42:18+00:00","author":"leiria","twitter_card":"summary_large_image","twitter_misc":{"Escrito por":"leiria","Tempo estimado de leitura":"2 minutos"},"schema":{"@context":"https:\/\/schema.org","@graph":[{"@type":"Article","@id":"https:\/\/comarcas.csm.org.pt\/leiria\/blog\/2026\/03\/30\/supremo-suaviza-pena-a-homem-que-amordacou-e-matou-vizinho-idoso-em-alcobaca\/#article","isPartOf":{"@id":"https:\/\/comarcas.csm.org.pt\/leiria\/blog\/2026\/03\/30\/supremo-suaviza-pena-a-homem-que-amordacou-e-matou-vizinho-idoso-em-alcobaca\/"},"author":{"name":"leiria","@id":"https:\/\/comarcas.csm.org.pt\/leiria\/#\/schema\/person\/9057b6fbd670d5a2e931712cd357d806"},"headline":"Supremo suaviza pena a homem que amorda\u00e7ou e matou vizinho idoso em Alcoba\u00e7a","datePublished":"2026-03-30T09:42:17+00:00","dateModified":"2026-03-30T09:42:18+00:00","mainEntityOfPage":{"@id":"https:\/\/comarcas.csm.org.pt\/leiria\/blog\/2026\/03\/30\/supremo-suaviza-pena-a-homem-que-amordacou-e-matou-vizinho-idoso-em-alcobaca\/"},"wordCount":302,"publisher":{"@id":"https:\/\/comarcas.csm.org.pt\/leiria\/#organization"},"articleSection":["Geral","Not\u00edcias"],"inLanguage":"pt-PT"},{"@type":"WebPage","@id":"https:\/\/comarcas.csm.org.pt\/leiria\/blog\/2026\/03\/30\/supremo-suaviza-pena-a-homem-que-amordacou-e-matou-vizinho-idoso-em-alcobaca\/","url":"https:\/\/comarcas.csm.org.pt\/leiria\/blog\/2026\/03\/30\/supremo-suaviza-pena-a-homem-que-amordacou-e-matou-vizinho-idoso-em-alcobaca\/","name":"Supremo suaviza pena a homem que amorda\u00e7ou e matou vizinho idoso em Alcoba\u00e7a - Tribunal Judicial da Comarca de Leiria","isPartOf":{"@id":"https:\/\/comarcas.csm.org.pt\/leiria\/#website"},"datePublished":"2026-03-30T09:42:17+00:00","dateModified":"2026-03-30T09:42:18+00:00","breadcrumb":{"@id":"https:\/\/comarcas.csm.org.pt\/leiria\/blog\/2026\/03\/30\/supremo-suaviza-pena-a-homem-que-amordacou-e-matou-vizinho-idoso-em-alcobaca\/#breadcrumb"},"inLanguage":"pt-PT","potentialAction":[{"@type":"ReadAction","target":["https:\/\/comarcas.csm.org.pt\/leiria\/blog\/2026\/03\/30\/supremo-suaviza-pena-a-homem-que-amordacou-e-matou-vizinho-idoso-em-alcobaca\/"]}]},{"@type":"BreadcrumbList","@id":"https:\/\/comarcas.csm.org.pt\/leiria\/blog\/2026\/03\/30\/supremo-suaviza-pena-a-homem-que-amordacou-e-matou-vizinho-idoso-em-alcobaca\/#breadcrumb","itemListElement":[{"@type":"ListItem","position":1,"name":"In\u00edcio","item":"https:\/\/comarcas.csm.org.pt\/leiria\/"},{"@type":"ListItem","position":2,"name":"Supremo suaviza pena a homem que amorda\u00e7ou e matou vizinho idoso em Alcoba\u00e7a"}]},{"@type":"WebSite","@id":"https:\/\/comarcas.csm.org.pt\/leiria\/#website","url":"https:\/\/comarcas.csm.org.pt\/leiria\/","name":"Tribunal Judicial da Comarca de Leiria","description":"Tribunal Judicial da Comarca de Aveiro","publisher":{"@id":"https:\/\/comarcas.csm.org.pt\/leiria\/#organization"},"potentialAction":[{"@type":"SearchAction","target":{"@type":"EntryPoint","urlTemplate":"https:\/\/comarcas.csm.org.pt\/leiria\/?s={search_term_string}"},"query-input":{"@type":"PropertyValueSpecification","valueRequired":true,"valueName":"search_term_string"}}],"inLanguage":"pt-PT"},{"@type":"Organization","@id":"https:\/\/comarcas.csm.org.pt\/leiria\/#organization","name":"Tribunal Judicial da Comarca de Leiria","url":"https:\/\/comarcas.csm.org.pt\/leiria\/","logo":{"@type":"ImageObject","inLanguage":"pt-PT","@id":"https:\/\/comarcas.csm.org.pt\/leiria\/#\/schema\/logo\/image\/","url":"https:\/\/comarcas.csm.org.pt\/leiria\/wp-content\/uploads\/sites\/16\/2024\/11\/Leiria_positivo-horizontal.png","contentUrl":"https:\/\/comarcas.csm.org.pt\/leiria\/wp-content\/uploads\/sites\/16\/2024\/11\/Leiria_positivo-horizontal.png","width":5088,"height":890,"caption":"Tribunal Judicial da Comarca de Leiria"},"image":{"@id":"https:\/\/comarcas.csm.org.pt\/leiria\/#\/schema\/logo\/image\/"}},{"@type":"Person","@id":"https:\/\/comarcas.csm.org.pt\/leiria\/#\/schema\/person\/9057b6fbd670d5a2e931712cd357d806","name":"leiria","image":{"@type":"ImageObject","inLanguage":"pt-PT","@id":"https:\/\/comarcas.csm.org.pt\/leiria\/#\/schema\/person\/image\/","url":"https:\/\/secure.gravatar.com\/avatar\/399a72a2630b07d71a4e0167744303361d26ed8a993be2c5686bbe5ff44b469f?s=96&d=mm&r=g","contentUrl":"https:\/\/secure.gravatar.com\/avatar\/399a72a2630b07d71a4e0167744303361d26ed8a993be2c5686bbe5ff44b469f?s=96&d=mm&r=g","caption":"leiria"},"url":"https:\/\/comarcas.csm.org.pt\/leiria\/blog\/author\/leiria\/"}]}},"_links":{"self":[{"href":"https:\/\/comarcas.csm.org.pt\/leiria\/wp-json\/wp\/v2\/posts\/13629","targetHints":{"allow":["GET"]}}],"collection":[{"href":"https:\/\/comarcas.csm.org.pt\/leiria\/wp-json\/wp\/v2\/posts"}],"about":[{"href":"https:\/\/comarcas.csm.org.pt\/leiria\/wp-json\/wp\/v2\/types\/post"}],"author":[{"embeddable":true,"href":"https:\/\/comarcas.csm.org.pt\/leiria\/wp-json\/wp\/v2\/users\/16"}],"replies":[{"embeddable":true,"href":"https:\/\/comarcas.csm.org.pt\/leiria\/wp-json\/wp\/v2\/comments?post=13629"}],"version-history":[{"count":1,"href":"https:\/\/comarcas.csm.org.pt\/leiria\/wp-json\/wp\/v2\/posts\/13629\/revisions"}],"predecessor-version":[{"id":13630,"href":"https:\/\/comarcas.csm.org.pt\/leiria\/wp-json\/wp\/v2\/posts\/13629\/revisions\/13630"}],"wp:attachment":[{"href":"https:\/\/comarcas.csm.org.pt\/leiria\/wp-json\/wp\/v2\/media?parent=13629"}],"wp:term":[{"taxonomy":"category","embeddable":true,"href":"https:\/\/comarcas.csm.org.pt\/leiria\/wp-json\/wp\/v2\/categories?post=13629"},{"taxonomy":"post_tag","embeddable":true,"href":"https:\/\/comarcas.csm.org.pt\/leiria\/wp-json\/wp\/v2\/tags?post=13629"}],"curies":[{"name":"wp","href":"https:\/\/api.w.org\/{rel}","templated":true}]}}