{"id":13634,"date":"2026-04-07T13:06:17","date_gmt":"2026-04-07T13:06:17","guid":{"rendered":"https:\/\/comarcas.csm.org.pt\/leiria\/?p=13634"},"modified":"2026-04-07T13:06:18","modified_gmt":"2026-04-07T13:06:18","slug":"homem-detido-em-alvaiazere-apos-queima-autorizada-se-ter-descontrolado","status":"publish","type":"post","link":"https:\/\/comarcas.csm.org.pt\/leiria\/blog\/2026\/04\/07\/homem-detido-em-alvaiazere-apos-queima-autorizada-se-ter-descontrolado\/","title":{"rendered":"Homem detido em Alvai\u00e1zere ap\u00f3s queima autorizada se ter descontrolado"},"content":{"rendered":"\n<p>In <a href=\"https:\/\/www.regiaodeleiria.pt\/2026\/04\/homem-detido-em-alvaiazere-apos-queima-autorizada-se-ter-descontrolado\/\">Regi\u00e3o de Leiria<\/a>, de 07.04.2026<\/p>\n\n\n\n<p><strong>O inc\u00eandio \u201cconsumiu cerca de 1.100 metros quadrados de \u00e1rea florestal\u201d.<\/strong><\/p>\n\n\n\n<p>Um homem de 65 anos foi detido no concelho de Alvai\u00e1zere, distrito de Leiria, ap\u00f3s uma queima autorizada se ter descontrolado e provocado um inc\u00eandio florestal.<\/p>\n\n\n\n<p>Numa nota de imprensa, o Comando Territorial de Leiria da GNR adiantou que o homem foi detido no dia 2 e \u00e9 suspeito do crime de inc\u00eandio florestal, ocorrido na localidade de Portela das Feteiras.<\/p>\n\n\n\n<p>\u201cNa sequ\u00eancia de um alerta que dava conta da exist\u00eancia de um inc\u00eandio em \u00e1rea florestal, os militares da Guarda deslocaram-se de imediato para o local, onde desenvolveram dilig\u00eancias policiais que permitiram identificar e deter o suspeito\u201d, referiu a nota.<\/p>\n\n\n\n<p>O inc\u00eandio \u201cconsumiu cerca de 1.100 metros quadrados de \u00e1rea florestal (mato, eucaliptos, pinheiros e sobreiros)\u201d e \u201cteve origem numa queima autorizada, tendo a mesma acabado por se descontrolar e propagar \u00e0 mancha florestal envolvente\u201d, explicou a GNR.<\/p>\n\n\n\n<p>O detido foi constitu\u00eddo arguido e os factos enviados ao Tribunal Judicial de Leiria.<\/p>\n\n\n\n<p>\u00c0 ag\u00eancia Lusa, fonte da GNR recomendou aos cidad\u00e3os que fa\u00e7am queimas autorizadas para terem em aten\u00e7\u00e3o se h\u00e1 vento, al\u00e9m de que devem ter no local um balde de \u00e1gua ou areia e ainda o telem\u00f3vel para chamar os meios de socorro caso a queima se descontrole.<\/p>\n\n\n\n<p>Este inc\u00eandio foi combatido por 27 operacionais apoiados por seis ve\u00edculos dos bombeiros, acrescentou a mesma fonte.<\/p>\n\n\n\n<p>Na nota de imprensa, a GNR salientou que \u201cas queimas e queimadas s\u00e3o das principais causas de inc\u00eandios em Portugal\u201d, destacando que a realiza\u00e7\u00e3o daquelas assim como de fogueiras \u201c\u00e9 interdita sempre que se verifique um n\u00edvel de perigo de inc\u00eandio rural \u2018muito elevado\u2019 ou \u2018m\u00e1ximo\u2019, estando dependente de autoriza\u00e7\u00e3o ou de comunica\u00e7\u00e3o pr\u00e9via noutros per\u00edodos\u201d.<\/p>\n\n\n\n<p><\/p>\n","protected":false},"excerpt":{"rendered":"<p>In Regi\u00e3o de Leiria, de 07.04.2026 O inc\u00eandio \u201cconsumiu cerca de 1.100 metros quadrados de \u00e1rea florestal\u201d. Um homem de 65 anos foi detido no concelho de Alvai\u00e1zere, distrito de Leiria, ap\u00f3s uma queima autorizada&#8230;<\/p>\n","protected":false},"author":16,"featured_media":0,"comment_status":"closed","ping_status":"open","sticky":false,"template":"","format":"standard","meta":{"_tbt_post_transparent":"","_tbt_post_title":"","_tbt_post_layout":"","_tbt_post_sidebar_id":"","_tbt_post_content_style":"","_tbt_post_vertical_padding":"","_tbt_post_feature":"","_tbt_post_feature_position":"","_tbt_post_header":false,"_tbt_post_footer":false},"categories":[1,5],"tags":[],"class_list":["post-13634","post","type-post","status-publish","format-standard","hentry","category-geral","category-noticias"],"yoast_head":"<!-- This site is optimized with the Yoast SEO plugin v25.6 - https:\/\/yoast.com\/wordpress\/plugins\/seo\/ -->\n<title>Homem detido em Alvai\u00e1zere ap\u00f3s queima autorizada se ter descontrolado - Tribunal Judicial da Comarca de Leiria<\/title>\n<meta name=\"robots\" content=\"index, follow, max-snippet:-1, max-image-preview:large, max-video-preview:-1\" \/>\n<link rel=\"canonical\" href=\"https:\/\/comarcas.csm.org.pt\/leiria\/blog\/2026\/04\/07\/homem-detido-em-alvaiazere-apos-queima-autorizada-se-ter-descontrolado\/\" \/>\n<meta property=\"og:locale\" content=\"pt_PT\" \/>\n<meta property=\"og:type\" content=\"article\" \/>\n<meta property=\"og:title\" content=\"Homem detido em Alvai\u00e1zere ap\u00f3s queima autorizada se ter descontrolado - Tribunal Judicial da Comarca de Leiria\" \/>\n<meta property=\"og:description\" content=\"In Regi\u00e3o de Leiria, de 07.04.2026 O inc\u00eandio \u201cconsumiu cerca de 1.100 metros quadrados de \u00e1rea florestal\u201d. Um homem de 65 anos foi detido no concelho de Alvai\u00e1zere, distrito de Leiria, ap\u00f3s uma queima autorizada...\" \/>\n<meta property=\"og:url\" content=\"https:\/\/comarcas.csm.org.pt\/leiria\/blog\/2026\/04\/07\/homem-detido-em-alvaiazere-apos-queima-autorizada-se-ter-descontrolado\/\" \/>\n<meta property=\"og:site_name\" content=\"Tribunal Judicial da Comarca de Leiria\" \/>\n<meta property=\"article:published_time\" content=\"2026-04-07T13:06:17+00:00\" \/>\n<meta property=\"article:modified_time\" content=\"2026-04-07T13:06:18+00:00\" \/>\n<meta name=\"author\" content=\"leiria\" \/>\n<meta name=\"twitter:card\" content=\"summary_large_image\" \/>\n<meta name=\"twitter:label1\" content=\"Escrito por\" \/>\n\t<meta name=\"twitter:data1\" content=\"leiria\" \/>\n\t<meta name=\"twitter:label2\" content=\"Tempo estimado de leitura\" \/>\n\t<meta name=\"twitter:data2\" content=\"2 minutos\" \/>\n<script type=\"application\/ld+json\" class=\"yoast-schema-graph\">{\"@context\":\"https:\/\/schema.org\",\"@graph\":[{\"@type\":\"Article\",\"@id\":\"https:\/\/comarcas.csm.org.pt\/leiria\/blog\/2026\/04\/07\/homem-detido-em-alvaiazere-apos-queima-autorizada-se-ter-descontrolado\/#article\",\"isPartOf\":{\"@id\":\"https:\/\/comarcas.csm.org.pt\/leiria\/blog\/2026\/04\/07\/homem-detido-em-alvaiazere-apos-queima-autorizada-se-ter-descontrolado\/\"},\"author\":{\"name\":\"leiria\",\"@id\":\"https:\/\/comarcas.csm.org.pt\/leiria\/#\/schema\/person\/9057b6fbd670d5a2e931712cd357d806\"},\"headline\":\"Homem detido em Alvai\u00e1zere ap\u00f3s queima autorizada se ter descontrolado\",\"datePublished\":\"2026-04-07T13:06:17+00:00\",\"dateModified\":\"2026-04-07T13:06:18+00:00\",\"mainEntityOfPage\":{\"@id\":\"https:\/\/comarcas.csm.org.pt\/leiria\/blog\/2026\/04\/07\/homem-detido-em-alvaiazere-apos-queima-autorizada-se-ter-descontrolado\/\"},\"wordCount\":323,\"publisher\":{\"@id\":\"https:\/\/comarcas.csm.org.pt\/leiria\/#organization\"},\"articleSection\":[\"Geral\",\"Not\u00edcias\"],\"inLanguage\":\"pt-PT\"},{\"@type\":\"WebPage\",\"@id\":\"https:\/\/comarcas.csm.org.pt\/leiria\/blog\/2026\/04\/07\/homem-detido-em-alvaiazere-apos-queima-autorizada-se-ter-descontrolado\/\",\"url\":\"https:\/\/comarcas.csm.org.pt\/leiria\/blog\/2026\/04\/07\/homem-detido-em-alvaiazere-apos-queima-autorizada-se-ter-descontrolado\/\",\"name\":\"Homem detido em Alvai\u00e1zere ap\u00f3s queima autorizada se ter descontrolado - Tribunal Judicial da Comarca de Leiria\",\"isPartOf\":{\"@id\":\"https:\/\/comarcas.csm.org.pt\/leiria\/#website\"},\"datePublished\":\"2026-04-07T13:06:17+00:00\",\"dateModified\":\"2026-04-07T13:06:18+00:00\",\"breadcrumb\":{\"@id\":\"https:\/\/comarcas.csm.org.pt\/leiria\/blog\/2026\/04\/07\/homem-detido-em-alvaiazere-apos-queima-autorizada-se-ter-descontrolado\/#breadcrumb\"},\"inLanguage\":\"pt-PT\",\"potentialAction\":[{\"@type\":\"ReadAction\",\"target\":[\"https:\/\/comarcas.csm.org.pt\/leiria\/blog\/2026\/04\/07\/homem-detido-em-alvaiazere-apos-queima-autorizada-se-ter-descontrolado\/\"]}]},{\"@type\":\"BreadcrumbList\",\"@id\":\"https:\/\/comarcas.csm.org.pt\/leiria\/blog\/2026\/04\/07\/homem-detido-em-alvaiazere-apos-queima-autorizada-se-ter-descontrolado\/#breadcrumb\",\"itemListElement\":[{\"@type\":\"ListItem\",\"position\":1,\"name\":\"In\u00edcio\",\"item\":\"https:\/\/comarcas.csm.org.pt\/leiria\/\"},{\"@type\":\"ListItem\",\"position\":2,\"name\":\"Homem detido em Alvai\u00e1zere ap\u00f3s queima autorizada se ter descontrolado\"}]},{\"@type\":\"WebSite\",\"@id\":\"https:\/\/comarcas.csm.org.pt\/leiria\/#website\",\"url\":\"https:\/\/comarcas.csm.org.pt\/leiria\/\",\"name\":\"Tribunal Judicial da Comarca de Leiria\",\"description\":\"Tribunal Judicial da Comarca de Aveiro\",\"publisher\":{\"@id\":\"https:\/\/comarcas.csm.org.pt\/leiria\/#organization\"},\"potentialAction\":[{\"@type\":\"SearchAction\",\"target\":{\"@type\":\"EntryPoint\",\"urlTemplate\":\"https:\/\/comarcas.csm.org.pt\/leiria\/?s={search_term_string}\"},\"query-input\":{\"@type\":\"PropertyValueSpecification\",\"valueRequired\":true,\"valueName\":\"search_term_string\"}}],\"inLanguage\":\"pt-PT\"},{\"@type\":\"Organization\",\"@id\":\"https:\/\/comarcas.csm.org.pt\/leiria\/#organization\",\"name\":\"Tribunal Judicial da Comarca de Leiria\",\"url\":\"https:\/\/comarcas.csm.org.pt\/leiria\/\",\"logo\":{\"@type\":\"ImageObject\",\"inLanguage\":\"pt-PT\",\"@id\":\"https:\/\/comarcas.csm.org.pt\/leiria\/#\/schema\/logo\/image\/\",\"url\":\"https:\/\/comarcas.csm.org.pt\/leiria\/wp-content\/uploads\/sites\/16\/2024\/11\/Leiria_positivo-horizontal.png\",\"contentUrl\":\"https:\/\/comarcas.csm.org.pt\/leiria\/wp-content\/uploads\/sites\/16\/2024\/11\/Leiria_positivo-horizontal.png\",\"width\":5088,\"height\":890,\"caption\":\"Tribunal Judicial da Comarca de Leiria\"},\"image\":{\"@id\":\"https:\/\/comarcas.csm.org.pt\/leiria\/#\/schema\/logo\/image\/\"}},{\"@type\":\"Person\",\"@id\":\"https:\/\/comarcas.csm.org.pt\/leiria\/#\/schema\/person\/9057b6fbd670d5a2e931712cd357d806\",\"name\":\"leiria\",\"image\":{\"@type\":\"ImageObject\",\"inLanguage\":\"pt-PT\",\"@id\":\"https:\/\/comarcas.csm.org.pt\/leiria\/#\/schema\/person\/image\/\",\"url\":\"https:\/\/secure.gravatar.com\/avatar\/399a72a2630b07d71a4e0167744303361d26ed8a993be2c5686bbe5ff44b469f?s=96&d=mm&r=g\",\"contentUrl\":\"https:\/\/secure.gravatar.com\/avatar\/399a72a2630b07d71a4e0167744303361d26ed8a993be2c5686bbe5ff44b469f?s=96&d=mm&r=g\",\"caption\":\"leiria\"},\"url\":\"https:\/\/comarcas.csm.org.pt\/leiria\/blog\/author\/leiria\/\"}]}<\/script>\n<!-- \/ Yoast SEO plugin. -->","yoast_head_json":{"title":"Homem detido em Alvai\u00e1zere ap\u00f3s queima autorizada se ter descontrolado - Tribunal Judicial da Comarca de Leiria","robots":{"index":"index","follow":"follow","max-snippet":"max-snippet:-1","max-image-preview":"max-image-preview:large","max-video-preview":"max-video-preview:-1"},"canonical":"https:\/\/comarcas.csm.org.pt\/leiria\/blog\/2026\/04\/07\/homem-detido-em-alvaiazere-apos-queima-autorizada-se-ter-descontrolado\/","og_locale":"pt_PT","og_type":"article","og_title":"Homem detido em Alvai\u00e1zere ap\u00f3s queima autorizada se ter descontrolado - Tribunal Judicial da Comarca de Leiria","og_description":"In Regi\u00e3o de Leiria, de 07.04.2026 O inc\u00eandio \u201cconsumiu cerca de 1.100 metros quadrados de \u00e1rea florestal\u201d. Um homem de 65 anos foi detido no concelho de Alvai\u00e1zere, distrito de Leiria, ap\u00f3s uma queima autorizada...","og_url":"https:\/\/comarcas.csm.org.pt\/leiria\/blog\/2026\/04\/07\/homem-detido-em-alvaiazere-apos-queima-autorizada-se-ter-descontrolado\/","og_site_name":"Tribunal Judicial da Comarca de Leiria","article_published_time":"2026-04-07T13:06:17+00:00","article_modified_time":"2026-04-07T13:06:18+00:00","author":"leiria","twitter_card":"summary_large_image","twitter_misc":{"Escrito por":"leiria","Tempo estimado de leitura":"2 minutos"},"schema":{"@context":"https:\/\/schema.org","@graph":[{"@type":"Article","@id":"https:\/\/comarcas.csm.org.pt\/leiria\/blog\/2026\/04\/07\/homem-detido-em-alvaiazere-apos-queima-autorizada-se-ter-descontrolado\/#article","isPartOf":{"@id":"https:\/\/comarcas.csm.org.pt\/leiria\/blog\/2026\/04\/07\/homem-detido-em-alvaiazere-apos-queima-autorizada-se-ter-descontrolado\/"},"author":{"name":"leiria","@id":"https:\/\/comarcas.csm.org.pt\/leiria\/#\/schema\/person\/9057b6fbd670d5a2e931712cd357d806"},"headline":"Homem detido em Alvai\u00e1zere ap\u00f3s queima autorizada se ter descontrolado","datePublished":"2026-04-07T13:06:17+00:00","dateModified":"2026-04-07T13:06:18+00:00","mainEntityOfPage":{"@id":"https:\/\/comarcas.csm.org.pt\/leiria\/blog\/2026\/04\/07\/homem-detido-em-alvaiazere-apos-queima-autorizada-se-ter-descontrolado\/"},"wordCount":323,"publisher":{"@id":"https:\/\/comarcas.csm.org.pt\/leiria\/#organization"},"articleSection":["Geral","Not\u00edcias"],"inLanguage":"pt-PT"},{"@type":"WebPage","@id":"https:\/\/comarcas.csm.org.pt\/leiria\/blog\/2026\/04\/07\/homem-detido-em-alvaiazere-apos-queima-autorizada-se-ter-descontrolado\/","url":"https:\/\/comarcas.csm.org.pt\/leiria\/blog\/2026\/04\/07\/homem-detido-em-alvaiazere-apos-queima-autorizada-se-ter-descontrolado\/","name":"Homem detido em Alvai\u00e1zere ap\u00f3s queima autorizada se ter descontrolado - Tribunal Judicial da Comarca de Leiria","isPartOf":{"@id":"https:\/\/comarcas.csm.org.pt\/leiria\/#website"},"datePublished":"2026-04-07T13:06:17+00:00","dateModified":"2026-04-07T13:06:18+00:00","breadcrumb":{"@id":"https:\/\/comarcas.csm.org.pt\/leiria\/blog\/2026\/04\/07\/homem-detido-em-alvaiazere-apos-queima-autorizada-se-ter-descontrolado\/#breadcrumb"},"inLanguage":"pt-PT","potentialAction":[{"@type":"ReadAction","target":["https:\/\/comarcas.csm.org.pt\/leiria\/blog\/2026\/04\/07\/homem-detido-em-alvaiazere-apos-queima-autorizada-se-ter-descontrolado\/"]}]},{"@type":"BreadcrumbList","@id":"https:\/\/comarcas.csm.org.pt\/leiria\/blog\/2026\/04\/07\/homem-detido-em-alvaiazere-apos-queima-autorizada-se-ter-descontrolado\/#breadcrumb","itemListElement":[{"@type":"ListItem","position":1,"name":"In\u00edcio","item":"https:\/\/comarcas.csm.org.pt\/leiria\/"},{"@type":"ListItem","position":2,"name":"Homem detido em Alvai\u00e1zere ap\u00f3s queima autorizada se ter descontrolado"}]},{"@type":"WebSite","@id":"https:\/\/comarcas.csm.org.pt\/leiria\/#website","url":"https:\/\/comarcas.csm.org.pt\/leiria\/","name":"Tribunal Judicial da Comarca de Leiria","description":"Tribunal Judicial da Comarca de Aveiro","publisher":{"@id":"https:\/\/comarcas.csm.org.pt\/leiria\/#organization"},"potentialAction":[{"@type":"SearchAction","target":{"@type":"EntryPoint","urlTemplate":"https:\/\/comarcas.csm.org.pt\/leiria\/?s={search_term_string}"},"query-input":{"@type":"PropertyValueSpecification","valueRequired":true,"valueName":"search_term_string"}}],"inLanguage":"pt-PT"},{"@type":"Organization","@id":"https:\/\/comarcas.csm.org.pt\/leiria\/#organization","name":"Tribunal Judicial da Comarca de Leiria","url":"https:\/\/comarcas.csm.org.pt\/leiria\/","logo":{"@type":"ImageObject","inLanguage":"pt-PT","@id":"https:\/\/comarcas.csm.org.pt\/leiria\/#\/schema\/logo\/image\/","url":"https:\/\/comarcas.csm.org.pt\/leiria\/wp-content\/uploads\/sites\/16\/2024\/11\/Leiria_positivo-horizontal.png","contentUrl":"https:\/\/comarcas.csm.org.pt\/leiria\/wp-content\/uploads\/sites\/16\/2024\/11\/Leiria_positivo-horizontal.png","width":5088,"height":890,"caption":"Tribunal Judicial da Comarca de Leiria"},"image":{"@id":"https:\/\/comarcas.csm.org.pt\/leiria\/#\/schema\/logo\/image\/"}},{"@type":"Person","@id":"https:\/\/comarcas.csm.org.pt\/leiria\/#\/schema\/person\/9057b6fbd670d5a2e931712cd357d806","name":"leiria","image":{"@type":"ImageObject","inLanguage":"pt-PT","@id":"https:\/\/comarcas.csm.org.pt\/leiria\/#\/schema\/person\/image\/","url":"https:\/\/secure.gravatar.com\/avatar\/399a72a2630b07d71a4e0167744303361d26ed8a993be2c5686bbe5ff44b469f?s=96&d=mm&r=g","contentUrl":"https:\/\/secure.gravatar.com\/avatar\/399a72a2630b07d71a4e0167744303361d26ed8a993be2c5686bbe5ff44b469f?s=96&d=mm&r=g","caption":"leiria"},"url":"https:\/\/comarcas.csm.org.pt\/leiria\/blog\/author\/leiria\/"}]}},"_links":{"self":[{"href":"https:\/\/comarcas.csm.org.pt\/leiria\/wp-json\/wp\/v2\/posts\/13634","targetHints":{"allow":["GET"]}}],"collection":[{"href":"https:\/\/comarcas.csm.org.pt\/leiria\/wp-json\/wp\/v2\/posts"}],"about":[{"href":"https:\/\/comarcas.csm.org.pt\/leiria\/wp-json\/wp\/v2\/types\/post"}],"author":[{"embeddable":true,"href":"https:\/\/comarcas.csm.org.pt\/leiria\/wp-json\/wp\/v2\/users\/16"}],"replies":[{"embeddable":true,"href":"https:\/\/comarcas.csm.org.pt\/leiria\/wp-json\/wp\/v2\/comments?post=13634"}],"version-history":[{"count":1,"href":"https:\/\/comarcas.csm.org.pt\/leiria\/wp-json\/wp\/v2\/posts\/13634\/revisions"}],"predecessor-version":[{"id":13635,"href":"https:\/\/comarcas.csm.org.pt\/leiria\/wp-json\/wp\/v2\/posts\/13634\/revisions\/13635"}],"wp:attachment":[{"href":"https:\/\/comarcas.csm.org.pt\/leiria\/wp-json\/wp\/v2\/media?parent=13634"}],"wp:term":[{"taxonomy":"category","embeddable":true,"href":"https:\/\/comarcas.csm.org.pt\/leiria\/wp-json\/wp\/v2\/categories?post=13634"},{"taxonomy":"post_tag","embeddable":true,"href":"https:\/\/comarcas.csm.org.pt\/leiria\/wp-json\/wp\/v2\/tags?post=13634"}],"curies":[{"name":"wp","href":"https:\/\/api.w.org\/{rel}","templated":true}]}}