{"id":13639,"date":"2026-04-10T14:59:18","date_gmt":"2026-04-10T14:59:18","guid":{"rendered":"https:\/\/comarcas.csm.org.pt\/leiria\/?p=13639"},"modified":"2026-04-10T14:59:19","modified_gmt":"2026-04-10T14:59:19","slug":"desobedeceu-a-ordem-de-paragem-e-acabou-detido-por-tres-crimes-em-caldas-da-rainha","status":"publish","type":"post","link":"https:\/\/comarcas.csm.org.pt\/leiria\/blog\/2026\/04\/10\/desobedeceu-a-ordem-de-paragem-e-acabou-detido-por-tres-crimes-em-caldas-da-rainha\/","title":{"rendered":"Desobedeceu a ordem de paragem e acabou detido por tr\u00eas crimes em Caldas da Rainha"},"content":{"rendered":"\n<p>In <a href=\"https:\/\/www.jornaldeleiria.pt\/noticia\/desobedeceu-a-ordem-de-paragem-e-acabou-detido-por-tres-crimes-em-caldas-da-rainha\">Jornal de Leiria<\/a>, de 10.04.2026<\/p>\n\n\n\n<p><strong>O homem \u00e9 suspeito\u00a0dos crimes de condu\u00e7\u00e3o de ve\u00edculo a motor sem habilita\u00e7\u00e3o legal, falsifica\u00e7\u00e3o de documento e tr\u00e1fico de estupefaciente.<\/strong><\/p>\n\n\n\n<p>Um jovem de 20 anos desobedeceu a uma ordem policial de paragem e tentou colocar-se em fuga, acelerando na direc\u00e7\u00e3o dos agentes. Acabou por perder o controlo do motociclo, vindo a embater no passeio e a despistar-se contra um banco p\u00fablico existente na Pra\u00e7a da Rep\u00fablica, em Caldas da Rainha.<\/p>\n\n\n\n<p>Ap\u00f3s o despiste, o homem ainda tentou fugir apeado, tendo sido prontamente interceptado e detido pela PSP, informa o Comando Distrital de Leiria.<\/p>\n\n\n\n<p>O homem \u00e9 suspeito&nbsp;dos crimes de condu\u00e7\u00e3o de ve\u00edculo a motor sem habilita\u00e7\u00e3o legal, falsifica\u00e7\u00e3o de documento e tr\u00e1fico de estupefaciente.<\/p>\n\n\n\n<p>Os factos ocorreram durante uma ac\u00e7\u00e3o de patrulhamento, quando um pol\u00edcia detectou um motociclo a circular de forma irregular, motivo pelo qual foi dada ordem de paragem ao condutor.<\/p>\n\n\n\n<p>&#8220;J\u00e1 nas instala\u00e7\u00f5es policiais, foi poss\u00edvel apurar que o homem n\u00e3o possu\u00eda habilita\u00e7\u00e3o legal para conduzir, sendo ainda&nbsp;detentor de produto suspeito de ser estupefaciente, nomeadamente haxixe, suficiente para&nbsp;cerca de 20 doses individuais. Foi igualmente verificado que o motociclo&nbsp;n\u00e3o dispunha de seguro de responsabilidade civil v\u00e1lido&nbsp;e que a&nbsp;matr\u00edcula se encontrava adulterada com recurso a fita cola, de forma a alterar a percep\u00e7\u00e3o dos caracteres identificativos&#8221;, acrescenta a nota.<\/p>\n\n\n\n<p>N\u00e3o sendo conhecidos antecedentes criminais ao homem, e ap\u00f3s a conclus\u00e3o das formalidades legais, o jovem foi restitu\u00eddo \u00e0 liberdade, tendo sido notificado para comparecer no Tribunal Judicial de Caldas da Rainha onde, ap\u00f3s ser ouvido, foi mantida\u00a0a medida de coac\u00e7\u00e3o de termo de identidade e resid\u00eancia, tendo o seu\u00a0processo transitado para inqu\u00e9rito.<\/p>\n\n\n\n<p><\/p>\n\n\n\n<p><\/p>\n","protected":false},"excerpt":{"rendered":"<p>In Jornal de Leiria, de 10.04.2026 O homem \u00e9 suspeito\u00a0dos crimes de condu\u00e7\u00e3o de ve\u00edculo a motor sem habilita\u00e7\u00e3o legal, falsifica\u00e7\u00e3o de documento e tr\u00e1fico de estupefaciente. Um jovem de 20 anos desobedeceu a uma&#8230;<\/p>\n","protected":false},"author":16,"featured_media":0,"comment_status":"closed","ping_status":"open","sticky":false,"template":"","format":"standard","meta":{"_tbt_post_transparent":"","_tbt_post_title":"","_tbt_post_layout":"","_tbt_post_sidebar_id":"","_tbt_post_content_style":"","_tbt_post_vertical_padding":"","_tbt_post_feature":"","_tbt_post_feature_position":"","_tbt_post_header":false,"_tbt_post_footer":false},"categories":[1,5],"tags":[],"class_list":["post-13639","post","type-post","status-publish","format-standard","hentry","category-geral","category-noticias"],"yoast_head":"<!-- This site is optimized with the Yoast SEO plugin v25.6 - https:\/\/yoast.com\/wordpress\/plugins\/seo\/ -->\n<title>Desobedeceu a ordem de paragem e acabou detido por tr\u00eas crimes em Caldas da Rainha - Tribunal Judicial da Comarca de Leiria<\/title>\n<meta name=\"robots\" content=\"index, follow, max-snippet:-1, max-image-preview:large, max-video-preview:-1\" \/>\n<link rel=\"canonical\" href=\"https:\/\/comarcas.csm.org.pt\/leiria\/blog\/2026\/04\/10\/desobedeceu-a-ordem-de-paragem-e-acabou-detido-por-tres-crimes-em-caldas-da-rainha\/\" \/>\n<meta property=\"og:locale\" content=\"pt_PT\" \/>\n<meta property=\"og:type\" content=\"article\" \/>\n<meta property=\"og:title\" content=\"Desobedeceu a ordem de paragem e acabou detido por tr\u00eas crimes em Caldas da Rainha - Tribunal Judicial da Comarca de Leiria\" \/>\n<meta property=\"og:description\" content=\"In Jornal de Leiria, de 10.04.2026 O homem \u00e9 suspeito\u00a0dos crimes de condu\u00e7\u00e3o de ve\u00edculo a motor sem habilita\u00e7\u00e3o legal, falsifica\u00e7\u00e3o de documento e tr\u00e1fico de estupefaciente. Um jovem de 20 anos desobedeceu a uma...\" \/>\n<meta property=\"og:url\" content=\"https:\/\/comarcas.csm.org.pt\/leiria\/blog\/2026\/04\/10\/desobedeceu-a-ordem-de-paragem-e-acabou-detido-por-tres-crimes-em-caldas-da-rainha\/\" \/>\n<meta property=\"og:site_name\" content=\"Tribunal Judicial da Comarca de Leiria\" \/>\n<meta property=\"article:published_time\" content=\"2026-04-10T14:59:18+00:00\" \/>\n<meta property=\"article:modified_time\" content=\"2026-04-10T14:59:19+00:00\" \/>\n<meta name=\"author\" content=\"leiria\" \/>\n<meta name=\"twitter:card\" content=\"summary_large_image\" \/>\n<meta name=\"twitter:label1\" content=\"Escrito por\" \/>\n\t<meta name=\"twitter:data1\" content=\"leiria\" \/>\n\t<meta name=\"twitter:label2\" content=\"Tempo estimado de leitura\" \/>\n\t<meta name=\"twitter:data2\" content=\"2 minutos\" \/>\n<script type=\"application\/ld+json\" class=\"yoast-schema-graph\">{\"@context\":\"https:\/\/schema.org\",\"@graph\":[{\"@type\":\"Article\",\"@id\":\"https:\/\/comarcas.csm.org.pt\/leiria\/blog\/2026\/04\/10\/desobedeceu-a-ordem-de-paragem-e-acabou-detido-por-tres-crimes-em-caldas-da-rainha\/#article\",\"isPartOf\":{\"@id\":\"https:\/\/comarcas.csm.org.pt\/leiria\/blog\/2026\/04\/10\/desobedeceu-a-ordem-de-paragem-e-acabou-detido-por-tres-crimes-em-caldas-da-rainha\/\"},\"author\":{\"name\":\"leiria\",\"@id\":\"https:\/\/comarcas.csm.org.pt\/leiria\/#\/schema\/person\/9057b6fbd670d5a2e931712cd357d806\"},\"headline\":\"Desobedeceu a ordem de paragem e acabou detido por tr\u00eas crimes em Caldas da Rainha\",\"datePublished\":\"2026-04-10T14:59:18+00:00\",\"dateModified\":\"2026-04-10T14:59:19+00:00\",\"mainEntityOfPage\":{\"@id\":\"https:\/\/comarcas.csm.org.pt\/leiria\/blog\/2026\/04\/10\/desobedeceu-a-ordem-de-paragem-e-acabou-detido-por-tres-crimes-em-caldas-da-rainha\/\"},\"wordCount\":329,\"publisher\":{\"@id\":\"https:\/\/comarcas.csm.org.pt\/leiria\/#organization\"},\"articleSection\":[\"Geral\",\"Not\u00edcias\"],\"inLanguage\":\"pt-PT\"},{\"@type\":\"WebPage\",\"@id\":\"https:\/\/comarcas.csm.org.pt\/leiria\/blog\/2026\/04\/10\/desobedeceu-a-ordem-de-paragem-e-acabou-detido-por-tres-crimes-em-caldas-da-rainha\/\",\"url\":\"https:\/\/comarcas.csm.org.pt\/leiria\/blog\/2026\/04\/10\/desobedeceu-a-ordem-de-paragem-e-acabou-detido-por-tres-crimes-em-caldas-da-rainha\/\",\"name\":\"Desobedeceu a ordem de paragem e acabou detido por tr\u00eas crimes em Caldas da Rainha - Tribunal Judicial da Comarca de Leiria\",\"isPartOf\":{\"@id\":\"https:\/\/comarcas.csm.org.pt\/leiria\/#website\"},\"datePublished\":\"2026-04-10T14:59:18+00:00\",\"dateModified\":\"2026-04-10T14:59:19+00:00\",\"breadcrumb\":{\"@id\":\"https:\/\/comarcas.csm.org.pt\/leiria\/blog\/2026\/04\/10\/desobedeceu-a-ordem-de-paragem-e-acabou-detido-por-tres-crimes-em-caldas-da-rainha\/#breadcrumb\"},\"inLanguage\":\"pt-PT\",\"potentialAction\":[{\"@type\":\"ReadAction\",\"target\":[\"https:\/\/comarcas.csm.org.pt\/leiria\/blog\/2026\/04\/10\/desobedeceu-a-ordem-de-paragem-e-acabou-detido-por-tres-crimes-em-caldas-da-rainha\/\"]}]},{\"@type\":\"BreadcrumbList\",\"@id\":\"https:\/\/comarcas.csm.org.pt\/leiria\/blog\/2026\/04\/10\/desobedeceu-a-ordem-de-paragem-e-acabou-detido-por-tres-crimes-em-caldas-da-rainha\/#breadcrumb\",\"itemListElement\":[{\"@type\":\"ListItem\",\"position\":1,\"name\":\"In\u00edcio\",\"item\":\"https:\/\/comarcas.csm.org.pt\/leiria\/\"},{\"@type\":\"ListItem\",\"position\":2,\"name\":\"Desobedeceu a ordem de paragem e acabou detido por tr\u00eas crimes em Caldas da Rainha\"}]},{\"@type\":\"WebSite\",\"@id\":\"https:\/\/comarcas.csm.org.pt\/leiria\/#website\",\"url\":\"https:\/\/comarcas.csm.org.pt\/leiria\/\",\"name\":\"Tribunal Judicial da Comarca de Leiria\",\"description\":\"Tribunal Judicial da Comarca de Aveiro\",\"publisher\":{\"@id\":\"https:\/\/comarcas.csm.org.pt\/leiria\/#organization\"},\"potentialAction\":[{\"@type\":\"SearchAction\",\"target\":{\"@type\":\"EntryPoint\",\"urlTemplate\":\"https:\/\/comarcas.csm.org.pt\/leiria\/?s={search_term_string}\"},\"query-input\":{\"@type\":\"PropertyValueSpecification\",\"valueRequired\":true,\"valueName\":\"search_term_string\"}}],\"inLanguage\":\"pt-PT\"},{\"@type\":\"Organization\",\"@id\":\"https:\/\/comarcas.csm.org.pt\/leiria\/#organization\",\"name\":\"Tribunal Judicial da Comarca de Leiria\",\"url\":\"https:\/\/comarcas.csm.org.pt\/leiria\/\",\"logo\":{\"@type\":\"ImageObject\",\"inLanguage\":\"pt-PT\",\"@id\":\"https:\/\/comarcas.csm.org.pt\/leiria\/#\/schema\/logo\/image\/\",\"url\":\"https:\/\/comarcas.csm.org.pt\/leiria\/wp-content\/uploads\/sites\/16\/2024\/11\/Leiria_positivo-horizontal.png\",\"contentUrl\":\"https:\/\/comarcas.csm.org.pt\/leiria\/wp-content\/uploads\/sites\/16\/2024\/11\/Leiria_positivo-horizontal.png\",\"width\":5088,\"height\":890,\"caption\":\"Tribunal Judicial da Comarca de Leiria\"},\"image\":{\"@id\":\"https:\/\/comarcas.csm.org.pt\/leiria\/#\/schema\/logo\/image\/\"}},{\"@type\":\"Person\",\"@id\":\"https:\/\/comarcas.csm.org.pt\/leiria\/#\/schema\/person\/9057b6fbd670d5a2e931712cd357d806\",\"name\":\"leiria\",\"image\":{\"@type\":\"ImageObject\",\"inLanguage\":\"pt-PT\",\"@id\":\"https:\/\/comarcas.csm.org.pt\/leiria\/#\/schema\/person\/image\/\",\"url\":\"https:\/\/secure.gravatar.com\/avatar\/399a72a2630b07d71a4e0167744303361d26ed8a993be2c5686bbe5ff44b469f?s=96&d=mm&r=g\",\"contentUrl\":\"https:\/\/secure.gravatar.com\/avatar\/399a72a2630b07d71a4e0167744303361d26ed8a993be2c5686bbe5ff44b469f?s=96&d=mm&r=g\",\"caption\":\"leiria\"},\"url\":\"https:\/\/comarcas.csm.org.pt\/leiria\/blog\/author\/leiria\/\"}]}<\/script>\n<!-- \/ Yoast SEO plugin. -->","yoast_head_json":{"title":"Desobedeceu a ordem de paragem e acabou detido por tr\u00eas crimes em Caldas da Rainha - Tribunal Judicial da Comarca de Leiria","robots":{"index":"index","follow":"follow","max-snippet":"max-snippet:-1","max-image-preview":"max-image-preview:large","max-video-preview":"max-video-preview:-1"},"canonical":"https:\/\/comarcas.csm.org.pt\/leiria\/blog\/2026\/04\/10\/desobedeceu-a-ordem-de-paragem-e-acabou-detido-por-tres-crimes-em-caldas-da-rainha\/","og_locale":"pt_PT","og_type":"article","og_title":"Desobedeceu a ordem de paragem e acabou detido por tr\u00eas crimes em Caldas da Rainha - Tribunal Judicial da Comarca de Leiria","og_description":"In Jornal de Leiria, de 10.04.2026 O homem \u00e9 suspeito\u00a0dos crimes de condu\u00e7\u00e3o de ve\u00edculo a motor sem habilita\u00e7\u00e3o legal, falsifica\u00e7\u00e3o de documento e tr\u00e1fico de estupefaciente. Um jovem de 20 anos desobedeceu a uma...","og_url":"https:\/\/comarcas.csm.org.pt\/leiria\/blog\/2026\/04\/10\/desobedeceu-a-ordem-de-paragem-e-acabou-detido-por-tres-crimes-em-caldas-da-rainha\/","og_site_name":"Tribunal Judicial da Comarca de Leiria","article_published_time":"2026-04-10T14:59:18+00:00","article_modified_time":"2026-04-10T14:59:19+00:00","author":"leiria","twitter_card":"summary_large_image","twitter_misc":{"Escrito por":"leiria","Tempo estimado de leitura":"2 minutos"},"schema":{"@context":"https:\/\/schema.org","@graph":[{"@type":"Article","@id":"https:\/\/comarcas.csm.org.pt\/leiria\/blog\/2026\/04\/10\/desobedeceu-a-ordem-de-paragem-e-acabou-detido-por-tres-crimes-em-caldas-da-rainha\/#article","isPartOf":{"@id":"https:\/\/comarcas.csm.org.pt\/leiria\/blog\/2026\/04\/10\/desobedeceu-a-ordem-de-paragem-e-acabou-detido-por-tres-crimes-em-caldas-da-rainha\/"},"author":{"name":"leiria","@id":"https:\/\/comarcas.csm.org.pt\/leiria\/#\/schema\/person\/9057b6fbd670d5a2e931712cd357d806"},"headline":"Desobedeceu a ordem de paragem e acabou detido por tr\u00eas crimes em Caldas da Rainha","datePublished":"2026-04-10T14:59:18+00:00","dateModified":"2026-04-10T14:59:19+00:00","mainEntityOfPage":{"@id":"https:\/\/comarcas.csm.org.pt\/leiria\/blog\/2026\/04\/10\/desobedeceu-a-ordem-de-paragem-e-acabou-detido-por-tres-crimes-em-caldas-da-rainha\/"},"wordCount":329,"publisher":{"@id":"https:\/\/comarcas.csm.org.pt\/leiria\/#organization"},"articleSection":["Geral","Not\u00edcias"],"inLanguage":"pt-PT"},{"@type":"WebPage","@id":"https:\/\/comarcas.csm.org.pt\/leiria\/blog\/2026\/04\/10\/desobedeceu-a-ordem-de-paragem-e-acabou-detido-por-tres-crimes-em-caldas-da-rainha\/","url":"https:\/\/comarcas.csm.org.pt\/leiria\/blog\/2026\/04\/10\/desobedeceu-a-ordem-de-paragem-e-acabou-detido-por-tres-crimes-em-caldas-da-rainha\/","name":"Desobedeceu a ordem de paragem e acabou detido por tr\u00eas crimes em Caldas da Rainha - Tribunal Judicial da Comarca de Leiria","isPartOf":{"@id":"https:\/\/comarcas.csm.org.pt\/leiria\/#website"},"datePublished":"2026-04-10T14:59:18+00:00","dateModified":"2026-04-10T14:59:19+00:00","breadcrumb":{"@id":"https:\/\/comarcas.csm.org.pt\/leiria\/blog\/2026\/04\/10\/desobedeceu-a-ordem-de-paragem-e-acabou-detido-por-tres-crimes-em-caldas-da-rainha\/#breadcrumb"},"inLanguage":"pt-PT","potentialAction":[{"@type":"ReadAction","target":["https:\/\/comarcas.csm.org.pt\/leiria\/blog\/2026\/04\/10\/desobedeceu-a-ordem-de-paragem-e-acabou-detido-por-tres-crimes-em-caldas-da-rainha\/"]}]},{"@type":"BreadcrumbList","@id":"https:\/\/comarcas.csm.org.pt\/leiria\/blog\/2026\/04\/10\/desobedeceu-a-ordem-de-paragem-e-acabou-detido-por-tres-crimes-em-caldas-da-rainha\/#breadcrumb","itemListElement":[{"@type":"ListItem","position":1,"name":"In\u00edcio","item":"https:\/\/comarcas.csm.org.pt\/leiria\/"},{"@type":"ListItem","position":2,"name":"Desobedeceu a ordem de paragem e acabou detido por tr\u00eas crimes em Caldas da Rainha"}]},{"@type":"WebSite","@id":"https:\/\/comarcas.csm.org.pt\/leiria\/#website","url":"https:\/\/comarcas.csm.org.pt\/leiria\/","name":"Tribunal Judicial da Comarca de Leiria","description":"Tribunal Judicial da Comarca de Aveiro","publisher":{"@id":"https:\/\/comarcas.csm.org.pt\/leiria\/#organization"},"potentialAction":[{"@type":"SearchAction","target":{"@type":"EntryPoint","urlTemplate":"https:\/\/comarcas.csm.org.pt\/leiria\/?s={search_term_string}"},"query-input":{"@type":"PropertyValueSpecification","valueRequired":true,"valueName":"search_term_string"}}],"inLanguage":"pt-PT"},{"@type":"Organization","@id":"https:\/\/comarcas.csm.org.pt\/leiria\/#organization","name":"Tribunal Judicial da Comarca de Leiria","url":"https:\/\/comarcas.csm.org.pt\/leiria\/","logo":{"@type":"ImageObject","inLanguage":"pt-PT","@id":"https:\/\/comarcas.csm.org.pt\/leiria\/#\/schema\/logo\/image\/","url":"https:\/\/comarcas.csm.org.pt\/leiria\/wp-content\/uploads\/sites\/16\/2024\/11\/Leiria_positivo-horizontal.png","contentUrl":"https:\/\/comarcas.csm.org.pt\/leiria\/wp-content\/uploads\/sites\/16\/2024\/11\/Leiria_positivo-horizontal.png","width":5088,"height":890,"caption":"Tribunal Judicial da Comarca de Leiria"},"image":{"@id":"https:\/\/comarcas.csm.org.pt\/leiria\/#\/schema\/logo\/image\/"}},{"@type":"Person","@id":"https:\/\/comarcas.csm.org.pt\/leiria\/#\/schema\/person\/9057b6fbd670d5a2e931712cd357d806","name":"leiria","image":{"@type":"ImageObject","inLanguage":"pt-PT","@id":"https:\/\/comarcas.csm.org.pt\/leiria\/#\/schema\/person\/image\/","url":"https:\/\/secure.gravatar.com\/avatar\/399a72a2630b07d71a4e0167744303361d26ed8a993be2c5686bbe5ff44b469f?s=96&d=mm&r=g","contentUrl":"https:\/\/secure.gravatar.com\/avatar\/399a72a2630b07d71a4e0167744303361d26ed8a993be2c5686bbe5ff44b469f?s=96&d=mm&r=g","caption":"leiria"},"url":"https:\/\/comarcas.csm.org.pt\/leiria\/blog\/author\/leiria\/"}]}},"_links":{"self":[{"href":"https:\/\/comarcas.csm.org.pt\/leiria\/wp-json\/wp\/v2\/posts\/13639","targetHints":{"allow":["GET"]}}],"collection":[{"href":"https:\/\/comarcas.csm.org.pt\/leiria\/wp-json\/wp\/v2\/posts"}],"about":[{"href":"https:\/\/comarcas.csm.org.pt\/leiria\/wp-json\/wp\/v2\/types\/post"}],"author":[{"embeddable":true,"href":"https:\/\/comarcas.csm.org.pt\/leiria\/wp-json\/wp\/v2\/users\/16"}],"replies":[{"embeddable":true,"href":"https:\/\/comarcas.csm.org.pt\/leiria\/wp-json\/wp\/v2\/comments?post=13639"}],"version-history":[{"count":1,"href":"https:\/\/comarcas.csm.org.pt\/leiria\/wp-json\/wp\/v2\/posts\/13639\/revisions"}],"predecessor-version":[{"id":13640,"href":"https:\/\/comarcas.csm.org.pt\/leiria\/wp-json\/wp\/v2\/posts\/13639\/revisions\/13640"}],"wp:attachment":[{"href":"https:\/\/comarcas.csm.org.pt\/leiria\/wp-json\/wp\/v2\/media?parent=13639"}],"wp:term":[{"taxonomy":"category","embeddable":true,"href":"https:\/\/comarcas.csm.org.pt\/leiria\/wp-json\/wp\/v2\/categories?post=13639"},{"taxonomy":"post_tag","embeddable":true,"href":"https:\/\/comarcas.csm.org.pt\/leiria\/wp-json\/wp\/v2\/tags?post=13639"}],"curies":[{"name":"wp","href":"https:\/\/api.w.org\/{rel}","templated":true}]}}