{"id":13641,"date":"2026-04-13T12:48:53","date_gmt":"2026-04-13T12:48:53","guid":{"rendered":"https:\/\/comarcas.csm.org.pt\/leiria\/?p=13641"},"modified":"2026-04-13T12:48:54","modified_gmt":"2026-04-13T12:48:54","slug":"arrumador-de-carros-que-ameacava-cidadaos-com-x-ato-intercetado-em-leiria-pela-psp","status":"publish","type":"post","link":"https:\/\/comarcas.csm.org.pt\/leiria\/blog\/2026\/04\/13\/arrumador-de-carros-que-ameacava-cidadaos-com-x-ato-intercetado-em-leiria-pela-psp\/","title":{"rendered":"Arrumador de carros que amea\u00e7ava cidad\u00e3os com x-ato intercetado em Leiria pela PSP"},"content":{"rendered":"\n<p>In <a href=\"https:\/\/www.regiaodeleiria.pt\/2026\/04\/arrumador-de-carros-que-ameacava-cidadaos-com-x-ato-intercetado-em-leiria-pela-psp\/\">Regi\u00e3o de Leiria<\/a>, de 11-04-2026<\/p>\n\n\n\n<p><strong>O homem foi intercetado pelas 18h30 de 2 de abril.<\/strong><\/p>\n\n\n\n<p><\/p>\n\n\n\n<p>Um arrumador de carros, com 47 anos, foi intercetado pela PSP em Leiria, no dia 2 de abril, quando amea\u00e7ava cidad\u00e3os com um x-ato para lhes extorquir dinheiro.<\/p>\n\n\n\n<p>Num comunicado, a PSP de Leiria informou que o homem foi intercetado pelas 18h30 de 2 de abril depois de a pol\u00edcia ter recebido um alerta para um arrumador que coagia \u201ccidad\u00e3os \u00e0 entrega de dinheiro mediante amea\u00e7as com um objeto cortante\u201d.<\/p>\n\n\n\n<p>Quando as autoridades chegaram ao local, o homem estava \u201cexaltado e agressivo, proferindo gritos e dirigindo-se de forma hostil aos transeuntes e aos pr\u00f3prios elementos da pol\u00edcia\u201d.<\/p>\n\n\n\n<p>O homem foi intercetado e imobilizado com recurso \u00e0 for\u00e7a estritamente necess\u00e1ria, acrescentou a PSP, num comunicado.<\/p>\n\n\n\n<p>O suspeito tinha consigo \u201cum instrumento perfurante do tipo X-ato, de fabrico artesanal, bem como uma quantia monet\u00e1ria, suspeita de ter sido obtida atrav\u00e9s da atividade de arrumador de ve\u00edculos\u201d.<\/p>\n\n\n\n<p>Apesar de n\u00e3o ter sido formalizada qualquer queixa por parte das v\u00edtimas, o objeto foi apreendido por motivos de seguran\u00e7a, tendo os factos sido comunicados ao Minist\u00e9rio P\u00fablico e \u00e0 C\u00e2mara Municipal de Leiria, uma vez que o homem n\u00e3o possu\u00eda qualquer licenciamento para o exerc\u00edcio da atividade de arrumador.<\/p>\n\n\n\n<p>Na nota, o Comando Distrital de Leiria da PSP aconselhou os cidad\u00e3os a n\u00e3o cederem perante \u201csitua\u00e7\u00f5es de coa\u00e7\u00e3o ou intimida\u00e7\u00e3o, devendo, sempre que poss\u00edvel, afastar-se do local e contactar de imediato as autoridades\u201d<\/p>\n\n\n\n<p><\/p>\n\n\n\n<p><\/p>\n","protected":false},"excerpt":{"rendered":"<p>In Regi\u00e3o de Leiria, de 11-04-2026 O homem foi intercetado pelas 18h30 de 2 de abril. Um arrumador de carros, com 47 anos, foi intercetado pela PSP em Leiria, no dia 2 de abril, quando&#8230;<\/p>\n","protected":false},"author":16,"featured_media":0,"comment_status":"closed","ping_status":"open","sticky":false,"template":"","format":"standard","meta":{"_tbt_post_transparent":"","_tbt_post_title":"","_tbt_post_layout":"","_tbt_post_sidebar_id":"","_tbt_post_content_style":"","_tbt_post_vertical_padding":"","_tbt_post_feature":"","_tbt_post_feature_position":"","_tbt_post_header":false,"_tbt_post_footer":false},"categories":[1,5],"tags":[],"class_list":["post-13641","post","type-post","status-publish","format-standard","hentry","category-geral","category-noticias"],"yoast_head":"<!-- This site is optimized with the Yoast SEO plugin v25.6 - https:\/\/yoast.com\/wordpress\/plugins\/seo\/ -->\n<title>Arrumador de carros que amea\u00e7ava cidad\u00e3os com x-ato intercetado em Leiria pela PSP - Tribunal Judicial da Comarca de Leiria<\/title>\n<meta name=\"robots\" content=\"index, follow, max-snippet:-1, max-image-preview:large, max-video-preview:-1\" \/>\n<link rel=\"canonical\" href=\"https:\/\/comarcas.csm.org.pt\/leiria\/blog\/2026\/04\/13\/arrumador-de-carros-que-ameacava-cidadaos-com-x-ato-intercetado-em-leiria-pela-psp\/\" \/>\n<meta property=\"og:locale\" content=\"pt_PT\" \/>\n<meta property=\"og:type\" content=\"article\" \/>\n<meta property=\"og:title\" content=\"Arrumador de carros que amea\u00e7ava cidad\u00e3os com x-ato intercetado em Leiria pela PSP - Tribunal Judicial da Comarca de Leiria\" \/>\n<meta property=\"og:description\" content=\"In Regi\u00e3o de Leiria, de 11-04-2026 O homem foi intercetado pelas 18h30 de 2 de abril. Um arrumador de carros, com 47 anos, foi intercetado pela PSP em Leiria, no dia 2 de abril, quando...\" \/>\n<meta property=\"og:url\" content=\"https:\/\/comarcas.csm.org.pt\/leiria\/blog\/2026\/04\/13\/arrumador-de-carros-que-ameacava-cidadaos-com-x-ato-intercetado-em-leiria-pela-psp\/\" \/>\n<meta property=\"og:site_name\" content=\"Tribunal Judicial da Comarca de Leiria\" \/>\n<meta property=\"article:published_time\" content=\"2026-04-13T12:48:53+00:00\" \/>\n<meta property=\"article:modified_time\" content=\"2026-04-13T12:48:54+00:00\" \/>\n<meta name=\"author\" content=\"leiria\" \/>\n<meta name=\"twitter:card\" content=\"summary_large_image\" \/>\n<meta name=\"twitter:label1\" content=\"Escrito por\" \/>\n\t<meta name=\"twitter:data1\" content=\"leiria\" \/>\n\t<meta name=\"twitter:label2\" content=\"Tempo estimado de leitura\" \/>\n\t<meta name=\"twitter:data2\" content=\"2 minutos\" \/>\n<script type=\"application\/ld+json\" class=\"yoast-schema-graph\">{\"@context\":\"https:\/\/schema.org\",\"@graph\":[{\"@type\":\"Article\",\"@id\":\"https:\/\/comarcas.csm.org.pt\/leiria\/blog\/2026\/04\/13\/arrumador-de-carros-que-ameacava-cidadaos-com-x-ato-intercetado-em-leiria-pela-psp\/#article\",\"isPartOf\":{\"@id\":\"https:\/\/comarcas.csm.org.pt\/leiria\/blog\/2026\/04\/13\/arrumador-de-carros-que-ameacava-cidadaos-com-x-ato-intercetado-em-leiria-pela-psp\/\"},\"author\":{\"name\":\"leiria\",\"@id\":\"https:\/\/comarcas.csm.org.pt\/leiria\/#\/schema\/person\/9057b6fbd670d5a2e931712cd357d806\"},\"headline\":\"Arrumador de carros que amea\u00e7ava cidad\u00e3os com x-ato intercetado em Leiria pela PSP\",\"datePublished\":\"2026-04-13T12:48:53+00:00\",\"dateModified\":\"2026-04-13T12:48:54+00:00\",\"mainEntityOfPage\":{\"@id\":\"https:\/\/comarcas.csm.org.pt\/leiria\/blog\/2026\/04\/13\/arrumador-de-carros-que-ameacava-cidadaos-com-x-ato-intercetado-em-leiria-pela-psp\/\"},\"wordCount\":281,\"publisher\":{\"@id\":\"https:\/\/comarcas.csm.org.pt\/leiria\/#organization\"},\"articleSection\":[\"Geral\",\"Not\u00edcias\"],\"inLanguage\":\"pt-PT\"},{\"@type\":\"WebPage\",\"@id\":\"https:\/\/comarcas.csm.org.pt\/leiria\/blog\/2026\/04\/13\/arrumador-de-carros-que-ameacava-cidadaos-com-x-ato-intercetado-em-leiria-pela-psp\/\",\"url\":\"https:\/\/comarcas.csm.org.pt\/leiria\/blog\/2026\/04\/13\/arrumador-de-carros-que-ameacava-cidadaos-com-x-ato-intercetado-em-leiria-pela-psp\/\",\"name\":\"Arrumador de carros que amea\u00e7ava cidad\u00e3os com x-ato intercetado em Leiria pela PSP - Tribunal Judicial da Comarca de Leiria\",\"isPartOf\":{\"@id\":\"https:\/\/comarcas.csm.org.pt\/leiria\/#website\"},\"datePublished\":\"2026-04-13T12:48:53+00:00\",\"dateModified\":\"2026-04-13T12:48:54+00:00\",\"breadcrumb\":{\"@id\":\"https:\/\/comarcas.csm.org.pt\/leiria\/blog\/2026\/04\/13\/arrumador-de-carros-que-ameacava-cidadaos-com-x-ato-intercetado-em-leiria-pela-psp\/#breadcrumb\"},\"inLanguage\":\"pt-PT\",\"potentialAction\":[{\"@type\":\"ReadAction\",\"target\":[\"https:\/\/comarcas.csm.org.pt\/leiria\/blog\/2026\/04\/13\/arrumador-de-carros-que-ameacava-cidadaos-com-x-ato-intercetado-em-leiria-pela-psp\/\"]}]},{\"@type\":\"BreadcrumbList\",\"@id\":\"https:\/\/comarcas.csm.org.pt\/leiria\/blog\/2026\/04\/13\/arrumador-de-carros-que-ameacava-cidadaos-com-x-ato-intercetado-em-leiria-pela-psp\/#breadcrumb\",\"itemListElement\":[{\"@type\":\"ListItem\",\"position\":1,\"name\":\"In\u00edcio\",\"item\":\"https:\/\/comarcas.csm.org.pt\/leiria\/\"},{\"@type\":\"ListItem\",\"position\":2,\"name\":\"Arrumador de carros que amea\u00e7ava cidad\u00e3os com x-ato intercetado em Leiria pela PSP\"}]},{\"@type\":\"WebSite\",\"@id\":\"https:\/\/comarcas.csm.org.pt\/leiria\/#website\",\"url\":\"https:\/\/comarcas.csm.org.pt\/leiria\/\",\"name\":\"Tribunal Judicial da Comarca de Leiria\",\"description\":\"Tribunal Judicial da Comarca de Aveiro\",\"publisher\":{\"@id\":\"https:\/\/comarcas.csm.org.pt\/leiria\/#organization\"},\"potentialAction\":[{\"@type\":\"SearchAction\",\"target\":{\"@type\":\"EntryPoint\",\"urlTemplate\":\"https:\/\/comarcas.csm.org.pt\/leiria\/?s={search_term_string}\"},\"query-input\":{\"@type\":\"PropertyValueSpecification\",\"valueRequired\":true,\"valueName\":\"search_term_string\"}}],\"inLanguage\":\"pt-PT\"},{\"@type\":\"Organization\",\"@id\":\"https:\/\/comarcas.csm.org.pt\/leiria\/#organization\",\"name\":\"Tribunal Judicial da Comarca de Leiria\",\"url\":\"https:\/\/comarcas.csm.org.pt\/leiria\/\",\"logo\":{\"@type\":\"ImageObject\",\"inLanguage\":\"pt-PT\",\"@id\":\"https:\/\/comarcas.csm.org.pt\/leiria\/#\/schema\/logo\/image\/\",\"url\":\"https:\/\/comarcas.csm.org.pt\/leiria\/wp-content\/uploads\/sites\/16\/2024\/11\/Leiria_positivo-horizontal.png\",\"contentUrl\":\"https:\/\/comarcas.csm.org.pt\/leiria\/wp-content\/uploads\/sites\/16\/2024\/11\/Leiria_positivo-horizontal.png\",\"width\":5088,\"height\":890,\"caption\":\"Tribunal Judicial da Comarca de Leiria\"},\"image\":{\"@id\":\"https:\/\/comarcas.csm.org.pt\/leiria\/#\/schema\/logo\/image\/\"}},{\"@type\":\"Person\",\"@id\":\"https:\/\/comarcas.csm.org.pt\/leiria\/#\/schema\/person\/9057b6fbd670d5a2e931712cd357d806\",\"name\":\"leiria\",\"image\":{\"@type\":\"ImageObject\",\"inLanguage\":\"pt-PT\",\"@id\":\"https:\/\/comarcas.csm.org.pt\/leiria\/#\/schema\/person\/image\/\",\"url\":\"https:\/\/secure.gravatar.com\/avatar\/399a72a2630b07d71a4e0167744303361d26ed8a993be2c5686bbe5ff44b469f?s=96&d=mm&r=g\",\"contentUrl\":\"https:\/\/secure.gravatar.com\/avatar\/399a72a2630b07d71a4e0167744303361d26ed8a993be2c5686bbe5ff44b469f?s=96&d=mm&r=g\",\"caption\":\"leiria\"},\"url\":\"https:\/\/comarcas.csm.org.pt\/leiria\/blog\/author\/leiria\/\"}]}<\/script>\n<!-- \/ Yoast SEO plugin. -->","yoast_head_json":{"title":"Arrumador de carros que amea\u00e7ava cidad\u00e3os com x-ato intercetado em Leiria pela PSP - Tribunal Judicial da Comarca de Leiria","robots":{"index":"index","follow":"follow","max-snippet":"max-snippet:-1","max-image-preview":"max-image-preview:large","max-video-preview":"max-video-preview:-1"},"canonical":"https:\/\/comarcas.csm.org.pt\/leiria\/blog\/2026\/04\/13\/arrumador-de-carros-que-ameacava-cidadaos-com-x-ato-intercetado-em-leiria-pela-psp\/","og_locale":"pt_PT","og_type":"article","og_title":"Arrumador de carros que amea\u00e7ava cidad\u00e3os com x-ato intercetado em Leiria pela PSP - Tribunal Judicial da Comarca de Leiria","og_description":"In Regi\u00e3o de Leiria, de 11-04-2026 O homem foi intercetado pelas 18h30 de 2 de abril. Um arrumador de carros, com 47 anos, foi intercetado pela PSP em Leiria, no dia 2 de abril, quando...","og_url":"https:\/\/comarcas.csm.org.pt\/leiria\/blog\/2026\/04\/13\/arrumador-de-carros-que-ameacava-cidadaos-com-x-ato-intercetado-em-leiria-pela-psp\/","og_site_name":"Tribunal Judicial da Comarca de Leiria","article_published_time":"2026-04-13T12:48:53+00:00","article_modified_time":"2026-04-13T12:48:54+00:00","author":"leiria","twitter_card":"summary_large_image","twitter_misc":{"Escrito por":"leiria","Tempo estimado de leitura":"2 minutos"},"schema":{"@context":"https:\/\/schema.org","@graph":[{"@type":"Article","@id":"https:\/\/comarcas.csm.org.pt\/leiria\/blog\/2026\/04\/13\/arrumador-de-carros-que-ameacava-cidadaos-com-x-ato-intercetado-em-leiria-pela-psp\/#article","isPartOf":{"@id":"https:\/\/comarcas.csm.org.pt\/leiria\/blog\/2026\/04\/13\/arrumador-de-carros-que-ameacava-cidadaos-com-x-ato-intercetado-em-leiria-pela-psp\/"},"author":{"name":"leiria","@id":"https:\/\/comarcas.csm.org.pt\/leiria\/#\/schema\/person\/9057b6fbd670d5a2e931712cd357d806"},"headline":"Arrumador de carros que amea\u00e7ava cidad\u00e3os com x-ato intercetado em Leiria pela PSP","datePublished":"2026-04-13T12:48:53+00:00","dateModified":"2026-04-13T12:48:54+00:00","mainEntityOfPage":{"@id":"https:\/\/comarcas.csm.org.pt\/leiria\/blog\/2026\/04\/13\/arrumador-de-carros-que-ameacava-cidadaos-com-x-ato-intercetado-em-leiria-pela-psp\/"},"wordCount":281,"publisher":{"@id":"https:\/\/comarcas.csm.org.pt\/leiria\/#organization"},"articleSection":["Geral","Not\u00edcias"],"inLanguage":"pt-PT"},{"@type":"WebPage","@id":"https:\/\/comarcas.csm.org.pt\/leiria\/blog\/2026\/04\/13\/arrumador-de-carros-que-ameacava-cidadaos-com-x-ato-intercetado-em-leiria-pela-psp\/","url":"https:\/\/comarcas.csm.org.pt\/leiria\/blog\/2026\/04\/13\/arrumador-de-carros-que-ameacava-cidadaos-com-x-ato-intercetado-em-leiria-pela-psp\/","name":"Arrumador de carros que amea\u00e7ava cidad\u00e3os com x-ato intercetado em Leiria pela PSP - Tribunal Judicial da Comarca de Leiria","isPartOf":{"@id":"https:\/\/comarcas.csm.org.pt\/leiria\/#website"},"datePublished":"2026-04-13T12:48:53+00:00","dateModified":"2026-04-13T12:48:54+00:00","breadcrumb":{"@id":"https:\/\/comarcas.csm.org.pt\/leiria\/blog\/2026\/04\/13\/arrumador-de-carros-que-ameacava-cidadaos-com-x-ato-intercetado-em-leiria-pela-psp\/#breadcrumb"},"inLanguage":"pt-PT","potentialAction":[{"@type":"ReadAction","target":["https:\/\/comarcas.csm.org.pt\/leiria\/blog\/2026\/04\/13\/arrumador-de-carros-que-ameacava-cidadaos-com-x-ato-intercetado-em-leiria-pela-psp\/"]}]},{"@type":"BreadcrumbList","@id":"https:\/\/comarcas.csm.org.pt\/leiria\/blog\/2026\/04\/13\/arrumador-de-carros-que-ameacava-cidadaos-com-x-ato-intercetado-em-leiria-pela-psp\/#breadcrumb","itemListElement":[{"@type":"ListItem","position":1,"name":"In\u00edcio","item":"https:\/\/comarcas.csm.org.pt\/leiria\/"},{"@type":"ListItem","position":2,"name":"Arrumador de carros que amea\u00e7ava cidad\u00e3os com x-ato intercetado em Leiria pela PSP"}]},{"@type":"WebSite","@id":"https:\/\/comarcas.csm.org.pt\/leiria\/#website","url":"https:\/\/comarcas.csm.org.pt\/leiria\/","name":"Tribunal Judicial da Comarca de Leiria","description":"Tribunal Judicial da Comarca de Aveiro","publisher":{"@id":"https:\/\/comarcas.csm.org.pt\/leiria\/#organization"},"potentialAction":[{"@type":"SearchAction","target":{"@type":"EntryPoint","urlTemplate":"https:\/\/comarcas.csm.org.pt\/leiria\/?s={search_term_string}"},"query-input":{"@type":"PropertyValueSpecification","valueRequired":true,"valueName":"search_term_string"}}],"inLanguage":"pt-PT"},{"@type":"Organization","@id":"https:\/\/comarcas.csm.org.pt\/leiria\/#organization","name":"Tribunal Judicial da Comarca de Leiria","url":"https:\/\/comarcas.csm.org.pt\/leiria\/","logo":{"@type":"ImageObject","inLanguage":"pt-PT","@id":"https:\/\/comarcas.csm.org.pt\/leiria\/#\/schema\/logo\/image\/","url":"https:\/\/comarcas.csm.org.pt\/leiria\/wp-content\/uploads\/sites\/16\/2024\/11\/Leiria_positivo-horizontal.png","contentUrl":"https:\/\/comarcas.csm.org.pt\/leiria\/wp-content\/uploads\/sites\/16\/2024\/11\/Leiria_positivo-horizontal.png","width":5088,"height":890,"caption":"Tribunal Judicial da Comarca de Leiria"},"image":{"@id":"https:\/\/comarcas.csm.org.pt\/leiria\/#\/schema\/logo\/image\/"}},{"@type":"Person","@id":"https:\/\/comarcas.csm.org.pt\/leiria\/#\/schema\/person\/9057b6fbd670d5a2e931712cd357d806","name":"leiria","image":{"@type":"ImageObject","inLanguage":"pt-PT","@id":"https:\/\/comarcas.csm.org.pt\/leiria\/#\/schema\/person\/image\/","url":"https:\/\/secure.gravatar.com\/avatar\/399a72a2630b07d71a4e0167744303361d26ed8a993be2c5686bbe5ff44b469f?s=96&d=mm&r=g","contentUrl":"https:\/\/secure.gravatar.com\/avatar\/399a72a2630b07d71a4e0167744303361d26ed8a993be2c5686bbe5ff44b469f?s=96&d=mm&r=g","caption":"leiria"},"url":"https:\/\/comarcas.csm.org.pt\/leiria\/blog\/author\/leiria\/"}]}},"_links":{"self":[{"href":"https:\/\/comarcas.csm.org.pt\/leiria\/wp-json\/wp\/v2\/posts\/13641","targetHints":{"allow":["GET"]}}],"collection":[{"href":"https:\/\/comarcas.csm.org.pt\/leiria\/wp-json\/wp\/v2\/posts"}],"about":[{"href":"https:\/\/comarcas.csm.org.pt\/leiria\/wp-json\/wp\/v2\/types\/post"}],"author":[{"embeddable":true,"href":"https:\/\/comarcas.csm.org.pt\/leiria\/wp-json\/wp\/v2\/users\/16"}],"replies":[{"embeddable":true,"href":"https:\/\/comarcas.csm.org.pt\/leiria\/wp-json\/wp\/v2\/comments?post=13641"}],"version-history":[{"count":1,"href":"https:\/\/comarcas.csm.org.pt\/leiria\/wp-json\/wp\/v2\/posts\/13641\/revisions"}],"predecessor-version":[{"id":13642,"href":"https:\/\/comarcas.csm.org.pt\/leiria\/wp-json\/wp\/v2\/posts\/13641\/revisions\/13642"}],"wp:attachment":[{"href":"https:\/\/comarcas.csm.org.pt\/leiria\/wp-json\/wp\/v2\/media?parent=13641"}],"wp:term":[{"taxonomy":"category","embeddable":true,"href":"https:\/\/comarcas.csm.org.pt\/leiria\/wp-json\/wp\/v2\/categories?post=13641"},{"taxonomy":"post_tag","embeddable":true,"href":"https:\/\/comarcas.csm.org.pt\/leiria\/wp-json\/wp\/v2\/tags?post=13641"}],"curies":[{"name":"wp","href":"https:\/\/api.w.org\/{rel}","templated":true}]}}