{"id":13648,"date":"2026-04-17T09:54:37","date_gmt":"2026-04-17T09:54:37","guid":{"rendered":"https:\/\/comarcas.csm.org.pt\/leiria\/?p=13648"},"modified":"2026-04-17T09:54:39","modified_gmt":"2026-04-17T09:54:39","slug":"gnr-detem-homem-suspeito-de-varios-furtos-a-residencias-em-mira-de-aire","status":"publish","type":"post","link":"https:\/\/comarcas.csm.org.pt\/leiria\/blog\/2026\/04\/17\/gnr-detem-homem-suspeito-de-varios-furtos-a-residencias-em-mira-de-aire\/","title":{"rendered":"GNR det\u00e9m homem suspeito de v\u00e1rios furtos a resid\u00eancias em Mira de Aire"},"content":{"rendered":"\n<p>in <a href=\"https:\/\/www.jornaldeleiria.pt\/noticia\/gnr-detem-homem-suspeito-de-varios-furtos-a-residencias-em-mira-de-aire\">Jornal de Leiria<\/a>, de 17-04-2026<\/p>\n\n\n\n<p><strong>Nas buscas realizadas, a GNR apreendeu material furtado<\/strong><\/p>\n\n\n\n<p>A GNR de Mira de Aire deteve um homem de 41 anos suspeito de v\u00e1rios crimes de furto no interior de resid\u00eancias na freguesia,<\/p>\n\n\n\n<p>Em comunicado, o Comando Territorial de Leiria adianta que a investiga\u00e7\u00e3o criminal decorria h\u00e1 cerca e duas semanas, com a realiza\u00e7\u00e3o de dilig\u00eancias que permitiram localizar e deter o indiv\u00edduo, que \u201cse encontrava na posse de artigos provenientes do furto em interior de resid\u00eancias\u201d<\/p>\n\n\n\n<p>No decorrer da ac\u00e7\u00e3o, foram efectuadas duas buscas domicili\u00e1rias das quais resultou a apreens\u00e3o de v\u00e1rio material dado como furtado, como dois brincos em ouro, 65 euros em numer\u00e1rio, duas moedas de colec\u00e7\u00e3o e diversos rel\u00f3gios e artigos de bijuteria.<\/p>\n\n\n\n<p>Presente a primeiro interrogat\u00f3rio judicial no Tribunal Judicial de Leiria, o suspeito viu-lhe aplicada a medida de coa\u00e7\u00e3o de&nbsp;pris\u00e3o domicili\u00e1ria.<\/p>\n","protected":false},"excerpt":{"rendered":"<p>in Jornal de Leiria, de 17-04-2026 Nas buscas realizadas, a GNR apreendeu material furtado A GNR de Mira de Aire deteve um homem de 41 anos suspeito de v\u00e1rios crimes de furto no interior de&#8230;<\/p>\n","protected":false},"author":16,"featured_media":0,"comment_status":"closed","ping_status":"open","sticky":false,"template":"","format":"standard","meta":{"_tbt_post_transparent":"","_tbt_post_title":"","_tbt_post_layout":"","_tbt_post_sidebar_id":"","_tbt_post_content_style":"","_tbt_post_vertical_padding":"","_tbt_post_feature":"","_tbt_post_feature_position":"","_tbt_post_header":false,"_tbt_post_footer":false},"categories":[1,5],"tags":[],"class_list":["post-13648","post","type-post","status-publish","format-standard","hentry","category-geral","category-noticias"],"yoast_head":"<!-- This site is optimized with the Yoast SEO plugin v25.6 - https:\/\/yoast.com\/wordpress\/plugins\/seo\/ -->\n<title>GNR det\u00e9m homem suspeito de v\u00e1rios furtos a resid\u00eancias em Mira de Aire - Tribunal Judicial da Comarca de Leiria<\/title>\n<meta name=\"robots\" content=\"index, follow, max-snippet:-1, max-image-preview:large, max-video-preview:-1\" \/>\n<link rel=\"canonical\" href=\"https:\/\/comarcas.csm.org.pt\/leiria\/blog\/2026\/04\/17\/gnr-detem-homem-suspeito-de-varios-furtos-a-residencias-em-mira-de-aire\/\" \/>\n<meta property=\"og:locale\" content=\"pt_PT\" \/>\n<meta property=\"og:type\" content=\"article\" \/>\n<meta property=\"og:title\" content=\"GNR det\u00e9m homem suspeito de v\u00e1rios furtos a resid\u00eancias em Mira de Aire - Tribunal Judicial da Comarca de Leiria\" \/>\n<meta property=\"og:description\" content=\"in Jornal de Leiria, de 17-04-2026 Nas buscas realizadas, a GNR apreendeu material furtado A GNR de Mira de Aire deteve um homem de 41 anos suspeito de v\u00e1rios crimes de furto no interior de...\" \/>\n<meta property=\"og:url\" content=\"https:\/\/comarcas.csm.org.pt\/leiria\/blog\/2026\/04\/17\/gnr-detem-homem-suspeito-de-varios-furtos-a-residencias-em-mira-de-aire\/\" \/>\n<meta property=\"og:site_name\" content=\"Tribunal Judicial da Comarca de Leiria\" \/>\n<meta property=\"article:published_time\" content=\"2026-04-17T09:54:37+00:00\" \/>\n<meta property=\"article:modified_time\" content=\"2026-04-17T09:54:39+00:00\" \/>\n<meta name=\"author\" content=\"leiria\" \/>\n<meta name=\"twitter:card\" content=\"summary_large_image\" \/>\n<meta name=\"twitter:label1\" content=\"Escrito por\" \/>\n\t<meta name=\"twitter:data1\" content=\"leiria\" \/>\n\t<meta name=\"twitter:label2\" content=\"Tempo estimado de leitura\" \/>\n\t<meta name=\"twitter:data2\" content=\"1 minuto\" \/>\n<script type=\"application\/ld+json\" class=\"yoast-schema-graph\">{\"@context\":\"https:\/\/schema.org\",\"@graph\":[{\"@type\":\"Article\",\"@id\":\"https:\/\/comarcas.csm.org.pt\/leiria\/blog\/2026\/04\/17\/gnr-detem-homem-suspeito-de-varios-furtos-a-residencias-em-mira-de-aire\/#article\",\"isPartOf\":{\"@id\":\"https:\/\/comarcas.csm.org.pt\/leiria\/blog\/2026\/04\/17\/gnr-detem-homem-suspeito-de-varios-furtos-a-residencias-em-mira-de-aire\/\"},\"author\":{\"name\":\"leiria\",\"@id\":\"https:\/\/comarcas.csm.org.pt\/leiria\/#\/schema\/person\/9057b6fbd670d5a2e931712cd357d806\"},\"headline\":\"GNR det\u00e9m homem suspeito de v\u00e1rios furtos a resid\u00eancias em Mira de Aire\",\"datePublished\":\"2026-04-17T09:54:37+00:00\",\"dateModified\":\"2026-04-17T09:54:39+00:00\",\"mainEntityOfPage\":{\"@id\":\"https:\/\/comarcas.csm.org.pt\/leiria\/blog\/2026\/04\/17\/gnr-detem-homem-suspeito-de-varios-furtos-a-residencias-em-mira-de-aire\/\"},\"wordCount\":177,\"publisher\":{\"@id\":\"https:\/\/comarcas.csm.org.pt\/leiria\/#organization\"},\"articleSection\":[\"Geral\",\"Not\u00edcias\"],\"inLanguage\":\"pt-PT\"},{\"@type\":\"WebPage\",\"@id\":\"https:\/\/comarcas.csm.org.pt\/leiria\/blog\/2026\/04\/17\/gnr-detem-homem-suspeito-de-varios-furtos-a-residencias-em-mira-de-aire\/\",\"url\":\"https:\/\/comarcas.csm.org.pt\/leiria\/blog\/2026\/04\/17\/gnr-detem-homem-suspeito-de-varios-furtos-a-residencias-em-mira-de-aire\/\",\"name\":\"GNR det\u00e9m homem suspeito de v\u00e1rios furtos a resid\u00eancias em Mira de Aire - Tribunal Judicial da Comarca de Leiria\",\"isPartOf\":{\"@id\":\"https:\/\/comarcas.csm.org.pt\/leiria\/#website\"},\"datePublished\":\"2026-04-17T09:54:37+00:00\",\"dateModified\":\"2026-04-17T09:54:39+00:00\",\"breadcrumb\":{\"@id\":\"https:\/\/comarcas.csm.org.pt\/leiria\/blog\/2026\/04\/17\/gnr-detem-homem-suspeito-de-varios-furtos-a-residencias-em-mira-de-aire\/#breadcrumb\"},\"inLanguage\":\"pt-PT\",\"potentialAction\":[{\"@type\":\"ReadAction\",\"target\":[\"https:\/\/comarcas.csm.org.pt\/leiria\/blog\/2026\/04\/17\/gnr-detem-homem-suspeito-de-varios-furtos-a-residencias-em-mira-de-aire\/\"]}]},{\"@type\":\"BreadcrumbList\",\"@id\":\"https:\/\/comarcas.csm.org.pt\/leiria\/blog\/2026\/04\/17\/gnr-detem-homem-suspeito-de-varios-furtos-a-residencias-em-mira-de-aire\/#breadcrumb\",\"itemListElement\":[{\"@type\":\"ListItem\",\"position\":1,\"name\":\"In\u00edcio\",\"item\":\"https:\/\/comarcas.csm.org.pt\/leiria\/\"},{\"@type\":\"ListItem\",\"position\":2,\"name\":\"GNR det\u00e9m homem suspeito de v\u00e1rios furtos a resid\u00eancias em Mira de Aire\"}]},{\"@type\":\"WebSite\",\"@id\":\"https:\/\/comarcas.csm.org.pt\/leiria\/#website\",\"url\":\"https:\/\/comarcas.csm.org.pt\/leiria\/\",\"name\":\"Tribunal Judicial da Comarca de Leiria\",\"description\":\"Tribunal Judicial da Comarca de Aveiro\",\"publisher\":{\"@id\":\"https:\/\/comarcas.csm.org.pt\/leiria\/#organization\"},\"potentialAction\":[{\"@type\":\"SearchAction\",\"target\":{\"@type\":\"EntryPoint\",\"urlTemplate\":\"https:\/\/comarcas.csm.org.pt\/leiria\/?s={search_term_string}\"},\"query-input\":{\"@type\":\"PropertyValueSpecification\",\"valueRequired\":true,\"valueName\":\"search_term_string\"}}],\"inLanguage\":\"pt-PT\"},{\"@type\":\"Organization\",\"@id\":\"https:\/\/comarcas.csm.org.pt\/leiria\/#organization\",\"name\":\"Tribunal Judicial da Comarca de Leiria\",\"url\":\"https:\/\/comarcas.csm.org.pt\/leiria\/\",\"logo\":{\"@type\":\"ImageObject\",\"inLanguage\":\"pt-PT\",\"@id\":\"https:\/\/comarcas.csm.org.pt\/leiria\/#\/schema\/logo\/image\/\",\"url\":\"https:\/\/comarcas.csm.org.pt\/leiria\/wp-content\/uploads\/sites\/16\/2024\/11\/Leiria_positivo-horizontal.png\",\"contentUrl\":\"https:\/\/comarcas.csm.org.pt\/leiria\/wp-content\/uploads\/sites\/16\/2024\/11\/Leiria_positivo-horizontal.png\",\"width\":5088,\"height\":890,\"caption\":\"Tribunal Judicial da Comarca de Leiria\"},\"image\":{\"@id\":\"https:\/\/comarcas.csm.org.pt\/leiria\/#\/schema\/logo\/image\/\"}},{\"@type\":\"Person\",\"@id\":\"https:\/\/comarcas.csm.org.pt\/leiria\/#\/schema\/person\/9057b6fbd670d5a2e931712cd357d806\",\"name\":\"leiria\",\"image\":{\"@type\":\"ImageObject\",\"inLanguage\":\"pt-PT\",\"@id\":\"https:\/\/comarcas.csm.org.pt\/leiria\/#\/schema\/person\/image\/\",\"url\":\"https:\/\/secure.gravatar.com\/avatar\/399a72a2630b07d71a4e0167744303361d26ed8a993be2c5686bbe5ff44b469f?s=96&d=mm&r=g\",\"contentUrl\":\"https:\/\/secure.gravatar.com\/avatar\/399a72a2630b07d71a4e0167744303361d26ed8a993be2c5686bbe5ff44b469f?s=96&d=mm&r=g\",\"caption\":\"leiria\"},\"url\":\"https:\/\/comarcas.csm.org.pt\/leiria\/blog\/author\/leiria\/\"}]}<\/script>\n<!-- \/ Yoast SEO plugin. -->","yoast_head_json":{"title":"GNR det\u00e9m homem suspeito de v\u00e1rios furtos a resid\u00eancias em Mira de Aire - Tribunal Judicial da Comarca de Leiria","robots":{"index":"index","follow":"follow","max-snippet":"max-snippet:-1","max-image-preview":"max-image-preview:large","max-video-preview":"max-video-preview:-1"},"canonical":"https:\/\/comarcas.csm.org.pt\/leiria\/blog\/2026\/04\/17\/gnr-detem-homem-suspeito-de-varios-furtos-a-residencias-em-mira-de-aire\/","og_locale":"pt_PT","og_type":"article","og_title":"GNR det\u00e9m homem suspeito de v\u00e1rios furtos a resid\u00eancias em Mira de Aire - Tribunal Judicial da Comarca de Leiria","og_description":"in Jornal de Leiria, de 17-04-2026 Nas buscas realizadas, a GNR apreendeu material furtado A GNR de Mira de Aire deteve um homem de 41 anos suspeito de v\u00e1rios crimes de furto no interior de...","og_url":"https:\/\/comarcas.csm.org.pt\/leiria\/blog\/2026\/04\/17\/gnr-detem-homem-suspeito-de-varios-furtos-a-residencias-em-mira-de-aire\/","og_site_name":"Tribunal Judicial da Comarca de Leiria","article_published_time":"2026-04-17T09:54:37+00:00","article_modified_time":"2026-04-17T09:54:39+00:00","author":"leiria","twitter_card":"summary_large_image","twitter_misc":{"Escrito por":"leiria","Tempo estimado de leitura":"1 minuto"},"schema":{"@context":"https:\/\/schema.org","@graph":[{"@type":"Article","@id":"https:\/\/comarcas.csm.org.pt\/leiria\/blog\/2026\/04\/17\/gnr-detem-homem-suspeito-de-varios-furtos-a-residencias-em-mira-de-aire\/#article","isPartOf":{"@id":"https:\/\/comarcas.csm.org.pt\/leiria\/blog\/2026\/04\/17\/gnr-detem-homem-suspeito-de-varios-furtos-a-residencias-em-mira-de-aire\/"},"author":{"name":"leiria","@id":"https:\/\/comarcas.csm.org.pt\/leiria\/#\/schema\/person\/9057b6fbd670d5a2e931712cd357d806"},"headline":"GNR det\u00e9m homem suspeito de v\u00e1rios furtos a resid\u00eancias em Mira de Aire","datePublished":"2026-04-17T09:54:37+00:00","dateModified":"2026-04-17T09:54:39+00:00","mainEntityOfPage":{"@id":"https:\/\/comarcas.csm.org.pt\/leiria\/blog\/2026\/04\/17\/gnr-detem-homem-suspeito-de-varios-furtos-a-residencias-em-mira-de-aire\/"},"wordCount":177,"publisher":{"@id":"https:\/\/comarcas.csm.org.pt\/leiria\/#organization"},"articleSection":["Geral","Not\u00edcias"],"inLanguage":"pt-PT"},{"@type":"WebPage","@id":"https:\/\/comarcas.csm.org.pt\/leiria\/blog\/2026\/04\/17\/gnr-detem-homem-suspeito-de-varios-furtos-a-residencias-em-mira-de-aire\/","url":"https:\/\/comarcas.csm.org.pt\/leiria\/blog\/2026\/04\/17\/gnr-detem-homem-suspeito-de-varios-furtos-a-residencias-em-mira-de-aire\/","name":"GNR det\u00e9m homem suspeito de v\u00e1rios furtos a resid\u00eancias em Mira de Aire - Tribunal Judicial da Comarca de Leiria","isPartOf":{"@id":"https:\/\/comarcas.csm.org.pt\/leiria\/#website"},"datePublished":"2026-04-17T09:54:37+00:00","dateModified":"2026-04-17T09:54:39+00:00","breadcrumb":{"@id":"https:\/\/comarcas.csm.org.pt\/leiria\/blog\/2026\/04\/17\/gnr-detem-homem-suspeito-de-varios-furtos-a-residencias-em-mira-de-aire\/#breadcrumb"},"inLanguage":"pt-PT","potentialAction":[{"@type":"ReadAction","target":["https:\/\/comarcas.csm.org.pt\/leiria\/blog\/2026\/04\/17\/gnr-detem-homem-suspeito-de-varios-furtos-a-residencias-em-mira-de-aire\/"]}]},{"@type":"BreadcrumbList","@id":"https:\/\/comarcas.csm.org.pt\/leiria\/blog\/2026\/04\/17\/gnr-detem-homem-suspeito-de-varios-furtos-a-residencias-em-mira-de-aire\/#breadcrumb","itemListElement":[{"@type":"ListItem","position":1,"name":"In\u00edcio","item":"https:\/\/comarcas.csm.org.pt\/leiria\/"},{"@type":"ListItem","position":2,"name":"GNR det\u00e9m homem suspeito de v\u00e1rios furtos a resid\u00eancias em Mira de Aire"}]},{"@type":"WebSite","@id":"https:\/\/comarcas.csm.org.pt\/leiria\/#website","url":"https:\/\/comarcas.csm.org.pt\/leiria\/","name":"Tribunal Judicial da Comarca de Leiria","description":"Tribunal Judicial da Comarca de Aveiro","publisher":{"@id":"https:\/\/comarcas.csm.org.pt\/leiria\/#organization"},"potentialAction":[{"@type":"SearchAction","target":{"@type":"EntryPoint","urlTemplate":"https:\/\/comarcas.csm.org.pt\/leiria\/?s={search_term_string}"},"query-input":{"@type":"PropertyValueSpecification","valueRequired":true,"valueName":"search_term_string"}}],"inLanguage":"pt-PT"},{"@type":"Organization","@id":"https:\/\/comarcas.csm.org.pt\/leiria\/#organization","name":"Tribunal Judicial da Comarca de Leiria","url":"https:\/\/comarcas.csm.org.pt\/leiria\/","logo":{"@type":"ImageObject","inLanguage":"pt-PT","@id":"https:\/\/comarcas.csm.org.pt\/leiria\/#\/schema\/logo\/image\/","url":"https:\/\/comarcas.csm.org.pt\/leiria\/wp-content\/uploads\/sites\/16\/2024\/11\/Leiria_positivo-horizontal.png","contentUrl":"https:\/\/comarcas.csm.org.pt\/leiria\/wp-content\/uploads\/sites\/16\/2024\/11\/Leiria_positivo-horizontal.png","width":5088,"height":890,"caption":"Tribunal Judicial da Comarca de Leiria"},"image":{"@id":"https:\/\/comarcas.csm.org.pt\/leiria\/#\/schema\/logo\/image\/"}},{"@type":"Person","@id":"https:\/\/comarcas.csm.org.pt\/leiria\/#\/schema\/person\/9057b6fbd670d5a2e931712cd357d806","name":"leiria","image":{"@type":"ImageObject","inLanguage":"pt-PT","@id":"https:\/\/comarcas.csm.org.pt\/leiria\/#\/schema\/person\/image\/","url":"https:\/\/secure.gravatar.com\/avatar\/399a72a2630b07d71a4e0167744303361d26ed8a993be2c5686bbe5ff44b469f?s=96&d=mm&r=g","contentUrl":"https:\/\/secure.gravatar.com\/avatar\/399a72a2630b07d71a4e0167744303361d26ed8a993be2c5686bbe5ff44b469f?s=96&d=mm&r=g","caption":"leiria"},"url":"https:\/\/comarcas.csm.org.pt\/leiria\/blog\/author\/leiria\/"}]}},"_links":{"self":[{"href":"https:\/\/comarcas.csm.org.pt\/leiria\/wp-json\/wp\/v2\/posts\/13648","targetHints":{"allow":["GET"]}}],"collection":[{"href":"https:\/\/comarcas.csm.org.pt\/leiria\/wp-json\/wp\/v2\/posts"}],"about":[{"href":"https:\/\/comarcas.csm.org.pt\/leiria\/wp-json\/wp\/v2\/types\/post"}],"author":[{"embeddable":true,"href":"https:\/\/comarcas.csm.org.pt\/leiria\/wp-json\/wp\/v2\/users\/16"}],"replies":[{"embeddable":true,"href":"https:\/\/comarcas.csm.org.pt\/leiria\/wp-json\/wp\/v2\/comments?post=13648"}],"version-history":[{"count":1,"href":"https:\/\/comarcas.csm.org.pt\/leiria\/wp-json\/wp\/v2\/posts\/13648\/revisions"}],"predecessor-version":[{"id":13649,"href":"https:\/\/comarcas.csm.org.pt\/leiria\/wp-json\/wp\/v2\/posts\/13648\/revisions\/13649"}],"wp:attachment":[{"href":"https:\/\/comarcas.csm.org.pt\/leiria\/wp-json\/wp\/v2\/media?parent=13648"}],"wp:term":[{"taxonomy":"category","embeddable":true,"href":"https:\/\/comarcas.csm.org.pt\/leiria\/wp-json\/wp\/v2\/categories?post=13648"},{"taxonomy":"post_tag","embeddable":true,"href":"https:\/\/comarcas.csm.org.pt\/leiria\/wp-json\/wp\/v2\/tags?post=13648"}],"curies":[{"name":"wp","href":"https:\/\/api.w.org\/{rel}","templated":true}]}}