{"id":13652,"date":"2026-04-20T10:50:44","date_gmt":"2026-04-20T10:50:44","guid":{"rendered":"https:\/\/comarcas.csm.org.pt\/leiria\/?p=13652"},"modified":"2026-04-20T10:50:46","modified_gmt":"2026-04-20T10:50:46","slug":"policia-esfaqueado-a-porta-da-esquadra-da-psp-nos-marrazes","status":"publish","type":"post","link":"https:\/\/comarcas.csm.org.pt\/leiria\/blog\/2026\/04\/20\/policia-esfaqueado-a-porta-da-esquadra-da-psp-nos-marrazes\/","title":{"rendered":"Pol\u00edcia esfaqueado \u00e0 porta da esquadra da PSP nos Marrazes"},"content":{"rendered":"\n<p>In <a href=\"https:\/\/www.jornaldeleiria.pt\/noticia\/policia-esfaqueado-a-porta-da-esquadra-da-psp-nos-marrazes\">Jornal de Leiria<\/a>, de 17.04.2026<\/p>\n\n\n\n<p><strong>A v\u00edtima est\u00e1 a receber tratamento m\u00e9dico e o suspeito \u00e9 um jovem de 19 anos<\/strong><\/p>\n\n\n\n<p>Um pol\u00edcia foi esfaqueado, esta manh\u00e3, \u00e0 porta da esquadra da PSP dos Marrazes, por um jovem de 19 anos.<\/p>\n\n\n\n<p>Segundo o comandante do Comando Distrital da PSP de Leiria, o suspeito \u201cfoi l\u00e1 sem qualquer tipo de inten\u00e7\u00e3o de apresentar queixas, com o \u00fanico objectivo de esfaquear o pol\u00edcia que estava \u00e0 porta\u201d, provocando-lhe ferimentos no bra\u00e7o e no pesco\u00e7o.<\/p>\n\n\n\n<p>O jovem ainda fugiu \u00e0s autoridades, mas acabou por ser detido e, por esta ser uma \u201csuposta tentativa de homic\u00eddio\u201d, o caso passou para a al\u00e7ada da Pol\u00edcia Judici\u00e1ria.<\/p>\n\n\n\n<p>A v\u00edtima foi encaminhada para o Hospital de Leiria e \u201cest\u00e1 a receber tratamento m\u00e9dico, est\u00e1 est\u00e1vel e n\u00e3o corre perigo de vida\u201d, apesar de ter duas perfura\u00e7\u00f5es \u201ccom alguma profundidade\u201d, adianta Domingos Antunes.<\/p>\n\n\n\n<p>O detido estava referenciado pela PSP, esclareceu o comandante, ao adiantar que j\u00e1 tinha estado envolvido no incidente naquela esquadra e partiu alguns vidros.<\/p>\n","protected":false},"excerpt":{"rendered":"<p>In Jornal de Leiria, de 17.04.2026 A v\u00edtima est\u00e1 a receber tratamento m\u00e9dico e o suspeito \u00e9 um jovem de 19 anos Um pol\u00edcia foi esfaqueado, esta manh\u00e3, \u00e0 porta da esquadra da PSP dos&#8230;<\/p>\n","protected":false},"author":16,"featured_media":0,"comment_status":"closed","ping_status":"open","sticky":false,"template":"","format":"standard","meta":{"_tbt_post_transparent":"","_tbt_post_title":"","_tbt_post_layout":"","_tbt_post_sidebar_id":"","_tbt_post_content_style":"","_tbt_post_vertical_padding":"","_tbt_post_feature":"","_tbt_post_feature_position":"","_tbt_post_header":false,"_tbt_post_footer":false},"categories":[1,5],"tags":[],"class_list":["post-13652","post","type-post","status-publish","format-standard","hentry","category-geral","category-noticias"],"yoast_head":"<!-- This site is optimized with the Yoast SEO plugin v25.6 - https:\/\/yoast.com\/wordpress\/plugins\/seo\/ -->\n<title>Pol\u00edcia esfaqueado \u00e0 porta da esquadra da PSP nos Marrazes - Tribunal Judicial da Comarca de Leiria<\/title>\n<meta name=\"robots\" content=\"index, follow, max-snippet:-1, max-image-preview:large, max-video-preview:-1\" \/>\n<link rel=\"canonical\" href=\"https:\/\/comarcas.csm.org.pt\/leiria\/blog\/2026\/04\/20\/policia-esfaqueado-a-porta-da-esquadra-da-psp-nos-marrazes\/\" \/>\n<meta property=\"og:locale\" content=\"pt_PT\" \/>\n<meta property=\"og:type\" content=\"article\" \/>\n<meta property=\"og:title\" content=\"Pol\u00edcia esfaqueado \u00e0 porta da esquadra da PSP nos Marrazes - Tribunal Judicial da Comarca de Leiria\" \/>\n<meta property=\"og:description\" content=\"In Jornal de Leiria, de 17.04.2026 A v\u00edtima est\u00e1 a receber tratamento m\u00e9dico e o suspeito \u00e9 um jovem de 19 anos Um pol\u00edcia foi esfaqueado, esta manh\u00e3, \u00e0 porta da esquadra da PSP dos...\" \/>\n<meta property=\"og:url\" content=\"https:\/\/comarcas.csm.org.pt\/leiria\/blog\/2026\/04\/20\/policia-esfaqueado-a-porta-da-esquadra-da-psp-nos-marrazes\/\" \/>\n<meta property=\"og:site_name\" content=\"Tribunal Judicial da Comarca de Leiria\" \/>\n<meta property=\"article:published_time\" content=\"2026-04-20T10:50:44+00:00\" \/>\n<meta property=\"article:modified_time\" content=\"2026-04-20T10:50:46+00:00\" \/>\n<meta name=\"author\" content=\"leiria\" \/>\n<meta name=\"twitter:card\" content=\"summary_large_image\" \/>\n<meta name=\"twitter:label1\" content=\"Escrito por\" \/>\n\t<meta name=\"twitter:data1\" content=\"leiria\" \/>\n\t<meta name=\"twitter:label2\" content=\"Tempo estimado de leitura\" \/>\n\t<meta name=\"twitter:data2\" content=\"1 minuto\" \/>\n<script type=\"application\/ld+json\" class=\"yoast-schema-graph\">{\"@context\":\"https:\/\/schema.org\",\"@graph\":[{\"@type\":\"Article\",\"@id\":\"https:\/\/comarcas.csm.org.pt\/leiria\/blog\/2026\/04\/20\/policia-esfaqueado-a-porta-da-esquadra-da-psp-nos-marrazes\/#article\",\"isPartOf\":{\"@id\":\"https:\/\/comarcas.csm.org.pt\/leiria\/blog\/2026\/04\/20\/policia-esfaqueado-a-porta-da-esquadra-da-psp-nos-marrazes\/\"},\"author\":{\"name\":\"leiria\",\"@id\":\"https:\/\/comarcas.csm.org.pt\/leiria\/#\/schema\/person\/9057b6fbd670d5a2e931712cd357d806\"},\"headline\":\"Pol\u00edcia esfaqueado \u00e0 porta da esquadra da PSP nos Marrazes\",\"datePublished\":\"2026-04-20T10:50:44+00:00\",\"dateModified\":\"2026-04-20T10:50:46+00:00\",\"mainEntityOfPage\":{\"@id\":\"https:\/\/comarcas.csm.org.pt\/leiria\/blog\/2026\/04\/20\/policia-esfaqueado-a-porta-da-esquadra-da-psp-nos-marrazes\/\"},\"wordCount\":190,\"publisher\":{\"@id\":\"https:\/\/comarcas.csm.org.pt\/leiria\/#organization\"},\"articleSection\":[\"Geral\",\"Not\u00edcias\"],\"inLanguage\":\"pt-PT\"},{\"@type\":\"WebPage\",\"@id\":\"https:\/\/comarcas.csm.org.pt\/leiria\/blog\/2026\/04\/20\/policia-esfaqueado-a-porta-da-esquadra-da-psp-nos-marrazes\/\",\"url\":\"https:\/\/comarcas.csm.org.pt\/leiria\/blog\/2026\/04\/20\/policia-esfaqueado-a-porta-da-esquadra-da-psp-nos-marrazes\/\",\"name\":\"Pol\u00edcia esfaqueado \u00e0 porta da esquadra da PSP nos Marrazes - Tribunal Judicial da Comarca de Leiria\",\"isPartOf\":{\"@id\":\"https:\/\/comarcas.csm.org.pt\/leiria\/#website\"},\"datePublished\":\"2026-04-20T10:50:44+00:00\",\"dateModified\":\"2026-04-20T10:50:46+00:00\",\"breadcrumb\":{\"@id\":\"https:\/\/comarcas.csm.org.pt\/leiria\/blog\/2026\/04\/20\/policia-esfaqueado-a-porta-da-esquadra-da-psp-nos-marrazes\/#breadcrumb\"},\"inLanguage\":\"pt-PT\",\"potentialAction\":[{\"@type\":\"ReadAction\",\"target\":[\"https:\/\/comarcas.csm.org.pt\/leiria\/blog\/2026\/04\/20\/policia-esfaqueado-a-porta-da-esquadra-da-psp-nos-marrazes\/\"]}]},{\"@type\":\"BreadcrumbList\",\"@id\":\"https:\/\/comarcas.csm.org.pt\/leiria\/blog\/2026\/04\/20\/policia-esfaqueado-a-porta-da-esquadra-da-psp-nos-marrazes\/#breadcrumb\",\"itemListElement\":[{\"@type\":\"ListItem\",\"position\":1,\"name\":\"In\u00edcio\",\"item\":\"https:\/\/comarcas.csm.org.pt\/leiria\/\"},{\"@type\":\"ListItem\",\"position\":2,\"name\":\"Pol\u00edcia esfaqueado \u00e0 porta da esquadra da PSP nos Marrazes\"}]},{\"@type\":\"WebSite\",\"@id\":\"https:\/\/comarcas.csm.org.pt\/leiria\/#website\",\"url\":\"https:\/\/comarcas.csm.org.pt\/leiria\/\",\"name\":\"Tribunal Judicial da Comarca de Leiria\",\"description\":\"Tribunal Judicial da Comarca de Aveiro\",\"publisher\":{\"@id\":\"https:\/\/comarcas.csm.org.pt\/leiria\/#organization\"},\"potentialAction\":[{\"@type\":\"SearchAction\",\"target\":{\"@type\":\"EntryPoint\",\"urlTemplate\":\"https:\/\/comarcas.csm.org.pt\/leiria\/?s={search_term_string}\"},\"query-input\":{\"@type\":\"PropertyValueSpecification\",\"valueRequired\":true,\"valueName\":\"search_term_string\"}}],\"inLanguage\":\"pt-PT\"},{\"@type\":\"Organization\",\"@id\":\"https:\/\/comarcas.csm.org.pt\/leiria\/#organization\",\"name\":\"Tribunal Judicial da Comarca de Leiria\",\"url\":\"https:\/\/comarcas.csm.org.pt\/leiria\/\",\"logo\":{\"@type\":\"ImageObject\",\"inLanguage\":\"pt-PT\",\"@id\":\"https:\/\/comarcas.csm.org.pt\/leiria\/#\/schema\/logo\/image\/\",\"url\":\"https:\/\/comarcas.csm.org.pt\/leiria\/wp-content\/uploads\/sites\/16\/2024\/11\/Leiria_positivo-horizontal.png\",\"contentUrl\":\"https:\/\/comarcas.csm.org.pt\/leiria\/wp-content\/uploads\/sites\/16\/2024\/11\/Leiria_positivo-horizontal.png\",\"width\":5088,\"height\":890,\"caption\":\"Tribunal Judicial da Comarca de Leiria\"},\"image\":{\"@id\":\"https:\/\/comarcas.csm.org.pt\/leiria\/#\/schema\/logo\/image\/\"}},{\"@type\":\"Person\",\"@id\":\"https:\/\/comarcas.csm.org.pt\/leiria\/#\/schema\/person\/9057b6fbd670d5a2e931712cd357d806\",\"name\":\"leiria\",\"image\":{\"@type\":\"ImageObject\",\"inLanguage\":\"pt-PT\",\"@id\":\"https:\/\/comarcas.csm.org.pt\/leiria\/#\/schema\/person\/image\/\",\"url\":\"https:\/\/secure.gravatar.com\/avatar\/399a72a2630b07d71a4e0167744303361d26ed8a993be2c5686bbe5ff44b469f?s=96&d=mm&r=g\",\"contentUrl\":\"https:\/\/secure.gravatar.com\/avatar\/399a72a2630b07d71a4e0167744303361d26ed8a993be2c5686bbe5ff44b469f?s=96&d=mm&r=g\",\"caption\":\"leiria\"},\"url\":\"https:\/\/comarcas.csm.org.pt\/leiria\/blog\/author\/leiria\/\"}]}<\/script>\n<!-- \/ Yoast SEO plugin. -->","yoast_head_json":{"title":"Pol\u00edcia esfaqueado \u00e0 porta da esquadra da PSP nos Marrazes - Tribunal Judicial da Comarca de Leiria","robots":{"index":"index","follow":"follow","max-snippet":"max-snippet:-1","max-image-preview":"max-image-preview:large","max-video-preview":"max-video-preview:-1"},"canonical":"https:\/\/comarcas.csm.org.pt\/leiria\/blog\/2026\/04\/20\/policia-esfaqueado-a-porta-da-esquadra-da-psp-nos-marrazes\/","og_locale":"pt_PT","og_type":"article","og_title":"Pol\u00edcia esfaqueado \u00e0 porta da esquadra da PSP nos Marrazes - Tribunal Judicial da Comarca de Leiria","og_description":"In Jornal de Leiria, de 17.04.2026 A v\u00edtima est\u00e1 a receber tratamento m\u00e9dico e o suspeito \u00e9 um jovem de 19 anos Um pol\u00edcia foi esfaqueado, esta manh\u00e3, \u00e0 porta da esquadra da PSP dos...","og_url":"https:\/\/comarcas.csm.org.pt\/leiria\/blog\/2026\/04\/20\/policia-esfaqueado-a-porta-da-esquadra-da-psp-nos-marrazes\/","og_site_name":"Tribunal Judicial da Comarca de Leiria","article_published_time":"2026-04-20T10:50:44+00:00","article_modified_time":"2026-04-20T10:50:46+00:00","author":"leiria","twitter_card":"summary_large_image","twitter_misc":{"Escrito por":"leiria","Tempo estimado de leitura":"1 minuto"},"schema":{"@context":"https:\/\/schema.org","@graph":[{"@type":"Article","@id":"https:\/\/comarcas.csm.org.pt\/leiria\/blog\/2026\/04\/20\/policia-esfaqueado-a-porta-da-esquadra-da-psp-nos-marrazes\/#article","isPartOf":{"@id":"https:\/\/comarcas.csm.org.pt\/leiria\/blog\/2026\/04\/20\/policia-esfaqueado-a-porta-da-esquadra-da-psp-nos-marrazes\/"},"author":{"name":"leiria","@id":"https:\/\/comarcas.csm.org.pt\/leiria\/#\/schema\/person\/9057b6fbd670d5a2e931712cd357d806"},"headline":"Pol\u00edcia esfaqueado \u00e0 porta da esquadra da PSP nos Marrazes","datePublished":"2026-04-20T10:50:44+00:00","dateModified":"2026-04-20T10:50:46+00:00","mainEntityOfPage":{"@id":"https:\/\/comarcas.csm.org.pt\/leiria\/blog\/2026\/04\/20\/policia-esfaqueado-a-porta-da-esquadra-da-psp-nos-marrazes\/"},"wordCount":190,"publisher":{"@id":"https:\/\/comarcas.csm.org.pt\/leiria\/#organization"},"articleSection":["Geral","Not\u00edcias"],"inLanguage":"pt-PT"},{"@type":"WebPage","@id":"https:\/\/comarcas.csm.org.pt\/leiria\/blog\/2026\/04\/20\/policia-esfaqueado-a-porta-da-esquadra-da-psp-nos-marrazes\/","url":"https:\/\/comarcas.csm.org.pt\/leiria\/blog\/2026\/04\/20\/policia-esfaqueado-a-porta-da-esquadra-da-psp-nos-marrazes\/","name":"Pol\u00edcia esfaqueado \u00e0 porta da esquadra da PSP nos Marrazes - Tribunal Judicial da Comarca de Leiria","isPartOf":{"@id":"https:\/\/comarcas.csm.org.pt\/leiria\/#website"},"datePublished":"2026-04-20T10:50:44+00:00","dateModified":"2026-04-20T10:50:46+00:00","breadcrumb":{"@id":"https:\/\/comarcas.csm.org.pt\/leiria\/blog\/2026\/04\/20\/policia-esfaqueado-a-porta-da-esquadra-da-psp-nos-marrazes\/#breadcrumb"},"inLanguage":"pt-PT","potentialAction":[{"@type":"ReadAction","target":["https:\/\/comarcas.csm.org.pt\/leiria\/blog\/2026\/04\/20\/policia-esfaqueado-a-porta-da-esquadra-da-psp-nos-marrazes\/"]}]},{"@type":"BreadcrumbList","@id":"https:\/\/comarcas.csm.org.pt\/leiria\/blog\/2026\/04\/20\/policia-esfaqueado-a-porta-da-esquadra-da-psp-nos-marrazes\/#breadcrumb","itemListElement":[{"@type":"ListItem","position":1,"name":"In\u00edcio","item":"https:\/\/comarcas.csm.org.pt\/leiria\/"},{"@type":"ListItem","position":2,"name":"Pol\u00edcia esfaqueado \u00e0 porta da esquadra da PSP nos Marrazes"}]},{"@type":"WebSite","@id":"https:\/\/comarcas.csm.org.pt\/leiria\/#website","url":"https:\/\/comarcas.csm.org.pt\/leiria\/","name":"Tribunal Judicial da Comarca de Leiria","description":"Tribunal Judicial da Comarca de Aveiro","publisher":{"@id":"https:\/\/comarcas.csm.org.pt\/leiria\/#organization"},"potentialAction":[{"@type":"SearchAction","target":{"@type":"EntryPoint","urlTemplate":"https:\/\/comarcas.csm.org.pt\/leiria\/?s={search_term_string}"},"query-input":{"@type":"PropertyValueSpecification","valueRequired":true,"valueName":"search_term_string"}}],"inLanguage":"pt-PT"},{"@type":"Organization","@id":"https:\/\/comarcas.csm.org.pt\/leiria\/#organization","name":"Tribunal Judicial da Comarca de Leiria","url":"https:\/\/comarcas.csm.org.pt\/leiria\/","logo":{"@type":"ImageObject","inLanguage":"pt-PT","@id":"https:\/\/comarcas.csm.org.pt\/leiria\/#\/schema\/logo\/image\/","url":"https:\/\/comarcas.csm.org.pt\/leiria\/wp-content\/uploads\/sites\/16\/2024\/11\/Leiria_positivo-horizontal.png","contentUrl":"https:\/\/comarcas.csm.org.pt\/leiria\/wp-content\/uploads\/sites\/16\/2024\/11\/Leiria_positivo-horizontal.png","width":5088,"height":890,"caption":"Tribunal Judicial da Comarca de Leiria"},"image":{"@id":"https:\/\/comarcas.csm.org.pt\/leiria\/#\/schema\/logo\/image\/"}},{"@type":"Person","@id":"https:\/\/comarcas.csm.org.pt\/leiria\/#\/schema\/person\/9057b6fbd670d5a2e931712cd357d806","name":"leiria","image":{"@type":"ImageObject","inLanguage":"pt-PT","@id":"https:\/\/comarcas.csm.org.pt\/leiria\/#\/schema\/person\/image\/","url":"https:\/\/secure.gravatar.com\/avatar\/399a72a2630b07d71a4e0167744303361d26ed8a993be2c5686bbe5ff44b469f?s=96&d=mm&r=g","contentUrl":"https:\/\/secure.gravatar.com\/avatar\/399a72a2630b07d71a4e0167744303361d26ed8a993be2c5686bbe5ff44b469f?s=96&d=mm&r=g","caption":"leiria"},"url":"https:\/\/comarcas.csm.org.pt\/leiria\/blog\/author\/leiria\/"}]}},"_links":{"self":[{"href":"https:\/\/comarcas.csm.org.pt\/leiria\/wp-json\/wp\/v2\/posts\/13652","targetHints":{"allow":["GET"]}}],"collection":[{"href":"https:\/\/comarcas.csm.org.pt\/leiria\/wp-json\/wp\/v2\/posts"}],"about":[{"href":"https:\/\/comarcas.csm.org.pt\/leiria\/wp-json\/wp\/v2\/types\/post"}],"author":[{"embeddable":true,"href":"https:\/\/comarcas.csm.org.pt\/leiria\/wp-json\/wp\/v2\/users\/16"}],"replies":[{"embeddable":true,"href":"https:\/\/comarcas.csm.org.pt\/leiria\/wp-json\/wp\/v2\/comments?post=13652"}],"version-history":[{"count":1,"href":"https:\/\/comarcas.csm.org.pt\/leiria\/wp-json\/wp\/v2\/posts\/13652\/revisions"}],"predecessor-version":[{"id":13653,"href":"https:\/\/comarcas.csm.org.pt\/leiria\/wp-json\/wp\/v2\/posts\/13652\/revisions\/13653"}],"wp:attachment":[{"href":"https:\/\/comarcas.csm.org.pt\/leiria\/wp-json\/wp\/v2\/media?parent=13652"}],"wp:term":[{"taxonomy":"category","embeddable":true,"href":"https:\/\/comarcas.csm.org.pt\/leiria\/wp-json\/wp\/v2\/categories?post=13652"},{"taxonomy":"post_tag","embeddable":true,"href":"https:\/\/comarcas.csm.org.pt\/leiria\/wp-json\/wp\/v2\/tags?post=13652"}],"curies":[{"name":"wp","href":"https:\/\/api.w.org\/{rel}","templated":true}]}}