{"id":13662,"date":"2026-04-21T13:57:05","date_gmt":"2026-04-21T13:57:05","guid":{"rendered":"https:\/\/comarcas.csm.org.pt\/leiria\/?p=13662"},"modified":"2026-04-21T13:57:06","modified_gmt":"2026-04-21T13:57:06","slug":"prisao-preventiva-para-jovem-que-agredia-e-extorquia-a-propria-avo-em-caldas-da-rainha","status":"publish","type":"post","link":"https:\/\/comarcas.csm.org.pt\/leiria\/blog\/2026\/04\/21\/prisao-preventiva-para-jovem-que-agredia-e-extorquia-a-propria-avo-em-caldas-da-rainha\/","title":{"rendered":"Pris\u00e3o preventiva para jovem que agredia e extorquia a pr\u00f3pria av\u00f3 em Caldas da Rainha"},"content":{"rendered":"\n<p>In <a href=\"https:\/\/www.jornaldeleiria.pt\/noticia\/prisao-preventiva-para-jovem-que-agredia-e-extorquia-a-propria-avo-em-caldas-da-rainha\">Jornal de Leiria<\/a>, de 21.04.2026<\/p>\n\n\n\n<p><strong>O suspeito, de 20 anos, protagonizou epis\u00f3dios de agressividade, tanto no contexto familiar como na via p\u00fablica, contra a av\u00f3, de 64 anos<\/strong><\/p>\n\n\n\n<p>Um jovem de 20 anos, que agredia e extorquia a pr\u00f3pria av\u00f3, ficou em pris\u00e3o preventiva pela pr\u00e1tica dos crimes de amea\u00e7a agravada, ofensas \u00e0 integridade f\u00edsica qualificada, inj\u00farias e extor\u00e7\u00e3o.<\/p>\n\n\n\n<p>Em comunicado de imprensa, o Comando Distrital de Leiria da PSP adianta que a deten\u00e7\u00e3o, a 16 de Abril, ocorreu fora de flagrante delito, em Caldas da Rainha, e que os actos praticados pelo suspeito contra a familiar, de 64 anos, inclu\u00edam \u201cagress\u00f5es f\u00edsicas e verbais, amea\u00e7as, inj\u00farias e exig\u00eancia de quantias monet\u00e1rias num contexto de persistente viol\u00eancia\u201d.<\/p>\n\n\n\n<p>O homem, que inicialmente residia com a v\u00edtima, \u201crevelou ao longo do tempo um comportamento cada vez mais desajustado e perturbador, protagonizando epis\u00f3dios de agressividade, desordem p\u00fablica e intimida\u00e7\u00e3o, tanto no contexto familiar como na via p\u00fablica\u201d, explica a PSP, adiantando que se regista um incumprimento \u201creiterado\u201d de medidas de coa\u00e7\u00e3o anteriormente aplicadas, nomeadamente a proibi\u00e7\u00e3o de contactos e de aproxima\u00e7\u00e3o \u00e0 v\u00edtima, num raio de 500 metros, com recurso a vigil\u00e2ncia electr\u00f3nica.<\/p>\n\n\n\n<p>Entre outros epis\u00f3dios de incumprimento, a PSP relata a \u201ctentativa de intrus\u00e3o na resid\u00eancia da v\u00edtima, atrav\u00e9s do arrombamento da porta de entrada do pr\u00e9dio e agress\u00f5es f\u00edsicas \u00e0 porta da habita\u00e7\u00e3o, acompanhadas de comportamentos amea\u00e7adores e injuriosos\u201d.<\/p>\n\n\n\n<p>A v\u00edtima j\u00e1 estava sinalizada com o estatuto de v\u00edtima especialmente vulner\u00e1vel.<\/p>\n\n\n\n<p>Al\u00e9m das agress\u00f5es \u00e0 av\u00f3, o homem protagonizou diversos epis\u00f3dios de perturba\u00e7\u00e3o da ordem p\u00fablica na cidade de Caldas da Rainha, com comportamentos intimidat\u00f3rios contra terceiros, \u201cevidenciando sinais de descompensa\u00e7\u00e3o psicol\u00f3gica\u201d, considera a PSP, o que provocou um \u201cclima de inseguran\u00e7a e m\u00faltiplas reclama\u00e7\u00f5es junto das autoridades\u201d.<\/p>\n\n\n\n<p>\u201cAp\u00f3s ter vivido de forma errante durante v\u00e1rias semanas, sendo associado a diversas ocorr\u00eancias criminais, o homem foi presente a primeiro interrogat\u00f3rio judicial, tendo-lhe sido aplicada a medida de coa\u00e7\u00e3o mais gravosa: pris\u00e3o preventiva\u201d, pode ler-se no documento.<\/p>\n","protected":false},"excerpt":{"rendered":"<p>In Jornal de Leiria, de 21.04.2026 O suspeito, de 20 anos, protagonizou epis\u00f3dios de agressividade, tanto no contexto familiar como na via p\u00fablica, contra a av\u00f3, de 64 anos Um jovem de 20 anos, que&#8230;<\/p>\n","protected":false},"author":16,"featured_media":0,"comment_status":"closed","ping_status":"open","sticky":false,"template":"","format":"standard","meta":{"_tbt_post_transparent":"","_tbt_post_title":"","_tbt_post_layout":"","_tbt_post_sidebar_id":"","_tbt_post_content_style":"","_tbt_post_vertical_padding":"","_tbt_post_feature":"","_tbt_post_feature_position":"","_tbt_post_header":false,"_tbt_post_footer":false},"categories":[1,5],"tags":[],"class_list":["post-13662","post","type-post","status-publish","format-standard","hentry","category-geral","category-noticias"],"yoast_head":"<!-- This site is optimized with the Yoast SEO plugin v25.6 - https:\/\/yoast.com\/wordpress\/plugins\/seo\/ -->\n<title>Pris\u00e3o preventiva para jovem que agredia e extorquia a pr\u00f3pria av\u00f3 em Caldas da Rainha - Tribunal Judicial da Comarca de Leiria<\/title>\n<meta name=\"robots\" content=\"index, follow, max-snippet:-1, max-image-preview:large, max-video-preview:-1\" \/>\n<link rel=\"canonical\" href=\"https:\/\/comarcas.csm.org.pt\/leiria\/blog\/2026\/04\/21\/prisao-preventiva-para-jovem-que-agredia-e-extorquia-a-propria-avo-em-caldas-da-rainha\/\" \/>\n<meta property=\"og:locale\" content=\"pt_PT\" \/>\n<meta property=\"og:type\" content=\"article\" \/>\n<meta property=\"og:title\" content=\"Pris\u00e3o preventiva para jovem que agredia e extorquia a pr\u00f3pria av\u00f3 em Caldas da Rainha - Tribunal Judicial da Comarca de Leiria\" \/>\n<meta property=\"og:description\" content=\"In Jornal de Leiria, de 21.04.2026 O suspeito, de 20 anos, protagonizou epis\u00f3dios de agressividade, tanto no contexto familiar como na via p\u00fablica, contra a av\u00f3, de 64 anos Um jovem de 20 anos, que...\" \/>\n<meta property=\"og:url\" content=\"https:\/\/comarcas.csm.org.pt\/leiria\/blog\/2026\/04\/21\/prisao-preventiva-para-jovem-que-agredia-e-extorquia-a-propria-avo-em-caldas-da-rainha\/\" \/>\n<meta property=\"og:site_name\" content=\"Tribunal Judicial da Comarca de Leiria\" \/>\n<meta property=\"article:published_time\" content=\"2026-04-21T13:57:05+00:00\" \/>\n<meta property=\"article:modified_time\" content=\"2026-04-21T13:57:06+00:00\" \/>\n<meta name=\"author\" content=\"leiria\" \/>\n<meta name=\"twitter:card\" content=\"summary_large_image\" \/>\n<meta name=\"twitter:label1\" content=\"Escrito por\" \/>\n\t<meta name=\"twitter:data1\" content=\"leiria\" \/>\n\t<meta name=\"twitter:label2\" content=\"Tempo estimado de leitura\" \/>\n\t<meta name=\"twitter:data2\" content=\"2 minutos\" \/>\n<script type=\"application\/ld+json\" class=\"yoast-schema-graph\">{\"@context\":\"https:\/\/schema.org\",\"@graph\":[{\"@type\":\"Article\",\"@id\":\"https:\/\/comarcas.csm.org.pt\/leiria\/blog\/2026\/04\/21\/prisao-preventiva-para-jovem-que-agredia-e-extorquia-a-propria-avo-em-caldas-da-rainha\/#article\",\"isPartOf\":{\"@id\":\"https:\/\/comarcas.csm.org.pt\/leiria\/blog\/2026\/04\/21\/prisao-preventiva-para-jovem-que-agredia-e-extorquia-a-propria-avo-em-caldas-da-rainha\/\"},\"author\":{\"name\":\"leiria\",\"@id\":\"https:\/\/comarcas.csm.org.pt\/leiria\/#\/schema\/person\/9057b6fbd670d5a2e931712cd357d806\"},\"headline\":\"Pris\u00e3o preventiva para jovem que agredia e extorquia a pr\u00f3pria av\u00f3 em Caldas da Rainha\",\"datePublished\":\"2026-04-21T13:57:05+00:00\",\"dateModified\":\"2026-04-21T13:57:06+00:00\",\"mainEntityOfPage\":{\"@id\":\"https:\/\/comarcas.csm.org.pt\/leiria\/blog\/2026\/04\/21\/prisao-preventiva-para-jovem-que-agredia-e-extorquia-a-propria-avo-em-caldas-da-rainha\/\"},\"wordCount\":391,\"publisher\":{\"@id\":\"https:\/\/comarcas.csm.org.pt\/leiria\/#organization\"},\"articleSection\":[\"Geral\",\"Not\u00edcias\"],\"inLanguage\":\"pt-PT\"},{\"@type\":\"WebPage\",\"@id\":\"https:\/\/comarcas.csm.org.pt\/leiria\/blog\/2026\/04\/21\/prisao-preventiva-para-jovem-que-agredia-e-extorquia-a-propria-avo-em-caldas-da-rainha\/\",\"url\":\"https:\/\/comarcas.csm.org.pt\/leiria\/blog\/2026\/04\/21\/prisao-preventiva-para-jovem-que-agredia-e-extorquia-a-propria-avo-em-caldas-da-rainha\/\",\"name\":\"Pris\u00e3o preventiva para jovem que agredia e extorquia a pr\u00f3pria av\u00f3 em Caldas da Rainha - Tribunal Judicial da Comarca de Leiria\",\"isPartOf\":{\"@id\":\"https:\/\/comarcas.csm.org.pt\/leiria\/#website\"},\"datePublished\":\"2026-04-21T13:57:05+00:00\",\"dateModified\":\"2026-04-21T13:57:06+00:00\",\"breadcrumb\":{\"@id\":\"https:\/\/comarcas.csm.org.pt\/leiria\/blog\/2026\/04\/21\/prisao-preventiva-para-jovem-que-agredia-e-extorquia-a-propria-avo-em-caldas-da-rainha\/#breadcrumb\"},\"inLanguage\":\"pt-PT\",\"potentialAction\":[{\"@type\":\"ReadAction\",\"target\":[\"https:\/\/comarcas.csm.org.pt\/leiria\/blog\/2026\/04\/21\/prisao-preventiva-para-jovem-que-agredia-e-extorquia-a-propria-avo-em-caldas-da-rainha\/\"]}]},{\"@type\":\"BreadcrumbList\",\"@id\":\"https:\/\/comarcas.csm.org.pt\/leiria\/blog\/2026\/04\/21\/prisao-preventiva-para-jovem-que-agredia-e-extorquia-a-propria-avo-em-caldas-da-rainha\/#breadcrumb\",\"itemListElement\":[{\"@type\":\"ListItem\",\"position\":1,\"name\":\"In\u00edcio\",\"item\":\"https:\/\/comarcas.csm.org.pt\/leiria\/\"},{\"@type\":\"ListItem\",\"position\":2,\"name\":\"Pris\u00e3o preventiva para jovem que agredia e extorquia a pr\u00f3pria av\u00f3 em Caldas da Rainha\"}]},{\"@type\":\"WebSite\",\"@id\":\"https:\/\/comarcas.csm.org.pt\/leiria\/#website\",\"url\":\"https:\/\/comarcas.csm.org.pt\/leiria\/\",\"name\":\"Tribunal Judicial da Comarca de Leiria\",\"description\":\"Tribunal Judicial da Comarca de Aveiro\",\"publisher\":{\"@id\":\"https:\/\/comarcas.csm.org.pt\/leiria\/#organization\"},\"potentialAction\":[{\"@type\":\"SearchAction\",\"target\":{\"@type\":\"EntryPoint\",\"urlTemplate\":\"https:\/\/comarcas.csm.org.pt\/leiria\/?s={search_term_string}\"},\"query-input\":{\"@type\":\"PropertyValueSpecification\",\"valueRequired\":true,\"valueName\":\"search_term_string\"}}],\"inLanguage\":\"pt-PT\"},{\"@type\":\"Organization\",\"@id\":\"https:\/\/comarcas.csm.org.pt\/leiria\/#organization\",\"name\":\"Tribunal Judicial da Comarca de Leiria\",\"url\":\"https:\/\/comarcas.csm.org.pt\/leiria\/\",\"logo\":{\"@type\":\"ImageObject\",\"inLanguage\":\"pt-PT\",\"@id\":\"https:\/\/comarcas.csm.org.pt\/leiria\/#\/schema\/logo\/image\/\",\"url\":\"https:\/\/comarcas.csm.org.pt\/leiria\/wp-content\/uploads\/sites\/16\/2024\/11\/Leiria_positivo-horizontal.png\",\"contentUrl\":\"https:\/\/comarcas.csm.org.pt\/leiria\/wp-content\/uploads\/sites\/16\/2024\/11\/Leiria_positivo-horizontal.png\",\"width\":5088,\"height\":890,\"caption\":\"Tribunal Judicial da Comarca de Leiria\"},\"image\":{\"@id\":\"https:\/\/comarcas.csm.org.pt\/leiria\/#\/schema\/logo\/image\/\"}},{\"@type\":\"Person\",\"@id\":\"https:\/\/comarcas.csm.org.pt\/leiria\/#\/schema\/person\/9057b6fbd670d5a2e931712cd357d806\",\"name\":\"leiria\",\"image\":{\"@type\":\"ImageObject\",\"inLanguage\":\"pt-PT\",\"@id\":\"https:\/\/comarcas.csm.org.pt\/leiria\/#\/schema\/person\/image\/\",\"url\":\"https:\/\/secure.gravatar.com\/avatar\/399a72a2630b07d71a4e0167744303361d26ed8a993be2c5686bbe5ff44b469f?s=96&d=mm&r=g\",\"contentUrl\":\"https:\/\/secure.gravatar.com\/avatar\/399a72a2630b07d71a4e0167744303361d26ed8a993be2c5686bbe5ff44b469f?s=96&d=mm&r=g\",\"caption\":\"leiria\"},\"url\":\"https:\/\/comarcas.csm.org.pt\/leiria\/blog\/author\/leiria\/\"}]}<\/script>\n<!-- \/ Yoast SEO plugin. -->","yoast_head_json":{"title":"Pris\u00e3o preventiva para jovem que agredia e extorquia a pr\u00f3pria av\u00f3 em Caldas da Rainha - Tribunal Judicial da Comarca de Leiria","robots":{"index":"index","follow":"follow","max-snippet":"max-snippet:-1","max-image-preview":"max-image-preview:large","max-video-preview":"max-video-preview:-1"},"canonical":"https:\/\/comarcas.csm.org.pt\/leiria\/blog\/2026\/04\/21\/prisao-preventiva-para-jovem-que-agredia-e-extorquia-a-propria-avo-em-caldas-da-rainha\/","og_locale":"pt_PT","og_type":"article","og_title":"Pris\u00e3o preventiva para jovem que agredia e extorquia a pr\u00f3pria av\u00f3 em Caldas da Rainha - Tribunal Judicial da Comarca de Leiria","og_description":"In Jornal de Leiria, de 21.04.2026 O suspeito, de 20 anos, protagonizou epis\u00f3dios de agressividade, tanto no contexto familiar como na via p\u00fablica, contra a av\u00f3, de 64 anos Um jovem de 20 anos, que...","og_url":"https:\/\/comarcas.csm.org.pt\/leiria\/blog\/2026\/04\/21\/prisao-preventiva-para-jovem-que-agredia-e-extorquia-a-propria-avo-em-caldas-da-rainha\/","og_site_name":"Tribunal Judicial da Comarca de Leiria","article_published_time":"2026-04-21T13:57:05+00:00","article_modified_time":"2026-04-21T13:57:06+00:00","author":"leiria","twitter_card":"summary_large_image","twitter_misc":{"Escrito por":"leiria","Tempo estimado de leitura":"2 minutos"},"schema":{"@context":"https:\/\/schema.org","@graph":[{"@type":"Article","@id":"https:\/\/comarcas.csm.org.pt\/leiria\/blog\/2026\/04\/21\/prisao-preventiva-para-jovem-que-agredia-e-extorquia-a-propria-avo-em-caldas-da-rainha\/#article","isPartOf":{"@id":"https:\/\/comarcas.csm.org.pt\/leiria\/blog\/2026\/04\/21\/prisao-preventiva-para-jovem-que-agredia-e-extorquia-a-propria-avo-em-caldas-da-rainha\/"},"author":{"name":"leiria","@id":"https:\/\/comarcas.csm.org.pt\/leiria\/#\/schema\/person\/9057b6fbd670d5a2e931712cd357d806"},"headline":"Pris\u00e3o preventiva para jovem que agredia e extorquia a pr\u00f3pria av\u00f3 em Caldas da Rainha","datePublished":"2026-04-21T13:57:05+00:00","dateModified":"2026-04-21T13:57:06+00:00","mainEntityOfPage":{"@id":"https:\/\/comarcas.csm.org.pt\/leiria\/blog\/2026\/04\/21\/prisao-preventiva-para-jovem-que-agredia-e-extorquia-a-propria-avo-em-caldas-da-rainha\/"},"wordCount":391,"publisher":{"@id":"https:\/\/comarcas.csm.org.pt\/leiria\/#organization"},"articleSection":["Geral","Not\u00edcias"],"inLanguage":"pt-PT"},{"@type":"WebPage","@id":"https:\/\/comarcas.csm.org.pt\/leiria\/blog\/2026\/04\/21\/prisao-preventiva-para-jovem-que-agredia-e-extorquia-a-propria-avo-em-caldas-da-rainha\/","url":"https:\/\/comarcas.csm.org.pt\/leiria\/blog\/2026\/04\/21\/prisao-preventiva-para-jovem-que-agredia-e-extorquia-a-propria-avo-em-caldas-da-rainha\/","name":"Pris\u00e3o preventiva para jovem que agredia e extorquia a pr\u00f3pria av\u00f3 em Caldas da Rainha - Tribunal Judicial da Comarca de Leiria","isPartOf":{"@id":"https:\/\/comarcas.csm.org.pt\/leiria\/#website"},"datePublished":"2026-04-21T13:57:05+00:00","dateModified":"2026-04-21T13:57:06+00:00","breadcrumb":{"@id":"https:\/\/comarcas.csm.org.pt\/leiria\/blog\/2026\/04\/21\/prisao-preventiva-para-jovem-que-agredia-e-extorquia-a-propria-avo-em-caldas-da-rainha\/#breadcrumb"},"inLanguage":"pt-PT","potentialAction":[{"@type":"ReadAction","target":["https:\/\/comarcas.csm.org.pt\/leiria\/blog\/2026\/04\/21\/prisao-preventiva-para-jovem-que-agredia-e-extorquia-a-propria-avo-em-caldas-da-rainha\/"]}]},{"@type":"BreadcrumbList","@id":"https:\/\/comarcas.csm.org.pt\/leiria\/blog\/2026\/04\/21\/prisao-preventiva-para-jovem-que-agredia-e-extorquia-a-propria-avo-em-caldas-da-rainha\/#breadcrumb","itemListElement":[{"@type":"ListItem","position":1,"name":"In\u00edcio","item":"https:\/\/comarcas.csm.org.pt\/leiria\/"},{"@type":"ListItem","position":2,"name":"Pris\u00e3o preventiva para jovem que agredia e extorquia a pr\u00f3pria av\u00f3 em Caldas da Rainha"}]},{"@type":"WebSite","@id":"https:\/\/comarcas.csm.org.pt\/leiria\/#website","url":"https:\/\/comarcas.csm.org.pt\/leiria\/","name":"Tribunal Judicial da Comarca de Leiria","description":"Tribunal Judicial da Comarca de Aveiro","publisher":{"@id":"https:\/\/comarcas.csm.org.pt\/leiria\/#organization"},"potentialAction":[{"@type":"SearchAction","target":{"@type":"EntryPoint","urlTemplate":"https:\/\/comarcas.csm.org.pt\/leiria\/?s={search_term_string}"},"query-input":{"@type":"PropertyValueSpecification","valueRequired":true,"valueName":"search_term_string"}}],"inLanguage":"pt-PT"},{"@type":"Organization","@id":"https:\/\/comarcas.csm.org.pt\/leiria\/#organization","name":"Tribunal Judicial da Comarca de Leiria","url":"https:\/\/comarcas.csm.org.pt\/leiria\/","logo":{"@type":"ImageObject","inLanguage":"pt-PT","@id":"https:\/\/comarcas.csm.org.pt\/leiria\/#\/schema\/logo\/image\/","url":"https:\/\/comarcas.csm.org.pt\/leiria\/wp-content\/uploads\/sites\/16\/2024\/11\/Leiria_positivo-horizontal.png","contentUrl":"https:\/\/comarcas.csm.org.pt\/leiria\/wp-content\/uploads\/sites\/16\/2024\/11\/Leiria_positivo-horizontal.png","width":5088,"height":890,"caption":"Tribunal Judicial da Comarca de Leiria"},"image":{"@id":"https:\/\/comarcas.csm.org.pt\/leiria\/#\/schema\/logo\/image\/"}},{"@type":"Person","@id":"https:\/\/comarcas.csm.org.pt\/leiria\/#\/schema\/person\/9057b6fbd670d5a2e931712cd357d806","name":"leiria","image":{"@type":"ImageObject","inLanguage":"pt-PT","@id":"https:\/\/comarcas.csm.org.pt\/leiria\/#\/schema\/person\/image\/","url":"https:\/\/secure.gravatar.com\/avatar\/399a72a2630b07d71a4e0167744303361d26ed8a993be2c5686bbe5ff44b469f?s=96&d=mm&r=g","contentUrl":"https:\/\/secure.gravatar.com\/avatar\/399a72a2630b07d71a4e0167744303361d26ed8a993be2c5686bbe5ff44b469f?s=96&d=mm&r=g","caption":"leiria"},"url":"https:\/\/comarcas.csm.org.pt\/leiria\/blog\/author\/leiria\/"}]}},"_links":{"self":[{"href":"https:\/\/comarcas.csm.org.pt\/leiria\/wp-json\/wp\/v2\/posts\/13662","targetHints":{"allow":["GET"]}}],"collection":[{"href":"https:\/\/comarcas.csm.org.pt\/leiria\/wp-json\/wp\/v2\/posts"}],"about":[{"href":"https:\/\/comarcas.csm.org.pt\/leiria\/wp-json\/wp\/v2\/types\/post"}],"author":[{"embeddable":true,"href":"https:\/\/comarcas.csm.org.pt\/leiria\/wp-json\/wp\/v2\/users\/16"}],"replies":[{"embeddable":true,"href":"https:\/\/comarcas.csm.org.pt\/leiria\/wp-json\/wp\/v2\/comments?post=13662"}],"version-history":[{"count":1,"href":"https:\/\/comarcas.csm.org.pt\/leiria\/wp-json\/wp\/v2\/posts\/13662\/revisions"}],"predecessor-version":[{"id":13663,"href":"https:\/\/comarcas.csm.org.pt\/leiria\/wp-json\/wp\/v2\/posts\/13662\/revisions\/13663"}],"wp:attachment":[{"href":"https:\/\/comarcas.csm.org.pt\/leiria\/wp-json\/wp\/v2\/media?parent=13662"}],"wp:term":[{"taxonomy":"category","embeddable":true,"href":"https:\/\/comarcas.csm.org.pt\/leiria\/wp-json\/wp\/v2\/categories?post=13662"},{"taxonomy":"post_tag","embeddable":true,"href":"https:\/\/comarcas.csm.org.pt\/leiria\/wp-json\/wp\/v2\/tags?post=13662"}],"curies":[{"name":"wp","href":"https:\/\/api.w.org\/{rel}","templated":true}]}}