{"id":13667,"date":"2026-04-27T11:09:55","date_gmt":"2026-04-27T11:09:55","guid":{"rendered":"https:\/\/comarcas.csm.org.pt\/leiria\/?p=13667"},"modified":"2026-04-27T11:09:57","modified_gmt":"2026-04-27T11:09:57","slug":"prisao-preventiva-para-dois-jovens-suspeitos-de-trafico-de-droga-em-porto-de-mos","status":"publish","type":"post","link":"https:\/\/comarcas.csm.org.pt\/leiria\/blog\/2026\/04\/27\/prisao-preventiva-para-dois-jovens-suspeitos-de-trafico-de-droga-em-porto-de-mos\/","title":{"rendered":"Pris\u00e3o preventiva para dois jovens suspeitos de tr\u00e1fico de droga em Porto de M\u00f3s"},"content":{"rendered":"\n<p>In<a href=\"https:\/\/www.regiaodeleiria.pt\/2026\/04\/prisao-preventiva-para-dois-jovens-suspeitos-de-trafico-de-droga-em-porto-de-mos\/\"> regi\u00e3o de Leiria<\/a>, de 25.04.2026<\/p>\n\n\n\n<p>Casal circulava numa trotineta quando foi abordado pela GNR. Al\u00e9m de \u201cproduto estupefaciente\u201d, tinha uma arma de fogo carregada com sete muni\u00e7\u00f5es.<\/p>\n\n\n\n<p>Uma mulher de 21 anos e um homem de 25 anos foram detidos, na quinta-feira, em S\u00e3o Jorge, Porto de M\u00f3s, por suspeita de tr\u00e1fico de estupefacientes e posse ilegal de arma.<\/p>\n\n\n\n<p>A deten\u00e7\u00e3o ocorreu no \u00e2mbito de uma fiscaliza\u00e7\u00e3o rodovi\u00e1ria, tendo os dois sido abordados pr elementos da GNR de Mira de Aire quando circulavam numa trotineta el\u00e9trica, adianta o Comando Territorial de Leiria da GNR em comunicado.<\/p>\n\n\n\n<p>Ao \u201cconstataram que emanavam um forte odor a produto estupefaciente\u201d, foi realizada \u201cuma revista pessoal de seguran\u00e7a \u00e0s pessoas, tendo sido confirmado que se encontravam na posse de produto estupefaciente e de uma arma de fogo de calibre 6.35 mm, municiada com sete muni\u00e7\u00f5es\u201d, acrescenta a mesma nota.<\/p>\n\n\n\n<p>Posteriormente, uma busca domicili\u00e1ria \u00e0 resid\u00eancia dos suspeitos levou \u00e0 apreens\u00e3o de mais estupefacientes e armas.<\/p>\n\n\n\n<p>De acordo com balan\u00e7o da GNR, foram encontradas duas armas de fogo de calibre 6.35mm e 40 muni\u00e7\u00f5es, uma espingarda e 55 cartuchos de calibre 12, al\u00e9m de 184 doses de coca\u00edna, 870 doses de can\u00e1bis, 17,7 gramas de crack, 31 comprimidos de MDMA, 4,9 gramas de ketamina, uma grinder (aparelho para moer estupefaciente), duas balan\u00e7as de precis\u00e3o, uma garrafa de \u00f3xido nitroso, um canivete e 780 euros em numer\u00e1rio.<\/p>\n\n\n\n<p>Ainda segundo a GNR, um dos suspeitos possui antecedentes criminais por tr\u00e1fico de estupefacientes.<\/p>\n\n\n\n<p>Presentes ontem, sexta-feira, a primeiro interrogat\u00f3rio judicial no Tribunal de Leiria, os arguidos ficaram sujeitos a pris\u00e3o preventiva.<\/p>\n\n\n\n<p><\/p>\n\n\n\n<p><\/p>\n","protected":false},"excerpt":{"rendered":"<p>In regi\u00e3o de Leiria, de 25.04.2026 Casal circulava numa trotineta quando foi abordado pela GNR. Al\u00e9m de \u201cproduto estupefaciente\u201d, tinha uma arma de fogo carregada com sete muni\u00e7\u00f5es. Uma mulher de 21 anos e um&#8230;<\/p>\n","protected":false},"author":16,"featured_media":0,"comment_status":"closed","ping_status":"open","sticky":false,"template":"","format":"standard","meta":{"_tbt_post_transparent":"","_tbt_post_title":"","_tbt_post_layout":"","_tbt_post_sidebar_id":"","_tbt_post_content_style":"","_tbt_post_vertical_padding":"","_tbt_post_feature":"","_tbt_post_feature_position":"","_tbt_post_header":false,"_tbt_post_footer":false},"categories":[1,5],"tags":[],"class_list":["post-13667","post","type-post","status-publish","format-standard","hentry","category-geral","category-noticias"],"yoast_head":"<!-- This site is optimized with the Yoast SEO plugin v25.6 - https:\/\/yoast.com\/wordpress\/plugins\/seo\/ -->\n<title>Pris\u00e3o preventiva para dois jovens suspeitos de tr\u00e1fico de droga em Porto de M\u00f3s - Tribunal Judicial da Comarca de Leiria<\/title>\n<meta name=\"robots\" content=\"index, follow, max-snippet:-1, max-image-preview:large, max-video-preview:-1\" \/>\n<link rel=\"canonical\" href=\"https:\/\/comarcas.csm.org.pt\/leiria\/blog\/2026\/04\/27\/prisao-preventiva-para-dois-jovens-suspeitos-de-trafico-de-droga-em-porto-de-mos\/\" \/>\n<meta property=\"og:locale\" content=\"pt_PT\" \/>\n<meta property=\"og:type\" content=\"article\" \/>\n<meta property=\"og:title\" content=\"Pris\u00e3o preventiva para dois jovens suspeitos de tr\u00e1fico de droga em Porto de M\u00f3s - Tribunal Judicial da Comarca de Leiria\" \/>\n<meta property=\"og:description\" content=\"In regi\u00e3o de Leiria, de 25.04.2026 Casal circulava numa trotineta quando foi abordado pela GNR. Al\u00e9m de \u201cproduto estupefaciente\u201d, tinha uma arma de fogo carregada com sete muni\u00e7\u00f5es. Uma mulher de 21 anos e um...\" \/>\n<meta property=\"og:url\" content=\"https:\/\/comarcas.csm.org.pt\/leiria\/blog\/2026\/04\/27\/prisao-preventiva-para-dois-jovens-suspeitos-de-trafico-de-droga-em-porto-de-mos\/\" \/>\n<meta property=\"og:site_name\" content=\"Tribunal Judicial da Comarca de Leiria\" \/>\n<meta property=\"article:published_time\" content=\"2026-04-27T11:09:55+00:00\" \/>\n<meta property=\"article:modified_time\" content=\"2026-04-27T11:09:57+00:00\" \/>\n<meta name=\"author\" content=\"leiria\" \/>\n<meta name=\"twitter:card\" content=\"summary_large_image\" \/>\n<meta name=\"twitter:label1\" content=\"Escrito por\" \/>\n\t<meta name=\"twitter:data1\" content=\"leiria\" \/>\n\t<meta name=\"twitter:label2\" content=\"Tempo estimado de leitura\" \/>\n\t<meta name=\"twitter:data2\" content=\"2 minutos\" \/>\n<script type=\"application\/ld+json\" class=\"yoast-schema-graph\">{\"@context\":\"https:\/\/schema.org\",\"@graph\":[{\"@type\":\"Article\",\"@id\":\"https:\/\/comarcas.csm.org.pt\/leiria\/blog\/2026\/04\/27\/prisao-preventiva-para-dois-jovens-suspeitos-de-trafico-de-droga-em-porto-de-mos\/#article\",\"isPartOf\":{\"@id\":\"https:\/\/comarcas.csm.org.pt\/leiria\/blog\/2026\/04\/27\/prisao-preventiva-para-dois-jovens-suspeitos-de-trafico-de-droga-em-porto-de-mos\/\"},\"author\":{\"name\":\"leiria\",\"@id\":\"https:\/\/comarcas.csm.org.pt\/leiria\/#\/schema\/person\/9057b6fbd670d5a2e931712cd357d806\"},\"headline\":\"Pris\u00e3o preventiva para dois jovens suspeitos de tr\u00e1fico de droga em Porto de M\u00f3s\",\"datePublished\":\"2026-04-27T11:09:55+00:00\",\"dateModified\":\"2026-04-27T11:09:57+00:00\",\"mainEntityOfPage\":{\"@id\":\"https:\/\/comarcas.csm.org.pt\/leiria\/blog\/2026\/04\/27\/prisao-preventiva-para-dois-jovens-suspeitos-de-trafico-de-droga-em-porto-de-mos\/\"},\"wordCount\":291,\"publisher\":{\"@id\":\"https:\/\/comarcas.csm.org.pt\/leiria\/#organization\"},\"articleSection\":[\"Geral\",\"Not\u00edcias\"],\"inLanguage\":\"pt-PT\"},{\"@type\":\"WebPage\",\"@id\":\"https:\/\/comarcas.csm.org.pt\/leiria\/blog\/2026\/04\/27\/prisao-preventiva-para-dois-jovens-suspeitos-de-trafico-de-droga-em-porto-de-mos\/\",\"url\":\"https:\/\/comarcas.csm.org.pt\/leiria\/blog\/2026\/04\/27\/prisao-preventiva-para-dois-jovens-suspeitos-de-trafico-de-droga-em-porto-de-mos\/\",\"name\":\"Pris\u00e3o preventiva para dois jovens suspeitos de tr\u00e1fico de droga em Porto de M\u00f3s - Tribunal Judicial da Comarca de Leiria\",\"isPartOf\":{\"@id\":\"https:\/\/comarcas.csm.org.pt\/leiria\/#website\"},\"datePublished\":\"2026-04-27T11:09:55+00:00\",\"dateModified\":\"2026-04-27T11:09:57+00:00\",\"breadcrumb\":{\"@id\":\"https:\/\/comarcas.csm.org.pt\/leiria\/blog\/2026\/04\/27\/prisao-preventiva-para-dois-jovens-suspeitos-de-trafico-de-droga-em-porto-de-mos\/#breadcrumb\"},\"inLanguage\":\"pt-PT\",\"potentialAction\":[{\"@type\":\"ReadAction\",\"target\":[\"https:\/\/comarcas.csm.org.pt\/leiria\/blog\/2026\/04\/27\/prisao-preventiva-para-dois-jovens-suspeitos-de-trafico-de-droga-em-porto-de-mos\/\"]}]},{\"@type\":\"BreadcrumbList\",\"@id\":\"https:\/\/comarcas.csm.org.pt\/leiria\/blog\/2026\/04\/27\/prisao-preventiva-para-dois-jovens-suspeitos-de-trafico-de-droga-em-porto-de-mos\/#breadcrumb\",\"itemListElement\":[{\"@type\":\"ListItem\",\"position\":1,\"name\":\"In\u00edcio\",\"item\":\"https:\/\/comarcas.csm.org.pt\/leiria\/\"},{\"@type\":\"ListItem\",\"position\":2,\"name\":\"Pris\u00e3o preventiva para dois jovens suspeitos de tr\u00e1fico de droga em Porto de M\u00f3s\"}]},{\"@type\":\"WebSite\",\"@id\":\"https:\/\/comarcas.csm.org.pt\/leiria\/#website\",\"url\":\"https:\/\/comarcas.csm.org.pt\/leiria\/\",\"name\":\"Tribunal Judicial da Comarca de Leiria\",\"description\":\"Tribunal Judicial da Comarca de Aveiro\",\"publisher\":{\"@id\":\"https:\/\/comarcas.csm.org.pt\/leiria\/#organization\"},\"potentialAction\":[{\"@type\":\"SearchAction\",\"target\":{\"@type\":\"EntryPoint\",\"urlTemplate\":\"https:\/\/comarcas.csm.org.pt\/leiria\/?s={search_term_string}\"},\"query-input\":{\"@type\":\"PropertyValueSpecification\",\"valueRequired\":true,\"valueName\":\"search_term_string\"}}],\"inLanguage\":\"pt-PT\"},{\"@type\":\"Organization\",\"@id\":\"https:\/\/comarcas.csm.org.pt\/leiria\/#organization\",\"name\":\"Tribunal Judicial da Comarca de Leiria\",\"url\":\"https:\/\/comarcas.csm.org.pt\/leiria\/\",\"logo\":{\"@type\":\"ImageObject\",\"inLanguage\":\"pt-PT\",\"@id\":\"https:\/\/comarcas.csm.org.pt\/leiria\/#\/schema\/logo\/image\/\",\"url\":\"https:\/\/comarcas.csm.org.pt\/leiria\/wp-content\/uploads\/sites\/16\/2024\/11\/Leiria_positivo-horizontal.png\",\"contentUrl\":\"https:\/\/comarcas.csm.org.pt\/leiria\/wp-content\/uploads\/sites\/16\/2024\/11\/Leiria_positivo-horizontal.png\",\"width\":5088,\"height\":890,\"caption\":\"Tribunal Judicial da Comarca de Leiria\"},\"image\":{\"@id\":\"https:\/\/comarcas.csm.org.pt\/leiria\/#\/schema\/logo\/image\/\"}},{\"@type\":\"Person\",\"@id\":\"https:\/\/comarcas.csm.org.pt\/leiria\/#\/schema\/person\/9057b6fbd670d5a2e931712cd357d806\",\"name\":\"leiria\",\"image\":{\"@type\":\"ImageObject\",\"inLanguage\":\"pt-PT\",\"@id\":\"https:\/\/comarcas.csm.org.pt\/leiria\/#\/schema\/person\/image\/\",\"url\":\"https:\/\/secure.gravatar.com\/avatar\/399a72a2630b07d71a4e0167744303361d26ed8a993be2c5686bbe5ff44b469f?s=96&d=mm&r=g\",\"contentUrl\":\"https:\/\/secure.gravatar.com\/avatar\/399a72a2630b07d71a4e0167744303361d26ed8a993be2c5686bbe5ff44b469f?s=96&d=mm&r=g\",\"caption\":\"leiria\"},\"url\":\"https:\/\/comarcas.csm.org.pt\/leiria\/blog\/author\/leiria\/\"}]}<\/script>\n<!-- \/ Yoast SEO plugin. -->","yoast_head_json":{"title":"Pris\u00e3o preventiva para dois jovens suspeitos de tr\u00e1fico de droga em Porto de M\u00f3s - Tribunal Judicial da Comarca de Leiria","robots":{"index":"index","follow":"follow","max-snippet":"max-snippet:-1","max-image-preview":"max-image-preview:large","max-video-preview":"max-video-preview:-1"},"canonical":"https:\/\/comarcas.csm.org.pt\/leiria\/blog\/2026\/04\/27\/prisao-preventiva-para-dois-jovens-suspeitos-de-trafico-de-droga-em-porto-de-mos\/","og_locale":"pt_PT","og_type":"article","og_title":"Pris\u00e3o preventiva para dois jovens suspeitos de tr\u00e1fico de droga em Porto de M\u00f3s - Tribunal Judicial da Comarca de Leiria","og_description":"In regi\u00e3o de Leiria, de 25.04.2026 Casal circulava numa trotineta quando foi abordado pela GNR. Al\u00e9m de \u201cproduto estupefaciente\u201d, tinha uma arma de fogo carregada com sete muni\u00e7\u00f5es. Uma mulher de 21 anos e um...","og_url":"https:\/\/comarcas.csm.org.pt\/leiria\/blog\/2026\/04\/27\/prisao-preventiva-para-dois-jovens-suspeitos-de-trafico-de-droga-em-porto-de-mos\/","og_site_name":"Tribunal Judicial da Comarca de Leiria","article_published_time":"2026-04-27T11:09:55+00:00","article_modified_time":"2026-04-27T11:09:57+00:00","author":"leiria","twitter_card":"summary_large_image","twitter_misc":{"Escrito por":"leiria","Tempo estimado de leitura":"2 minutos"},"schema":{"@context":"https:\/\/schema.org","@graph":[{"@type":"Article","@id":"https:\/\/comarcas.csm.org.pt\/leiria\/blog\/2026\/04\/27\/prisao-preventiva-para-dois-jovens-suspeitos-de-trafico-de-droga-em-porto-de-mos\/#article","isPartOf":{"@id":"https:\/\/comarcas.csm.org.pt\/leiria\/blog\/2026\/04\/27\/prisao-preventiva-para-dois-jovens-suspeitos-de-trafico-de-droga-em-porto-de-mos\/"},"author":{"name":"leiria","@id":"https:\/\/comarcas.csm.org.pt\/leiria\/#\/schema\/person\/9057b6fbd670d5a2e931712cd357d806"},"headline":"Pris\u00e3o preventiva para dois jovens suspeitos de tr\u00e1fico de droga em Porto de M\u00f3s","datePublished":"2026-04-27T11:09:55+00:00","dateModified":"2026-04-27T11:09:57+00:00","mainEntityOfPage":{"@id":"https:\/\/comarcas.csm.org.pt\/leiria\/blog\/2026\/04\/27\/prisao-preventiva-para-dois-jovens-suspeitos-de-trafico-de-droga-em-porto-de-mos\/"},"wordCount":291,"publisher":{"@id":"https:\/\/comarcas.csm.org.pt\/leiria\/#organization"},"articleSection":["Geral","Not\u00edcias"],"inLanguage":"pt-PT"},{"@type":"WebPage","@id":"https:\/\/comarcas.csm.org.pt\/leiria\/blog\/2026\/04\/27\/prisao-preventiva-para-dois-jovens-suspeitos-de-trafico-de-droga-em-porto-de-mos\/","url":"https:\/\/comarcas.csm.org.pt\/leiria\/blog\/2026\/04\/27\/prisao-preventiva-para-dois-jovens-suspeitos-de-trafico-de-droga-em-porto-de-mos\/","name":"Pris\u00e3o preventiva para dois jovens suspeitos de tr\u00e1fico de droga em Porto de M\u00f3s - Tribunal Judicial da Comarca de Leiria","isPartOf":{"@id":"https:\/\/comarcas.csm.org.pt\/leiria\/#website"},"datePublished":"2026-04-27T11:09:55+00:00","dateModified":"2026-04-27T11:09:57+00:00","breadcrumb":{"@id":"https:\/\/comarcas.csm.org.pt\/leiria\/blog\/2026\/04\/27\/prisao-preventiva-para-dois-jovens-suspeitos-de-trafico-de-droga-em-porto-de-mos\/#breadcrumb"},"inLanguage":"pt-PT","potentialAction":[{"@type":"ReadAction","target":["https:\/\/comarcas.csm.org.pt\/leiria\/blog\/2026\/04\/27\/prisao-preventiva-para-dois-jovens-suspeitos-de-trafico-de-droga-em-porto-de-mos\/"]}]},{"@type":"BreadcrumbList","@id":"https:\/\/comarcas.csm.org.pt\/leiria\/blog\/2026\/04\/27\/prisao-preventiva-para-dois-jovens-suspeitos-de-trafico-de-droga-em-porto-de-mos\/#breadcrumb","itemListElement":[{"@type":"ListItem","position":1,"name":"In\u00edcio","item":"https:\/\/comarcas.csm.org.pt\/leiria\/"},{"@type":"ListItem","position":2,"name":"Pris\u00e3o preventiva para dois jovens suspeitos de tr\u00e1fico de droga em Porto de M\u00f3s"}]},{"@type":"WebSite","@id":"https:\/\/comarcas.csm.org.pt\/leiria\/#website","url":"https:\/\/comarcas.csm.org.pt\/leiria\/","name":"Tribunal Judicial da Comarca de Leiria","description":"Tribunal Judicial da Comarca de Aveiro","publisher":{"@id":"https:\/\/comarcas.csm.org.pt\/leiria\/#organization"},"potentialAction":[{"@type":"SearchAction","target":{"@type":"EntryPoint","urlTemplate":"https:\/\/comarcas.csm.org.pt\/leiria\/?s={search_term_string}"},"query-input":{"@type":"PropertyValueSpecification","valueRequired":true,"valueName":"search_term_string"}}],"inLanguage":"pt-PT"},{"@type":"Organization","@id":"https:\/\/comarcas.csm.org.pt\/leiria\/#organization","name":"Tribunal Judicial da Comarca de Leiria","url":"https:\/\/comarcas.csm.org.pt\/leiria\/","logo":{"@type":"ImageObject","inLanguage":"pt-PT","@id":"https:\/\/comarcas.csm.org.pt\/leiria\/#\/schema\/logo\/image\/","url":"https:\/\/comarcas.csm.org.pt\/leiria\/wp-content\/uploads\/sites\/16\/2024\/11\/Leiria_positivo-horizontal.png","contentUrl":"https:\/\/comarcas.csm.org.pt\/leiria\/wp-content\/uploads\/sites\/16\/2024\/11\/Leiria_positivo-horizontal.png","width":5088,"height":890,"caption":"Tribunal Judicial da Comarca de Leiria"},"image":{"@id":"https:\/\/comarcas.csm.org.pt\/leiria\/#\/schema\/logo\/image\/"}},{"@type":"Person","@id":"https:\/\/comarcas.csm.org.pt\/leiria\/#\/schema\/person\/9057b6fbd670d5a2e931712cd357d806","name":"leiria","image":{"@type":"ImageObject","inLanguage":"pt-PT","@id":"https:\/\/comarcas.csm.org.pt\/leiria\/#\/schema\/person\/image\/","url":"https:\/\/secure.gravatar.com\/avatar\/399a72a2630b07d71a4e0167744303361d26ed8a993be2c5686bbe5ff44b469f?s=96&d=mm&r=g","contentUrl":"https:\/\/secure.gravatar.com\/avatar\/399a72a2630b07d71a4e0167744303361d26ed8a993be2c5686bbe5ff44b469f?s=96&d=mm&r=g","caption":"leiria"},"url":"https:\/\/comarcas.csm.org.pt\/leiria\/blog\/author\/leiria\/"}]}},"_links":{"self":[{"href":"https:\/\/comarcas.csm.org.pt\/leiria\/wp-json\/wp\/v2\/posts\/13667","targetHints":{"allow":["GET"]}}],"collection":[{"href":"https:\/\/comarcas.csm.org.pt\/leiria\/wp-json\/wp\/v2\/posts"}],"about":[{"href":"https:\/\/comarcas.csm.org.pt\/leiria\/wp-json\/wp\/v2\/types\/post"}],"author":[{"embeddable":true,"href":"https:\/\/comarcas.csm.org.pt\/leiria\/wp-json\/wp\/v2\/users\/16"}],"replies":[{"embeddable":true,"href":"https:\/\/comarcas.csm.org.pt\/leiria\/wp-json\/wp\/v2\/comments?post=13667"}],"version-history":[{"count":1,"href":"https:\/\/comarcas.csm.org.pt\/leiria\/wp-json\/wp\/v2\/posts\/13667\/revisions"}],"predecessor-version":[{"id":13668,"href":"https:\/\/comarcas.csm.org.pt\/leiria\/wp-json\/wp\/v2\/posts\/13667\/revisions\/13668"}],"wp:attachment":[{"href":"https:\/\/comarcas.csm.org.pt\/leiria\/wp-json\/wp\/v2\/media?parent=13667"}],"wp:term":[{"taxonomy":"category","embeddable":true,"href":"https:\/\/comarcas.csm.org.pt\/leiria\/wp-json\/wp\/v2\/categories?post=13667"},{"taxonomy":"post_tag","embeddable":true,"href":"https:\/\/comarcas.csm.org.pt\/leiria\/wp-json\/wp\/v2\/tags?post=13667"}],"curies":[{"name":"wp","href":"https:\/\/api.w.org\/{rel}","templated":true}]}}