{"id":13669,"date":"2026-04-27T11:18:58","date_gmt":"2026-04-27T11:18:58","guid":{"rendered":"https:\/\/comarcas.csm.org.pt\/leiria\/?p=13669"},"modified":"2026-04-27T11:19:00","modified_gmt":"2026-04-27T11:19:00","slug":"gnr-interceta-suspeitos-de-furtos-nas-freguesias-de-maceira-e-caranguejeira","status":"publish","type":"post","link":"https:\/\/comarcas.csm.org.pt\/leiria\/blog\/2026\/04\/27\/gnr-interceta-suspeitos-de-furtos-nas-freguesias-de-maceira-e-caranguejeira\/","title":{"rendered":"GNR interceta suspeitos de furtos nas freguesias de Maceira e Caranguejeira"},"content":{"rendered":"\n<p>In <a href=\"https:\/\/www.regiaodeleiria.pt\/2026\/04\/gnr-interceta-suspeitos-de-furtos-nas-freguesias-de-maceira-e-na-caranguejeira\/\">Regi\u00e3o de Leiria<\/a>, de 25.04.2026<\/p>\n\n\n\n<p>Parte dos artigos furtados numa loja e num estabelecimento comercial foi recuperada pouco depois das ocorr\u00eancias.<\/p>\n\n\n\n<p>Dois homens, de 20 e 39 anos, foram intercetados na \u00faltima semana pela GNR de Leiria por suspeita de furtos ocorridos nas freguesias de Caranguejeira e de Maceira.<\/p>\n\n\n\n<p>Na segunda-feira, dia 20, um jovem de 20 anos foi constitu\u00eddo arguido por suspeita de ter assaltado uma resid\u00eancia dois dias antes na localidade de Palmeiria, em Caranguejeira.<\/p>\n\n\n\n<p>Segundo adianta o Comando Territorial de Leiria da GNR em comunicado, \u201cos militares da Guarda desenvolveram dilig\u00eancias policiais que permitiram localizar e identificar o suspeito\u201d ap\u00f3s a rece\u00e7\u00e3o de uma den\u00fancia a dar conta da ocorr\u00eancia, tendo conseguido recuperar parte dos artigos furtados, nomeadamente um fio, um anel e uma medalha em ouro.<\/p>\n\n\n\n<p>\u201cO suspeito, com antecedentes criminais pelo crime de viol\u00eancia dom\u00e9stica, foi constitu\u00eddo arguido e os factos comunicados ao Tribunal Judicial de Leiria\u201d, acrescenta a GNR na mesma nota.<\/p>\n\n\n\n<p><strong>Detido por furto em loja na Maceira<\/strong><\/p>\n\n\n\n<p>Entretanto, no s\u00e1bado, 17 de abril, a GNR da Batalha deteve um homem de 39 anos por suspeita de furto num estabelecimento comercial da Maceira.&nbsp;<\/p>\n\n\n\n<p>O indiv\u00edduo foi intercetado pouco depois do assalto \u201cnas imedia\u00e7\u00f5es do local do furto, na posse dos artigos subtra\u00eddos\u201d, entre os quais 173 ma\u00e7os de tabaco, tr\u00eas fios em material similar a ouro, dois telem\u00f3veis, uma pulseira e uma medalha, al\u00e9m de material relacionado com a pr\u00e1tica de il\u00edcitos criminais, como luvas, gorro, mochilas, canivete.<\/p>\n\n\n\n<p>Ainda segundo a GNR, o suspeito tem antecedentes criminais pelo mesmo tipo de crime, tendo sido constitu\u00eddo arguido e os factos comunicados ao Tribunal de Leiria.<\/p>\n\n\n\n<p><strong>Detido por posse de armas proibidas no Bombarral<\/strong><\/p>\n\n\n\n<p>J\u00e1 na ter\u00e7a-feira, dia 21, um homem de 47 anos foi detido por posse de armas proibidas na localidade de Carvalhal, concelho de Bombarral.&nbsp;<\/p>\n\n\n\n<p>A deten\u00e7\u00e3o ocorreu ap\u00f3s o alerta de \u201cuma alegada invas\u00e3o de propriedade privada\u201d e \u201cdilig\u00eancias policiais que permitiram apurar que o denunciante detinha na sua resid\u00eancia armas proibidas\u201d, adianta a GNR em comunicado.<\/p>\n\n\n\n<p>Entre o material apreendido, entregue voluntariamente pelo suspeito, constam uma arma de press\u00e3o de ar de calibre 4,5, uma navalha, uma soqueira, um bast\u00e3o extens\u00edvel, g\u00e1s lacrimog\u00e9neo em gel e um par de algemas.<\/p>\n\n\n\n<p>\u201cO detido, com antecedentes criminais por condu\u00e7\u00e3o sob o efeito de \u00e1lcool e ofensas \u00e0 integridade f\u00edsica, foi constitu\u00eddo arguido e os factos comunicados ao Tribunal Judicial de Caldas da Rainha\u201d, d\u00e1 ainda conta a GNR.<\/p>\n\n\n\n<p><\/p>\n\n\n\n<p><\/p>\n","protected":false},"excerpt":{"rendered":"<p>In Regi\u00e3o de Leiria, de 25.04.2026 Parte dos artigos furtados numa loja e num estabelecimento comercial foi recuperada pouco depois das ocorr\u00eancias. Dois homens, de 20 e 39 anos, foram intercetados na \u00faltima semana pela&#8230;<\/p>\n","protected":false},"author":16,"featured_media":0,"comment_status":"closed","ping_status":"open","sticky":false,"template":"","format":"standard","meta":{"_tbt_post_transparent":"","_tbt_post_title":"","_tbt_post_layout":"","_tbt_post_sidebar_id":"","_tbt_post_content_style":"","_tbt_post_vertical_padding":"","_tbt_post_feature":"","_tbt_post_feature_position":"","_tbt_post_header":false,"_tbt_post_footer":false},"categories":[1,5],"tags":[],"class_list":["post-13669","post","type-post","status-publish","format-standard","hentry","category-geral","category-noticias"],"yoast_head":"<!-- This site is optimized with the Yoast SEO plugin v25.6 - https:\/\/yoast.com\/wordpress\/plugins\/seo\/ -->\n<title>GNR interceta suspeitos de furtos nas freguesias de Maceira e Caranguejeira - Tribunal Judicial da Comarca de Leiria<\/title>\n<meta name=\"robots\" content=\"index, follow, max-snippet:-1, max-image-preview:large, max-video-preview:-1\" \/>\n<link rel=\"canonical\" href=\"https:\/\/comarcas.csm.org.pt\/leiria\/blog\/2026\/04\/27\/gnr-interceta-suspeitos-de-furtos-nas-freguesias-de-maceira-e-caranguejeira\/\" \/>\n<meta property=\"og:locale\" content=\"pt_PT\" \/>\n<meta property=\"og:type\" content=\"article\" \/>\n<meta property=\"og:title\" content=\"GNR interceta suspeitos de furtos nas freguesias de Maceira e Caranguejeira - Tribunal Judicial da Comarca de Leiria\" \/>\n<meta property=\"og:description\" content=\"In Regi\u00e3o de Leiria, de 25.04.2026 Parte dos artigos furtados numa loja e num estabelecimento comercial foi recuperada pouco depois das ocorr\u00eancias. Dois homens, de 20 e 39 anos, foram intercetados na \u00faltima semana pela...\" \/>\n<meta property=\"og:url\" content=\"https:\/\/comarcas.csm.org.pt\/leiria\/blog\/2026\/04\/27\/gnr-interceta-suspeitos-de-furtos-nas-freguesias-de-maceira-e-caranguejeira\/\" \/>\n<meta property=\"og:site_name\" content=\"Tribunal Judicial da Comarca de Leiria\" \/>\n<meta property=\"article:published_time\" content=\"2026-04-27T11:18:58+00:00\" \/>\n<meta property=\"article:modified_time\" content=\"2026-04-27T11:19:00+00:00\" \/>\n<meta name=\"author\" content=\"leiria\" \/>\n<meta name=\"twitter:card\" content=\"summary_large_image\" \/>\n<meta name=\"twitter:label1\" content=\"Escrito por\" \/>\n\t<meta name=\"twitter:data1\" content=\"leiria\" \/>\n\t<meta name=\"twitter:label2\" content=\"Tempo estimado de leitura\" \/>\n\t<meta name=\"twitter:data2\" content=\"3 minutos\" \/>\n<script type=\"application\/ld+json\" class=\"yoast-schema-graph\">{\"@context\":\"https:\/\/schema.org\",\"@graph\":[{\"@type\":\"Article\",\"@id\":\"https:\/\/comarcas.csm.org.pt\/leiria\/blog\/2026\/04\/27\/gnr-interceta-suspeitos-de-furtos-nas-freguesias-de-maceira-e-caranguejeira\/#article\",\"isPartOf\":{\"@id\":\"https:\/\/comarcas.csm.org.pt\/leiria\/blog\/2026\/04\/27\/gnr-interceta-suspeitos-de-furtos-nas-freguesias-de-maceira-e-caranguejeira\/\"},\"author\":{\"name\":\"leiria\",\"@id\":\"https:\/\/comarcas.csm.org.pt\/leiria\/#\/schema\/person\/9057b6fbd670d5a2e931712cd357d806\"},\"headline\":\"GNR interceta suspeitos de furtos nas freguesias de Maceira e Caranguejeira\",\"datePublished\":\"2026-04-27T11:18:58+00:00\",\"dateModified\":\"2026-04-27T11:19:00+00:00\",\"mainEntityOfPage\":{\"@id\":\"https:\/\/comarcas.csm.org.pt\/leiria\/blog\/2026\/04\/27\/gnr-interceta-suspeitos-de-furtos-nas-freguesias-de-maceira-e-caranguejeira\/\"},\"wordCount\":445,\"publisher\":{\"@id\":\"https:\/\/comarcas.csm.org.pt\/leiria\/#organization\"},\"articleSection\":[\"Geral\",\"Not\u00edcias\"],\"inLanguage\":\"pt-PT\"},{\"@type\":\"WebPage\",\"@id\":\"https:\/\/comarcas.csm.org.pt\/leiria\/blog\/2026\/04\/27\/gnr-interceta-suspeitos-de-furtos-nas-freguesias-de-maceira-e-caranguejeira\/\",\"url\":\"https:\/\/comarcas.csm.org.pt\/leiria\/blog\/2026\/04\/27\/gnr-interceta-suspeitos-de-furtos-nas-freguesias-de-maceira-e-caranguejeira\/\",\"name\":\"GNR interceta suspeitos de furtos nas freguesias de Maceira e Caranguejeira - Tribunal Judicial da Comarca de Leiria\",\"isPartOf\":{\"@id\":\"https:\/\/comarcas.csm.org.pt\/leiria\/#website\"},\"datePublished\":\"2026-04-27T11:18:58+00:00\",\"dateModified\":\"2026-04-27T11:19:00+00:00\",\"breadcrumb\":{\"@id\":\"https:\/\/comarcas.csm.org.pt\/leiria\/blog\/2026\/04\/27\/gnr-interceta-suspeitos-de-furtos-nas-freguesias-de-maceira-e-caranguejeira\/#breadcrumb\"},\"inLanguage\":\"pt-PT\",\"potentialAction\":[{\"@type\":\"ReadAction\",\"target\":[\"https:\/\/comarcas.csm.org.pt\/leiria\/blog\/2026\/04\/27\/gnr-interceta-suspeitos-de-furtos-nas-freguesias-de-maceira-e-caranguejeira\/\"]}]},{\"@type\":\"BreadcrumbList\",\"@id\":\"https:\/\/comarcas.csm.org.pt\/leiria\/blog\/2026\/04\/27\/gnr-interceta-suspeitos-de-furtos-nas-freguesias-de-maceira-e-caranguejeira\/#breadcrumb\",\"itemListElement\":[{\"@type\":\"ListItem\",\"position\":1,\"name\":\"In\u00edcio\",\"item\":\"https:\/\/comarcas.csm.org.pt\/leiria\/\"},{\"@type\":\"ListItem\",\"position\":2,\"name\":\"GNR interceta suspeitos de furtos nas freguesias de Maceira e Caranguejeira\"}]},{\"@type\":\"WebSite\",\"@id\":\"https:\/\/comarcas.csm.org.pt\/leiria\/#website\",\"url\":\"https:\/\/comarcas.csm.org.pt\/leiria\/\",\"name\":\"Tribunal Judicial da Comarca de Leiria\",\"description\":\"Tribunal Judicial da Comarca de Aveiro\",\"publisher\":{\"@id\":\"https:\/\/comarcas.csm.org.pt\/leiria\/#organization\"},\"potentialAction\":[{\"@type\":\"SearchAction\",\"target\":{\"@type\":\"EntryPoint\",\"urlTemplate\":\"https:\/\/comarcas.csm.org.pt\/leiria\/?s={search_term_string}\"},\"query-input\":{\"@type\":\"PropertyValueSpecification\",\"valueRequired\":true,\"valueName\":\"search_term_string\"}}],\"inLanguage\":\"pt-PT\"},{\"@type\":\"Organization\",\"@id\":\"https:\/\/comarcas.csm.org.pt\/leiria\/#organization\",\"name\":\"Tribunal Judicial da Comarca de Leiria\",\"url\":\"https:\/\/comarcas.csm.org.pt\/leiria\/\",\"logo\":{\"@type\":\"ImageObject\",\"inLanguage\":\"pt-PT\",\"@id\":\"https:\/\/comarcas.csm.org.pt\/leiria\/#\/schema\/logo\/image\/\",\"url\":\"https:\/\/comarcas.csm.org.pt\/leiria\/wp-content\/uploads\/sites\/16\/2024\/11\/Leiria_positivo-horizontal.png\",\"contentUrl\":\"https:\/\/comarcas.csm.org.pt\/leiria\/wp-content\/uploads\/sites\/16\/2024\/11\/Leiria_positivo-horizontal.png\",\"width\":5088,\"height\":890,\"caption\":\"Tribunal Judicial da Comarca de Leiria\"},\"image\":{\"@id\":\"https:\/\/comarcas.csm.org.pt\/leiria\/#\/schema\/logo\/image\/\"}},{\"@type\":\"Person\",\"@id\":\"https:\/\/comarcas.csm.org.pt\/leiria\/#\/schema\/person\/9057b6fbd670d5a2e931712cd357d806\",\"name\":\"leiria\",\"image\":{\"@type\":\"ImageObject\",\"inLanguage\":\"pt-PT\",\"@id\":\"https:\/\/comarcas.csm.org.pt\/leiria\/#\/schema\/person\/image\/\",\"url\":\"https:\/\/secure.gravatar.com\/avatar\/399a72a2630b07d71a4e0167744303361d26ed8a993be2c5686bbe5ff44b469f?s=96&d=mm&r=g\",\"contentUrl\":\"https:\/\/secure.gravatar.com\/avatar\/399a72a2630b07d71a4e0167744303361d26ed8a993be2c5686bbe5ff44b469f?s=96&d=mm&r=g\",\"caption\":\"leiria\"},\"url\":\"https:\/\/comarcas.csm.org.pt\/leiria\/blog\/author\/leiria\/\"}]}<\/script>\n<!-- \/ Yoast SEO plugin. -->","yoast_head_json":{"title":"GNR interceta suspeitos de furtos nas freguesias de Maceira e Caranguejeira - Tribunal Judicial da Comarca de Leiria","robots":{"index":"index","follow":"follow","max-snippet":"max-snippet:-1","max-image-preview":"max-image-preview:large","max-video-preview":"max-video-preview:-1"},"canonical":"https:\/\/comarcas.csm.org.pt\/leiria\/blog\/2026\/04\/27\/gnr-interceta-suspeitos-de-furtos-nas-freguesias-de-maceira-e-caranguejeira\/","og_locale":"pt_PT","og_type":"article","og_title":"GNR interceta suspeitos de furtos nas freguesias de Maceira e Caranguejeira - Tribunal Judicial da Comarca de Leiria","og_description":"In Regi\u00e3o de Leiria, de 25.04.2026 Parte dos artigos furtados numa loja e num estabelecimento comercial foi recuperada pouco depois das ocorr\u00eancias. Dois homens, de 20 e 39 anos, foram intercetados na \u00faltima semana pela...","og_url":"https:\/\/comarcas.csm.org.pt\/leiria\/blog\/2026\/04\/27\/gnr-interceta-suspeitos-de-furtos-nas-freguesias-de-maceira-e-caranguejeira\/","og_site_name":"Tribunal Judicial da Comarca de Leiria","article_published_time":"2026-04-27T11:18:58+00:00","article_modified_time":"2026-04-27T11:19:00+00:00","author":"leiria","twitter_card":"summary_large_image","twitter_misc":{"Escrito por":"leiria","Tempo estimado de leitura":"3 minutos"},"schema":{"@context":"https:\/\/schema.org","@graph":[{"@type":"Article","@id":"https:\/\/comarcas.csm.org.pt\/leiria\/blog\/2026\/04\/27\/gnr-interceta-suspeitos-de-furtos-nas-freguesias-de-maceira-e-caranguejeira\/#article","isPartOf":{"@id":"https:\/\/comarcas.csm.org.pt\/leiria\/blog\/2026\/04\/27\/gnr-interceta-suspeitos-de-furtos-nas-freguesias-de-maceira-e-caranguejeira\/"},"author":{"name":"leiria","@id":"https:\/\/comarcas.csm.org.pt\/leiria\/#\/schema\/person\/9057b6fbd670d5a2e931712cd357d806"},"headline":"GNR interceta suspeitos de furtos nas freguesias de Maceira e Caranguejeira","datePublished":"2026-04-27T11:18:58+00:00","dateModified":"2026-04-27T11:19:00+00:00","mainEntityOfPage":{"@id":"https:\/\/comarcas.csm.org.pt\/leiria\/blog\/2026\/04\/27\/gnr-interceta-suspeitos-de-furtos-nas-freguesias-de-maceira-e-caranguejeira\/"},"wordCount":445,"publisher":{"@id":"https:\/\/comarcas.csm.org.pt\/leiria\/#organization"},"articleSection":["Geral","Not\u00edcias"],"inLanguage":"pt-PT"},{"@type":"WebPage","@id":"https:\/\/comarcas.csm.org.pt\/leiria\/blog\/2026\/04\/27\/gnr-interceta-suspeitos-de-furtos-nas-freguesias-de-maceira-e-caranguejeira\/","url":"https:\/\/comarcas.csm.org.pt\/leiria\/blog\/2026\/04\/27\/gnr-interceta-suspeitos-de-furtos-nas-freguesias-de-maceira-e-caranguejeira\/","name":"GNR interceta suspeitos de furtos nas freguesias de Maceira e Caranguejeira - Tribunal Judicial da Comarca de Leiria","isPartOf":{"@id":"https:\/\/comarcas.csm.org.pt\/leiria\/#website"},"datePublished":"2026-04-27T11:18:58+00:00","dateModified":"2026-04-27T11:19:00+00:00","breadcrumb":{"@id":"https:\/\/comarcas.csm.org.pt\/leiria\/blog\/2026\/04\/27\/gnr-interceta-suspeitos-de-furtos-nas-freguesias-de-maceira-e-caranguejeira\/#breadcrumb"},"inLanguage":"pt-PT","potentialAction":[{"@type":"ReadAction","target":["https:\/\/comarcas.csm.org.pt\/leiria\/blog\/2026\/04\/27\/gnr-interceta-suspeitos-de-furtos-nas-freguesias-de-maceira-e-caranguejeira\/"]}]},{"@type":"BreadcrumbList","@id":"https:\/\/comarcas.csm.org.pt\/leiria\/blog\/2026\/04\/27\/gnr-interceta-suspeitos-de-furtos-nas-freguesias-de-maceira-e-caranguejeira\/#breadcrumb","itemListElement":[{"@type":"ListItem","position":1,"name":"In\u00edcio","item":"https:\/\/comarcas.csm.org.pt\/leiria\/"},{"@type":"ListItem","position":2,"name":"GNR interceta suspeitos de furtos nas freguesias de Maceira e Caranguejeira"}]},{"@type":"WebSite","@id":"https:\/\/comarcas.csm.org.pt\/leiria\/#website","url":"https:\/\/comarcas.csm.org.pt\/leiria\/","name":"Tribunal Judicial da Comarca de Leiria","description":"Tribunal Judicial da Comarca de Aveiro","publisher":{"@id":"https:\/\/comarcas.csm.org.pt\/leiria\/#organization"},"potentialAction":[{"@type":"SearchAction","target":{"@type":"EntryPoint","urlTemplate":"https:\/\/comarcas.csm.org.pt\/leiria\/?s={search_term_string}"},"query-input":{"@type":"PropertyValueSpecification","valueRequired":true,"valueName":"search_term_string"}}],"inLanguage":"pt-PT"},{"@type":"Organization","@id":"https:\/\/comarcas.csm.org.pt\/leiria\/#organization","name":"Tribunal Judicial da Comarca de Leiria","url":"https:\/\/comarcas.csm.org.pt\/leiria\/","logo":{"@type":"ImageObject","inLanguage":"pt-PT","@id":"https:\/\/comarcas.csm.org.pt\/leiria\/#\/schema\/logo\/image\/","url":"https:\/\/comarcas.csm.org.pt\/leiria\/wp-content\/uploads\/sites\/16\/2024\/11\/Leiria_positivo-horizontal.png","contentUrl":"https:\/\/comarcas.csm.org.pt\/leiria\/wp-content\/uploads\/sites\/16\/2024\/11\/Leiria_positivo-horizontal.png","width":5088,"height":890,"caption":"Tribunal Judicial da Comarca de Leiria"},"image":{"@id":"https:\/\/comarcas.csm.org.pt\/leiria\/#\/schema\/logo\/image\/"}},{"@type":"Person","@id":"https:\/\/comarcas.csm.org.pt\/leiria\/#\/schema\/person\/9057b6fbd670d5a2e931712cd357d806","name":"leiria","image":{"@type":"ImageObject","inLanguage":"pt-PT","@id":"https:\/\/comarcas.csm.org.pt\/leiria\/#\/schema\/person\/image\/","url":"https:\/\/secure.gravatar.com\/avatar\/399a72a2630b07d71a4e0167744303361d26ed8a993be2c5686bbe5ff44b469f?s=96&d=mm&r=g","contentUrl":"https:\/\/secure.gravatar.com\/avatar\/399a72a2630b07d71a4e0167744303361d26ed8a993be2c5686bbe5ff44b469f?s=96&d=mm&r=g","caption":"leiria"},"url":"https:\/\/comarcas.csm.org.pt\/leiria\/blog\/author\/leiria\/"}]}},"_links":{"self":[{"href":"https:\/\/comarcas.csm.org.pt\/leiria\/wp-json\/wp\/v2\/posts\/13669","targetHints":{"allow":["GET"]}}],"collection":[{"href":"https:\/\/comarcas.csm.org.pt\/leiria\/wp-json\/wp\/v2\/posts"}],"about":[{"href":"https:\/\/comarcas.csm.org.pt\/leiria\/wp-json\/wp\/v2\/types\/post"}],"author":[{"embeddable":true,"href":"https:\/\/comarcas.csm.org.pt\/leiria\/wp-json\/wp\/v2\/users\/16"}],"replies":[{"embeddable":true,"href":"https:\/\/comarcas.csm.org.pt\/leiria\/wp-json\/wp\/v2\/comments?post=13669"}],"version-history":[{"count":1,"href":"https:\/\/comarcas.csm.org.pt\/leiria\/wp-json\/wp\/v2\/posts\/13669\/revisions"}],"predecessor-version":[{"id":13670,"href":"https:\/\/comarcas.csm.org.pt\/leiria\/wp-json\/wp\/v2\/posts\/13669\/revisions\/13670"}],"wp:attachment":[{"href":"https:\/\/comarcas.csm.org.pt\/leiria\/wp-json\/wp\/v2\/media?parent=13669"}],"wp:term":[{"taxonomy":"category","embeddable":true,"href":"https:\/\/comarcas.csm.org.pt\/leiria\/wp-json\/wp\/v2\/categories?post=13669"},{"taxonomy":"post_tag","embeddable":true,"href":"https:\/\/comarcas.csm.org.pt\/leiria\/wp-json\/wp\/v2\/tags?post=13669"}],"curies":[{"name":"wp","href":"https:\/\/api.w.org\/{rel}","templated":true}]}}