{"id":13673,"date":"2026-04-28T13:03:17","date_gmt":"2026-04-28T13:03:17","guid":{"rendered":"https:\/\/comarcas.csm.org.pt\/leiria\/?p=13673"},"modified":"2026-04-28T13:03:19","modified_gmt":"2026-04-28T13:03:19","slug":"tribunal-de-leiria-adia-sentenca-de-professor-acusado-de-maus-tratos","status":"publish","type":"post","link":"https:\/\/comarcas.csm.org.pt\/leiria\/blog\/2026\/04\/28\/tribunal-de-leiria-adia-sentenca-de-professor-acusado-de-maus-tratos\/","title":{"rendered":"Tribunal de Leiria adia senten\u00e7a de professor acusado de\u00a0maus-tratos"},"content":{"rendered":"\n<p>In <a href=\"https:\/\/observador.pt\/2026\/04\/27\/tribunal-de-leiria-adia-sentenca-de-professor-acusado-de-maus-tratos\/\">Observado<\/a>r, de 27-04-2026<\/p>\n\n\n\n<p><strong>Professor do 1\u00ba ciclo acusado de ter dado &#8220;tr\u00eas bofetadas no rosto&#8221; de uma aluna. Em 2021, j\u00e1 tinha sido acusado de dar chapadas a uma aluna com 6 anos. Leitura da senten\u00e7a adiada para 7 de maio.<\/strong><\/p>\n\n\n\n<p>O&nbsp;<strong>Tribunal Judicial de Leiria<\/strong>&nbsp;adiou a senten\u00e7a do professor acusado de maus-tratos a dois alunos por altera\u00e7\u00f5es n\u00e3o substanciais dos factos e altera\u00e7\u00e3o da qualifica\u00e7\u00e3o jur\u00eddica de um dos crimes, justificou hoje a ju\u00edza.<\/p>\n\n\n\n<p>Segundo a magistrada do tribunal singular, da \u201cprova produzida resulta suscet\u00edvel ficar provado\u201d que o arguido agarrou a aluna \u201cpelo queixo e deu-lhe, pelo menos,<strong>&nbsp;tr\u00eas bofetadas no rosto<\/strong>\u201c.<\/p>\n\n\n\n<p>O acusado ter\u00e1 ainda agarrado a crian\u00e7a \u201cpelo colarinho e empurrou-a para fora da sala de aula em dire\u00e7\u00e3o \u00e0 casa de banho, ao mesmo tempo que lhe ia dando bofetadas no rosto em n\u00famero n\u00e3o concretamente apurado\u201d, acrescentou a ju\u00edza.<\/p>\n\n\n\n<p>As<a href=\"http:\/\/google.com\/search?q=professor+acusado+d+maus+tratos+observador&amp;rlz=1C5AJCO_enPT1193PT1193&amp;oq=professor+acusado+d+maus+tratos+observador&amp;gs_lcrp=EgZjaHJvbWUyCwgAEEUYChg5GKABMgYIARBFGDwyBggCEEUYPNIBCTEwMDYyajBqN6gCALACAA&amp;sourceid=chrome&amp;ie=UTF-8\" target=\"_blank\" rel=\"noreferrer noopener\">&nbsp;alegadas agress\u00f5es<\/a>&nbsp;ter\u00e3o sido presenciadas por uma professora e por alguns colegas da menor, informou, o que \u201cconsubstancia uma altera\u00e7\u00e3o n\u00e3o substancial dos factos\u201d.<\/p>\n\n\n\n<p>Relativamente ao outro menor, a magistrada precisou que os factos provados s\u00e3o \u201csuscet\u00edveis da pr\u00e1tica de um crime de ofensa \u00e0 integridade f\u00edsica qualificado\u201d, o que se traduz numa \u201caltera\u00e7\u00e3o da qualifica\u00e7\u00e3o jur\u00eddica\u201d.<\/p>\n\n\n\n<p>A leitura da senten\u00e7a ficou agendada para o dia<strong>&nbsp;7 de maio \u00e0s 1400<\/strong>.<\/p>\n\n\n\n<p>O professor est\u00e1 acusado pelo Minist\u00e9rio P\u00fablico de&nbsp;<strong>dois crimes de maus-tratos<\/strong>&nbsp;em concurso aparente com dois crimes de ofensa \u00e0 integridade f\u00edsica qualificada.<\/p>\n\n\n\n<p>No despacho de acusa\u00e7\u00e3o, consultado pela ag\u00eancia Lusa, l\u00ea-se que o arguido, de 51 anos, professor numa escola do 1.\u00ba ciclo do concelho de Leiria, em outubro de 2021 desferiu uma&nbsp;<strong>chapada a uma aluna<\/strong>, ent\u00e3o com 6 anos, por aquela ter \u201cum comportamento irrequieto\u201d, a\u00e7\u00e3o que repetiu noutras ocasi\u00f5es.<\/p>\n\n\n\n<p>Ainda de acordo com o despacho de acusa\u00e7\u00e3o, em mar\u00e7o de 2024, um outro menor, ent\u00e3o com 9 anos, estava numa aula de karat\u00e9 na escola.<\/p>\n\n\n\n<p>Como a crian\u00e7a estava a perturbar a aula, o arguido disse-lhe \u201cpara pedir desculpa \u00e0 turma, o que o menor n\u00e3o fez de imediato\u201d,<strong>&nbsp;acabando por lhe dar duas chapadas<\/strong>, o que foi presenciado pela professora e quatro colegas.<\/p>\n\n\n\n<p>A ag\u00eancia Lusa enviou, em outubro de 2025, um pedido de informa\u00e7\u00e3o, que reiterou na quarta-feira, ao Minist\u00e9rio da Educa\u00e7\u00e3o, Ci\u00eancia e Inova\u00e7\u00e3o, questionando, entre outras perguntas, se o docente foi alvo de processo disciplinar, mas n\u00e3o obteve resposta.<\/p>\n","protected":false},"excerpt":{"rendered":"<p>In Observador, de 27-04-2026 Professor do 1\u00ba ciclo acusado de ter dado &#8220;tr\u00eas bofetadas no rosto&#8221; de uma aluna. Em 2021, j\u00e1 tinha sido acusado de dar chapadas a uma aluna com 6 anos. Leitura&#8230;<\/p>\n","protected":false},"author":16,"featured_media":0,"comment_status":"closed","ping_status":"open","sticky":false,"template":"","format":"standard","meta":{"_tbt_post_transparent":"","_tbt_post_title":"","_tbt_post_layout":"","_tbt_post_sidebar_id":"","_tbt_post_content_style":"","_tbt_post_vertical_padding":"","_tbt_post_feature":"","_tbt_post_feature_position":"","_tbt_post_header":false,"_tbt_post_footer":false},"categories":[1,5],"tags":[],"class_list":["post-13673","post","type-post","status-publish","format-standard","hentry","category-geral","category-noticias"],"yoast_head":"<!-- This site is optimized with the Yoast SEO plugin v25.6 - https:\/\/yoast.com\/wordpress\/plugins\/seo\/ -->\n<title>Tribunal de Leiria adia senten\u00e7a de professor acusado de\u00a0maus-tratos - Tribunal Judicial da Comarca de Leiria<\/title>\n<meta name=\"robots\" content=\"index, follow, max-snippet:-1, max-image-preview:large, max-video-preview:-1\" \/>\n<link rel=\"canonical\" href=\"https:\/\/comarcas.csm.org.pt\/leiria\/blog\/2026\/04\/28\/tribunal-de-leiria-adia-sentenca-de-professor-acusado-de-maus-tratos\/\" \/>\n<meta property=\"og:locale\" content=\"pt_PT\" \/>\n<meta property=\"og:type\" content=\"article\" \/>\n<meta property=\"og:title\" content=\"Tribunal de Leiria adia senten\u00e7a de professor acusado de\u00a0maus-tratos - Tribunal Judicial da Comarca de Leiria\" \/>\n<meta property=\"og:description\" content=\"In Observador, de 27-04-2026 Professor do 1\u00ba ciclo acusado de ter dado &#8220;tr\u00eas bofetadas no rosto&#8221; de uma aluna. Em 2021, j\u00e1 tinha sido acusado de dar chapadas a uma aluna com 6 anos. Leitura...\" \/>\n<meta property=\"og:url\" content=\"https:\/\/comarcas.csm.org.pt\/leiria\/blog\/2026\/04\/28\/tribunal-de-leiria-adia-sentenca-de-professor-acusado-de-maus-tratos\/\" \/>\n<meta property=\"og:site_name\" content=\"Tribunal Judicial da Comarca de Leiria\" \/>\n<meta property=\"article:published_time\" content=\"2026-04-28T13:03:17+00:00\" \/>\n<meta property=\"article:modified_time\" content=\"2026-04-28T13:03:19+00:00\" \/>\n<meta name=\"author\" content=\"leiria\" \/>\n<meta name=\"twitter:card\" content=\"summary_large_image\" \/>\n<meta name=\"twitter:label1\" content=\"Escrito por\" \/>\n\t<meta name=\"twitter:data1\" content=\"leiria\" \/>\n\t<meta name=\"twitter:label2\" content=\"Tempo estimado de leitura\" \/>\n\t<meta name=\"twitter:data2\" content=\"3 minutos\" \/>\n<script type=\"application\/ld+json\" class=\"yoast-schema-graph\">{\"@context\":\"https:\/\/schema.org\",\"@graph\":[{\"@type\":\"Article\",\"@id\":\"https:\/\/comarcas.csm.org.pt\/leiria\/blog\/2026\/04\/28\/tribunal-de-leiria-adia-sentenca-de-professor-acusado-de-maus-tratos\/#article\",\"isPartOf\":{\"@id\":\"https:\/\/comarcas.csm.org.pt\/leiria\/blog\/2026\/04\/28\/tribunal-de-leiria-adia-sentenca-de-professor-acusado-de-maus-tratos\/\"},\"author\":{\"name\":\"leiria\",\"@id\":\"https:\/\/comarcas.csm.org.pt\/leiria\/#\/schema\/person\/9057b6fbd670d5a2e931712cd357d806\"},\"headline\":\"Tribunal de Leiria adia senten\u00e7a de professor acusado de\u00a0maus-tratos\",\"datePublished\":\"2026-04-28T13:03:17+00:00\",\"dateModified\":\"2026-04-28T13:03:19+00:00\",\"mainEntityOfPage\":{\"@id\":\"https:\/\/comarcas.csm.org.pt\/leiria\/blog\/2026\/04\/28\/tribunal-de-leiria-adia-sentenca-de-professor-acusado-de-maus-tratos\/\"},\"wordCount\":451,\"publisher\":{\"@id\":\"https:\/\/comarcas.csm.org.pt\/leiria\/#organization\"},\"articleSection\":[\"Geral\",\"Not\u00edcias\"],\"inLanguage\":\"pt-PT\"},{\"@type\":\"WebPage\",\"@id\":\"https:\/\/comarcas.csm.org.pt\/leiria\/blog\/2026\/04\/28\/tribunal-de-leiria-adia-sentenca-de-professor-acusado-de-maus-tratos\/\",\"url\":\"https:\/\/comarcas.csm.org.pt\/leiria\/blog\/2026\/04\/28\/tribunal-de-leiria-adia-sentenca-de-professor-acusado-de-maus-tratos\/\",\"name\":\"Tribunal de Leiria adia senten\u00e7a de professor acusado de\u00a0maus-tratos - Tribunal Judicial da Comarca de Leiria\",\"isPartOf\":{\"@id\":\"https:\/\/comarcas.csm.org.pt\/leiria\/#website\"},\"datePublished\":\"2026-04-28T13:03:17+00:00\",\"dateModified\":\"2026-04-28T13:03:19+00:00\",\"breadcrumb\":{\"@id\":\"https:\/\/comarcas.csm.org.pt\/leiria\/blog\/2026\/04\/28\/tribunal-de-leiria-adia-sentenca-de-professor-acusado-de-maus-tratos\/#breadcrumb\"},\"inLanguage\":\"pt-PT\",\"potentialAction\":[{\"@type\":\"ReadAction\",\"target\":[\"https:\/\/comarcas.csm.org.pt\/leiria\/blog\/2026\/04\/28\/tribunal-de-leiria-adia-sentenca-de-professor-acusado-de-maus-tratos\/\"]}]},{\"@type\":\"BreadcrumbList\",\"@id\":\"https:\/\/comarcas.csm.org.pt\/leiria\/blog\/2026\/04\/28\/tribunal-de-leiria-adia-sentenca-de-professor-acusado-de-maus-tratos\/#breadcrumb\",\"itemListElement\":[{\"@type\":\"ListItem\",\"position\":1,\"name\":\"In\u00edcio\",\"item\":\"https:\/\/comarcas.csm.org.pt\/leiria\/\"},{\"@type\":\"ListItem\",\"position\":2,\"name\":\"Tribunal de Leiria adia senten\u00e7a de professor acusado de\u00a0maus-tratos\"}]},{\"@type\":\"WebSite\",\"@id\":\"https:\/\/comarcas.csm.org.pt\/leiria\/#website\",\"url\":\"https:\/\/comarcas.csm.org.pt\/leiria\/\",\"name\":\"Tribunal Judicial da Comarca de Leiria\",\"description\":\"Tribunal Judicial da Comarca de Aveiro\",\"publisher\":{\"@id\":\"https:\/\/comarcas.csm.org.pt\/leiria\/#organization\"},\"potentialAction\":[{\"@type\":\"SearchAction\",\"target\":{\"@type\":\"EntryPoint\",\"urlTemplate\":\"https:\/\/comarcas.csm.org.pt\/leiria\/?s={search_term_string}\"},\"query-input\":{\"@type\":\"PropertyValueSpecification\",\"valueRequired\":true,\"valueName\":\"search_term_string\"}}],\"inLanguage\":\"pt-PT\"},{\"@type\":\"Organization\",\"@id\":\"https:\/\/comarcas.csm.org.pt\/leiria\/#organization\",\"name\":\"Tribunal Judicial da Comarca de Leiria\",\"url\":\"https:\/\/comarcas.csm.org.pt\/leiria\/\",\"logo\":{\"@type\":\"ImageObject\",\"inLanguage\":\"pt-PT\",\"@id\":\"https:\/\/comarcas.csm.org.pt\/leiria\/#\/schema\/logo\/image\/\",\"url\":\"https:\/\/comarcas.csm.org.pt\/leiria\/wp-content\/uploads\/sites\/16\/2024\/11\/Leiria_positivo-horizontal.png\",\"contentUrl\":\"https:\/\/comarcas.csm.org.pt\/leiria\/wp-content\/uploads\/sites\/16\/2024\/11\/Leiria_positivo-horizontal.png\",\"width\":5088,\"height\":890,\"caption\":\"Tribunal Judicial da Comarca de Leiria\"},\"image\":{\"@id\":\"https:\/\/comarcas.csm.org.pt\/leiria\/#\/schema\/logo\/image\/\"}},{\"@type\":\"Person\",\"@id\":\"https:\/\/comarcas.csm.org.pt\/leiria\/#\/schema\/person\/9057b6fbd670d5a2e931712cd357d806\",\"name\":\"leiria\",\"image\":{\"@type\":\"ImageObject\",\"inLanguage\":\"pt-PT\",\"@id\":\"https:\/\/comarcas.csm.org.pt\/leiria\/#\/schema\/person\/image\/\",\"url\":\"https:\/\/secure.gravatar.com\/avatar\/399a72a2630b07d71a4e0167744303361d26ed8a993be2c5686bbe5ff44b469f?s=96&d=mm&r=g\",\"contentUrl\":\"https:\/\/secure.gravatar.com\/avatar\/399a72a2630b07d71a4e0167744303361d26ed8a993be2c5686bbe5ff44b469f?s=96&d=mm&r=g\",\"caption\":\"leiria\"},\"url\":\"https:\/\/comarcas.csm.org.pt\/leiria\/blog\/author\/leiria\/\"}]}<\/script>\n<!-- \/ Yoast SEO plugin. -->","yoast_head_json":{"title":"Tribunal de Leiria adia senten\u00e7a de professor acusado de\u00a0maus-tratos - Tribunal Judicial da Comarca de Leiria","robots":{"index":"index","follow":"follow","max-snippet":"max-snippet:-1","max-image-preview":"max-image-preview:large","max-video-preview":"max-video-preview:-1"},"canonical":"https:\/\/comarcas.csm.org.pt\/leiria\/blog\/2026\/04\/28\/tribunal-de-leiria-adia-sentenca-de-professor-acusado-de-maus-tratos\/","og_locale":"pt_PT","og_type":"article","og_title":"Tribunal de Leiria adia senten\u00e7a de professor acusado de\u00a0maus-tratos - Tribunal Judicial da Comarca de Leiria","og_description":"In Observador, de 27-04-2026 Professor do 1\u00ba ciclo acusado de ter dado &#8220;tr\u00eas bofetadas no rosto&#8221; de uma aluna. Em 2021, j\u00e1 tinha sido acusado de dar chapadas a uma aluna com 6 anos. Leitura...","og_url":"https:\/\/comarcas.csm.org.pt\/leiria\/blog\/2026\/04\/28\/tribunal-de-leiria-adia-sentenca-de-professor-acusado-de-maus-tratos\/","og_site_name":"Tribunal Judicial da Comarca de Leiria","article_published_time":"2026-04-28T13:03:17+00:00","article_modified_time":"2026-04-28T13:03:19+00:00","author":"leiria","twitter_card":"summary_large_image","twitter_misc":{"Escrito por":"leiria","Tempo estimado de leitura":"3 minutos"},"schema":{"@context":"https:\/\/schema.org","@graph":[{"@type":"Article","@id":"https:\/\/comarcas.csm.org.pt\/leiria\/blog\/2026\/04\/28\/tribunal-de-leiria-adia-sentenca-de-professor-acusado-de-maus-tratos\/#article","isPartOf":{"@id":"https:\/\/comarcas.csm.org.pt\/leiria\/blog\/2026\/04\/28\/tribunal-de-leiria-adia-sentenca-de-professor-acusado-de-maus-tratos\/"},"author":{"name":"leiria","@id":"https:\/\/comarcas.csm.org.pt\/leiria\/#\/schema\/person\/9057b6fbd670d5a2e931712cd357d806"},"headline":"Tribunal de Leiria adia senten\u00e7a de professor acusado de\u00a0maus-tratos","datePublished":"2026-04-28T13:03:17+00:00","dateModified":"2026-04-28T13:03:19+00:00","mainEntityOfPage":{"@id":"https:\/\/comarcas.csm.org.pt\/leiria\/blog\/2026\/04\/28\/tribunal-de-leiria-adia-sentenca-de-professor-acusado-de-maus-tratos\/"},"wordCount":451,"publisher":{"@id":"https:\/\/comarcas.csm.org.pt\/leiria\/#organization"},"articleSection":["Geral","Not\u00edcias"],"inLanguage":"pt-PT"},{"@type":"WebPage","@id":"https:\/\/comarcas.csm.org.pt\/leiria\/blog\/2026\/04\/28\/tribunal-de-leiria-adia-sentenca-de-professor-acusado-de-maus-tratos\/","url":"https:\/\/comarcas.csm.org.pt\/leiria\/blog\/2026\/04\/28\/tribunal-de-leiria-adia-sentenca-de-professor-acusado-de-maus-tratos\/","name":"Tribunal de Leiria adia senten\u00e7a de professor acusado de\u00a0maus-tratos - Tribunal Judicial da Comarca de Leiria","isPartOf":{"@id":"https:\/\/comarcas.csm.org.pt\/leiria\/#website"},"datePublished":"2026-04-28T13:03:17+00:00","dateModified":"2026-04-28T13:03:19+00:00","breadcrumb":{"@id":"https:\/\/comarcas.csm.org.pt\/leiria\/blog\/2026\/04\/28\/tribunal-de-leiria-adia-sentenca-de-professor-acusado-de-maus-tratos\/#breadcrumb"},"inLanguage":"pt-PT","potentialAction":[{"@type":"ReadAction","target":["https:\/\/comarcas.csm.org.pt\/leiria\/blog\/2026\/04\/28\/tribunal-de-leiria-adia-sentenca-de-professor-acusado-de-maus-tratos\/"]}]},{"@type":"BreadcrumbList","@id":"https:\/\/comarcas.csm.org.pt\/leiria\/blog\/2026\/04\/28\/tribunal-de-leiria-adia-sentenca-de-professor-acusado-de-maus-tratos\/#breadcrumb","itemListElement":[{"@type":"ListItem","position":1,"name":"In\u00edcio","item":"https:\/\/comarcas.csm.org.pt\/leiria\/"},{"@type":"ListItem","position":2,"name":"Tribunal de Leiria adia senten\u00e7a de professor acusado de\u00a0maus-tratos"}]},{"@type":"WebSite","@id":"https:\/\/comarcas.csm.org.pt\/leiria\/#website","url":"https:\/\/comarcas.csm.org.pt\/leiria\/","name":"Tribunal Judicial da Comarca de Leiria","description":"Tribunal Judicial da Comarca de Aveiro","publisher":{"@id":"https:\/\/comarcas.csm.org.pt\/leiria\/#organization"},"potentialAction":[{"@type":"SearchAction","target":{"@type":"EntryPoint","urlTemplate":"https:\/\/comarcas.csm.org.pt\/leiria\/?s={search_term_string}"},"query-input":{"@type":"PropertyValueSpecification","valueRequired":true,"valueName":"search_term_string"}}],"inLanguage":"pt-PT"},{"@type":"Organization","@id":"https:\/\/comarcas.csm.org.pt\/leiria\/#organization","name":"Tribunal Judicial da Comarca de Leiria","url":"https:\/\/comarcas.csm.org.pt\/leiria\/","logo":{"@type":"ImageObject","inLanguage":"pt-PT","@id":"https:\/\/comarcas.csm.org.pt\/leiria\/#\/schema\/logo\/image\/","url":"https:\/\/comarcas.csm.org.pt\/leiria\/wp-content\/uploads\/sites\/16\/2024\/11\/Leiria_positivo-horizontal.png","contentUrl":"https:\/\/comarcas.csm.org.pt\/leiria\/wp-content\/uploads\/sites\/16\/2024\/11\/Leiria_positivo-horizontal.png","width":5088,"height":890,"caption":"Tribunal Judicial da Comarca de Leiria"},"image":{"@id":"https:\/\/comarcas.csm.org.pt\/leiria\/#\/schema\/logo\/image\/"}},{"@type":"Person","@id":"https:\/\/comarcas.csm.org.pt\/leiria\/#\/schema\/person\/9057b6fbd670d5a2e931712cd357d806","name":"leiria","image":{"@type":"ImageObject","inLanguage":"pt-PT","@id":"https:\/\/comarcas.csm.org.pt\/leiria\/#\/schema\/person\/image\/","url":"https:\/\/secure.gravatar.com\/avatar\/399a72a2630b07d71a4e0167744303361d26ed8a993be2c5686bbe5ff44b469f?s=96&d=mm&r=g","contentUrl":"https:\/\/secure.gravatar.com\/avatar\/399a72a2630b07d71a4e0167744303361d26ed8a993be2c5686bbe5ff44b469f?s=96&d=mm&r=g","caption":"leiria"},"url":"https:\/\/comarcas.csm.org.pt\/leiria\/blog\/author\/leiria\/"}]}},"_links":{"self":[{"href":"https:\/\/comarcas.csm.org.pt\/leiria\/wp-json\/wp\/v2\/posts\/13673","targetHints":{"allow":["GET"]}}],"collection":[{"href":"https:\/\/comarcas.csm.org.pt\/leiria\/wp-json\/wp\/v2\/posts"}],"about":[{"href":"https:\/\/comarcas.csm.org.pt\/leiria\/wp-json\/wp\/v2\/types\/post"}],"author":[{"embeddable":true,"href":"https:\/\/comarcas.csm.org.pt\/leiria\/wp-json\/wp\/v2\/users\/16"}],"replies":[{"embeddable":true,"href":"https:\/\/comarcas.csm.org.pt\/leiria\/wp-json\/wp\/v2\/comments?post=13673"}],"version-history":[{"count":1,"href":"https:\/\/comarcas.csm.org.pt\/leiria\/wp-json\/wp\/v2\/posts\/13673\/revisions"}],"predecessor-version":[{"id":13674,"href":"https:\/\/comarcas.csm.org.pt\/leiria\/wp-json\/wp\/v2\/posts\/13673\/revisions\/13674"}],"wp:attachment":[{"href":"https:\/\/comarcas.csm.org.pt\/leiria\/wp-json\/wp\/v2\/media?parent=13673"}],"wp:term":[{"taxonomy":"category","embeddable":true,"href":"https:\/\/comarcas.csm.org.pt\/leiria\/wp-json\/wp\/v2\/categories?post=13673"},{"taxonomy":"post_tag","embeddable":true,"href":"https:\/\/comarcas.csm.org.pt\/leiria\/wp-json\/wp\/v2\/tags?post=13673"}],"curies":[{"name":"wp","href":"https:\/\/api.w.org\/{rel}","templated":true}]}}