{"id":13675,"date":"2026-04-28T13:05:28","date_gmt":"2026-04-28T13:05:28","guid":{"rendered":"https:\/\/comarcas.csm.org.pt\/leiria\/?p=13675"},"modified":"2026-04-28T13:05:29","modified_gmt":"2026-04-28T13:05:29","slug":"julgamento-em-leiria-empresario-nega-integrar-rede-internacional-que-importou-6-toneladas-de-cocaina-em-contentores-de-fruta","status":"publish","type":"post","link":"https:\/\/comarcas.csm.org.pt\/leiria\/blog\/2026\/04\/28\/julgamento-em-leiria-empresario-nega-integrar-rede-internacional-que-importou-6-toneladas-de-cocaina-em-contentores-de-fruta\/","title":{"rendered":"Julgamento em Leiria: empres\u00e1rio nega integrar rede internacional que importou 6 toneladas de coca\u00edna em contentores de\u00a0fruta"},"content":{"rendered":"\n<p>In <a href=\"https:\/\/observador.pt\/2026\/04\/27\/julgamento-em-leiria-empresario-nega-integrar-rede-internacional-que-importou-6-toneladas-de-cocaina-em-contentores-de-fruta\/\">Observador<\/a>, de 27-04-2026<\/p>\n\n\n\n<p><strong>Tio e sobrinho julgados em Leiria por tr\u00e1fico agravado de mais de seis toneladas de coca\u00edna. Arguido de 55 anos diz desconhecer droga importada via empresa de fachada da Batalha.<\/strong><\/p>\n\n\n\n<p>Um homem acusado de tr\u00e1fico de droga, coca\u00edna avaliada em mais de 200 milh\u00f5es de euros, negou esta segunda-feira, no Tribunal Judicial de Leiria, pertencer a uma organiza\u00e7\u00e3o criminosa internacional.<\/p>\n\n\n\n<p>\u201cN\u00e3o \u00e9 verdade\u201d, afirmou ao coletivo de ju\u00edzes o arguido, de 55 anos, empres\u00e1rio, ap\u00f3s ser confrontado pela ju\u00edza que preside ao julgamento com o despacho de acusa\u00e7\u00e3o, segundo o qual aquele fazia parte de uma rede internacional de tr\u00e1fico de estupefacientes.<\/p>\n\n\n\n<p>Os arguidos, tio e sobrinho, est\u00e3o acusados, em coautoria, de tr\u00e1fico de droga agravado, mais de seis toneladas de coca\u00edna.<\/p>\n\n\n\n<p>Em causa est\u00e3o ainda um crime de associa\u00e7\u00e3o criminosa, tr\u00eas de falsifica\u00e7\u00e3o de documento (suposta utiliza\u00e7\u00e3o de matr\u00edculas falsas em ve\u00edculos para transportar a droga) e outros tr\u00eas de sequestro, alegadamente praticados pelo tio, empres\u00e1rio de 55 anos, atualmente em pris\u00e3o preventiva.<\/p>\n\n\n\n<p><strong>J\u00e1 o sobrinho, agricultor de 29 anos, responde tamb\u00e9m por associa\u00e7\u00e3o criminosa&nbsp;<\/strong>e por dois crimes de falsifica\u00e7\u00e3o de documento.<\/p>\n\n\n\n<p>Uma empresa do concelho da Batalha (distrito de Leiria), de que este segundo arguido era s\u00f3cio-gerente, mas que era gerida \u201cde facto\u201d pelo tio, ser\u00e1 respons\u00e1vel pelo crime de tr\u00e1fico de droga agravado em concurso real com um crime de falsifica\u00e7\u00e3o de documento, de acordo com o Minist\u00e9rio P\u00fablico (MP).<\/p>\n\n\n\n<p>No despacho final do MP, secundado por um juiz de instru\u00e7\u00e3o criminal, l\u00ea-se que os dois arguidos integravam uma rede internacional de tr\u00e1fico de estupefacientes respons\u00e1vel pela introdu\u00e7\u00e3o no pa\u00eds (para depois disseminar por outros da Europa) de grandes quantidades de droga proveniente da Am\u00e9rica Central e do Sul.<\/p>\n\n\n\n<p>\u201cOs arguidos negociavam o transporte de contentores com fruta, carv\u00e3o, arroz e farinha de soja\u201d, onde eram dissimuladas \u201celevadas quantidades de coca\u00edna\u201d, a troco de proventos elevados, usando \u201ccomo atividade de fachada\u201d a importa\u00e7\u00e3o\/exporta\u00e7\u00e3o da sociedade da Batalha.<\/p>\n\n\n\n<p>O MP adiantou que dois funcion\u00e1rios da Autoridade Tribut\u00e1ria (AT), um a trabalhar no porto de Sines e outro no de Set\u00fabal, \u201ca troco de elevadas quantias monet\u00e1rias\u201d, garantiam que os contentores com a droga dissimulada \u201ceram desalfandegados em seguran\u00e7a\u201d ou, em caso de fiscaliza\u00e7\u00e3o, informavam.<\/p>\n\n\n\n<p>Segundo o MP, as importa\u00e7\u00f5es feitas pela sociedade desde 2018 a 2024, \u201cobtendo, de forma reiterada, ao longo dos anos, perdas econ\u00f3micas de milhares de euros, n\u00e3o visavam a obten\u00e7\u00e3o de lucro com a venda da mercadoria l\u00edcita\u201d, mas, antes, a importa\u00e7\u00e3o de coca\u00edna.<\/p>\n\n\n\n<p>No julgamento iniciado esta segunda-feira, ap\u00f3s dois adiamentos, porque o arguido, detido no Estabelecimento Prisional de Lisboa, n\u00e3o foi transportado ao tribunal, aquele assegurou que fazia mais a \u201cparte log\u00edstica\u201d da empresa.<\/p>\n\n\n\n<p>\u201cAs importa\u00e7\u00f5es passavam todas por mim, \u00e0 exce\u00e7\u00e3o de alguns casos\u201d, declarou, assumindo que&nbsp;<strong>tamb\u00e9m era sua responsabilidade as encomendas, os pagamentos e os contactos.<\/strong><\/p>\n\n\n\n<p>Este arguido garantiu que n\u00e3o tinha contactos com a AT, nem conhecia os dois funcion\u00e1rios mencionados pelo MP, e afian\u00e7ou que \u201cat\u00e9 ser detido n\u00e3o sabia nada\u201d relativamente \u00e0 droga.<\/p>\n\n\n\n<p>Confrontado com os casos em que foi importada droga em contentores que tinham como destino a empresa da Batalha, o homem respondeu, v\u00e1rias vezes, que desconhecia.<\/p>\n\n\n\n<p>\u201cN\u00e3o sei nada disso\u201d, repetiu o empres\u00e1rio, assegurando n\u00e3o ter dado instru\u00e7\u00f5es para colocarem coca\u00edna nos contentores.<\/p>\n\n\n\n<p>J\u00e1 sobre as perdas econ\u00f3micas da empresa, notou que a contabilidade da empresa \u201cn\u00e3o deu preju\u00edzo\u201d e \u00e0 pergunta da ju\u00edza-presidente \u201cisto \u00e9 tudo mentira?\u201d, o arguido respondeu: \u201c\u00c9 sim, senhora\u201d.<\/p>\n\n\n\n<p>O outro arguido declarou que \u201cconfiava 100%\u201d no tio, que era quem \u201ctratava das importa\u00e7\u00f5es\u201d, cabendo-lhe a si tratar dos pomares.<\/p>\n\n\n\n<p>Rejeitando responsabilidades nos pagamentos, transfer\u00eancias, compras ou vendas, o jovem assumiu que, \u201cem termos de gest\u00e3o, n\u00e3o dominava, estava na parte agr\u00edcola\u201d, mas \u201cassinava o que lhe pediam\u201d.<\/p>\n\n\n\n<p>O julgamento prossegue no dia 04 de maio.<\/p>\n","protected":false},"excerpt":{"rendered":"<p>In Observador, de 27-04-2026 Tio e sobrinho julgados em Leiria por tr\u00e1fico agravado de mais de seis toneladas de coca\u00edna. Arguido de 55 anos diz desconhecer droga importada via empresa de fachada da Batalha. Um&#8230;<\/p>\n","protected":false},"author":16,"featured_media":0,"comment_status":"closed","ping_status":"open","sticky":false,"template":"","format":"standard","meta":{"_tbt_post_transparent":"","_tbt_post_title":"","_tbt_post_layout":"","_tbt_post_sidebar_id":"","_tbt_post_content_style":"","_tbt_post_vertical_padding":"","_tbt_post_feature":"","_tbt_post_feature_position":"","_tbt_post_header":false,"_tbt_post_footer":false},"categories":[1,5],"tags":[],"class_list":["post-13675","post","type-post","status-publish","format-standard","hentry","category-geral","category-noticias"],"yoast_head":"<!-- This site is optimized with the Yoast SEO plugin v25.6 - https:\/\/yoast.com\/wordpress\/plugins\/seo\/ -->\n<title>Julgamento em Leiria: empres\u00e1rio nega integrar rede internacional que importou 6 toneladas de coca\u00edna em contentores de\u00a0fruta - Tribunal Judicial da Comarca de Leiria<\/title>\n<meta name=\"robots\" content=\"index, follow, max-snippet:-1, max-image-preview:large, max-video-preview:-1\" \/>\n<link rel=\"canonical\" href=\"https:\/\/comarcas.csm.org.pt\/leiria\/blog\/2026\/04\/28\/julgamento-em-leiria-empresario-nega-integrar-rede-internacional-que-importou-6-toneladas-de-cocaina-em-contentores-de-fruta\/\" \/>\n<meta property=\"og:locale\" content=\"pt_PT\" \/>\n<meta property=\"og:type\" content=\"article\" \/>\n<meta property=\"og:title\" content=\"Julgamento em Leiria: empres\u00e1rio nega integrar rede internacional que importou 6 toneladas de coca\u00edna em contentores de\u00a0fruta - Tribunal Judicial da Comarca de Leiria\" \/>\n<meta property=\"og:description\" content=\"In Observador, de 27-04-2026 Tio e sobrinho julgados em Leiria por tr\u00e1fico agravado de mais de seis toneladas de coca\u00edna. Arguido de 55 anos diz desconhecer droga importada via empresa de fachada da Batalha. Um...\" \/>\n<meta property=\"og:url\" content=\"https:\/\/comarcas.csm.org.pt\/leiria\/blog\/2026\/04\/28\/julgamento-em-leiria-empresario-nega-integrar-rede-internacional-que-importou-6-toneladas-de-cocaina-em-contentores-de-fruta\/\" \/>\n<meta property=\"og:site_name\" content=\"Tribunal Judicial da Comarca de Leiria\" \/>\n<meta property=\"article:published_time\" content=\"2026-04-28T13:05:28+00:00\" \/>\n<meta property=\"article:modified_time\" content=\"2026-04-28T13:05:29+00:00\" \/>\n<meta name=\"author\" content=\"leiria\" \/>\n<meta name=\"twitter:card\" content=\"summary_large_image\" \/>\n<meta name=\"twitter:label1\" content=\"Escrito por\" \/>\n\t<meta name=\"twitter:data1\" content=\"leiria\" \/>\n\t<meta name=\"twitter:label2\" content=\"Tempo estimado de leitura\" \/>\n\t<meta name=\"twitter:data2\" content=\"4 minutos\" \/>\n<script type=\"application\/ld+json\" class=\"yoast-schema-graph\">{\"@context\":\"https:\/\/schema.org\",\"@graph\":[{\"@type\":\"Article\",\"@id\":\"https:\/\/comarcas.csm.org.pt\/leiria\/blog\/2026\/04\/28\/julgamento-em-leiria-empresario-nega-integrar-rede-internacional-que-importou-6-toneladas-de-cocaina-em-contentores-de-fruta\/#article\",\"isPartOf\":{\"@id\":\"https:\/\/comarcas.csm.org.pt\/leiria\/blog\/2026\/04\/28\/julgamento-em-leiria-empresario-nega-integrar-rede-internacional-que-importou-6-toneladas-de-cocaina-em-contentores-de-fruta\/\"},\"author\":{\"name\":\"leiria\",\"@id\":\"https:\/\/comarcas.csm.org.pt\/leiria\/#\/schema\/person\/9057b6fbd670d5a2e931712cd357d806\"},\"headline\":\"Julgamento em Leiria: empres\u00e1rio nega integrar rede internacional que importou 6 toneladas de coca\u00edna em contentores de\u00a0fruta\",\"datePublished\":\"2026-04-28T13:05:28+00:00\",\"dateModified\":\"2026-04-28T13:05:29+00:00\",\"mainEntityOfPage\":{\"@id\":\"https:\/\/comarcas.csm.org.pt\/leiria\/blog\/2026\/04\/28\/julgamento-em-leiria-empresario-nega-integrar-rede-internacional-que-importou-6-toneladas-de-cocaina-em-contentores-de-fruta\/\"},\"wordCount\":725,\"publisher\":{\"@id\":\"https:\/\/comarcas.csm.org.pt\/leiria\/#organization\"},\"articleSection\":[\"Geral\",\"Not\u00edcias\"],\"inLanguage\":\"pt-PT\"},{\"@type\":\"WebPage\",\"@id\":\"https:\/\/comarcas.csm.org.pt\/leiria\/blog\/2026\/04\/28\/julgamento-em-leiria-empresario-nega-integrar-rede-internacional-que-importou-6-toneladas-de-cocaina-em-contentores-de-fruta\/\",\"url\":\"https:\/\/comarcas.csm.org.pt\/leiria\/blog\/2026\/04\/28\/julgamento-em-leiria-empresario-nega-integrar-rede-internacional-que-importou-6-toneladas-de-cocaina-em-contentores-de-fruta\/\",\"name\":\"Julgamento em Leiria: empres\u00e1rio nega integrar rede internacional que importou 6 toneladas de coca\u00edna em contentores de\u00a0fruta - Tribunal Judicial da Comarca de Leiria\",\"isPartOf\":{\"@id\":\"https:\/\/comarcas.csm.org.pt\/leiria\/#website\"},\"datePublished\":\"2026-04-28T13:05:28+00:00\",\"dateModified\":\"2026-04-28T13:05:29+00:00\",\"breadcrumb\":{\"@id\":\"https:\/\/comarcas.csm.org.pt\/leiria\/blog\/2026\/04\/28\/julgamento-em-leiria-empresario-nega-integrar-rede-internacional-que-importou-6-toneladas-de-cocaina-em-contentores-de-fruta\/#breadcrumb\"},\"inLanguage\":\"pt-PT\",\"potentialAction\":[{\"@type\":\"ReadAction\",\"target\":[\"https:\/\/comarcas.csm.org.pt\/leiria\/blog\/2026\/04\/28\/julgamento-em-leiria-empresario-nega-integrar-rede-internacional-que-importou-6-toneladas-de-cocaina-em-contentores-de-fruta\/\"]}]},{\"@type\":\"BreadcrumbList\",\"@id\":\"https:\/\/comarcas.csm.org.pt\/leiria\/blog\/2026\/04\/28\/julgamento-em-leiria-empresario-nega-integrar-rede-internacional-que-importou-6-toneladas-de-cocaina-em-contentores-de-fruta\/#breadcrumb\",\"itemListElement\":[{\"@type\":\"ListItem\",\"position\":1,\"name\":\"In\u00edcio\",\"item\":\"https:\/\/comarcas.csm.org.pt\/leiria\/\"},{\"@type\":\"ListItem\",\"position\":2,\"name\":\"Julgamento em Leiria: empres\u00e1rio nega integrar rede internacional que importou 6 toneladas de coca\u00edna em contentores de\u00a0fruta\"}]},{\"@type\":\"WebSite\",\"@id\":\"https:\/\/comarcas.csm.org.pt\/leiria\/#website\",\"url\":\"https:\/\/comarcas.csm.org.pt\/leiria\/\",\"name\":\"Tribunal Judicial da Comarca de Leiria\",\"description\":\"Tribunal Judicial da Comarca de Aveiro\",\"publisher\":{\"@id\":\"https:\/\/comarcas.csm.org.pt\/leiria\/#organization\"},\"potentialAction\":[{\"@type\":\"SearchAction\",\"target\":{\"@type\":\"EntryPoint\",\"urlTemplate\":\"https:\/\/comarcas.csm.org.pt\/leiria\/?s={search_term_string}\"},\"query-input\":{\"@type\":\"PropertyValueSpecification\",\"valueRequired\":true,\"valueName\":\"search_term_string\"}}],\"inLanguage\":\"pt-PT\"},{\"@type\":\"Organization\",\"@id\":\"https:\/\/comarcas.csm.org.pt\/leiria\/#organization\",\"name\":\"Tribunal Judicial da Comarca de Leiria\",\"url\":\"https:\/\/comarcas.csm.org.pt\/leiria\/\",\"logo\":{\"@type\":\"ImageObject\",\"inLanguage\":\"pt-PT\",\"@id\":\"https:\/\/comarcas.csm.org.pt\/leiria\/#\/schema\/logo\/image\/\",\"url\":\"https:\/\/comarcas.csm.org.pt\/leiria\/wp-content\/uploads\/sites\/16\/2024\/11\/Leiria_positivo-horizontal.png\",\"contentUrl\":\"https:\/\/comarcas.csm.org.pt\/leiria\/wp-content\/uploads\/sites\/16\/2024\/11\/Leiria_positivo-horizontal.png\",\"width\":5088,\"height\":890,\"caption\":\"Tribunal Judicial da Comarca de Leiria\"},\"image\":{\"@id\":\"https:\/\/comarcas.csm.org.pt\/leiria\/#\/schema\/logo\/image\/\"}},{\"@type\":\"Person\",\"@id\":\"https:\/\/comarcas.csm.org.pt\/leiria\/#\/schema\/person\/9057b6fbd670d5a2e931712cd357d806\",\"name\":\"leiria\",\"image\":{\"@type\":\"ImageObject\",\"inLanguage\":\"pt-PT\",\"@id\":\"https:\/\/comarcas.csm.org.pt\/leiria\/#\/schema\/person\/image\/\",\"url\":\"https:\/\/secure.gravatar.com\/avatar\/399a72a2630b07d71a4e0167744303361d26ed8a993be2c5686bbe5ff44b469f?s=96&d=mm&r=g\",\"contentUrl\":\"https:\/\/secure.gravatar.com\/avatar\/399a72a2630b07d71a4e0167744303361d26ed8a993be2c5686bbe5ff44b469f?s=96&d=mm&r=g\",\"caption\":\"leiria\"},\"url\":\"https:\/\/comarcas.csm.org.pt\/leiria\/blog\/author\/leiria\/\"}]}<\/script>\n<!-- \/ Yoast SEO plugin. -->","yoast_head_json":{"title":"Julgamento em Leiria: empres\u00e1rio nega integrar rede internacional que importou 6 toneladas de coca\u00edna em contentores de\u00a0fruta - Tribunal Judicial da Comarca de Leiria","robots":{"index":"index","follow":"follow","max-snippet":"max-snippet:-1","max-image-preview":"max-image-preview:large","max-video-preview":"max-video-preview:-1"},"canonical":"https:\/\/comarcas.csm.org.pt\/leiria\/blog\/2026\/04\/28\/julgamento-em-leiria-empresario-nega-integrar-rede-internacional-que-importou-6-toneladas-de-cocaina-em-contentores-de-fruta\/","og_locale":"pt_PT","og_type":"article","og_title":"Julgamento em Leiria: empres\u00e1rio nega integrar rede internacional que importou 6 toneladas de coca\u00edna em contentores de\u00a0fruta - Tribunal Judicial da Comarca de Leiria","og_description":"In Observador, de 27-04-2026 Tio e sobrinho julgados em Leiria por tr\u00e1fico agravado de mais de seis toneladas de coca\u00edna. Arguido de 55 anos diz desconhecer droga importada via empresa de fachada da Batalha. Um...","og_url":"https:\/\/comarcas.csm.org.pt\/leiria\/blog\/2026\/04\/28\/julgamento-em-leiria-empresario-nega-integrar-rede-internacional-que-importou-6-toneladas-de-cocaina-em-contentores-de-fruta\/","og_site_name":"Tribunal Judicial da Comarca de Leiria","article_published_time":"2026-04-28T13:05:28+00:00","article_modified_time":"2026-04-28T13:05:29+00:00","author":"leiria","twitter_card":"summary_large_image","twitter_misc":{"Escrito por":"leiria","Tempo estimado de leitura":"4 minutos"},"schema":{"@context":"https:\/\/schema.org","@graph":[{"@type":"Article","@id":"https:\/\/comarcas.csm.org.pt\/leiria\/blog\/2026\/04\/28\/julgamento-em-leiria-empresario-nega-integrar-rede-internacional-que-importou-6-toneladas-de-cocaina-em-contentores-de-fruta\/#article","isPartOf":{"@id":"https:\/\/comarcas.csm.org.pt\/leiria\/blog\/2026\/04\/28\/julgamento-em-leiria-empresario-nega-integrar-rede-internacional-que-importou-6-toneladas-de-cocaina-em-contentores-de-fruta\/"},"author":{"name":"leiria","@id":"https:\/\/comarcas.csm.org.pt\/leiria\/#\/schema\/person\/9057b6fbd670d5a2e931712cd357d806"},"headline":"Julgamento em Leiria: empres\u00e1rio nega integrar rede internacional que importou 6 toneladas de coca\u00edna em contentores de\u00a0fruta","datePublished":"2026-04-28T13:05:28+00:00","dateModified":"2026-04-28T13:05:29+00:00","mainEntityOfPage":{"@id":"https:\/\/comarcas.csm.org.pt\/leiria\/blog\/2026\/04\/28\/julgamento-em-leiria-empresario-nega-integrar-rede-internacional-que-importou-6-toneladas-de-cocaina-em-contentores-de-fruta\/"},"wordCount":725,"publisher":{"@id":"https:\/\/comarcas.csm.org.pt\/leiria\/#organization"},"articleSection":["Geral","Not\u00edcias"],"inLanguage":"pt-PT"},{"@type":"WebPage","@id":"https:\/\/comarcas.csm.org.pt\/leiria\/blog\/2026\/04\/28\/julgamento-em-leiria-empresario-nega-integrar-rede-internacional-que-importou-6-toneladas-de-cocaina-em-contentores-de-fruta\/","url":"https:\/\/comarcas.csm.org.pt\/leiria\/blog\/2026\/04\/28\/julgamento-em-leiria-empresario-nega-integrar-rede-internacional-que-importou-6-toneladas-de-cocaina-em-contentores-de-fruta\/","name":"Julgamento em Leiria: empres\u00e1rio nega integrar rede internacional que importou 6 toneladas de coca\u00edna em contentores de\u00a0fruta - Tribunal Judicial da Comarca de Leiria","isPartOf":{"@id":"https:\/\/comarcas.csm.org.pt\/leiria\/#website"},"datePublished":"2026-04-28T13:05:28+00:00","dateModified":"2026-04-28T13:05:29+00:00","breadcrumb":{"@id":"https:\/\/comarcas.csm.org.pt\/leiria\/blog\/2026\/04\/28\/julgamento-em-leiria-empresario-nega-integrar-rede-internacional-que-importou-6-toneladas-de-cocaina-em-contentores-de-fruta\/#breadcrumb"},"inLanguage":"pt-PT","potentialAction":[{"@type":"ReadAction","target":["https:\/\/comarcas.csm.org.pt\/leiria\/blog\/2026\/04\/28\/julgamento-em-leiria-empresario-nega-integrar-rede-internacional-que-importou-6-toneladas-de-cocaina-em-contentores-de-fruta\/"]}]},{"@type":"BreadcrumbList","@id":"https:\/\/comarcas.csm.org.pt\/leiria\/blog\/2026\/04\/28\/julgamento-em-leiria-empresario-nega-integrar-rede-internacional-que-importou-6-toneladas-de-cocaina-em-contentores-de-fruta\/#breadcrumb","itemListElement":[{"@type":"ListItem","position":1,"name":"In\u00edcio","item":"https:\/\/comarcas.csm.org.pt\/leiria\/"},{"@type":"ListItem","position":2,"name":"Julgamento em Leiria: empres\u00e1rio nega integrar rede internacional que importou 6 toneladas de coca\u00edna em contentores de\u00a0fruta"}]},{"@type":"WebSite","@id":"https:\/\/comarcas.csm.org.pt\/leiria\/#website","url":"https:\/\/comarcas.csm.org.pt\/leiria\/","name":"Tribunal Judicial da Comarca de Leiria","description":"Tribunal Judicial da Comarca de Aveiro","publisher":{"@id":"https:\/\/comarcas.csm.org.pt\/leiria\/#organization"},"potentialAction":[{"@type":"SearchAction","target":{"@type":"EntryPoint","urlTemplate":"https:\/\/comarcas.csm.org.pt\/leiria\/?s={search_term_string}"},"query-input":{"@type":"PropertyValueSpecification","valueRequired":true,"valueName":"search_term_string"}}],"inLanguage":"pt-PT"},{"@type":"Organization","@id":"https:\/\/comarcas.csm.org.pt\/leiria\/#organization","name":"Tribunal Judicial da Comarca de Leiria","url":"https:\/\/comarcas.csm.org.pt\/leiria\/","logo":{"@type":"ImageObject","inLanguage":"pt-PT","@id":"https:\/\/comarcas.csm.org.pt\/leiria\/#\/schema\/logo\/image\/","url":"https:\/\/comarcas.csm.org.pt\/leiria\/wp-content\/uploads\/sites\/16\/2024\/11\/Leiria_positivo-horizontal.png","contentUrl":"https:\/\/comarcas.csm.org.pt\/leiria\/wp-content\/uploads\/sites\/16\/2024\/11\/Leiria_positivo-horizontal.png","width":5088,"height":890,"caption":"Tribunal Judicial da Comarca de Leiria"},"image":{"@id":"https:\/\/comarcas.csm.org.pt\/leiria\/#\/schema\/logo\/image\/"}},{"@type":"Person","@id":"https:\/\/comarcas.csm.org.pt\/leiria\/#\/schema\/person\/9057b6fbd670d5a2e931712cd357d806","name":"leiria","image":{"@type":"ImageObject","inLanguage":"pt-PT","@id":"https:\/\/comarcas.csm.org.pt\/leiria\/#\/schema\/person\/image\/","url":"https:\/\/secure.gravatar.com\/avatar\/399a72a2630b07d71a4e0167744303361d26ed8a993be2c5686bbe5ff44b469f?s=96&d=mm&r=g","contentUrl":"https:\/\/secure.gravatar.com\/avatar\/399a72a2630b07d71a4e0167744303361d26ed8a993be2c5686bbe5ff44b469f?s=96&d=mm&r=g","caption":"leiria"},"url":"https:\/\/comarcas.csm.org.pt\/leiria\/blog\/author\/leiria\/"}]}},"_links":{"self":[{"href":"https:\/\/comarcas.csm.org.pt\/leiria\/wp-json\/wp\/v2\/posts\/13675","targetHints":{"allow":["GET"]}}],"collection":[{"href":"https:\/\/comarcas.csm.org.pt\/leiria\/wp-json\/wp\/v2\/posts"}],"about":[{"href":"https:\/\/comarcas.csm.org.pt\/leiria\/wp-json\/wp\/v2\/types\/post"}],"author":[{"embeddable":true,"href":"https:\/\/comarcas.csm.org.pt\/leiria\/wp-json\/wp\/v2\/users\/16"}],"replies":[{"embeddable":true,"href":"https:\/\/comarcas.csm.org.pt\/leiria\/wp-json\/wp\/v2\/comments?post=13675"}],"version-history":[{"count":1,"href":"https:\/\/comarcas.csm.org.pt\/leiria\/wp-json\/wp\/v2\/posts\/13675\/revisions"}],"predecessor-version":[{"id":13676,"href":"https:\/\/comarcas.csm.org.pt\/leiria\/wp-json\/wp\/v2\/posts\/13675\/revisions\/13676"}],"wp:attachment":[{"href":"https:\/\/comarcas.csm.org.pt\/leiria\/wp-json\/wp\/v2\/media?parent=13675"}],"wp:term":[{"taxonomy":"category","embeddable":true,"href":"https:\/\/comarcas.csm.org.pt\/leiria\/wp-json\/wp\/v2\/categories?post=13675"},{"taxonomy":"post_tag","embeddable":true,"href":"https:\/\/comarcas.csm.org.pt\/leiria\/wp-json\/wp\/v2\/tags?post=13675"}],"curies":[{"name":"wp","href":"https:\/\/api.w.org\/{rel}","templated":true}]}}