{"id":13679,"date":"2026-04-29T10:22:49","date_gmt":"2026-04-29T10:22:49","guid":{"rendered":"https:\/\/comarcas.csm.org.pt\/leiria\/?p=13679"},"modified":"2026-04-29T10:22:50","modified_gmt":"2026-04-29T10:22:50","slug":"agride-policia-na-nazare-e-fica-em-prisao-preventiva","status":"publish","type":"post","link":"https:\/\/comarcas.csm.org.pt\/leiria\/blog\/2026\/04\/29\/agride-policia-na-nazare-e-fica-em-prisao-preventiva\/","title":{"rendered":"Agride pol\u00edcia na Nazar\u00e9 e fica em pris\u00e3o preventiva"},"content":{"rendered":"\n<p>In <a href=\"https:\/\/www.jornaldeleiria.pt\/noticia\/agride-policia-na-nazare-e-fica-em-prisao-preventiva\">Jornal de Leiria<\/a>, de 29-04-2026<\/p>\n\n\n\n<p>O homem &#8220;adoptou uma atitude agressiva, tendo desferido v\u00e1rios pontap\u00e9s&#8221; contra um dos agentes<\/p>\n\n\n\n<p>Um homem de 45 anos ficou em pris\u00e3o preventiva, depois de ter sido detido pela Pol\u00edcia de Seguran\u00e7a P\u00fablica pela pr\u00e1tica dos crimes de ofensas \u00e0 integridade f\u00edsica qualificada e resist\u00eancia e coac\u00e7\u00e3o sobre agente da Pol\u00edcia de Seguran\u00e7a P\u00fablica.<\/p>\n\n\n\n<p>No passado dia 22, uma&nbsp;equipa de patrulhamento policial foi accionada para uma situa\u00e7\u00e3o de risco, &#8220;envolvendo a realiza\u00e7\u00e3o de uma fogueira na via p\u00fablica, numa zona movimentada e na proximidade de ve\u00edculos e de um estabelecimento comercial, gerando perigo e alarme social&#8221;, refere um comunicado do Comando Distrital da PSP de Leiria.<\/p>\n\n\n\n<p>Quando os pol\u00edcias se preparavam para extinguir o fogo, o homem &#8220;adoptou uma atitude agressiva, tendo desferido v\u00e1rios pontap\u00e9s&#8221; contra um dos agentes, mantendo o &#8220;comportamento violento&#8221; mesmo ap\u00f3s os alertas.<\/p>\n\n\n\n<p>As agress\u00f5es provocaram ferimentos numa das m\u00e3os de um dos agentes, que necessitou de assist\u00eancia m\u00e9dica, sendo-lhe&nbsp;diagnosticado um traumatismo.<\/p>\n\n\n\n<p>&#8220;J\u00e1 nas instala\u00e7\u00f5es policiais, o homem continuou a evidenciar um comportamento hostil e descontrolado, com gritos constantes e agress\u00f5es \u00e0 porta da cela de deten\u00e7\u00e3o, atrav\u00e9s de pontap\u00e9s e murros&#8221;, acrescenta a nota.<\/p>\n\n\n\n<p>Ap\u00f3s ter sido presente \u00e0 autoridade judici\u00e1ria competente, foi-lhe aplicada a medida de coac\u00e7\u00e3o mais gravosa: pris\u00e3o preventiva.<\/p>\n","protected":false},"excerpt":{"rendered":"<p>In Jornal de Leiria, de 29-04-2026 O homem &#8220;adoptou uma atitude agressiva, tendo desferido v\u00e1rios pontap\u00e9s&#8221; contra um dos agentes Um homem de 45 anos ficou em pris\u00e3o preventiva, depois de ter sido detido pela&#8230;<\/p>\n","protected":false},"author":16,"featured_media":0,"comment_status":"closed","ping_status":"open","sticky":false,"template":"","format":"standard","meta":{"_tbt_post_transparent":"","_tbt_post_title":"","_tbt_post_layout":"","_tbt_post_sidebar_id":"","_tbt_post_content_style":"","_tbt_post_vertical_padding":"","_tbt_post_feature":"","_tbt_post_feature_position":"","_tbt_post_header":false,"_tbt_post_footer":false},"categories":[1,5],"tags":[],"class_list":["post-13679","post","type-post","status-publish","format-standard","hentry","category-geral","category-noticias"],"yoast_head":"<!-- This site is optimized with the Yoast SEO plugin v25.6 - https:\/\/yoast.com\/wordpress\/plugins\/seo\/ -->\n<title>Agride pol\u00edcia na Nazar\u00e9 e fica em pris\u00e3o preventiva - Tribunal Judicial da Comarca de Leiria<\/title>\n<meta name=\"robots\" content=\"index, follow, max-snippet:-1, max-image-preview:large, max-video-preview:-1\" \/>\n<link rel=\"canonical\" href=\"https:\/\/comarcas.csm.org.pt\/leiria\/blog\/2026\/04\/29\/agride-policia-na-nazare-e-fica-em-prisao-preventiva\/\" \/>\n<meta property=\"og:locale\" content=\"pt_PT\" \/>\n<meta property=\"og:type\" content=\"article\" \/>\n<meta property=\"og:title\" content=\"Agride pol\u00edcia na Nazar\u00e9 e fica em pris\u00e3o preventiva - Tribunal Judicial da Comarca de Leiria\" \/>\n<meta property=\"og:description\" content=\"In Jornal de Leiria, de 29-04-2026 O homem &#8220;adoptou uma atitude agressiva, tendo desferido v\u00e1rios pontap\u00e9s&#8221; contra um dos agentes Um homem de 45 anos ficou em pris\u00e3o preventiva, depois de ter sido detido pela...\" \/>\n<meta property=\"og:url\" content=\"https:\/\/comarcas.csm.org.pt\/leiria\/blog\/2026\/04\/29\/agride-policia-na-nazare-e-fica-em-prisao-preventiva\/\" \/>\n<meta property=\"og:site_name\" content=\"Tribunal Judicial da Comarca de Leiria\" \/>\n<meta property=\"article:published_time\" content=\"2026-04-29T10:22:49+00:00\" \/>\n<meta property=\"article:modified_time\" content=\"2026-04-29T10:22:50+00:00\" \/>\n<meta name=\"author\" content=\"leiria\" \/>\n<meta name=\"twitter:card\" content=\"summary_large_image\" \/>\n<meta name=\"twitter:label1\" content=\"Escrito por\" \/>\n\t<meta name=\"twitter:data1\" content=\"leiria\" \/>\n\t<meta name=\"twitter:label2\" content=\"Tempo estimado de leitura\" \/>\n\t<meta name=\"twitter:data2\" content=\"2 minutos\" \/>\n<script type=\"application\/ld+json\" class=\"yoast-schema-graph\">{\"@context\":\"https:\/\/schema.org\",\"@graph\":[{\"@type\":\"Article\",\"@id\":\"https:\/\/comarcas.csm.org.pt\/leiria\/blog\/2026\/04\/29\/agride-policia-na-nazare-e-fica-em-prisao-preventiva\/#article\",\"isPartOf\":{\"@id\":\"https:\/\/comarcas.csm.org.pt\/leiria\/blog\/2026\/04\/29\/agride-policia-na-nazare-e-fica-em-prisao-preventiva\/\"},\"author\":{\"name\":\"leiria\",\"@id\":\"https:\/\/comarcas.csm.org.pt\/leiria\/#\/schema\/person\/9057b6fbd670d5a2e931712cd357d806\"},\"headline\":\"Agride pol\u00edcia na Nazar\u00e9 e fica em pris\u00e3o preventiva\",\"datePublished\":\"2026-04-29T10:22:49+00:00\",\"dateModified\":\"2026-04-29T10:22:50+00:00\",\"mainEntityOfPage\":{\"@id\":\"https:\/\/comarcas.csm.org.pt\/leiria\/blog\/2026\/04\/29\/agride-policia-na-nazare-e-fica-em-prisao-preventiva\/\"},\"wordCount\":258,\"publisher\":{\"@id\":\"https:\/\/comarcas.csm.org.pt\/leiria\/#organization\"},\"articleSection\":[\"Geral\",\"Not\u00edcias\"],\"inLanguage\":\"pt-PT\"},{\"@type\":\"WebPage\",\"@id\":\"https:\/\/comarcas.csm.org.pt\/leiria\/blog\/2026\/04\/29\/agride-policia-na-nazare-e-fica-em-prisao-preventiva\/\",\"url\":\"https:\/\/comarcas.csm.org.pt\/leiria\/blog\/2026\/04\/29\/agride-policia-na-nazare-e-fica-em-prisao-preventiva\/\",\"name\":\"Agride pol\u00edcia na Nazar\u00e9 e fica em pris\u00e3o preventiva - Tribunal Judicial da Comarca de Leiria\",\"isPartOf\":{\"@id\":\"https:\/\/comarcas.csm.org.pt\/leiria\/#website\"},\"datePublished\":\"2026-04-29T10:22:49+00:00\",\"dateModified\":\"2026-04-29T10:22:50+00:00\",\"breadcrumb\":{\"@id\":\"https:\/\/comarcas.csm.org.pt\/leiria\/blog\/2026\/04\/29\/agride-policia-na-nazare-e-fica-em-prisao-preventiva\/#breadcrumb\"},\"inLanguage\":\"pt-PT\",\"potentialAction\":[{\"@type\":\"ReadAction\",\"target\":[\"https:\/\/comarcas.csm.org.pt\/leiria\/blog\/2026\/04\/29\/agride-policia-na-nazare-e-fica-em-prisao-preventiva\/\"]}]},{\"@type\":\"BreadcrumbList\",\"@id\":\"https:\/\/comarcas.csm.org.pt\/leiria\/blog\/2026\/04\/29\/agride-policia-na-nazare-e-fica-em-prisao-preventiva\/#breadcrumb\",\"itemListElement\":[{\"@type\":\"ListItem\",\"position\":1,\"name\":\"In\u00edcio\",\"item\":\"https:\/\/comarcas.csm.org.pt\/leiria\/\"},{\"@type\":\"ListItem\",\"position\":2,\"name\":\"Agride pol\u00edcia na Nazar\u00e9 e fica em pris\u00e3o preventiva\"}]},{\"@type\":\"WebSite\",\"@id\":\"https:\/\/comarcas.csm.org.pt\/leiria\/#website\",\"url\":\"https:\/\/comarcas.csm.org.pt\/leiria\/\",\"name\":\"Tribunal Judicial da Comarca de Leiria\",\"description\":\"Tribunal Judicial da Comarca de Aveiro\",\"publisher\":{\"@id\":\"https:\/\/comarcas.csm.org.pt\/leiria\/#organization\"},\"potentialAction\":[{\"@type\":\"SearchAction\",\"target\":{\"@type\":\"EntryPoint\",\"urlTemplate\":\"https:\/\/comarcas.csm.org.pt\/leiria\/?s={search_term_string}\"},\"query-input\":{\"@type\":\"PropertyValueSpecification\",\"valueRequired\":true,\"valueName\":\"search_term_string\"}}],\"inLanguage\":\"pt-PT\"},{\"@type\":\"Organization\",\"@id\":\"https:\/\/comarcas.csm.org.pt\/leiria\/#organization\",\"name\":\"Tribunal Judicial da Comarca de Leiria\",\"url\":\"https:\/\/comarcas.csm.org.pt\/leiria\/\",\"logo\":{\"@type\":\"ImageObject\",\"inLanguage\":\"pt-PT\",\"@id\":\"https:\/\/comarcas.csm.org.pt\/leiria\/#\/schema\/logo\/image\/\",\"url\":\"https:\/\/comarcas.csm.org.pt\/leiria\/wp-content\/uploads\/sites\/16\/2024\/11\/Leiria_positivo-horizontal.png\",\"contentUrl\":\"https:\/\/comarcas.csm.org.pt\/leiria\/wp-content\/uploads\/sites\/16\/2024\/11\/Leiria_positivo-horizontal.png\",\"width\":5088,\"height\":890,\"caption\":\"Tribunal Judicial da Comarca de Leiria\"},\"image\":{\"@id\":\"https:\/\/comarcas.csm.org.pt\/leiria\/#\/schema\/logo\/image\/\"}},{\"@type\":\"Person\",\"@id\":\"https:\/\/comarcas.csm.org.pt\/leiria\/#\/schema\/person\/9057b6fbd670d5a2e931712cd357d806\",\"name\":\"leiria\",\"image\":{\"@type\":\"ImageObject\",\"inLanguage\":\"pt-PT\",\"@id\":\"https:\/\/comarcas.csm.org.pt\/leiria\/#\/schema\/person\/image\/\",\"url\":\"https:\/\/secure.gravatar.com\/avatar\/399a72a2630b07d71a4e0167744303361d26ed8a993be2c5686bbe5ff44b469f?s=96&d=mm&r=g\",\"contentUrl\":\"https:\/\/secure.gravatar.com\/avatar\/399a72a2630b07d71a4e0167744303361d26ed8a993be2c5686bbe5ff44b469f?s=96&d=mm&r=g\",\"caption\":\"leiria\"},\"url\":\"https:\/\/comarcas.csm.org.pt\/leiria\/blog\/author\/leiria\/\"}]}<\/script>\n<!-- \/ Yoast SEO plugin. -->","yoast_head_json":{"title":"Agride pol\u00edcia na Nazar\u00e9 e fica em pris\u00e3o preventiva - Tribunal Judicial da Comarca de Leiria","robots":{"index":"index","follow":"follow","max-snippet":"max-snippet:-1","max-image-preview":"max-image-preview:large","max-video-preview":"max-video-preview:-1"},"canonical":"https:\/\/comarcas.csm.org.pt\/leiria\/blog\/2026\/04\/29\/agride-policia-na-nazare-e-fica-em-prisao-preventiva\/","og_locale":"pt_PT","og_type":"article","og_title":"Agride pol\u00edcia na Nazar\u00e9 e fica em pris\u00e3o preventiva - Tribunal Judicial da Comarca de Leiria","og_description":"In Jornal de Leiria, de 29-04-2026 O homem &#8220;adoptou uma atitude agressiva, tendo desferido v\u00e1rios pontap\u00e9s&#8221; contra um dos agentes Um homem de 45 anos ficou em pris\u00e3o preventiva, depois de ter sido detido pela...","og_url":"https:\/\/comarcas.csm.org.pt\/leiria\/blog\/2026\/04\/29\/agride-policia-na-nazare-e-fica-em-prisao-preventiva\/","og_site_name":"Tribunal Judicial da Comarca de Leiria","article_published_time":"2026-04-29T10:22:49+00:00","article_modified_time":"2026-04-29T10:22:50+00:00","author":"leiria","twitter_card":"summary_large_image","twitter_misc":{"Escrito por":"leiria","Tempo estimado de leitura":"2 minutos"},"schema":{"@context":"https:\/\/schema.org","@graph":[{"@type":"Article","@id":"https:\/\/comarcas.csm.org.pt\/leiria\/blog\/2026\/04\/29\/agride-policia-na-nazare-e-fica-em-prisao-preventiva\/#article","isPartOf":{"@id":"https:\/\/comarcas.csm.org.pt\/leiria\/blog\/2026\/04\/29\/agride-policia-na-nazare-e-fica-em-prisao-preventiva\/"},"author":{"name":"leiria","@id":"https:\/\/comarcas.csm.org.pt\/leiria\/#\/schema\/person\/9057b6fbd670d5a2e931712cd357d806"},"headline":"Agride pol\u00edcia na Nazar\u00e9 e fica em pris\u00e3o preventiva","datePublished":"2026-04-29T10:22:49+00:00","dateModified":"2026-04-29T10:22:50+00:00","mainEntityOfPage":{"@id":"https:\/\/comarcas.csm.org.pt\/leiria\/blog\/2026\/04\/29\/agride-policia-na-nazare-e-fica-em-prisao-preventiva\/"},"wordCount":258,"publisher":{"@id":"https:\/\/comarcas.csm.org.pt\/leiria\/#organization"},"articleSection":["Geral","Not\u00edcias"],"inLanguage":"pt-PT"},{"@type":"WebPage","@id":"https:\/\/comarcas.csm.org.pt\/leiria\/blog\/2026\/04\/29\/agride-policia-na-nazare-e-fica-em-prisao-preventiva\/","url":"https:\/\/comarcas.csm.org.pt\/leiria\/blog\/2026\/04\/29\/agride-policia-na-nazare-e-fica-em-prisao-preventiva\/","name":"Agride pol\u00edcia na Nazar\u00e9 e fica em pris\u00e3o preventiva - Tribunal Judicial da Comarca de Leiria","isPartOf":{"@id":"https:\/\/comarcas.csm.org.pt\/leiria\/#website"},"datePublished":"2026-04-29T10:22:49+00:00","dateModified":"2026-04-29T10:22:50+00:00","breadcrumb":{"@id":"https:\/\/comarcas.csm.org.pt\/leiria\/blog\/2026\/04\/29\/agride-policia-na-nazare-e-fica-em-prisao-preventiva\/#breadcrumb"},"inLanguage":"pt-PT","potentialAction":[{"@type":"ReadAction","target":["https:\/\/comarcas.csm.org.pt\/leiria\/blog\/2026\/04\/29\/agride-policia-na-nazare-e-fica-em-prisao-preventiva\/"]}]},{"@type":"BreadcrumbList","@id":"https:\/\/comarcas.csm.org.pt\/leiria\/blog\/2026\/04\/29\/agride-policia-na-nazare-e-fica-em-prisao-preventiva\/#breadcrumb","itemListElement":[{"@type":"ListItem","position":1,"name":"In\u00edcio","item":"https:\/\/comarcas.csm.org.pt\/leiria\/"},{"@type":"ListItem","position":2,"name":"Agride pol\u00edcia na Nazar\u00e9 e fica em pris\u00e3o preventiva"}]},{"@type":"WebSite","@id":"https:\/\/comarcas.csm.org.pt\/leiria\/#website","url":"https:\/\/comarcas.csm.org.pt\/leiria\/","name":"Tribunal Judicial da Comarca de Leiria","description":"Tribunal Judicial da Comarca de Aveiro","publisher":{"@id":"https:\/\/comarcas.csm.org.pt\/leiria\/#organization"},"potentialAction":[{"@type":"SearchAction","target":{"@type":"EntryPoint","urlTemplate":"https:\/\/comarcas.csm.org.pt\/leiria\/?s={search_term_string}"},"query-input":{"@type":"PropertyValueSpecification","valueRequired":true,"valueName":"search_term_string"}}],"inLanguage":"pt-PT"},{"@type":"Organization","@id":"https:\/\/comarcas.csm.org.pt\/leiria\/#organization","name":"Tribunal Judicial da Comarca de Leiria","url":"https:\/\/comarcas.csm.org.pt\/leiria\/","logo":{"@type":"ImageObject","inLanguage":"pt-PT","@id":"https:\/\/comarcas.csm.org.pt\/leiria\/#\/schema\/logo\/image\/","url":"https:\/\/comarcas.csm.org.pt\/leiria\/wp-content\/uploads\/sites\/16\/2024\/11\/Leiria_positivo-horizontal.png","contentUrl":"https:\/\/comarcas.csm.org.pt\/leiria\/wp-content\/uploads\/sites\/16\/2024\/11\/Leiria_positivo-horizontal.png","width":5088,"height":890,"caption":"Tribunal Judicial da Comarca de Leiria"},"image":{"@id":"https:\/\/comarcas.csm.org.pt\/leiria\/#\/schema\/logo\/image\/"}},{"@type":"Person","@id":"https:\/\/comarcas.csm.org.pt\/leiria\/#\/schema\/person\/9057b6fbd670d5a2e931712cd357d806","name":"leiria","image":{"@type":"ImageObject","inLanguage":"pt-PT","@id":"https:\/\/comarcas.csm.org.pt\/leiria\/#\/schema\/person\/image\/","url":"https:\/\/secure.gravatar.com\/avatar\/399a72a2630b07d71a4e0167744303361d26ed8a993be2c5686bbe5ff44b469f?s=96&d=mm&r=g","contentUrl":"https:\/\/secure.gravatar.com\/avatar\/399a72a2630b07d71a4e0167744303361d26ed8a993be2c5686bbe5ff44b469f?s=96&d=mm&r=g","caption":"leiria"},"url":"https:\/\/comarcas.csm.org.pt\/leiria\/blog\/author\/leiria\/"}]}},"_links":{"self":[{"href":"https:\/\/comarcas.csm.org.pt\/leiria\/wp-json\/wp\/v2\/posts\/13679","targetHints":{"allow":["GET"]}}],"collection":[{"href":"https:\/\/comarcas.csm.org.pt\/leiria\/wp-json\/wp\/v2\/posts"}],"about":[{"href":"https:\/\/comarcas.csm.org.pt\/leiria\/wp-json\/wp\/v2\/types\/post"}],"author":[{"embeddable":true,"href":"https:\/\/comarcas.csm.org.pt\/leiria\/wp-json\/wp\/v2\/users\/16"}],"replies":[{"embeddable":true,"href":"https:\/\/comarcas.csm.org.pt\/leiria\/wp-json\/wp\/v2\/comments?post=13679"}],"version-history":[{"count":1,"href":"https:\/\/comarcas.csm.org.pt\/leiria\/wp-json\/wp\/v2\/posts\/13679\/revisions"}],"predecessor-version":[{"id":13680,"href":"https:\/\/comarcas.csm.org.pt\/leiria\/wp-json\/wp\/v2\/posts\/13679\/revisions\/13680"}],"wp:attachment":[{"href":"https:\/\/comarcas.csm.org.pt\/leiria\/wp-json\/wp\/v2\/media?parent=13679"}],"wp:term":[{"taxonomy":"category","embeddable":true,"href":"https:\/\/comarcas.csm.org.pt\/leiria\/wp-json\/wp\/v2\/categories?post=13679"},{"taxonomy":"post_tag","embeddable":true,"href":"https:\/\/comarcas.csm.org.pt\/leiria\/wp-json\/wp\/v2\/tags?post=13679"}],"curies":[{"name":"wp","href":"https:\/\/api.w.org\/{rel}","templated":true}]}}