{"id":13681,"date":"2026-04-29T10:25:23","date_gmt":"2026-04-29T10:25:23","guid":{"rendered":"https:\/\/comarcas.csm.org.pt\/leiria\/?p=13681"},"modified":"2026-04-29T10:25:24","modified_gmt":"2026-04-29T10:25:24","slug":"mulheres-detidas-por-suspeita-de-maus-tratos-a-idosos-em-obidos","status":"publish","type":"post","link":"https:\/\/comarcas.csm.org.pt\/leiria\/blog\/2026\/04\/29\/mulheres-detidas-por-suspeita-de-maus-tratos-a-idosos-em-obidos\/","title":{"rendered":"Mulheres detidas por suspeita de maus-tratos a idosos em \u00d3bidos"},"content":{"rendered":"\n<p>In <a href=\"https:\/\/www.jornaldeleiria.pt\/noticia\/mulheres-detidas-por-suspeita-de-maus-tratos-a-idosos-em-obidos\">Jornal de Leiria<\/a>, de 28-04-2026<\/p>\n\n\n\n<p><strong>A investiga\u00e7\u00e3o da GNR, iniciada em Julho de 2025, j\u00e1 havia levado ao encerramento de uma estrutura ilegal de acolhimento de idosos<\/strong><\/p>\n\n\n\n<p>Duas mulheres de 27 e 51 anos foram hoje detidas pelo N\u00facleo de Investiga\u00e7\u00e3o e Apoio a V\u00edtimas Espec\u00edficas (NIAVE) da GNR de Leiria, pelo crime de maus-tratos a idosos, na localidade de Olho Marinho, concelho de \u00d3bidos.<\/p>\n\n\n\n<p>A opera\u00e7\u00e3o decorreu no \u00e2mbito de uma investiga\u00e7\u00e3o iniciada em Julho de 2025, que j\u00e1 havia levado ao encerramento de uma estrutura ilegal de acolhimento de idosos, no concelho de Peniche, explica um comunicado do Comando Territorial da GNR de Leiria.<\/p>\n\n\n\n<p>\u00c0 data, tr\u00eas idosos foram retirados do local e encaminhados para familiares e institui\u00e7\u00f5es licenciadas. &#8220;No seguimento das dilig\u00eancias, os militares da Guarda realizaram tr\u00eas buscas em resid\u00eancias e uma em ve\u00edculo, na localidade de Olho Marinho, que resultaram na apreens\u00e3o de material inform\u00e1tico e documenta\u00e7\u00e3o com elevada relev\u00e2ncia probat\u00f3ria&#8221;, refere o comunicado.<\/p>\n\n\n\n<p>Foi agora dado cumprimento a dois mandados de deten\u00e7\u00e3o, &#8220;tendo as suspeitas sido identificadas pela sua liga\u00e7\u00e3o directa ao funcionamento da referida estrutura ilegal e por fortes ind\u00edcios da pr\u00e1tica do crime de maus-tratos a idosos&#8221;.<\/p>\n\n\n\n<p>A GNR sinalizou ainda duas habita\u00e7\u00f5es distintas, onde se encontravam mais dois idosos (um em cada resid\u00eancia), &#8220;um dos quais foi encaminhado para internamento no Hospital de Caldas da Rainha devido a ferimentos&#8221;.<\/p>\n\n\n\n<p>Face \u00e0s condi\u00e7\u00f5es verificadas, foi solicitada a interven\u00e7\u00e3o imediata da Seguran\u00e7a Social, estando a situa\u00e7\u00e3o a ser avaliada por t\u00e9cnicos do Centro Distrital de Leiria para garantir o encaminhamento para respostas sociais adequadas.<\/p>\n\n\n\n<p>As detidas, que j\u00e1 possuem antecedentes criminais pelo mesmo tipo de il\u00edcito, ser\u00e3o presentes ao Tribunal Judicial de Leiria para primeiro interrogat\u00f3rio judicial e aplica\u00e7\u00e3o das medidas de coac\u00e7\u00e3o.<\/p>\n\n\n\n<p>A opera\u00e7\u00e3o contou com o apoio do Destacamento de Interven\u00e7\u00e3o (DI), do Destacamento Territorial das Caldas da Rainha, tendo ainda sido refor\u00e7ada por uma equipa de fiscaliza\u00e7\u00e3o do Centro da Seguran\u00e7a Social.<\/p>\n","protected":false},"excerpt":{"rendered":"<p>In Jornal de Leiria, de 28-04-2026 A investiga\u00e7\u00e3o da GNR, iniciada em Julho de 2025, j\u00e1 havia levado ao encerramento de uma estrutura ilegal de acolhimento de idosos Duas mulheres de 27 e 51 anos&#8230;<\/p>\n","protected":false},"author":16,"featured_media":0,"comment_status":"closed","ping_status":"open","sticky":false,"template":"","format":"standard","meta":{"_tbt_post_transparent":"","_tbt_post_title":"","_tbt_post_layout":"","_tbt_post_sidebar_id":"","_tbt_post_content_style":"","_tbt_post_vertical_padding":"","_tbt_post_feature":"","_tbt_post_feature_position":"","_tbt_post_header":false,"_tbt_post_footer":false},"categories":[1,5],"tags":[],"class_list":["post-13681","post","type-post","status-publish","format-standard","hentry","category-geral","category-noticias"],"yoast_head":"<!-- This site is optimized with the Yoast SEO plugin v25.6 - https:\/\/yoast.com\/wordpress\/plugins\/seo\/ -->\n<title>Mulheres detidas por suspeita de maus-tratos a idosos em \u00d3bidos - Tribunal Judicial da Comarca de Leiria<\/title>\n<meta name=\"robots\" content=\"index, follow, max-snippet:-1, max-image-preview:large, max-video-preview:-1\" \/>\n<link rel=\"canonical\" href=\"https:\/\/comarcas.csm.org.pt\/leiria\/blog\/2026\/04\/29\/mulheres-detidas-por-suspeita-de-maus-tratos-a-idosos-em-obidos\/\" \/>\n<meta property=\"og:locale\" content=\"pt_PT\" \/>\n<meta property=\"og:type\" content=\"article\" \/>\n<meta property=\"og:title\" content=\"Mulheres detidas por suspeita de maus-tratos a idosos em \u00d3bidos - Tribunal Judicial da Comarca de Leiria\" \/>\n<meta property=\"og:description\" content=\"In Jornal de Leiria, de 28-04-2026 A investiga\u00e7\u00e3o da GNR, iniciada em Julho de 2025, j\u00e1 havia levado ao encerramento de uma estrutura ilegal de acolhimento de idosos Duas mulheres de 27 e 51 anos...\" \/>\n<meta property=\"og:url\" content=\"https:\/\/comarcas.csm.org.pt\/leiria\/blog\/2026\/04\/29\/mulheres-detidas-por-suspeita-de-maus-tratos-a-idosos-em-obidos\/\" \/>\n<meta property=\"og:site_name\" content=\"Tribunal Judicial da Comarca de Leiria\" \/>\n<meta property=\"article:published_time\" content=\"2026-04-29T10:25:23+00:00\" \/>\n<meta property=\"article:modified_time\" content=\"2026-04-29T10:25:24+00:00\" \/>\n<meta name=\"author\" content=\"leiria\" \/>\n<meta name=\"twitter:card\" content=\"summary_large_image\" \/>\n<meta name=\"twitter:label1\" content=\"Escrito por\" \/>\n\t<meta name=\"twitter:data1\" content=\"leiria\" \/>\n\t<meta name=\"twitter:label2\" content=\"Tempo estimado de leitura\" \/>\n\t<meta name=\"twitter:data2\" content=\"2 minutos\" \/>\n<script type=\"application\/ld+json\" class=\"yoast-schema-graph\">{\"@context\":\"https:\/\/schema.org\",\"@graph\":[{\"@type\":\"Article\",\"@id\":\"https:\/\/comarcas.csm.org.pt\/leiria\/blog\/2026\/04\/29\/mulheres-detidas-por-suspeita-de-maus-tratos-a-idosos-em-obidos\/#article\",\"isPartOf\":{\"@id\":\"https:\/\/comarcas.csm.org.pt\/leiria\/blog\/2026\/04\/29\/mulheres-detidas-por-suspeita-de-maus-tratos-a-idosos-em-obidos\/\"},\"author\":{\"name\":\"leiria\",\"@id\":\"https:\/\/comarcas.csm.org.pt\/leiria\/#\/schema\/person\/9057b6fbd670d5a2e931712cd357d806\"},\"headline\":\"Mulheres detidas por suspeita de maus-tratos a idosos em \u00d3bidos\",\"datePublished\":\"2026-04-29T10:25:23+00:00\",\"dateModified\":\"2026-04-29T10:25:24+00:00\",\"mainEntityOfPage\":{\"@id\":\"https:\/\/comarcas.csm.org.pt\/leiria\/blog\/2026\/04\/29\/mulheres-detidas-por-suspeita-de-maus-tratos-a-idosos-em-obidos\/\"},\"wordCount\":368,\"publisher\":{\"@id\":\"https:\/\/comarcas.csm.org.pt\/leiria\/#organization\"},\"articleSection\":[\"Geral\",\"Not\u00edcias\"],\"inLanguage\":\"pt-PT\"},{\"@type\":\"WebPage\",\"@id\":\"https:\/\/comarcas.csm.org.pt\/leiria\/blog\/2026\/04\/29\/mulheres-detidas-por-suspeita-de-maus-tratos-a-idosos-em-obidos\/\",\"url\":\"https:\/\/comarcas.csm.org.pt\/leiria\/blog\/2026\/04\/29\/mulheres-detidas-por-suspeita-de-maus-tratos-a-idosos-em-obidos\/\",\"name\":\"Mulheres detidas por suspeita de maus-tratos a idosos em \u00d3bidos - Tribunal Judicial da Comarca de Leiria\",\"isPartOf\":{\"@id\":\"https:\/\/comarcas.csm.org.pt\/leiria\/#website\"},\"datePublished\":\"2026-04-29T10:25:23+00:00\",\"dateModified\":\"2026-04-29T10:25:24+00:00\",\"breadcrumb\":{\"@id\":\"https:\/\/comarcas.csm.org.pt\/leiria\/blog\/2026\/04\/29\/mulheres-detidas-por-suspeita-de-maus-tratos-a-idosos-em-obidos\/#breadcrumb\"},\"inLanguage\":\"pt-PT\",\"potentialAction\":[{\"@type\":\"ReadAction\",\"target\":[\"https:\/\/comarcas.csm.org.pt\/leiria\/blog\/2026\/04\/29\/mulheres-detidas-por-suspeita-de-maus-tratos-a-idosos-em-obidos\/\"]}]},{\"@type\":\"BreadcrumbList\",\"@id\":\"https:\/\/comarcas.csm.org.pt\/leiria\/blog\/2026\/04\/29\/mulheres-detidas-por-suspeita-de-maus-tratos-a-idosos-em-obidos\/#breadcrumb\",\"itemListElement\":[{\"@type\":\"ListItem\",\"position\":1,\"name\":\"In\u00edcio\",\"item\":\"https:\/\/comarcas.csm.org.pt\/leiria\/\"},{\"@type\":\"ListItem\",\"position\":2,\"name\":\"Mulheres detidas por suspeita de maus-tratos a idosos em \u00d3bidos\"}]},{\"@type\":\"WebSite\",\"@id\":\"https:\/\/comarcas.csm.org.pt\/leiria\/#website\",\"url\":\"https:\/\/comarcas.csm.org.pt\/leiria\/\",\"name\":\"Tribunal Judicial da Comarca de Leiria\",\"description\":\"Tribunal Judicial da Comarca de Aveiro\",\"publisher\":{\"@id\":\"https:\/\/comarcas.csm.org.pt\/leiria\/#organization\"},\"potentialAction\":[{\"@type\":\"SearchAction\",\"target\":{\"@type\":\"EntryPoint\",\"urlTemplate\":\"https:\/\/comarcas.csm.org.pt\/leiria\/?s={search_term_string}\"},\"query-input\":{\"@type\":\"PropertyValueSpecification\",\"valueRequired\":true,\"valueName\":\"search_term_string\"}}],\"inLanguage\":\"pt-PT\"},{\"@type\":\"Organization\",\"@id\":\"https:\/\/comarcas.csm.org.pt\/leiria\/#organization\",\"name\":\"Tribunal Judicial da Comarca de Leiria\",\"url\":\"https:\/\/comarcas.csm.org.pt\/leiria\/\",\"logo\":{\"@type\":\"ImageObject\",\"inLanguage\":\"pt-PT\",\"@id\":\"https:\/\/comarcas.csm.org.pt\/leiria\/#\/schema\/logo\/image\/\",\"url\":\"https:\/\/comarcas.csm.org.pt\/leiria\/wp-content\/uploads\/sites\/16\/2024\/11\/Leiria_positivo-horizontal.png\",\"contentUrl\":\"https:\/\/comarcas.csm.org.pt\/leiria\/wp-content\/uploads\/sites\/16\/2024\/11\/Leiria_positivo-horizontal.png\",\"width\":5088,\"height\":890,\"caption\":\"Tribunal Judicial da Comarca de Leiria\"},\"image\":{\"@id\":\"https:\/\/comarcas.csm.org.pt\/leiria\/#\/schema\/logo\/image\/\"}},{\"@type\":\"Person\",\"@id\":\"https:\/\/comarcas.csm.org.pt\/leiria\/#\/schema\/person\/9057b6fbd670d5a2e931712cd357d806\",\"name\":\"leiria\",\"image\":{\"@type\":\"ImageObject\",\"inLanguage\":\"pt-PT\",\"@id\":\"https:\/\/comarcas.csm.org.pt\/leiria\/#\/schema\/person\/image\/\",\"url\":\"https:\/\/secure.gravatar.com\/avatar\/399a72a2630b07d71a4e0167744303361d26ed8a993be2c5686bbe5ff44b469f?s=96&d=mm&r=g\",\"contentUrl\":\"https:\/\/secure.gravatar.com\/avatar\/399a72a2630b07d71a4e0167744303361d26ed8a993be2c5686bbe5ff44b469f?s=96&d=mm&r=g\",\"caption\":\"leiria\"},\"url\":\"https:\/\/comarcas.csm.org.pt\/leiria\/blog\/author\/leiria\/\"}]}<\/script>\n<!-- \/ Yoast SEO plugin. -->","yoast_head_json":{"title":"Mulheres detidas por suspeita de maus-tratos a idosos em \u00d3bidos - Tribunal Judicial da Comarca de Leiria","robots":{"index":"index","follow":"follow","max-snippet":"max-snippet:-1","max-image-preview":"max-image-preview:large","max-video-preview":"max-video-preview:-1"},"canonical":"https:\/\/comarcas.csm.org.pt\/leiria\/blog\/2026\/04\/29\/mulheres-detidas-por-suspeita-de-maus-tratos-a-idosos-em-obidos\/","og_locale":"pt_PT","og_type":"article","og_title":"Mulheres detidas por suspeita de maus-tratos a idosos em \u00d3bidos - Tribunal Judicial da Comarca de Leiria","og_description":"In Jornal de Leiria, de 28-04-2026 A investiga\u00e7\u00e3o da GNR, iniciada em Julho de 2025, j\u00e1 havia levado ao encerramento de uma estrutura ilegal de acolhimento de idosos Duas mulheres de 27 e 51 anos...","og_url":"https:\/\/comarcas.csm.org.pt\/leiria\/blog\/2026\/04\/29\/mulheres-detidas-por-suspeita-de-maus-tratos-a-idosos-em-obidos\/","og_site_name":"Tribunal Judicial da Comarca de Leiria","article_published_time":"2026-04-29T10:25:23+00:00","article_modified_time":"2026-04-29T10:25:24+00:00","author":"leiria","twitter_card":"summary_large_image","twitter_misc":{"Escrito por":"leiria","Tempo estimado de leitura":"2 minutos"},"schema":{"@context":"https:\/\/schema.org","@graph":[{"@type":"Article","@id":"https:\/\/comarcas.csm.org.pt\/leiria\/blog\/2026\/04\/29\/mulheres-detidas-por-suspeita-de-maus-tratos-a-idosos-em-obidos\/#article","isPartOf":{"@id":"https:\/\/comarcas.csm.org.pt\/leiria\/blog\/2026\/04\/29\/mulheres-detidas-por-suspeita-de-maus-tratos-a-idosos-em-obidos\/"},"author":{"name":"leiria","@id":"https:\/\/comarcas.csm.org.pt\/leiria\/#\/schema\/person\/9057b6fbd670d5a2e931712cd357d806"},"headline":"Mulheres detidas por suspeita de maus-tratos a idosos em \u00d3bidos","datePublished":"2026-04-29T10:25:23+00:00","dateModified":"2026-04-29T10:25:24+00:00","mainEntityOfPage":{"@id":"https:\/\/comarcas.csm.org.pt\/leiria\/blog\/2026\/04\/29\/mulheres-detidas-por-suspeita-de-maus-tratos-a-idosos-em-obidos\/"},"wordCount":368,"publisher":{"@id":"https:\/\/comarcas.csm.org.pt\/leiria\/#organization"},"articleSection":["Geral","Not\u00edcias"],"inLanguage":"pt-PT"},{"@type":"WebPage","@id":"https:\/\/comarcas.csm.org.pt\/leiria\/blog\/2026\/04\/29\/mulheres-detidas-por-suspeita-de-maus-tratos-a-idosos-em-obidos\/","url":"https:\/\/comarcas.csm.org.pt\/leiria\/blog\/2026\/04\/29\/mulheres-detidas-por-suspeita-de-maus-tratos-a-idosos-em-obidos\/","name":"Mulheres detidas por suspeita de maus-tratos a idosos em \u00d3bidos - Tribunal Judicial da Comarca de Leiria","isPartOf":{"@id":"https:\/\/comarcas.csm.org.pt\/leiria\/#website"},"datePublished":"2026-04-29T10:25:23+00:00","dateModified":"2026-04-29T10:25:24+00:00","breadcrumb":{"@id":"https:\/\/comarcas.csm.org.pt\/leiria\/blog\/2026\/04\/29\/mulheres-detidas-por-suspeita-de-maus-tratos-a-idosos-em-obidos\/#breadcrumb"},"inLanguage":"pt-PT","potentialAction":[{"@type":"ReadAction","target":["https:\/\/comarcas.csm.org.pt\/leiria\/blog\/2026\/04\/29\/mulheres-detidas-por-suspeita-de-maus-tratos-a-idosos-em-obidos\/"]}]},{"@type":"BreadcrumbList","@id":"https:\/\/comarcas.csm.org.pt\/leiria\/blog\/2026\/04\/29\/mulheres-detidas-por-suspeita-de-maus-tratos-a-idosos-em-obidos\/#breadcrumb","itemListElement":[{"@type":"ListItem","position":1,"name":"In\u00edcio","item":"https:\/\/comarcas.csm.org.pt\/leiria\/"},{"@type":"ListItem","position":2,"name":"Mulheres detidas por suspeita de maus-tratos a idosos em \u00d3bidos"}]},{"@type":"WebSite","@id":"https:\/\/comarcas.csm.org.pt\/leiria\/#website","url":"https:\/\/comarcas.csm.org.pt\/leiria\/","name":"Tribunal Judicial da Comarca de Leiria","description":"Tribunal Judicial da Comarca de Aveiro","publisher":{"@id":"https:\/\/comarcas.csm.org.pt\/leiria\/#organization"},"potentialAction":[{"@type":"SearchAction","target":{"@type":"EntryPoint","urlTemplate":"https:\/\/comarcas.csm.org.pt\/leiria\/?s={search_term_string}"},"query-input":{"@type":"PropertyValueSpecification","valueRequired":true,"valueName":"search_term_string"}}],"inLanguage":"pt-PT"},{"@type":"Organization","@id":"https:\/\/comarcas.csm.org.pt\/leiria\/#organization","name":"Tribunal Judicial da Comarca de Leiria","url":"https:\/\/comarcas.csm.org.pt\/leiria\/","logo":{"@type":"ImageObject","inLanguage":"pt-PT","@id":"https:\/\/comarcas.csm.org.pt\/leiria\/#\/schema\/logo\/image\/","url":"https:\/\/comarcas.csm.org.pt\/leiria\/wp-content\/uploads\/sites\/16\/2024\/11\/Leiria_positivo-horizontal.png","contentUrl":"https:\/\/comarcas.csm.org.pt\/leiria\/wp-content\/uploads\/sites\/16\/2024\/11\/Leiria_positivo-horizontal.png","width":5088,"height":890,"caption":"Tribunal Judicial da Comarca de Leiria"},"image":{"@id":"https:\/\/comarcas.csm.org.pt\/leiria\/#\/schema\/logo\/image\/"}},{"@type":"Person","@id":"https:\/\/comarcas.csm.org.pt\/leiria\/#\/schema\/person\/9057b6fbd670d5a2e931712cd357d806","name":"leiria","image":{"@type":"ImageObject","inLanguage":"pt-PT","@id":"https:\/\/comarcas.csm.org.pt\/leiria\/#\/schema\/person\/image\/","url":"https:\/\/secure.gravatar.com\/avatar\/399a72a2630b07d71a4e0167744303361d26ed8a993be2c5686bbe5ff44b469f?s=96&d=mm&r=g","contentUrl":"https:\/\/secure.gravatar.com\/avatar\/399a72a2630b07d71a4e0167744303361d26ed8a993be2c5686bbe5ff44b469f?s=96&d=mm&r=g","caption":"leiria"},"url":"https:\/\/comarcas.csm.org.pt\/leiria\/blog\/author\/leiria\/"}]}},"_links":{"self":[{"href":"https:\/\/comarcas.csm.org.pt\/leiria\/wp-json\/wp\/v2\/posts\/13681","targetHints":{"allow":["GET"]}}],"collection":[{"href":"https:\/\/comarcas.csm.org.pt\/leiria\/wp-json\/wp\/v2\/posts"}],"about":[{"href":"https:\/\/comarcas.csm.org.pt\/leiria\/wp-json\/wp\/v2\/types\/post"}],"author":[{"embeddable":true,"href":"https:\/\/comarcas.csm.org.pt\/leiria\/wp-json\/wp\/v2\/users\/16"}],"replies":[{"embeddable":true,"href":"https:\/\/comarcas.csm.org.pt\/leiria\/wp-json\/wp\/v2\/comments?post=13681"}],"version-history":[{"count":1,"href":"https:\/\/comarcas.csm.org.pt\/leiria\/wp-json\/wp\/v2\/posts\/13681\/revisions"}],"predecessor-version":[{"id":13682,"href":"https:\/\/comarcas.csm.org.pt\/leiria\/wp-json\/wp\/v2\/posts\/13681\/revisions\/13682"}],"wp:attachment":[{"href":"https:\/\/comarcas.csm.org.pt\/leiria\/wp-json\/wp\/v2\/media?parent=13681"}],"wp:term":[{"taxonomy":"category","embeddable":true,"href":"https:\/\/comarcas.csm.org.pt\/leiria\/wp-json\/wp\/v2\/categories?post=13681"},{"taxonomy":"post_tag","embeddable":true,"href":"https:\/\/comarcas.csm.org.pt\/leiria\/wp-json\/wp\/v2\/tags?post=13681"}],"curies":[{"name":"wp","href":"https:\/\/api.w.org\/{rel}","templated":true}]}}