{"id":12580,"date":"2025-07-30T09:12:43","date_gmt":"2025-07-30T09:12:43","guid":{"rendered":"https:\/\/comarcas.csm.org.pt\/lisboa-norte\/?p=12580"},"modified":"2025-07-30T09:12:44","modified_gmt":"2025-07-30T09:12:44","slug":"juiza-presidente-do-tribunal-judicial-da-comarca-de-lisboa-norte-marca-presenca-na-tomada-de-posse-da-delegacao-de-torres-vedras-da-ordem-dos-advogados","status":"publish","type":"post","link":"https:\/\/comarcas.csm.org.pt\/lisboa-norte\/blog\/2025\/07\/30\/juiza-presidente-do-tribunal-judicial-da-comarca-de-lisboa-norte-marca-presenca-na-tomada-de-posse-da-delegacao-de-torres-vedras-da-ordem-dos-advogados\/","title":{"rendered":"Ju\u00edza Presidente do Tribunal Judicial da Comarca de Lisboa Norte marca presen\u00e7a na tomada de posse da Delega\u00e7\u00e3o de Torres vEDRAS DA ordem dos Advogados"},"content":{"rendered":"\n<p><\/p>\n\n\n\n<p>No passado dia de ontem, a Ju\u00edza Presidente do Tribunal Judicial da Comarca de Lisboa Norte, Dr\u00aa Sara Pina Cabral, esteve presente na cerim\u00f3nia de tomada de posse da nova dire\u00e7\u00e3o da Delega\u00e7\u00e3o de Torres Vedras da Ordem dos Advogados, que teve lugar nas instala\u00e7\u00f5es da referida delega\u00e7\u00e3o. <\/p>\n\n\n\n<p>A presen\u00e7a da Ju\u00edza Presidente em representa\u00e7\u00e3o do Tribunal, simboliza o reconhecimento da import\u00e2ncia da colabora\u00e7\u00e3o institucional entre o poder judicial e a advocacia, pilares fundamentais na promo\u00e7\u00e3o e na defesa dos direitos dos cidad\u00e3os. <\/p>\n\n\n\n<p>Durante a cerim\u00f3nia, foi empossada a nova dire\u00e7\u00e3o da Delega\u00e7\u00e3o, liderada pela Dr\u00aa Cl\u00e1udia L\u00facio Gomes, que assumiu o compromisso de continuar a dignificar a profiss\u00e3o e a refor\u00e7ar os la\u00e7os com as demais entidades do sistema de justi\u00e7a. <\/p>\n\n\n\n<p>A Ju\u00edza Presidente felicitou os novos dirigentes e expressou votos de um mandato prof\u00edcuo, pautado pelo di\u00e1logo, coopera\u00e7\u00e3o e respeito m\u00fatuo entre magistrados e advogados, em beneficio de uma justi\u00e7a mais c\u00e9lere, acess\u00edvel e humanizada. <\/p>\n\n\n\n<p><strong>DELEGA\u00c7\u00c3O EMPOSSADA: <\/strong><\/p>\n\n\n\n<p>Presidente: Dr\u00aa Cl\u00e1udia L\u00facio Gomes<\/p>\n\n\n\n<p>Vogal: Dr. Duarte Freitas Viveiro<\/p>\n\n\n\n<p>Vogal: Dr\u00aa Cl\u00e1udia Costa Pereira<\/p>\n\n\n\n<figure class=\"wp-block-gallery has-nested-images columns-default is-cropped wp-block-gallery-1 is-layout-flex wp-block-gallery-is-layout-flex\">\n<figure class=\"wp-block-image size-large\"><img fetchpriority=\"high\" decoding=\"async\" width=\"768\" height=\"1024\" data-id=\"12578\" src=\"https:\/\/comarcas.csm.org.pt\/lisboa-norte\/wp-content\/uploads\/sites\/18\/2025\/07\/IMG-20250730-WA0001-768x1024.jpg\" alt=\"\" class=\"wp-image-12578\" srcset=\"https:\/\/comarcas.csm.org.pt\/lisboa-norte\/wp-content\/uploads\/sites\/18\/2025\/07\/IMG-20250730-WA0001-768x1024.jpg 768w, https:\/\/comarcas.csm.org.pt\/lisboa-norte\/wp-content\/uploads\/sites\/18\/2025\/07\/IMG-20250730-WA0001-225x300.jpg 225w, https:\/\/comarcas.csm.org.pt\/lisboa-norte\/wp-content\/uploads\/sites\/18\/2025\/07\/IMG-20250730-WA0001-1152x1536.jpg 1152w, https:\/\/comarcas.csm.org.pt\/lisboa-norte\/wp-content\/uploads\/sites\/18\/2025\/07\/IMG-20250730-WA0001.jpg 1200w\" sizes=\"(max-width: 768px) 100vw, 768px\" \/><\/figure>\n\n\n\n<figure class=\"wp-block-image size-large\"><img decoding=\"async\" width=\"768\" height=\"1024\" data-id=\"12577\" src=\"https:\/\/comarcas.csm.org.pt\/lisboa-norte\/wp-content\/uploads\/sites\/18\/2025\/07\/IMG-20250730-WA0002-768x1024.jpg\" alt=\"\" class=\"wp-image-12577\" srcset=\"https:\/\/comarcas.csm.org.pt\/lisboa-norte\/wp-content\/uploads\/sites\/18\/2025\/07\/IMG-20250730-WA0002-768x1024.jpg 768w, https:\/\/comarcas.csm.org.pt\/lisboa-norte\/wp-content\/uploads\/sites\/18\/2025\/07\/IMG-20250730-WA0002-225x300.jpg 225w, https:\/\/comarcas.csm.org.pt\/lisboa-norte\/wp-content\/uploads\/sites\/18\/2025\/07\/IMG-20250730-WA0002-1152x1536.jpg 1152w, https:\/\/comarcas.csm.org.pt\/lisboa-norte\/wp-content\/uploads\/sites\/18\/2025\/07\/IMG-20250730-WA0002.jpg 1200w\" sizes=\"(max-width: 768px) 100vw, 768px\" \/><\/figure>\n\n\n\n<figure class=\"wp-block-image size-large\"><img decoding=\"async\" width=\"768\" height=\"1024\" data-id=\"12576\" src=\"https:\/\/comarcas.csm.org.pt\/lisboa-norte\/wp-content\/uploads\/sites\/18\/2025\/07\/IMG-20250730-WA0000-768x1024.jpg\" alt=\"\" class=\"wp-image-12576\" srcset=\"https:\/\/comarcas.csm.org.pt\/lisboa-norte\/wp-content\/uploads\/sites\/18\/2025\/07\/IMG-20250730-WA0000-768x1024.jpg 768w, https:\/\/comarcas.csm.org.pt\/lisboa-norte\/wp-content\/uploads\/sites\/18\/2025\/07\/IMG-20250730-WA0000-225x300.jpg 225w, https:\/\/comarcas.csm.org.pt\/lisboa-norte\/wp-content\/uploads\/sites\/18\/2025\/07\/IMG-20250730-WA0000-1152x1536.jpg 1152w, https:\/\/comarcas.csm.org.pt\/lisboa-norte\/wp-content\/uploads\/sites\/18\/2025\/07\/IMG-20250730-WA0000.jpg 1200w\" sizes=\"(max-width: 768px) 100vw, 768px\" \/><\/figure>\n<\/figure>\n","protected":false},"excerpt":{"rendered":"<p>No passado dia de ontem, a Ju\u00edza Presidente do Tribunal Judicial da Comarca de Lisboa Norte, Dr\u00aa Sara Pina Cabral, esteve presente na cerim\u00f3nia de tomada de posse da nova dire\u00e7\u00e3o da Delega\u00e7\u00e3o de Torres&#8230;<\/p>\n","protected":false},"author":18,"featured_media":0,"comment_status":"closed","ping_status":"open","sticky":false,"template":"","format":"standard","meta":{"_tbt_post_transparent":"","_tbt_post_title":"","_tbt_post_layout":"","_tbt_post_sidebar_id":"","_tbt_post_content_style":"","_tbt_post_vertical_padding":"","_tbt_post_feature":"","_tbt_post_feature_position":"","_tbt_post_header":false,"_tbt_post_footer":false},"categories":[1,5],"tags":[],"class_list":["post-12580","post","type-post","status-publish","format-standard","hentry","category-geral","category-noticias"],"yoast_head":"<!-- This site is optimized with the Yoast SEO plugin v25.6 - https:\/\/yoast.com\/wordpress\/plugins\/seo\/ -->\n<title>Ju\u00edza Presidente do Tribunal Judicial da Comarca de Lisboa Norte marca presen\u00e7a na tomada de posse da Delega\u00e7\u00e3o de Torres vEDRAS DA ordem dos Advogados - Tribunal Judicial da Comarca de Lisboa Norte<\/title>\n<meta name=\"robots\" content=\"index, follow, max-snippet:-1, max-image-preview:large, max-video-preview:-1\" \/>\n<link rel=\"canonical\" href=\"https:\/\/comarcas.csm.org.pt\/lisboa-norte\/blog\/2025\/07\/30\/juiza-presidente-do-tribunal-judicial-da-comarca-de-lisboa-norte-marca-presenca-na-tomada-de-posse-da-delegacao-de-torres-vedras-da-ordem-dos-advogados\/\" \/>\n<meta property=\"og:locale\" content=\"pt_PT\" \/>\n<meta property=\"og:type\" content=\"article\" \/>\n<meta property=\"og:title\" content=\"Ju\u00edza Presidente do Tribunal Judicial da Comarca de Lisboa Norte marca presen\u00e7a na tomada de posse da Delega\u00e7\u00e3o de Torres vEDRAS DA ordem dos Advogados - Tribunal Judicial da Comarca de Lisboa Norte\" \/>\n<meta property=\"og:description\" content=\"No passado dia de ontem, a Ju\u00edza Presidente do Tribunal Judicial da Comarca de Lisboa Norte, Dr\u00aa Sara Pina Cabral, esteve presente na cerim\u00f3nia de tomada de posse da nova dire\u00e7\u00e3o da Delega\u00e7\u00e3o de Torres...\" \/>\n<meta property=\"og:url\" content=\"https:\/\/comarcas.csm.org.pt\/lisboa-norte\/blog\/2025\/07\/30\/juiza-presidente-do-tribunal-judicial-da-comarca-de-lisboa-norte-marca-presenca-na-tomada-de-posse-da-delegacao-de-torres-vedras-da-ordem-dos-advogados\/\" \/>\n<meta property=\"og:site_name\" content=\"Tribunal Judicial da Comarca de Lisboa Norte\" \/>\n<meta property=\"article:published_time\" content=\"2025-07-30T09:12:43+00:00\" \/>\n<meta property=\"article:modified_time\" content=\"2025-07-30T09:12:44+00:00\" \/>\n<meta property=\"og:image\" content=\"https:\/\/comarcas.csm.org.pt\/lisboa-norte\/wp-content\/uploads\/sites\/18\/2025\/07\/IMG-20250730-WA0001.jpg\" \/>\n\t<meta property=\"og:image:width\" content=\"1200\" \/>\n\t<meta property=\"og:image:height\" content=\"1600\" \/>\n\t<meta property=\"og:image:type\" content=\"image\/jpeg\" \/>\n<meta name=\"author\" content=\"lisboanorte\" \/>\n<meta name=\"twitter:card\" content=\"summary_large_image\" \/>\n<meta name=\"twitter:label1\" content=\"Escrito por\" \/>\n\t<meta name=\"twitter:data1\" content=\"lisboanorte\" \/>\n\t<meta name=\"twitter:label2\" content=\"Tempo estimado de leitura\" \/>\n\t<meta name=\"twitter:data2\" content=\"2 minutos\" \/>\n<script type=\"application\/ld+json\" class=\"yoast-schema-graph\">{\"@context\":\"https:\/\/schema.org\",\"@graph\":[{\"@type\":\"Article\",\"@id\":\"https:\/\/comarcas.csm.org.pt\/lisboa-norte\/blog\/2025\/07\/30\/juiza-presidente-do-tribunal-judicial-da-comarca-de-lisboa-norte-marca-presenca-na-tomada-de-posse-da-delegacao-de-torres-vedras-da-ordem-dos-advogados\/#article\",\"isPartOf\":{\"@id\":\"https:\/\/comarcas.csm.org.pt\/lisboa-norte\/blog\/2025\/07\/30\/juiza-presidente-do-tribunal-judicial-da-comarca-de-lisboa-norte-marca-presenca-na-tomada-de-posse-da-delegacao-de-torres-vedras-da-ordem-dos-advogados\/\"},\"author\":{\"name\":\"lisboanorte\",\"@id\":\"https:\/\/comarcas.csm.org.pt\/lisboa-norte\/#\/schema\/person\/c8e8655c9604aaa929584b8f096fecfb\"},\"headline\":\"Ju\u00edza Presidente do Tribunal Judicial da Comarca de Lisboa Norte marca presen\u00e7a na tomada de posse da Delega\u00e7\u00e3o de Torres vEDRAS DA ordem dos Advogados\",\"datePublished\":\"2025-07-30T09:12:43+00:00\",\"dateModified\":\"2025-07-30T09:12:44+00:00\",\"mainEntityOfPage\":{\"@id\":\"https:\/\/comarcas.csm.org.pt\/lisboa-norte\/blog\/2025\/07\/30\/juiza-presidente-do-tribunal-judicial-da-comarca-de-lisboa-norte-marca-presenca-na-tomada-de-posse-da-delegacao-de-torres-vedras-da-ordem-dos-advogados\/\"},\"wordCount\":236,\"publisher\":{\"@id\":\"https:\/\/comarcas.csm.org.pt\/lisboa-norte\/#organization\"},\"image\":{\"@id\":\"https:\/\/comarcas.csm.org.pt\/lisboa-norte\/blog\/2025\/07\/30\/juiza-presidente-do-tribunal-judicial-da-comarca-de-lisboa-norte-marca-presenca-na-tomada-de-posse-da-delegacao-de-torres-vedras-da-ordem-dos-advogados\/#primaryimage\"},\"thumbnailUrl\":\"https:\/\/comarcas.csm.org.pt\/lisboa-norte\/wp-content\/uploads\/sites\/18\/2025\/07\/IMG-20250730-WA0001-768x1024.jpg\",\"articleSection\":[\"Geral\",\"Not\u00edcias\"],\"inLanguage\":\"pt-PT\"},{\"@type\":\"WebPage\",\"@id\":\"https:\/\/comarcas.csm.org.pt\/lisboa-norte\/blog\/2025\/07\/30\/juiza-presidente-do-tribunal-judicial-da-comarca-de-lisboa-norte-marca-presenca-na-tomada-de-posse-da-delegacao-de-torres-vedras-da-ordem-dos-advogados\/\",\"url\":\"https:\/\/comarcas.csm.org.pt\/lisboa-norte\/blog\/2025\/07\/30\/juiza-presidente-do-tribunal-judicial-da-comarca-de-lisboa-norte-marca-presenca-na-tomada-de-posse-da-delegacao-de-torres-vedras-da-ordem-dos-advogados\/\",\"name\":\"Ju\u00edza Presidente do Tribunal Judicial da Comarca de Lisboa Norte marca presen\u00e7a na tomada de posse da Delega\u00e7\u00e3o de Torres vEDRAS DA ordem dos Advogados - Tribunal Judicial da Comarca de Lisboa Norte\",\"isPartOf\":{\"@id\":\"https:\/\/comarcas.csm.org.pt\/lisboa-norte\/#website\"},\"primaryImageOfPage\":{\"@id\":\"https:\/\/comarcas.csm.org.pt\/lisboa-norte\/blog\/2025\/07\/30\/juiza-presidente-do-tribunal-judicial-da-comarca-de-lisboa-norte-marca-presenca-na-tomada-de-posse-da-delegacao-de-torres-vedras-da-ordem-dos-advogados\/#primaryimage\"},\"image\":{\"@id\":\"https:\/\/comarcas.csm.org.pt\/lisboa-norte\/blog\/2025\/07\/30\/juiza-presidente-do-tribunal-judicial-da-comarca-de-lisboa-norte-marca-presenca-na-tomada-de-posse-da-delegacao-de-torres-vedras-da-ordem-dos-advogados\/#primaryimage\"},\"thumbnailUrl\":\"https:\/\/comarcas.csm.org.pt\/lisboa-norte\/wp-content\/uploads\/sites\/18\/2025\/07\/IMG-20250730-WA0001-768x1024.jpg\",\"datePublished\":\"2025-07-30T09:12:43+00:00\",\"dateModified\":\"2025-07-30T09:12:44+00:00\",\"breadcrumb\":{\"@id\":\"https:\/\/comarcas.csm.org.pt\/lisboa-norte\/blog\/2025\/07\/30\/juiza-presidente-do-tribunal-judicial-da-comarca-de-lisboa-norte-marca-presenca-na-tomada-de-posse-da-delegacao-de-torres-vedras-da-ordem-dos-advogados\/#breadcrumb\"},\"inLanguage\":\"pt-PT\",\"potentialAction\":[{\"@type\":\"ReadAction\",\"target\":[\"https:\/\/comarcas.csm.org.pt\/lisboa-norte\/blog\/2025\/07\/30\/juiza-presidente-do-tribunal-judicial-da-comarca-de-lisboa-norte-marca-presenca-na-tomada-de-posse-da-delegacao-de-torres-vedras-da-ordem-dos-advogados\/\"]}]},{\"@type\":\"ImageObject\",\"inLanguage\":\"pt-PT\",\"@id\":\"https:\/\/comarcas.csm.org.pt\/lisboa-norte\/blog\/2025\/07\/30\/juiza-presidente-do-tribunal-judicial-da-comarca-de-lisboa-norte-marca-presenca-na-tomada-de-posse-da-delegacao-de-torres-vedras-da-ordem-dos-advogados\/#primaryimage\",\"url\":\"https:\/\/comarcas.csm.org.pt\/lisboa-norte\/wp-content\/uploads\/sites\/18\/2025\/07\/IMG-20250730-WA0001.jpg\",\"contentUrl\":\"https:\/\/comarcas.csm.org.pt\/lisboa-norte\/wp-content\/uploads\/sites\/18\/2025\/07\/IMG-20250730-WA0001.jpg\",\"width\":1200,\"height\":1600},{\"@type\":\"BreadcrumbList\",\"@id\":\"https:\/\/comarcas.csm.org.pt\/lisboa-norte\/blog\/2025\/07\/30\/juiza-presidente-do-tribunal-judicial-da-comarca-de-lisboa-norte-marca-presenca-na-tomada-de-posse-da-delegacao-de-torres-vedras-da-ordem-dos-advogados\/#breadcrumb\",\"itemListElement\":[{\"@type\":\"ListItem\",\"position\":1,\"name\":\"In\u00edcio\",\"item\":\"https:\/\/comarcas.csm.org.pt\/lisboa-norte\/\"},{\"@type\":\"ListItem\",\"position\":2,\"name\":\"Ju\u00edza Presidente do Tribunal Judicial da Comarca de Lisboa Norte marca presen\u00e7a na tomada de posse da Delega\u00e7\u00e3o de Torres vEDRAS DA ordem dos Advogados\"}]},{\"@type\":\"WebSite\",\"@id\":\"https:\/\/comarcas.csm.org.pt\/lisboa-norte\/#website\",\"url\":\"https:\/\/comarcas.csm.org.pt\/lisboa-norte\/\",\"name\":\"Tribunal Judicial da Comarca de Lisboa Norte\",\"description\":\"Tribunal Judicial da Comarca de Aveiro\",\"publisher\":{\"@id\":\"https:\/\/comarcas.csm.org.pt\/lisboa-norte\/#organization\"},\"potentialAction\":[{\"@type\":\"SearchAction\",\"target\":{\"@type\":\"EntryPoint\",\"urlTemplate\":\"https:\/\/comarcas.csm.org.pt\/lisboa-norte\/?s={search_term_string}\"},\"query-input\":{\"@type\":\"PropertyValueSpecification\",\"valueRequired\":true,\"valueName\":\"search_term_string\"}}],\"inLanguage\":\"pt-PT\"},{\"@type\":\"Organization\",\"@id\":\"https:\/\/comarcas.csm.org.pt\/lisboa-norte\/#organization\",\"name\":\"Tribunal Judicial da Comarca de Lisboa Norte\",\"url\":\"https:\/\/comarcas.csm.org.pt\/lisboa-norte\/\",\"logo\":{\"@type\":\"ImageObject\",\"inLanguage\":\"pt-PT\",\"@id\":\"https:\/\/comarcas.csm.org.pt\/lisboa-norte\/#\/schema\/logo\/image\/\",\"url\":\"https:\/\/comarcas.csm.org.pt\/lisboa-norte\/wp-content\/uploads\/sites\/18\/2024\/11\/Lisboa-N_positivo-horizontal.png\",\"contentUrl\":\"https:\/\/comarcas.csm.org.pt\/lisboa-norte\/wp-content\/uploads\/sites\/18\/2024\/11\/Lisboa-N_positivo-horizontal.png\",\"width\":4833,\"height\":942,\"caption\":\"Tribunal Judicial da Comarca de Lisboa Norte\"},\"image\":{\"@id\":\"https:\/\/comarcas.csm.org.pt\/lisboa-norte\/#\/schema\/logo\/image\/\"}},{\"@type\":\"Person\",\"@id\":\"https:\/\/comarcas.csm.org.pt\/lisboa-norte\/#\/schema\/person\/c8e8655c9604aaa929584b8f096fecfb\",\"name\":\"lisboanorte\",\"image\":{\"@type\":\"ImageObject\",\"inLanguage\":\"pt-PT\",\"@id\":\"https:\/\/comarcas.csm.org.pt\/lisboa-norte\/#\/schema\/person\/image\/\",\"url\":\"https:\/\/secure.gravatar.com\/avatar\/e157798c799a869cc93d42c2ec0889ad7de6bd219fc986210eb8db54e9c77916?s=96&d=mm&r=g\",\"contentUrl\":\"https:\/\/secure.gravatar.com\/avatar\/e157798c799a869cc93d42c2ec0889ad7de6bd219fc986210eb8db54e9c77916?s=96&d=mm&r=g\",\"caption\":\"lisboanorte\"},\"url\":\"https:\/\/comarcas.csm.org.pt\/lisboa-norte\/blog\/author\/lisboanorte\/\"}]}<\/script>\n<!-- \/ Yoast SEO plugin. -->","yoast_head_json":{"title":"Ju\u00edza Presidente do Tribunal Judicial da Comarca de Lisboa Norte marca presen\u00e7a na tomada de posse da Delega\u00e7\u00e3o de Torres vEDRAS DA ordem dos Advogados - Tribunal Judicial da Comarca de Lisboa Norte","robots":{"index":"index","follow":"follow","max-snippet":"max-snippet:-1","max-image-preview":"max-image-preview:large","max-video-preview":"max-video-preview:-1"},"canonical":"https:\/\/comarcas.csm.org.pt\/lisboa-norte\/blog\/2025\/07\/30\/juiza-presidente-do-tribunal-judicial-da-comarca-de-lisboa-norte-marca-presenca-na-tomada-de-posse-da-delegacao-de-torres-vedras-da-ordem-dos-advogados\/","og_locale":"pt_PT","og_type":"article","og_title":"Ju\u00edza Presidente do Tribunal Judicial da Comarca de Lisboa Norte marca presen\u00e7a na tomada de posse da Delega\u00e7\u00e3o de Torres vEDRAS DA ordem dos Advogados - Tribunal Judicial da Comarca de Lisboa Norte","og_description":"No passado dia de ontem, a Ju\u00edza Presidente do Tribunal Judicial da Comarca de Lisboa Norte, Dr\u00aa Sara Pina Cabral, esteve presente na cerim\u00f3nia de tomada de posse da nova dire\u00e7\u00e3o da Delega\u00e7\u00e3o de Torres...","og_url":"https:\/\/comarcas.csm.org.pt\/lisboa-norte\/blog\/2025\/07\/30\/juiza-presidente-do-tribunal-judicial-da-comarca-de-lisboa-norte-marca-presenca-na-tomada-de-posse-da-delegacao-de-torres-vedras-da-ordem-dos-advogados\/","og_site_name":"Tribunal Judicial da Comarca de Lisboa Norte","article_published_time":"2025-07-30T09:12:43+00:00","article_modified_time":"2025-07-30T09:12:44+00:00","og_image":[{"width":1200,"height":1600,"url":"https:\/\/comarcas.csm.org.pt\/lisboa-norte\/wp-content\/uploads\/sites\/18\/2025\/07\/IMG-20250730-WA0001.jpg","type":"image\/jpeg"}],"author":"lisboanorte","twitter_card":"summary_large_image","twitter_misc":{"Escrito por":"lisboanorte","Tempo estimado de leitura":"2 minutos"},"schema":{"@context":"https:\/\/schema.org","@graph":[{"@type":"Article","@id":"https:\/\/comarcas.csm.org.pt\/lisboa-norte\/blog\/2025\/07\/30\/juiza-presidente-do-tribunal-judicial-da-comarca-de-lisboa-norte-marca-presenca-na-tomada-de-posse-da-delegacao-de-torres-vedras-da-ordem-dos-advogados\/#article","isPartOf":{"@id":"https:\/\/comarcas.csm.org.pt\/lisboa-norte\/blog\/2025\/07\/30\/juiza-presidente-do-tribunal-judicial-da-comarca-de-lisboa-norte-marca-presenca-na-tomada-de-posse-da-delegacao-de-torres-vedras-da-ordem-dos-advogados\/"},"author":{"name":"lisboanorte","@id":"https:\/\/comarcas.csm.org.pt\/lisboa-norte\/#\/schema\/person\/c8e8655c9604aaa929584b8f096fecfb"},"headline":"Ju\u00edza Presidente do Tribunal Judicial da Comarca de Lisboa Norte marca presen\u00e7a na tomada de posse da Delega\u00e7\u00e3o de Torres vEDRAS DA ordem dos Advogados","datePublished":"2025-07-30T09:12:43+00:00","dateModified":"2025-07-30T09:12:44+00:00","mainEntityOfPage":{"@id":"https:\/\/comarcas.csm.org.pt\/lisboa-norte\/blog\/2025\/07\/30\/juiza-presidente-do-tribunal-judicial-da-comarca-de-lisboa-norte-marca-presenca-na-tomada-de-posse-da-delegacao-de-torres-vedras-da-ordem-dos-advogados\/"},"wordCount":236,"publisher":{"@id":"https:\/\/comarcas.csm.org.pt\/lisboa-norte\/#organization"},"image":{"@id":"https:\/\/comarcas.csm.org.pt\/lisboa-norte\/blog\/2025\/07\/30\/juiza-presidente-do-tribunal-judicial-da-comarca-de-lisboa-norte-marca-presenca-na-tomada-de-posse-da-delegacao-de-torres-vedras-da-ordem-dos-advogados\/#primaryimage"},"thumbnailUrl":"https:\/\/comarcas.csm.org.pt\/lisboa-norte\/wp-content\/uploads\/sites\/18\/2025\/07\/IMG-20250730-WA0001-768x1024.jpg","articleSection":["Geral","Not\u00edcias"],"inLanguage":"pt-PT"},{"@type":"WebPage","@id":"https:\/\/comarcas.csm.org.pt\/lisboa-norte\/blog\/2025\/07\/30\/juiza-presidente-do-tribunal-judicial-da-comarca-de-lisboa-norte-marca-presenca-na-tomada-de-posse-da-delegacao-de-torres-vedras-da-ordem-dos-advogados\/","url":"https:\/\/comarcas.csm.org.pt\/lisboa-norte\/blog\/2025\/07\/30\/juiza-presidente-do-tribunal-judicial-da-comarca-de-lisboa-norte-marca-presenca-na-tomada-de-posse-da-delegacao-de-torres-vedras-da-ordem-dos-advogados\/","name":"Ju\u00edza Presidente do Tribunal Judicial da Comarca de Lisboa Norte marca presen\u00e7a na tomada de posse da Delega\u00e7\u00e3o de Torres vEDRAS DA ordem dos Advogados - Tribunal Judicial da Comarca de Lisboa Norte","isPartOf":{"@id":"https:\/\/comarcas.csm.org.pt\/lisboa-norte\/#website"},"primaryImageOfPage":{"@id":"https:\/\/comarcas.csm.org.pt\/lisboa-norte\/blog\/2025\/07\/30\/juiza-presidente-do-tribunal-judicial-da-comarca-de-lisboa-norte-marca-presenca-na-tomada-de-posse-da-delegacao-de-torres-vedras-da-ordem-dos-advogados\/#primaryimage"},"image":{"@id":"https:\/\/comarcas.csm.org.pt\/lisboa-norte\/blog\/2025\/07\/30\/juiza-presidente-do-tribunal-judicial-da-comarca-de-lisboa-norte-marca-presenca-na-tomada-de-posse-da-delegacao-de-torres-vedras-da-ordem-dos-advogados\/#primaryimage"},"thumbnailUrl":"https:\/\/comarcas.csm.org.pt\/lisboa-norte\/wp-content\/uploads\/sites\/18\/2025\/07\/IMG-20250730-WA0001-768x1024.jpg","datePublished":"2025-07-30T09:12:43+00:00","dateModified":"2025-07-30T09:12:44+00:00","breadcrumb":{"@id":"https:\/\/comarcas.csm.org.pt\/lisboa-norte\/blog\/2025\/07\/30\/juiza-presidente-do-tribunal-judicial-da-comarca-de-lisboa-norte-marca-presenca-na-tomada-de-posse-da-delegacao-de-torres-vedras-da-ordem-dos-advogados\/#breadcrumb"},"inLanguage":"pt-PT","potentialAction":[{"@type":"ReadAction","target":["https:\/\/comarcas.csm.org.pt\/lisboa-norte\/blog\/2025\/07\/30\/juiza-presidente-do-tribunal-judicial-da-comarca-de-lisboa-norte-marca-presenca-na-tomada-de-posse-da-delegacao-de-torres-vedras-da-ordem-dos-advogados\/"]}]},{"@type":"ImageObject","inLanguage":"pt-PT","@id":"https:\/\/comarcas.csm.org.pt\/lisboa-norte\/blog\/2025\/07\/30\/juiza-presidente-do-tribunal-judicial-da-comarca-de-lisboa-norte-marca-presenca-na-tomada-de-posse-da-delegacao-de-torres-vedras-da-ordem-dos-advogados\/#primaryimage","url":"https:\/\/comarcas.csm.org.pt\/lisboa-norte\/wp-content\/uploads\/sites\/18\/2025\/07\/IMG-20250730-WA0001.jpg","contentUrl":"https:\/\/comarcas.csm.org.pt\/lisboa-norte\/wp-content\/uploads\/sites\/18\/2025\/07\/IMG-20250730-WA0001.jpg","width":1200,"height":1600},{"@type":"BreadcrumbList","@id":"https:\/\/comarcas.csm.org.pt\/lisboa-norte\/blog\/2025\/07\/30\/juiza-presidente-do-tribunal-judicial-da-comarca-de-lisboa-norte-marca-presenca-na-tomada-de-posse-da-delegacao-de-torres-vedras-da-ordem-dos-advogados\/#breadcrumb","itemListElement":[{"@type":"ListItem","position":1,"name":"In\u00edcio","item":"https:\/\/comarcas.csm.org.pt\/lisboa-norte\/"},{"@type":"ListItem","position":2,"name":"Ju\u00edza Presidente do Tribunal Judicial da Comarca de Lisboa Norte marca presen\u00e7a na tomada de posse da Delega\u00e7\u00e3o de Torres vEDRAS DA ordem dos Advogados"}]},{"@type":"WebSite","@id":"https:\/\/comarcas.csm.org.pt\/lisboa-norte\/#website","url":"https:\/\/comarcas.csm.org.pt\/lisboa-norte\/","name":"Tribunal Judicial da Comarca de Lisboa Norte","description":"Tribunal Judicial da Comarca de Aveiro","publisher":{"@id":"https:\/\/comarcas.csm.org.pt\/lisboa-norte\/#organization"},"potentialAction":[{"@type":"SearchAction","target":{"@type":"EntryPoint","urlTemplate":"https:\/\/comarcas.csm.org.pt\/lisboa-norte\/?s={search_term_string}"},"query-input":{"@type":"PropertyValueSpecification","valueRequired":true,"valueName":"search_term_string"}}],"inLanguage":"pt-PT"},{"@type":"Organization","@id":"https:\/\/comarcas.csm.org.pt\/lisboa-norte\/#organization","name":"Tribunal Judicial da Comarca de Lisboa Norte","url":"https:\/\/comarcas.csm.org.pt\/lisboa-norte\/","logo":{"@type":"ImageObject","inLanguage":"pt-PT","@id":"https:\/\/comarcas.csm.org.pt\/lisboa-norte\/#\/schema\/logo\/image\/","url":"https:\/\/comarcas.csm.org.pt\/lisboa-norte\/wp-content\/uploads\/sites\/18\/2024\/11\/Lisboa-N_positivo-horizontal.png","contentUrl":"https:\/\/comarcas.csm.org.pt\/lisboa-norte\/wp-content\/uploads\/sites\/18\/2024\/11\/Lisboa-N_positivo-horizontal.png","width":4833,"height":942,"caption":"Tribunal Judicial da Comarca de Lisboa Norte"},"image":{"@id":"https:\/\/comarcas.csm.org.pt\/lisboa-norte\/#\/schema\/logo\/image\/"}},{"@type":"Person","@id":"https:\/\/comarcas.csm.org.pt\/lisboa-norte\/#\/schema\/person\/c8e8655c9604aaa929584b8f096fecfb","name":"lisboanorte","image":{"@type":"ImageObject","inLanguage":"pt-PT","@id":"https:\/\/comarcas.csm.org.pt\/lisboa-norte\/#\/schema\/person\/image\/","url":"https:\/\/secure.gravatar.com\/avatar\/e157798c799a869cc93d42c2ec0889ad7de6bd219fc986210eb8db54e9c77916?s=96&d=mm&r=g","contentUrl":"https:\/\/secure.gravatar.com\/avatar\/e157798c799a869cc93d42c2ec0889ad7de6bd219fc986210eb8db54e9c77916?s=96&d=mm&r=g","caption":"lisboanorte"},"url":"https:\/\/comarcas.csm.org.pt\/lisboa-norte\/blog\/author\/lisboanorte\/"}]}},"_links":{"self":[{"href":"https:\/\/comarcas.csm.org.pt\/lisboa-norte\/wp-json\/wp\/v2\/posts\/12580","targetHints":{"allow":["GET"]}}],"collection":[{"href":"https:\/\/comarcas.csm.org.pt\/lisboa-norte\/wp-json\/wp\/v2\/posts"}],"about":[{"href":"https:\/\/comarcas.csm.org.pt\/lisboa-norte\/wp-json\/wp\/v2\/types\/post"}],"author":[{"embeddable":true,"href":"https:\/\/comarcas.csm.org.pt\/lisboa-norte\/wp-json\/wp\/v2\/users\/18"}],"replies":[{"embeddable":true,"href":"https:\/\/comarcas.csm.org.pt\/lisboa-norte\/wp-json\/wp\/v2\/comments?post=12580"}],"version-history":[{"count":1,"href":"https:\/\/comarcas.csm.org.pt\/lisboa-norte\/wp-json\/wp\/v2\/posts\/12580\/revisions"}],"predecessor-version":[{"id":12581,"href":"https:\/\/comarcas.csm.org.pt\/lisboa-norte\/wp-json\/wp\/v2\/posts\/12580\/revisions\/12581"}],"wp:attachment":[{"href":"https:\/\/comarcas.csm.org.pt\/lisboa-norte\/wp-json\/wp\/v2\/media?parent=12580"}],"wp:term":[{"taxonomy":"category","embeddable":true,"href":"https:\/\/comarcas.csm.org.pt\/lisboa-norte\/wp-json\/wp\/v2\/categories?post=12580"},{"taxonomy":"post_tag","embeddable":true,"href":"https:\/\/comarcas.csm.org.pt\/lisboa-norte\/wp-json\/wp\/v2\/tags?post=12580"}],"curies":[{"name":"wp","href":"https:\/\/api.w.org\/{rel}","templated":true}]}}