{"id":12582,"date":"2025-07-30T09:15:02","date_gmt":"2025-07-30T09:15:02","guid":{"rendered":"https:\/\/comarcas.csm.org.pt\/lisboa-norte\/?p=12582"},"modified":"2025-07-30T09:45:44","modified_gmt":"2025-07-30T09:45:44","slug":"presidente-do-conselho-regional-de-lisboa-da-ordem-dos-advogados-recebido-pela-juiza-presidente-do-tribunal-judicial-da-comarca","status":"publish","type":"post","link":"https:\/\/comarcas.csm.org.pt\/lisboa-norte\/blog\/2025\/07\/30\/presidente-do-conselho-regional-de-lisboa-da-ordem-dos-advogados-recebido-pela-juiza-presidente-do-tribunal-judicial-da-comarca\/","title":{"rendered":"Presidente do Conselho Regional de Lisboa da Ordem dos Advogados recebido pela Ju\u00edza Presidente do Tribunal Judicial da Comarca"},"content":{"rendered":"\n<p>No dia de ontem, a Ju\u00edza Presidente do Tribunal Judicial da Comarca de Lisboa Norte, Dra. Sara Pina Cabral, recebeu em audi\u00eancia o Presidente do Conselho Regional de Lisboa da Ordem dos Advogados, Dr. Telmo Guerreiro Semi\u00e3o, que iniciou fun\u00e7\u00f5es no passado dia 12 de maio de 2025.<\/p>\n\n\n\n<p>O encontro decorreu num ambiente de cordialidade e coopera\u00e7\u00e3o institucional, tendo sido abordadas diversas mat\u00e9rias de interesse comum, com destaque para o refor\u00e7o da articula\u00e7\u00e3o entre o Tribunal e a Ordem dos Advogados, no sentido de promover uma justi\u00e7a mais pr\u00f3xima dos cidad\u00e3os.<\/p>\n\n\n\n<p>A prop\u00f3sito da confer\u00eancia promovida recentemente pelo Tribunal, subordinada ao tema&nbsp;<strong>&#8220;Fam\u00edlias de Acolhimento Procuram-se&#8221;<\/strong>, a Ju\u00edza Presidente prop\u00f4s a celebra\u00e7\u00e3o de um protocolo com o Conselho Regional de Lisboa da Ordem dos Advogados, que permita aos advogados da comarca prestar&nbsp;<strong>informa\u00e7\u00e3o jur\u00eddica gratuita e de acesso universal<\/strong>&nbsp;sobre esta tem\u00e1tica.<\/p>\n\n\n\n<p>Esta iniciativa visa contribuir para uma maior sensibiliza\u00e7\u00e3o da comunidade e facilitar o acesso ao direito, especialmente em mat\u00e9rias que envolvem a prote\u00e7\u00e3o de menores e o acolhimento familiar, refor\u00e7ando o papel social da justi\u00e7a e da advocacia.<\/p>\n\n\n<div class=\"wp-block-image\">\n<figure class=\"aligncenter size-large is-resized\"><img fetchpriority=\"high\" decoding=\"async\" width=\"768\" height=\"1024\" src=\"https:\/\/comarcas.csm.org.pt\/lisboa-norte\/wp-content\/uploads\/sites\/18\/2025\/07\/IMG-20250730-WA0003-768x1024.jpg\" alt=\"\" class=\"wp-image-12579\" style=\"width:559px;height:auto\" srcset=\"https:\/\/comarcas.csm.org.pt\/lisboa-norte\/wp-content\/uploads\/sites\/18\/2025\/07\/IMG-20250730-WA0003-768x1024.jpg 768w, https:\/\/comarcas.csm.org.pt\/lisboa-norte\/wp-content\/uploads\/sites\/18\/2025\/07\/IMG-20250730-WA0003-225x300.jpg 225w, https:\/\/comarcas.csm.org.pt\/lisboa-norte\/wp-content\/uploads\/sites\/18\/2025\/07\/IMG-20250730-WA0003-1152x1536.jpg 1152w, https:\/\/comarcas.csm.org.pt\/lisboa-norte\/wp-content\/uploads\/sites\/18\/2025\/07\/IMG-20250730-WA0003.jpg 1200w\" sizes=\"(max-width: 768px) 100vw, 768px\" \/><figcaption class=\"wp-element-caption\">Dr\u00aa Sara Pina Cabral e Dr. Telmo  Guerreiro Semi\u00e3o <\/figcaption><\/figure><\/div>\n\n\n<p><\/p>\n","protected":false},"excerpt":{"rendered":"<p>No dia de ontem, a Ju\u00edza Presidente do Tribunal Judicial da Comarca de Lisboa Norte, Dra. Sara Pina Cabral, recebeu em audi\u00eancia o Presidente do Conselho Regional de Lisboa da Ordem dos Advogados, Dr. Telmo&#8230;<\/p>\n","protected":false},"author":18,"featured_media":0,"comment_status":"closed","ping_status":"open","sticky":false,"template":"","format":"standard","meta":{"_tbt_post_transparent":"","_tbt_post_title":"","_tbt_post_layout":"","_tbt_post_sidebar_id":"","_tbt_post_content_style":"","_tbt_post_vertical_padding":"","_tbt_post_feature":"","_tbt_post_feature_position":"","_tbt_post_header":false,"_tbt_post_footer":false},"categories":[1,5],"tags":[],"class_list":["post-12582","post","type-post","status-publish","format-standard","hentry","category-geral","category-noticias"],"yoast_head":"<!-- This site is optimized with the Yoast SEO plugin v25.6 - https:\/\/yoast.com\/wordpress\/plugins\/seo\/ -->\n<title>Presidente do Conselho Regional de Lisboa da Ordem dos Advogados recebido pela Ju\u00edza Presidente do Tribunal Judicial da Comarca - Tribunal Judicial da Comarca de Lisboa Norte<\/title>\n<meta name=\"robots\" content=\"index, follow, max-snippet:-1, max-image-preview:large, max-video-preview:-1\" \/>\n<link rel=\"canonical\" href=\"https:\/\/comarcas.csm.org.pt\/lisboa-norte\/blog\/2025\/07\/30\/presidente-do-conselho-regional-de-lisboa-da-ordem-dos-advogados-recebido-pela-juiza-presidente-do-tribunal-judicial-da-comarca\/\" \/>\n<meta property=\"og:locale\" content=\"pt_PT\" \/>\n<meta property=\"og:type\" content=\"article\" \/>\n<meta property=\"og:title\" content=\"Presidente do Conselho Regional de Lisboa da Ordem dos Advogados recebido pela Ju\u00edza Presidente do Tribunal Judicial da Comarca - Tribunal Judicial da Comarca de Lisboa Norte\" \/>\n<meta property=\"og:description\" content=\"No dia de ontem, a Ju\u00edza Presidente do Tribunal Judicial da Comarca de Lisboa Norte, Dra. Sara Pina Cabral, recebeu em audi\u00eancia o Presidente do Conselho Regional de Lisboa da Ordem dos Advogados, Dr. Telmo...\" \/>\n<meta property=\"og:url\" content=\"https:\/\/comarcas.csm.org.pt\/lisboa-norte\/blog\/2025\/07\/30\/presidente-do-conselho-regional-de-lisboa-da-ordem-dos-advogados-recebido-pela-juiza-presidente-do-tribunal-judicial-da-comarca\/\" \/>\n<meta property=\"og:site_name\" content=\"Tribunal Judicial da Comarca de Lisboa Norte\" \/>\n<meta property=\"article:published_time\" content=\"2025-07-30T09:15:02+00:00\" \/>\n<meta property=\"article:modified_time\" content=\"2025-07-30T09:45:44+00:00\" \/>\n<meta property=\"og:image\" content=\"https:\/\/comarcas.csm.org.pt\/lisboa-norte\/wp-content\/uploads\/sites\/18\/2025\/07\/IMG-20250730-WA0003.jpg\" \/>\n\t<meta property=\"og:image:width\" content=\"1200\" \/>\n\t<meta property=\"og:image:height\" content=\"1600\" \/>\n\t<meta property=\"og:image:type\" content=\"image\/jpeg\" \/>\n<meta name=\"author\" content=\"lisboanorte\" \/>\n<meta name=\"twitter:card\" content=\"summary_large_image\" \/>\n<meta name=\"twitter:label1\" content=\"Escrito por\" \/>\n\t<meta name=\"twitter:data1\" content=\"lisboanorte\" \/>\n\t<meta name=\"twitter:label2\" content=\"Tempo estimado de leitura\" \/>\n\t<meta name=\"twitter:data2\" content=\"2 minutos\" \/>\n<script type=\"application\/ld+json\" class=\"yoast-schema-graph\">{\"@context\":\"https:\/\/schema.org\",\"@graph\":[{\"@type\":\"Article\",\"@id\":\"https:\/\/comarcas.csm.org.pt\/lisboa-norte\/blog\/2025\/07\/30\/presidente-do-conselho-regional-de-lisboa-da-ordem-dos-advogados-recebido-pela-juiza-presidente-do-tribunal-judicial-da-comarca\/#article\",\"isPartOf\":{\"@id\":\"https:\/\/comarcas.csm.org.pt\/lisboa-norte\/blog\/2025\/07\/30\/presidente-do-conselho-regional-de-lisboa-da-ordem-dos-advogados-recebido-pela-juiza-presidente-do-tribunal-judicial-da-comarca\/\"},\"author\":{\"name\":\"lisboanorte\",\"@id\":\"https:\/\/comarcas.csm.org.pt\/lisboa-norte\/#\/schema\/person\/c8e8655c9604aaa929584b8f096fecfb\"},\"headline\":\"Presidente do Conselho Regional de Lisboa da Ordem dos Advogados recebido pela Ju\u00edza Presidente do Tribunal Judicial da Comarca\",\"datePublished\":\"2025-07-30T09:15:02+00:00\",\"dateModified\":\"2025-07-30T09:45:44+00:00\",\"mainEntityOfPage\":{\"@id\":\"https:\/\/comarcas.csm.org.pt\/lisboa-norte\/blog\/2025\/07\/30\/presidente-do-conselho-regional-de-lisboa-da-ordem-dos-advogados-recebido-pela-juiza-presidente-do-tribunal-judicial-da-comarca\/\"},\"wordCount\":236,\"publisher\":{\"@id\":\"https:\/\/comarcas.csm.org.pt\/lisboa-norte\/#organization\"},\"image\":{\"@id\":\"https:\/\/comarcas.csm.org.pt\/lisboa-norte\/blog\/2025\/07\/30\/presidente-do-conselho-regional-de-lisboa-da-ordem-dos-advogados-recebido-pela-juiza-presidente-do-tribunal-judicial-da-comarca\/#primaryimage\"},\"thumbnailUrl\":\"https:\/\/comarcas.csm.org.pt\/lisboa-norte\/wp-content\/uploads\/sites\/18\/2025\/07\/IMG-20250730-WA0003-768x1024.jpg\",\"articleSection\":[\"Geral\",\"Not\u00edcias\"],\"inLanguage\":\"pt-PT\"},{\"@type\":\"WebPage\",\"@id\":\"https:\/\/comarcas.csm.org.pt\/lisboa-norte\/blog\/2025\/07\/30\/presidente-do-conselho-regional-de-lisboa-da-ordem-dos-advogados-recebido-pela-juiza-presidente-do-tribunal-judicial-da-comarca\/\",\"url\":\"https:\/\/comarcas.csm.org.pt\/lisboa-norte\/blog\/2025\/07\/30\/presidente-do-conselho-regional-de-lisboa-da-ordem-dos-advogados-recebido-pela-juiza-presidente-do-tribunal-judicial-da-comarca\/\",\"name\":\"Presidente do Conselho Regional de Lisboa da Ordem dos Advogados recebido pela Ju\u00edza Presidente do Tribunal Judicial da Comarca - Tribunal Judicial da Comarca de Lisboa Norte\",\"isPartOf\":{\"@id\":\"https:\/\/comarcas.csm.org.pt\/lisboa-norte\/#website\"},\"primaryImageOfPage\":{\"@id\":\"https:\/\/comarcas.csm.org.pt\/lisboa-norte\/blog\/2025\/07\/30\/presidente-do-conselho-regional-de-lisboa-da-ordem-dos-advogados-recebido-pela-juiza-presidente-do-tribunal-judicial-da-comarca\/#primaryimage\"},\"image\":{\"@id\":\"https:\/\/comarcas.csm.org.pt\/lisboa-norte\/blog\/2025\/07\/30\/presidente-do-conselho-regional-de-lisboa-da-ordem-dos-advogados-recebido-pela-juiza-presidente-do-tribunal-judicial-da-comarca\/#primaryimage\"},\"thumbnailUrl\":\"https:\/\/comarcas.csm.org.pt\/lisboa-norte\/wp-content\/uploads\/sites\/18\/2025\/07\/IMG-20250730-WA0003-768x1024.jpg\",\"datePublished\":\"2025-07-30T09:15:02+00:00\",\"dateModified\":\"2025-07-30T09:45:44+00:00\",\"breadcrumb\":{\"@id\":\"https:\/\/comarcas.csm.org.pt\/lisboa-norte\/blog\/2025\/07\/30\/presidente-do-conselho-regional-de-lisboa-da-ordem-dos-advogados-recebido-pela-juiza-presidente-do-tribunal-judicial-da-comarca\/#breadcrumb\"},\"inLanguage\":\"pt-PT\",\"potentialAction\":[{\"@type\":\"ReadAction\",\"target\":[\"https:\/\/comarcas.csm.org.pt\/lisboa-norte\/blog\/2025\/07\/30\/presidente-do-conselho-regional-de-lisboa-da-ordem-dos-advogados-recebido-pela-juiza-presidente-do-tribunal-judicial-da-comarca\/\"]}]},{\"@type\":\"ImageObject\",\"inLanguage\":\"pt-PT\",\"@id\":\"https:\/\/comarcas.csm.org.pt\/lisboa-norte\/blog\/2025\/07\/30\/presidente-do-conselho-regional-de-lisboa-da-ordem-dos-advogados-recebido-pela-juiza-presidente-do-tribunal-judicial-da-comarca\/#primaryimage\",\"url\":\"https:\/\/comarcas.csm.org.pt\/lisboa-norte\/wp-content\/uploads\/sites\/18\/2025\/07\/IMG-20250730-WA0003.jpg\",\"contentUrl\":\"https:\/\/comarcas.csm.org.pt\/lisboa-norte\/wp-content\/uploads\/sites\/18\/2025\/07\/IMG-20250730-WA0003.jpg\",\"width\":1200,\"height\":1600},{\"@type\":\"BreadcrumbList\",\"@id\":\"https:\/\/comarcas.csm.org.pt\/lisboa-norte\/blog\/2025\/07\/30\/presidente-do-conselho-regional-de-lisboa-da-ordem-dos-advogados-recebido-pela-juiza-presidente-do-tribunal-judicial-da-comarca\/#breadcrumb\",\"itemListElement\":[{\"@type\":\"ListItem\",\"position\":1,\"name\":\"In\u00edcio\",\"item\":\"https:\/\/comarcas.csm.org.pt\/lisboa-norte\/\"},{\"@type\":\"ListItem\",\"position\":2,\"name\":\"Presidente do Conselho Regional de Lisboa da Ordem dos Advogados recebido pela Ju\u00edza Presidente do Tribunal Judicial da Comarca\"}]},{\"@type\":\"WebSite\",\"@id\":\"https:\/\/comarcas.csm.org.pt\/lisboa-norte\/#website\",\"url\":\"https:\/\/comarcas.csm.org.pt\/lisboa-norte\/\",\"name\":\"Tribunal Judicial da Comarca de Lisboa Norte\",\"description\":\"Tribunal Judicial da Comarca de Aveiro\",\"publisher\":{\"@id\":\"https:\/\/comarcas.csm.org.pt\/lisboa-norte\/#organization\"},\"potentialAction\":[{\"@type\":\"SearchAction\",\"target\":{\"@type\":\"EntryPoint\",\"urlTemplate\":\"https:\/\/comarcas.csm.org.pt\/lisboa-norte\/?s={search_term_string}\"},\"query-input\":{\"@type\":\"PropertyValueSpecification\",\"valueRequired\":true,\"valueName\":\"search_term_string\"}}],\"inLanguage\":\"pt-PT\"},{\"@type\":\"Organization\",\"@id\":\"https:\/\/comarcas.csm.org.pt\/lisboa-norte\/#organization\",\"name\":\"Tribunal Judicial da Comarca de Lisboa Norte\",\"url\":\"https:\/\/comarcas.csm.org.pt\/lisboa-norte\/\",\"logo\":{\"@type\":\"ImageObject\",\"inLanguage\":\"pt-PT\",\"@id\":\"https:\/\/comarcas.csm.org.pt\/lisboa-norte\/#\/schema\/logo\/image\/\",\"url\":\"https:\/\/comarcas.csm.org.pt\/lisboa-norte\/wp-content\/uploads\/sites\/18\/2024\/11\/Lisboa-N_positivo-horizontal.png\",\"contentUrl\":\"https:\/\/comarcas.csm.org.pt\/lisboa-norte\/wp-content\/uploads\/sites\/18\/2024\/11\/Lisboa-N_positivo-horizontal.png\",\"width\":4833,\"height\":942,\"caption\":\"Tribunal Judicial da Comarca de Lisboa Norte\"},\"image\":{\"@id\":\"https:\/\/comarcas.csm.org.pt\/lisboa-norte\/#\/schema\/logo\/image\/\"}},{\"@type\":\"Person\",\"@id\":\"https:\/\/comarcas.csm.org.pt\/lisboa-norte\/#\/schema\/person\/c8e8655c9604aaa929584b8f096fecfb\",\"name\":\"lisboanorte\",\"image\":{\"@type\":\"ImageObject\",\"inLanguage\":\"pt-PT\",\"@id\":\"https:\/\/comarcas.csm.org.pt\/lisboa-norte\/#\/schema\/person\/image\/\",\"url\":\"https:\/\/secure.gravatar.com\/avatar\/e157798c799a869cc93d42c2ec0889ad7de6bd219fc986210eb8db54e9c77916?s=96&d=mm&r=g\",\"contentUrl\":\"https:\/\/secure.gravatar.com\/avatar\/e157798c799a869cc93d42c2ec0889ad7de6bd219fc986210eb8db54e9c77916?s=96&d=mm&r=g\",\"caption\":\"lisboanorte\"},\"url\":\"https:\/\/comarcas.csm.org.pt\/lisboa-norte\/blog\/author\/lisboanorte\/\"}]}<\/script>\n<!-- \/ Yoast SEO plugin. -->","yoast_head_json":{"title":"Presidente do Conselho Regional de Lisboa da Ordem dos Advogados recebido pela Ju\u00edza Presidente do Tribunal Judicial da Comarca - Tribunal Judicial da Comarca de Lisboa Norte","robots":{"index":"index","follow":"follow","max-snippet":"max-snippet:-1","max-image-preview":"max-image-preview:large","max-video-preview":"max-video-preview:-1"},"canonical":"https:\/\/comarcas.csm.org.pt\/lisboa-norte\/blog\/2025\/07\/30\/presidente-do-conselho-regional-de-lisboa-da-ordem-dos-advogados-recebido-pela-juiza-presidente-do-tribunal-judicial-da-comarca\/","og_locale":"pt_PT","og_type":"article","og_title":"Presidente do Conselho Regional de Lisboa da Ordem dos Advogados recebido pela Ju\u00edza Presidente do Tribunal Judicial da Comarca - Tribunal Judicial da Comarca de Lisboa Norte","og_description":"No dia de ontem, a Ju\u00edza Presidente do Tribunal Judicial da Comarca de Lisboa Norte, Dra. Sara Pina Cabral, recebeu em audi\u00eancia o Presidente do Conselho Regional de Lisboa da Ordem dos Advogados, Dr. Telmo...","og_url":"https:\/\/comarcas.csm.org.pt\/lisboa-norte\/blog\/2025\/07\/30\/presidente-do-conselho-regional-de-lisboa-da-ordem-dos-advogados-recebido-pela-juiza-presidente-do-tribunal-judicial-da-comarca\/","og_site_name":"Tribunal Judicial da Comarca de Lisboa Norte","article_published_time":"2025-07-30T09:15:02+00:00","article_modified_time":"2025-07-30T09:45:44+00:00","og_image":[{"width":1200,"height":1600,"url":"https:\/\/comarcas.csm.org.pt\/lisboa-norte\/wp-content\/uploads\/sites\/18\/2025\/07\/IMG-20250730-WA0003.jpg","type":"image\/jpeg"}],"author":"lisboanorte","twitter_card":"summary_large_image","twitter_misc":{"Escrito por":"lisboanorte","Tempo estimado de leitura":"2 minutos"},"schema":{"@context":"https:\/\/schema.org","@graph":[{"@type":"Article","@id":"https:\/\/comarcas.csm.org.pt\/lisboa-norte\/blog\/2025\/07\/30\/presidente-do-conselho-regional-de-lisboa-da-ordem-dos-advogados-recebido-pela-juiza-presidente-do-tribunal-judicial-da-comarca\/#article","isPartOf":{"@id":"https:\/\/comarcas.csm.org.pt\/lisboa-norte\/blog\/2025\/07\/30\/presidente-do-conselho-regional-de-lisboa-da-ordem-dos-advogados-recebido-pela-juiza-presidente-do-tribunal-judicial-da-comarca\/"},"author":{"name":"lisboanorte","@id":"https:\/\/comarcas.csm.org.pt\/lisboa-norte\/#\/schema\/person\/c8e8655c9604aaa929584b8f096fecfb"},"headline":"Presidente do Conselho Regional de Lisboa da Ordem dos Advogados recebido pela Ju\u00edza Presidente do Tribunal Judicial da Comarca","datePublished":"2025-07-30T09:15:02+00:00","dateModified":"2025-07-30T09:45:44+00:00","mainEntityOfPage":{"@id":"https:\/\/comarcas.csm.org.pt\/lisboa-norte\/blog\/2025\/07\/30\/presidente-do-conselho-regional-de-lisboa-da-ordem-dos-advogados-recebido-pela-juiza-presidente-do-tribunal-judicial-da-comarca\/"},"wordCount":236,"publisher":{"@id":"https:\/\/comarcas.csm.org.pt\/lisboa-norte\/#organization"},"image":{"@id":"https:\/\/comarcas.csm.org.pt\/lisboa-norte\/blog\/2025\/07\/30\/presidente-do-conselho-regional-de-lisboa-da-ordem-dos-advogados-recebido-pela-juiza-presidente-do-tribunal-judicial-da-comarca\/#primaryimage"},"thumbnailUrl":"https:\/\/comarcas.csm.org.pt\/lisboa-norte\/wp-content\/uploads\/sites\/18\/2025\/07\/IMG-20250730-WA0003-768x1024.jpg","articleSection":["Geral","Not\u00edcias"],"inLanguage":"pt-PT"},{"@type":"WebPage","@id":"https:\/\/comarcas.csm.org.pt\/lisboa-norte\/blog\/2025\/07\/30\/presidente-do-conselho-regional-de-lisboa-da-ordem-dos-advogados-recebido-pela-juiza-presidente-do-tribunal-judicial-da-comarca\/","url":"https:\/\/comarcas.csm.org.pt\/lisboa-norte\/blog\/2025\/07\/30\/presidente-do-conselho-regional-de-lisboa-da-ordem-dos-advogados-recebido-pela-juiza-presidente-do-tribunal-judicial-da-comarca\/","name":"Presidente do Conselho Regional de Lisboa da Ordem dos Advogados recebido pela Ju\u00edza Presidente do Tribunal Judicial da Comarca - Tribunal Judicial da Comarca de Lisboa Norte","isPartOf":{"@id":"https:\/\/comarcas.csm.org.pt\/lisboa-norte\/#website"},"primaryImageOfPage":{"@id":"https:\/\/comarcas.csm.org.pt\/lisboa-norte\/blog\/2025\/07\/30\/presidente-do-conselho-regional-de-lisboa-da-ordem-dos-advogados-recebido-pela-juiza-presidente-do-tribunal-judicial-da-comarca\/#primaryimage"},"image":{"@id":"https:\/\/comarcas.csm.org.pt\/lisboa-norte\/blog\/2025\/07\/30\/presidente-do-conselho-regional-de-lisboa-da-ordem-dos-advogados-recebido-pela-juiza-presidente-do-tribunal-judicial-da-comarca\/#primaryimage"},"thumbnailUrl":"https:\/\/comarcas.csm.org.pt\/lisboa-norte\/wp-content\/uploads\/sites\/18\/2025\/07\/IMG-20250730-WA0003-768x1024.jpg","datePublished":"2025-07-30T09:15:02+00:00","dateModified":"2025-07-30T09:45:44+00:00","breadcrumb":{"@id":"https:\/\/comarcas.csm.org.pt\/lisboa-norte\/blog\/2025\/07\/30\/presidente-do-conselho-regional-de-lisboa-da-ordem-dos-advogados-recebido-pela-juiza-presidente-do-tribunal-judicial-da-comarca\/#breadcrumb"},"inLanguage":"pt-PT","potentialAction":[{"@type":"ReadAction","target":["https:\/\/comarcas.csm.org.pt\/lisboa-norte\/blog\/2025\/07\/30\/presidente-do-conselho-regional-de-lisboa-da-ordem-dos-advogados-recebido-pela-juiza-presidente-do-tribunal-judicial-da-comarca\/"]}]},{"@type":"ImageObject","inLanguage":"pt-PT","@id":"https:\/\/comarcas.csm.org.pt\/lisboa-norte\/blog\/2025\/07\/30\/presidente-do-conselho-regional-de-lisboa-da-ordem-dos-advogados-recebido-pela-juiza-presidente-do-tribunal-judicial-da-comarca\/#primaryimage","url":"https:\/\/comarcas.csm.org.pt\/lisboa-norte\/wp-content\/uploads\/sites\/18\/2025\/07\/IMG-20250730-WA0003.jpg","contentUrl":"https:\/\/comarcas.csm.org.pt\/lisboa-norte\/wp-content\/uploads\/sites\/18\/2025\/07\/IMG-20250730-WA0003.jpg","width":1200,"height":1600},{"@type":"BreadcrumbList","@id":"https:\/\/comarcas.csm.org.pt\/lisboa-norte\/blog\/2025\/07\/30\/presidente-do-conselho-regional-de-lisboa-da-ordem-dos-advogados-recebido-pela-juiza-presidente-do-tribunal-judicial-da-comarca\/#breadcrumb","itemListElement":[{"@type":"ListItem","position":1,"name":"In\u00edcio","item":"https:\/\/comarcas.csm.org.pt\/lisboa-norte\/"},{"@type":"ListItem","position":2,"name":"Presidente do Conselho Regional de Lisboa da Ordem dos Advogados recebido pela Ju\u00edza Presidente do Tribunal Judicial da Comarca"}]},{"@type":"WebSite","@id":"https:\/\/comarcas.csm.org.pt\/lisboa-norte\/#website","url":"https:\/\/comarcas.csm.org.pt\/lisboa-norte\/","name":"Tribunal Judicial da Comarca de Lisboa Norte","description":"Tribunal Judicial da Comarca de Aveiro","publisher":{"@id":"https:\/\/comarcas.csm.org.pt\/lisboa-norte\/#organization"},"potentialAction":[{"@type":"SearchAction","target":{"@type":"EntryPoint","urlTemplate":"https:\/\/comarcas.csm.org.pt\/lisboa-norte\/?s={search_term_string}"},"query-input":{"@type":"PropertyValueSpecification","valueRequired":true,"valueName":"search_term_string"}}],"inLanguage":"pt-PT"},{"@type":"Organization","@id":"https:\/\/comarcas.csm.org.pt\/lisboa-norte\/#organization","name":"Tribunal Judicial da Comarca de Lisboa Norte","url":"https:\/\/comarcas.csm.org.pt\/lisboa-norte\/","logo":{"@type":"ImageObject","inLanguage":"pt-PT","@id":"https:\/\/comarcas.csm.org.pt\/lisboa-norte\/#\/schema\/logo\/image\/","url":"https:\/\/comarcas.csm.org.pt\/lisboa-norte\/wp-content\/uploads\/sites\/18\/2024\/11\/Lisboa-N_positivo-horizontal.png","contentUrl":"https:\/\/comarcas.csm.org.pt\/lisboa-norte\/wp-content\/uploads\/sites\/18\/2024\/11\/Lisboa-N_positivo-horizontal.png","width":4833,"height":942,"caption":"Tribunal Judicial da Comarca de Lisboa Norte"},"image":{"@id":"https:\/\/comarcas.csm.org.pt\/lisboa-norte\/#\/schema\/logo\/image\/"}},{"@type":"Person","@id":"https:\/\/comarcas.csm.org.pt\/lisboa-norte\/#\/schema\/person\/c8e8655c9604aaa929584b8f096fecfb","name":"lisboanorte","image":{"@type":"ImageObject","inLanguage":"pt-PT","@id":"https:\/\/comarcas.csm.org.pt\/lisboa-norte\/#\/schema\/person\/image\/","url":"https:\/\/secure.gravatar.com\/avatar\/e157798c799a869cc93d42c2ec0889ad7de6bd219fc986210eb8db54e9c77916?s=96&d=mm&r=g","contentUrl":"https:\/\/secure.gravatar.com\/avatar\/e157798c799a869cc93d42c2ec0889ad7de6bd219fc986210eb8db54e9c77916?s=96&d=mm&r=g","caption":"lisboanorte"},"url":"https:\/\/comarcas.csm.org.pt\/lisboa-norte\/blog\/author\/lisboanorte\/"}]}},"_links":{"self":[{"href":"https:\/\/comarcas.csm.org.pt\/lisboa-norte\/wp-json\/wp\/v2\/posts\/12582","targetHints":{"allow":["GET"]}}],"collection":[{"href":"https:\/\/comarcas.csm.org.pt\/lisboa-norte\/wp-json\/wp\/v2\/posts"}],"about":[{"href":"https:\/\/comarcas.csm.org.pt\/lisboa-norte\/wp-json\/wp\/v2\/types\/post"}],"author":[{"embeddable":true,"href":"https:\/\/comarcas.csm.org.pt\/lisboa-norte\/wp-json\/wp\/v2\/users\/18"}],"replies":[{"embeddable":true,"href":"https:\/\/comarcas.csm.org.pt\/lisboa-norte\/wp-json\/wp\/v2\/comments?post=12582"}],"version-history":[{"count":3,"href":"https:\/\/comarcas.csm.org.pt\/lisboa-norte\/wp-json\/wp\/v2\/posts\/12582\/revisions"}],"predecessor-version":[{"id":12585,"href":"https:\/\/comarcas.csm.org.pt\/lisboa-norte\/wp-json\/wp\/v2\/posts\/12582\/revisions\/12585"}],"wp:attachment":[{"href":"https:\/\/comarcas.csm.org.pt\/lisboa-norte\/wp-json\/wp\/v2\/media?parent=12582"}],"wp:term":[{"taxonomy":"category","embeddable":true,"href":"https:\/\/comarcas.csm.org.pt\/lisboa-norte\/wp-json\/wp\/v2\/categories?post=12582"},{"taxonomy":"post_tag","embeddable":true,"href":"https:\/\/comarcas.csm.org.pt\/lisboa-norte\/wp-json\/wp\/v2\/tags?post=12582"}],"curies":[{"name":"wp","href":"https:\/\/api.w.org\/{rel}","templated":true}]}}