{"id":12684,"date":"2025-10-09T11:47:43","date_gmt":"2025-10-09T11:47:43","guid":{"rendered":"https:\/\/comarcas.csm.org.pt\/lisboa-norte\/?p=12684"},"modified":"2025-10-09T11:47:43","modified_gmt":"2025-10-09T11:47:43","slug":"comunicado-proc-291-24-1galnh","status":"publish","type":"post","link":"https:\/\/comarcas.csm.org.pt\/lisboa-norte\/blog\/2025\/10\/09\/comunicado-proc-291-24-1galnh\/","title":{"rendered":"Comunicado &#8211; Proc. 291\/24.1GALNH"},"content":{"rendered":"\n<p><\/p>\n\n\n\n<p>Face \u00e0 repercuss\u00e3o publica, divulga-se comunicado nos termos do processo 291\/24.1GALNH que corre termos no Ju\u00edzo de Instru\u00e7\u00e3o Criminal de Loures, tendo havido no passado dia 08 de outubro de 2025, despacho de pronuncia do arguido para julgamento em Tribunal Coletivo.  <\/p>\n\n\n\n<p>Para ler o comunicado na \u00edntegra, clique <a href=\"https:\/\/comarcas.csm.org.pt\/lisboa-norte\/wp-content\/uploads\/sites\/18\/2025\/10\/Comunicado-Processo-291-24.pdf\">aqui<\/a><\/p>\n\n\n\n<p><\/p>\n","protected":false},"excerpt":{"rendered":"<p>Face \u00e0 repercuss\u00e3o publica, divulga-se comunicado nos termos do processo 291\/24.1GALNH que corre termos no Ju\u00edzo de Instru\u00e7\u00e3o Criminal de Loures, tendo havido no passado dia 08 de outubro de 2025, despacho de pronuncia do&#8230;<\/p>\n","protected":false},"author":18,"featured_media":0,"comment_status":"closed","ping_status":"open","sticky":false,"template":"","format":"standard","meta":{"_tbt_post_transparent":"","_tbt_post_title":"","_tbt_post_layout":"","_tbt_post_sidebar_id":"","_tbt_post_content_style":"","_tbt_post_vertical_padding":"","_tbt_post_feature":"","_tbt_post_feature_position":"","_tbt_post_header":false,"_tbt_post_footer":false},"categories":[1],"tags":[],"class_list":["post-12684","post","type-post","status-publish","format-standard","hentry","category-geral"],"yoast_head":"<!-- This site is optimized with the Yoast SEO plugin v25.6 - https:\/\/yoast.com\/wordpress\/plugins\/seo\/ -->\n<title>Comunicado - Proc. 291\/24.1GALNH - Tribunal Judicial da Comarca de Lisboa Norte<\/title>\n<meta name=\"robots\" content=\"index, follow, max-snippet:-1, max-image-preview:large, max-video-preview:-1\" \/>\n<link rel=\"canonical\" href=\"https:\/\/comarcas.csm.org.pt\/lisboa-norte\/blog\/2025\/10\/09\/comunicado-proc-291-24-1galnh\/\" \/>\n<meta property=\"og:locale\" content=\"pt_PT\" \/>\n<meta property=\"og:type\" content=\"article\" \/>\n<meta property=\"og:title\" content=\"Comunicado - Proc. 291\/24.1GALNH - Tribunal Judicial da Comarca de Lisboa Norte\" \/>\n<meta property=\"og:description\" content=\"Face \u00e0 repercuss\u00e3o publica, divulga-se comunicado nos termos do processo 291\/24.1GALNH que corre termos no Ju\u00edzo de Instru\u00e7\u00e3o Criminal de Loures, tendo havido no passado dia 08 de outubro de 2025, despacho de pronuncia do...\" \/>\n<meta property=\"og:url\" content=\"https:\/\/comarcas.csm.org.pt\/lisboa-norte\/blog\/2025\/10\/09\/comunicado-proc-291-24-1galnh\/\" \/>\n<meta property=\"og:site_name\" content=\"Tribunal Judicial da Comarca de Lisboa Norte\" \/>\n<meta property=\"article:published_time\" content=\"2025-10-09T11:47:43+00:00\" \/>\n<meta name=\"author\" content=\"lisboanorte\" \/>\n<meta name=\"twitter:card\" content=\"summary_large_image\" \/>\n<meta name=\"twitter:label1\" content=\"Escrito por\" \/>\n\t<meta name=\"twitter:data1\" content=\"lisboanorte\" \/>\n\t<meta name=\"twitter:label2\" content=\"Tempo estimado de leitura\" \/>\n\t<meta name=\"twitter:data2\" content=\"1 minuto\" \/>\n<script type=\"application\/ld+json\" class=\"yoast-schema-graph\">{\"@context\":\"https:\/\/schema.org\",\"@graph\":[{\"@type\":\"Article\",\"@id\":\"https:\/\/comarcas.csm.org.pt\/lisboa-norte\/blog\/2025\/10\/09\/comunicado-proc-291-24-1galnh\/#article\",\"isPartOf\":{\"@id\":\"https:\/\/comarcas.csm.org.pt\/lisboa-norte\/blog\/2025\/10\/09\/comunicado-proc-291-24-1galnh\/\"},\"author\":{\"name\":\"lisboanorte\",\"@id\":\"https:\/\/comarcas.csm.org.pt\/lisboa-norte\/#\/schema\/person\/c8e8655c9604aaa929584b8f096fecfb\"},\"headline\":\"Comunicado &#8211; Proc. 291\/24.1GALNH\",\"datePublished\":\"2025-10-09T11:47:43+00:00\",\"mainEntityOfPage\":{\"@id\":\"https:\/\/comarcas.csm.org.pt\/lisboa-norte\/blog\/2025\/10\/09\/comunicado-proc-291-24-1galnh\/\"},\"wordCount\":53,\"publisher\":{\"@id\":\"https:\/\/comarcas.csm.org.pt\/lisboa-norte\/#organization\"},\"articleSection\":[\"Geral\"],\"inLanguage\":\"pt-PT\"},{\"@type\":\"WebPage\",\"@id\":\"https:\/\/comarcas.csm.org.pt\/lisboa-norte\/blog\/2025\/10\/09\/comunicado-proc-291-24-1galnh\/\",\"url\":\"https:\/\/comarcas.csm.org.pt\/lisboa-norte\/blog\/2025\/10\/09\/comunicado-proc-291-24-1galnh\/\",\"name\":\"Comunicado - Proc. 291\/24.1GALNH - Tribunal Judicial da Comarca de Lisboa Norte\",\"isPartOf\":{\"@id\":\"https:\/\/comarcas.csm.org.pt\/lisboa-norte\/#website\"},\"datePublished\":\"2025-10-09T11:47:43+00:00\",\"breadcrumb\":{\"@id\":\"https:\/\/comarcas.csm.org.pt\/lisboa-norte\/blog\/2025\/10\/09\/comunicado-proc-291-24-1galnh\/#breadcrumb\"},\"inLanguage\":\"pt-PT\",\"potentialAction\":[{\"@type\":\"ReadAction\",\"target\":[\"https:\/\/comarcas.csm.org.pt\/lisboa-norte\/blog\/2025\/10\/09\/comunicado-proc-291-24-1galnh\/\"]}]},{\"@type\":\"BreadcrumbList\",\"@id\":\"https:\/\/comarcas.csm.org.pt\/lisboa-norte\/blog\/2025\/10\/09\/comunicado-proc-291-24-1galnh\/#breadcrumb\",\"itemListElement\":[{\"@type\":\"ListItem\",\"position\":1,\"name\":\"In\u00edcio\",\"item\":\"https:\/\/comarcas.csm.org.pt\/lisboa-norte\/\"},{\"@type\":\"ListItem\",\"position\":2,\"name\":\"Comunicado &#8211; Proc. 291\/24.1GALNH\"}]},{\"@type\":\"WebSite\",\"@id\":\"https:\/\/comarcas.csm.org.pt\/lisboa-norte\/#website\",\"url\":\"https:\/\/comarcas.csm.org.pt\/lisboa-norte\/\",\"name\":\"Tribunal Judicial da Comarca de Lisboa Norte\",\"description\":\"Tribunal Judicial da Comarca de Aveiro\",\"publisher\":{\"@id\":\"https:\/\/comarcas.csm.org.pt\/lisboa-norte\/#organization\"},\"potentialAction\":[{\"@type\":\"SearchAction\",\"target\":{\"@type\":\"EntryPoint\",\"urlTemplate\":\"https:\/\/comarcas.csm.org.pt\/lisboa-norte\/?s={search_term_string}\"},\"query-input\":{\"@type\":\"PropertyValueSpecification\",\"valueRequired\":true,\"valueName\":\"search_term_string\"}}],\"inLanguage\":\"pt-PT\"},{\"@type\":\"Organization\",\"@id\":\"https:\/\/comarcas.csm.org.pt\/lisboa-norte\/#organization\",\"name\":\"Tribunal Judicial da Comarca de Lisboa Norte\",\"url\":\"https:\/\/comarcas.csm.org.pt\/lisboa-norte\/\",\"logo\":{\"@type\":\"ImageObject\",\"inLanguage\":\"pt-PT\",\"@id\":\"https:\/\/comarcas.csm.org.pt\/lisboa-norte\/#\/schema\/logo\/image\/\",\"url\":\"https:\/\/comarcas.csm.org.pt\/lisboa-norte\/wp-content\/uploads\/sites\/18\/2024\/11\/Lisboa-N_positivo-horizontal.png\",\"contentUrl\":\"https:\/\/comarcas.csm.org.pt\/lisboa-norte\/wp-content\/uploads\/sites\/18\/2024\/11\/Lisboa-N_positivo-horizontal.png\",\"width\":4833,\"height\":942,\"caption\":\"Tribunal Judicial da Comarca de Lisboa Norte\"},\"image\":{\"@id\":\"https:\/\/comarcas.csm.org.pt\/lisboa-norte\/#\/schema\/logo\/image\/\"}},{\"@type\":\"Person\",\"@id\":\"https:\/\/comarcas.csm.org.pt\/lisboa-norte\/#\/schema\/person\/c8e8655c9604aaa929584b8f096fecfb\",\"name\":\"lisboanorte\",\"image\":{\"@type\":\"ImageObject\",\"inLanguage\":\"pt-PT\",\"@id\":\"https:\/\/comarcas.csm.org.pt\/lisboa-norte\/#\/schema\/person\/image\/\",\"url\":\"https:\/\/secure.gravatar.com\/avatar\/e157798c799a869cc93d42c2ec0889ad7de6bd219fc986210eb8db54e9c77916?s=96&d=mm&r=g\",\"contentUrl\":\"https:\/\/secure.gravatar.com\/avatar\/e157798c799a869cc93d42c2ec0889ad7de6bd219fc986210eb8db54e9c77916?s=96&d=mm&r=g\",\"caption\":\"lisboanorte\"},\"url\":\"https:\/\/comarcas.csm.org.pt\/lisboa-norte\/blog\/author\/lisboanorte\/\"}]}<\/script>\n<!-- \/ Yoast SEO plugin. -->","yoast_head_json":{"title":"Comunicado - Proc. 291\/24.1GALNH - Tribunal Judicial da Comarca de Lisboa Norte","robots":{"index":"index","follow":"follow","max-snippet":"max-snippet:-1","max-image-preview":"max-image-preview:large","max-video-preview":"max-video-preview:-1"},"canonical":"https:\/\/comarcas.csm.org.pt\/lisboa-norte\/blog\/2025\/10\/09\/comunicado-proc-291-24-1galnh\/","og_locale":"pt_PT","og_type":"article","og_title":"Comunicado - Proc. 291\/24.1GALNH - Tribunal Judicial da Comarca de Lisboa Norte","og_description":"Face \u00e0 repercuss\u00e3o publica, divulga-se comunicado nos termos do processo 291\/24.1GALNH que corre termos no Ju\u00edzo de Instru\u00e7\u00e3o Criminal de Loures, tendo havido no passado dia 08 de outubro de 2025, despacho de pronuncia do...","og_url":"https:\/\/comarcas.csm.org.pt\/lisboa-norte\/blog\/2025\/10\/09\/comunicado-proc-291-24-1galnh\/","og_site_name":"Tribunal Judicial da Comarca de Lisboa Norte","article_published_time":"2025-10-09T11:47:43+00:00","author":"lisboanorte","twitter_card":"summary_large_image","twitter_misc":{"Escrito por":"lisboanorte","Tempo estimado de leitura":"1 minuto"},"schema":{"@context":"https:\/\/schema.org","@graph":[{"@type":"Article","@id":"https:\/\/comarcas.csm.org.pt\/lisboa-norte\/blog\/2025\/10\/09\/comunicado-proc-291-24-1galnh\/#article","isPartOf":{"@id":"https:\/\/comarcas.csm.org.pt\/lisboa-norte\/blog\/2025\/10\/09\/comunicado-proc-291-24-1galnh\/"},"author":{"name":"lisboanorte","@id":"https:\/\/comarcas.csm.org.pt\/lisboa-norte\/#\/schema\/person\/c8e8655c9604aaa929584b8f096fecfb"},"headline":"Comunicado &#8211; Proc. 291\/24.1GALNH","datePublished":"2025-10-09T11:47:43+00:00","mainEntityOfPage":{"@id":"https:\/\/comarcas.csm.org.pt\/lisboa-norte\/blog\/2025\/10\/09\/comunicado-proc-291-24-1galnh\/"},"wordCount":53,"publisher":{"@id":"https:\/\/comarcas.csm.org.pt\/lisboa-norte\/#organization"},"articleSection":["Geral"],"inLanguage":"pt-PT"},{"@type":"WebPage","@id":"https:\/\/comarcas.csm.org.pt\/lisboa-norte\/blog\/2025\/10\/09\/comunicado-proc-291-24-1galnh\/","url":"https:\/\/comarcas.csm.org.pt\/lisboa-norte\/blog\/2025\/10\/09\/comunicado-proc-291-24-1galnh\/","name":"Comunicado - Proc. 291\/24.1GALNH - Tribunal Judicial da Comarca de Lisboa Norte","isPartOf":{"@id":"https:\/\/comarcas.csm.org.pt\/lisboa-norte\/#website"},"datePublished":"2025-10-09T11:47:43+00:00","breadcrumb":{"@id":"https:\/\/comarcas.csm.org.pt\/lisboa-norte\/blog\/2025\/10\/09\/comunicado-proc-291-24-1galnh\/#breadcrumb"},"inLanguage":"pt-PT","potentialAction":[{"@type":"ReadAction","target":["https:\/\/comarcas.csm.org.pt\/lisboa-norte\/blog\/2025\/10\/09\/comunicado-proc-291-24-1galnh\/"]}]},{"@type":"BreadcrumbList","@id":"https:\/\/comarcas.csm.org.pt\/lisboa-norte\/blog\/2025\/10\/09\/comunicado-proc-291-24-1galnh\/#breadcrumb","itemListElement":[{"@type":"ListItem","position":1,"name":"In\u00edcio","item":"https:\/\/comarcas.csm.org.pt\/lisboa-norte\/"},{"@type":"ListItem","position":2,"name":"Comunicado &#8211; Proc. 291\/24.1GALNH"}]},{"@type":"WebSite","@id":"https:\/\/comarcas.csm.org.pt\/lisboa-norte\/#website","url":"https:\/\/comarcas.csm.org.pt\/lisboa-norte\/","name":"Tribunal Judicial da Comarca de Lisboa Norte","description":"Tribunal Judicial da Comarca de Aveiro","publisher":{"@id":"https:\/\/comarcas.csm.org.pt\/lisboa-norte\/#organization"},"potentialAction":[{"@type":"SearchAction","target":{"@type":"EntryPoint","urlTemplate":"https:\/\/comarcas.csm.org.pt\/lisboa-norte\/?s={search_term_string}"},"query-input":{"@type":"PropertyValueSpecification","valueRequired":true,"valueName":"search_term_string"}}],"inLanguage":"pt-PT"},{"@type":"Organization","@id":"https:\/\/comarcas.csm.org.pt\/lisboa-norte\/#organization","name":"Tribunal Judicial da Comarca de Lisboa Norte","url":"https:\/\/comarcas.csm.org.pt\/lisboa-norte\/","logo":{"@type":"ImageObject","inLanguage":"pt-PT","@id":"https:\/\/comarcas.csm.org.pt\/lisboa-norte\/#\/schema\/logo\/image\/","url":"https:\/\/comarcas.csm.org.pt\/lisboa-norte\/wp-content\/uploads\/sites\/18\/2024\/11\/Lisboa-N_positivo-horizontal.png","contentUrl":"https:\/\/comarcas.csm.org.pt\/lisboa-norte\/wp-content\/uploads\/sites\/18\/2024\/11\/Lisboa-N_positivo-horizontal.png","width":4833,"height":942,"caption":"Tribunal Judicial da Comarca de Lisboa Norte"},"image":{"@id":"https:\/\/comarcas.csm.org.pt\/lisboa-norte\/#\/schema\/logo\/image\/"}},{"@type":"Person","@id":"https:\/\/comarcas.csm.org.pt\/lisboa-norte\/#\/schema\/person\/c8e8655c9604aaa929584b8f096fecfb","name":"lisboanorte","image":{"@type":"ImageObject","inLanguage":"pt-PT","@id":"https:\/\/comarcas.csm.org.pt\/lisboa-norte\/#\/schema\/person\/image\/","url":"https:\/\/secure.gravatar.com\/avatar\/e157798c799a869cc93d42c2ec0889ad7de6bd219fc986210eb8db54e9c77916?s=96&d=mm&r=g","contentUrl":"https:\/\/secure.gravatar.com\/avatar\/e157798c799a869cc93d42c2ec0889ad7de6bd219fc986210eb8db54e9c77916?s=96&d=mm&r=g","caption":"lisboanorte"},"url":"https:\/\/comarcas.csm.org.pt\/lisboa-norte\/blog\/author\/lisboanorte\/"}]}},"_links":{"self":[{"href":"https:\/\/comarcas.csm.org.pt\/lisboa-norte\/wp-json\/wp\/v2\/posts\/12684","targetHints":{"allow":["GET"]}}],"collection":[{"href":"https:\/\/comarcas.csm.org.pt\/lisboa-norte\/wp-json\/wp\/v2\/posts"}],"about":[{"href":"https:\/\/comarcas.csm.org.pt\/lisboa-norte\/wp-json\/wp\/v2\/types\/post"}],"author":[{"embeddable":true,"href":"https:\/\/comarcas.csm.org.pt\/lisboa-norte\/wp-json\/wp\/v2\/users\/18"}],"replies":[{"embeddable":true,"href":"https:\/\/comarcas.csm.org.pt\/lisboa-norte\/wp-json\/wp\/v2\/comments?post=12684"}],"version-history":[{"count":1,"href":"https:\/\/comarcas.csm.org.pt\/lisboa-norte\/wp-json\/wp\/v2\/posts\/12684\/revisions"}],"predecessor-version":[{"id":12686,"href":"https:\/\/comarcas.csm.org.pt\/lisboa-norte\/wp-json\/wp\/v2\/posts\/12684\/revisions\/12686"}],"wp:attachment":[{"href":"https:\/\/comarcas.csm.org.pt\/lisboa-norte\/wp-json\/wp\/v2\/media?parent=12684"}],"wp:term":[{"taxonomy":"category","embeddable":true,"href":"https:\/\/comarcas.csm.org.pt\/lisboa-norte\/wp-json\/wp\/v2\/categories?post=12684"},{"taxonomy":"post_tag","embeddable":true,"href":"https:\/\/comarcas.csm.org.pt\/lisboa-norte\/wp-json\/wp\/v2\/tags?post=12684"}],"curies":[{"name":"wp","href":"https:\/\/api.w.org\/{rel}","templated":true}]}}