{"id":12833,"date":"2025-11-26T13:51:49","date_gmt":"2025-11-26T13:51:49","guid":{"rendered":"https:\/\/comarcas.csm.org.pt\/lisboa-norte\/?p=12833"},"modified":"2025-12-11T15:25:06","modified_gmt":"2025-12-11T15:25:06","slug":"arvore-de-natal-do-palacio-da-justica-de-loures","status":"publish","type":"post","link":"https:\/\/comarcas.csm.org.pt\/lisboa-norte\/blog\/2025\/11\/26\/arvore-de-natal-do-palacio-da-justica-de-loures\/","title":{"rendered":"\u00e1rvore de Natal do Pal\u00e1cio da Justi\u00e7a de Loures"},"content":{"rendered":"\n<p><\/p>\n\n\n\n<p>Com a \u00e9poca natal\u00edcia \u00e0 porta, o N\u00facleo de Loures preparou a sua \u00c1rvore de Natal. A Administradora Judici\u00e1ria, S\u00f3nia Mascarenhas, atrav\u00e9s da mensagem <em>infra<\/em>, solicitou a colabora\u00e7\u00e3o de todos na angaria\u00e7\u00e3o de enfeites e decora\u00e7\u00f5es. Contamos com a generosidade de cada um para que este s\u00edmbolo festivo traga mais luz e calor ao nosso espa\u00e7o.<\/p>\n\n\n\n<p>&#8221;&nbsp;Tenho o prazer de partilhar convosco que <strong>hoje foi montada a \u00e1rvore de Natal no \u00e1trio do Pal\u00e1cio da Justi\u00e7a de Loures<\/strong>.<\/p>\n\n\n\n<p>Mais do que um s\u00edmbolo da \u00e9poca festiva, desejamos que esta \u00e1rvore se transforme num <strong>gesto coletivo<\/strong>, celebrando a uni\u00e3o, a partilha e o esp\u00edrito de comunidade entre todos os que, nas mais diversas fun\u00e7\u00f5es, contribuem diariamente para o bom funcionamento e vida desta casa da Justi\u00e7a.<\/p>\n\n\n\n<p>Deixo, por isso, um convite especial: que cada um, se assim o desejar, <strong>traga e coloque um enfeite<\/strong> na nossa \u00e1rvore. Um pequeno gesto que representar\u00e1 a contribui\u00e7\u00e3o individual de cada membro desta comunidade, o esp\u00edrito de partilha que queremos celebrar e que ajudar\u00e1 a construir uma \u00e1rvore verdadeiramente nossa.<\/p>\n\n\n\n<p>Que esta \u00e1rvore, constru\u00edda por todos, nos recorde que, apesar das exig\u00eancias do quotidiano, caminhamos juntos, lado a lado, ao servi\u00e7o da Justi\u00e7a.<\/p>\n\n\n\n<p>Um <strong>bem-haja a todos<\/strong> e os meus <strong>melhores votos de Boas Festas.<\/strong><\/p>\n\n\n\n<p>Com os melhores cumprimentos,<br><strong>S\u00f3nia Mascarenhas<\/strong><br>Administradora judici\u00e1ria da Comarca de Lisboa Norte&#8221;<\/p>\n\n\n\n<p>Partilhamos duas fotografias que nos chegaram, agradecendo \u00e0s sras. funcion\u00e1rias as suas contribui\u00e7\u00f5es!   <\/p>\n\n\n\n<p><\/p>\n\n\n<div class=\"wp-block-image\">\n<figure class=\"aligncenter size-large\"><img fetchpriority=\"high\" decoding=\"async\" width=\"768\" height=\"1024\" src=\"https:\/\/comarcas.csm.org.pt\/lisboa-norte\/wp-content\/uploads\/sites\/18\/2025\/12\/IMG20251211140804-768x1024.jpg\" alt=\"\" class=\"wp-image-12868\" srcset=\"https:\/\/comarcas.csm.org.pt\/lisboa-norte\/wp-content\/uploads\/sites\/18\/2025\/12\/IMG20251211140804-768x1024.jpg 768w, https:\/\/comarcas.csm.org.pt\/lisboa-norte\/wp-content\/uploads\/sites\/18\/2025\/12\/IMG20251211140804-225x300.jpg 225w, https:\/\/comarcas.csm.org.pt\/lisboa-norte\/wp-content\/uploads\/sites\/18\/2025\/12\/IMG20251211140804-1152x1536.jpg 1152w, https:\/\/comarcas.csm.org.pt\/lisboa-norte\/wp-content\/uploads\/sites\/18\/2025\/12\/IMG20251211140804.jpg 1536w\" sizes=\"(max-width: 768px) 100vw, 768px\" \/><figcaption class=\"wp-element-caption\">\u00c1rvore de Natal do Pal\u00e1cio da Justi\u00e7a de Loures<\/figcaption><\/figure><\/div>\n\n<div class=\"wp-block-image\">\n<figure class=\"aligncenter size-large\"><img decoding=\"async\" width=\"734\" height=\"1024\" src=\"https:\/\/comarcas.csm.org.pt\/lisboa-norte\/wp-content\/uploads\/sites\/18\/2025\/11\/1764077625672-734x1024.jpg\" alt=\"\" class=\"wp-image-12835\" srcset=\"https:\/\/comarcas.csm.org.pt\/lisboa-norte\/wp-content\/uploads\/sites\/18\/2025\/11\/1764077625672-734x1024.jpg 734w, https:\/\/comarcas.csm.org.pt\/lisboa-norte\/wp-content\/uploads\/sites\/18\/2025\/11\/1764077625672-215x300.jpg 215w, https:\/\/comarcas.csm.org.pt\/lisboa-norte\/wp-content\/uploads\/sites\/18\/2025\/11\/1764077625672-768x1072.jpg 768w, https:\/\/comarcas.csm.org.pt\/lisboa-norte\/wp-content\/uploads\/sites\/18\/2025\/11\/1764077625672-1101x1536.jpg 1101w, https:\/\/comarcas.csm.org.pt\/lisboa-norte\/wp-content\/uploads\/sites\/18\/2025\/11\/1764077625672-1467x2048.jpg 1467w, https:\/\/comarcas.csm.org.pt\/lisboa-norte\/wp-content\/uploads\/sites\/18\/2025\/11\/1764077625672-scaled.jpg 1834w\" sizes=\"(max-width: 734px) 100vw, 734px\" \/><\/figure><\/div>\n\n<div class=\"wp-block-image\">\n<figure class=\"aligncenter size-large\"><img decoding=\"async\" width=\"768\" height=\"1024\" src=\"https:\/\/comarcas.csm.org.pt\/lisboa-norte\/wp-content\/uploads\/sites\/18\/2025\/11\/IMG20251126115055-768x1024.jpg\" alt=\"\" class=\"wp-image-12836\" srcset=\"https:\/\/comarcas.csm.org.pt\/lisboa-norte\/wp-content\/uploads\/sites\/18\/2025\/11\/IMG20251126115055-768x1024.jpg 768w, https:\/\/comarcas.csm.org.pt\/lisboa-norte\/wp-content\/uploads\/sites\/18\/2025\/11\/IMG20251126115055-225x300.jpg 225w, https:\/\/comarcas.csm.org.pt\/lisboa-norte\/wp-content\/uploads\/sites\/18\/2025\/11\/IMG20251126115055-1152x1536.jpg 1152w, https:\/\/comarcas.csm.org.pt\/lisboa-norte\/wp-content\/uploads\/sites\/18\/2025\/11\/IMG20251126115055-1536x2048.jpg 1536w, https:\/\/comarcas.csm.org.pt\/lisboa-norte\/wp-content\/uploads\/sites\/18\/2025\/11\/IMG20251126115055-scaled.jpg 1920w\" sizes=\"(max-width: 768px) 100vw, 768px\" \/><\/figure><\/div>\n\n\n<p><\/p>\n","protected":false},"excerpt":{"rendered":"<p>Com a \u00e9poca natal\u00edcia \u00e0 porta, o N\u00facleo de Loures preparou a sua \u00c1rvore de Natal. A Administradora Judici\u00e1ria, S\u00f3nia Mascarenhas, atrav\u00e9s da mensagem infra, solicitou a colabora\u00e7\u00e3o de todos na angaria\u00e7\u00e3o de enfeites e&#8230;<\/p>\n","protected":false},"author":18,"featured_media":0,"comment_status":"closed","ping_status":"open","sticky":false,"template":"","format":"standard","meta":{"_tbt_post_transparent":"","_tbt_post_title":"","_tbt_post_layout":"","_tbt_post_sidebar_id":"","_tbt_post_content_style":"","_tbt_post_vertical_padding":"","_tbt_post_feature":"","_tbt_post_feature_position":"","_tbt_post_header":false,"_tbt_post_footer":false},"categories":[1],"tags":[],"class_list":["post-12833","post","type-post","status-publish","format-standard","hentry","category-geral"],"yoast_head":"<!-- This site is optimized with the Yoast SEO plugin v25.6 - https:\/\/yoast.com\/wordpress\/plugins\/seo\/ -->\n<title>\u00e1rvore de Natal do Pal\u00e1cio da Justi\u00e7a de Loures - Tribunal Judicial da Comarca de Lisboa Norte<\/title>\n<meta name=\"robots\" content=\"index, follow, max-snippet:-1, max-image-preview:large, max-video-preview:-1\" \/>\n<link rel=\"canonical\" href=\"https:\/\/comarcas.csm.org.pt\/lisboa-norte\/blog\/2025\/11\/26\/arvore-de-natal-do-palacio-da-justica-de-loures\/\" \/>\n<meta property=\"og:locale\" content=\"pt_PT\" \/>\n<meta property=\"og:type\" content=\"article\" \/>\n<meta property=\"og:title\" content=\"\u00e1rvore de Natal do Pal\u00e1cio da Justi\u00e7a de Loures - Tribunal Judicial da Comarca de Lisboa Norte\" \/>\n<meta property=\"og:description\" content=\"Com a \u00e9poca natal\u00edcia \u00e0 porta, o N\u00facleo de Loures preparou a sua \u00c1rvore de Natal. A Administradora Judici\u00e1ria, S\u00f3nia Mascarenhas, atrav\u00e9s da mensagem infra, solicitou a colabora\u00e7\u00e3o de todos na angaria\u00e7\u00e3o de enfeites e...\" \/>\n<meta property=\"og:url\" content=\"https:\/\/comarcas.csm.org.pt\/lisboa-norte\/blog\/2025\/11\/26\/arvore-de-natal-do-palacio-da-justica-de-loures\/\" \/>\n<meta property=\"og:site_name\" content=\"Tribunal Judicial da Comarca de Lisboa Norte\" \/>\n<meta property=\"article:published_time\" content=\"2025-11-26T13:51:49+00:00\" \/>\n<meta property=\"article:modified_time\" content=\"2025-12-11T15:25:06+00:00\" \/>\n<meta property=\"og:image\" content=\"https:\/\/comarcas.csm.org.pt\/lisboa-norte\/wp-content\/uploads\/sites\/18\/2025\/12\/IMG20251211140804.jpg\" \/>\n\t<meta property=\"og:image:width\" content=\"1536\" \/>\n\t<meta property=\"og:image:height\" content=\"2048\" \/>\n\t<meta property=\"og:image:type\" content=\"image\/jpeg\" \/>\n<meta name=\"author\" content=\"lisboanorte\" \/>\n<meta name=\"twitter:card\" content=\"summary_large_image\" \/>\n<meta name=\"twitter:label1\" content=\"Escrito por\" \/>\n\t<meta name=\"twitter:data1\" content=\"lisboanorte\" \/>\n\t<meta name=\"twitter:label2\" content=\"Tempo estimado de leitura\" \/>\n\t<meta name=\"twitter:data2\" content=\"2 minutos\" \/>\n<script type=\"application\/ld+json\" class=\"yoast-schema-graph\">{\"@context\":\"https:\/\/schema.org\",\"@graph\":[{\"@type\":\"Article\",\"@id\":\"https:\/\/comarcas.csm.org.pt\/lisboa-norte\/blog\/2025\/11\/26\/arvore-de-natal-do-palacio-da-justica-de-loures\/#article\",\"isPartOf\":{\"@id\":\"https:\/\/comarcas.csm.org.pt\/lisboa-norte\/blog\/2025\/11\/26\/arvore-de-natal-do-palacio-da-justica-de-loures\/\"},\"author\":{\"name\":\"lisboanorte\",\"@id\":\"https:\/\/comarcas.csm.org.pt\/lisboa-norte\/#\/schema\/person\/c8e8655c9604aaa929584b8f096fecfb\"},\"headline\":\"\u00e1rvore de Natal do Pal\u00e1cio da Justi\u00e7a de Loures\",\"datePublished\":\"2025-11-26T13:51:49+00:00\",\"dateModified\":\"2025-12-11T15:25:06+00:00\",\"mainEntityOfPage\":{\"@id\":\"https:\/\/comarcas.csm.org.pt\/lisboa-norte\/blog\/2025\/11\/26\/arvore-de-natal-do-palacio-da-justica-de-loures\/\"},\"wordCount\":285,\"publisher\":{\"@id\":\"https:\/\/comarcas.csm.org.pt\/lisboa-norte\/#organization\"},\"image\":{\"@id\":\"https:\/\/comarcas.csm.org.pt\/lisboa-norte\/blog\/2025\/11\/26\/arvore-de-natal-do-palacio-da-justica-de-loures\/#primaryimage\"},\"thumbnailUrl\":\"https:\/\/comarcas.csm.org.pt\/lisboa-norte\/wp-content\/uploads\/sites\/18\/2025\/12\/IMG20251211140804-768x1024.jpg\",\"articleSection\":[\"Geral\"],\"inLanguage\":\"pt-PT\"},{\"@type\":\"WebPage\",\"@id\":\"https:\/\/comarcas.csm.org.pt\/lisboa-norte\/blog\/2025\/11\/26\/arvore-de-natal-do-palacio-da-justica-de-loures\/\",\"url\":\"https:\/\/comarcas.csm.org.pt\/lisboa-norte\/blog\/2025\/11\/26\/arvore-de-natal-do-palacio-da-justica-de-loures\/\",\"name\":\"\u00e1rvore de Natal do Pal\u00e1cio da Justi\u00e7a de Loures - Tribunal Judicial da Comarca de Lisboa Norte\",\"isPartOf\":{\"@id\":\"https:\/\/comarcas.csm.org.pt\/lisboa-norte\/#website\"},\"primaryImageOfPage\":{\"@id\":\"https:\/\/comarcas.csm.org.pt\/lisboa-norte\/blog\/2025\/11\/26\/arvore-de-natal-do-palacio-da-justica-de-loures\/#primaryimage\"},\"image\":{\"@id\":\"https:\/\/comarcas.csm.org.pt\/lisboa-norte\/blog\/2025\/11\/26\/arvore-de-natal-do-palacio-da-justica-de-loures\/#primaryimage\"},\"thumbnailUrl\":\"https:\/\/comarcas.csm.org.pt\/lisboa-norte\/wp-content\/uploads\/sites\/18\/2025\/12\/IMG20251211140804-768x1024.jpg\",\"datePublished\":\"2025-11-26T13:51:49+00:00\",\"dateModified\":\"2025-12-11T15:25:06+00:00\",\"breadcrumb\":{\"@id\":\"https:\/\/comarcas.csm.org.pt\/lisboa-norte\/blog\/2025\/11\/26\/arvore-de-natal-do-palacio-da-justica-de-loures\/#breadcrumb\"},\"inLanguage\":\"pt-PT\",\"potentialAction\":[{\"@type\":\"ReadAction\",\"target\":[\"https:\/\/comarcas.csm.org.pt\/lisboa-norte\/blog\/2025\/11\/26\/arvore-de-natal-do-palacio-da-justica-de-loures\/\"]}]},{\"@type\":\"ImageObject\",\"inLanguage\":\"pt-PT\",\"@id\":\"https:\/\/comarcas.csm.org.pt\/lisboa-norte\/blog\/2025\/11\/26\/arvore-de-natal-do-palacio-da-justica-de-loures\/#primaryimage\",\"url\":\"https:\/\/comarcas.csm.org.pt\/lisboa-norte\/wp-content\/uploads\/sites\/18\/2025\/12\/IMG20251211140804.jpg\",\"contentUrl\":\"https:\/\/comarcas.csm.org.pt\/lisboa-norte\/wp-content\/uploads\/sites\/18\/2025\/12\/IMG20251211140804.jpg\",\"width\":1536,\"height\":2048,\"caption\":\"\u00c1rvore de Natal do Pal\u00e1cio da Justi\u00e7a de Loures\"},{\"@type\":\"BreadcrumbList\",\"@id\":\"https:\/\/comarcas.csm.org.pt\/lisboa-norte\/blog\/2025\/11\/26\/arvore-de-natal-do-palacio-da-justica-de-loures\/#breadcrumb\",\"itemListElement\":[{\"@type\":\"ListItem\",\"position\":1,\"name\":\"In\u00edcio\",\"item\":\"https:\/\/comarcas.csm.org.pt\/lisboa-norte\/\"},{\"@type\":\"ListItem\",\"position\":2,\"name\":\"\u00e1rvore de Natal do Pal\u00e1cio da Justi\u00e7a de Loures\"}]},{\"@type\":\"WebSite\",\"@id\":\"https:\/\/comarcas.csm.org.pt\/lisboa-norte\/#website\",\"url\":\"https:\/\/comarcas.csm.org.pt\/lisboa-norte\/\",\"name\":\"Tribunal Judicial da Comarca de Lisboa Norte\",\"description\":\"Tribunal Judicial da Comarca de Aveiro\",\"publisher\":{\"@id\":\"https:\/\/comarcas.csm.org.pt\/lisboa-norte\/#organization\"},\"potentialAction\":[{\"@type\":\"SearchAction\",\"target\":{\"@type\":\"EntryPoint\",\"urlTemplate\":\"https:\/\/comarcas.csm.org.pt\/lisboa-norte\/?s={search_term_string}\"},\"query-input\":{\"@type\":\"PropertyValueSpecification\",\"valueRequired\":true,\"valueName\":\"search_term_string\"}}],\"inLanguage\":\"pt-PT\"},{\"@type\":\"Organization\",\"@id\":\"https:\/\/comarcas.csm.org.pt\/lisboa-norte\/#organization\",\"name\":\"Tribunal Judicial da Comarca de Lisboa Norte\",\"url\":\"https:\/\/comarcas.csm.org.pt\/lisboa-norte\/\",\"logo\":{\"@type\":\"ImageObject\",\"inLanguage\":\"pt-PT\",\"@id\":\"https:\/\/comarcas.csm.org.pt\/lisboa-norte\/#\/schema\/logo\/image\/\",\"url\":\"https:\/\/comarcas.csm.org.pt\/lisboa-norte\/wp-content\/uploads\/sites\/18\/2024\/11\/Lisboa-N_positivo-horizontal.png\",\"contentUrl\":\"https:\/\/comarcas.csm.org.pt\/lisboa-norte\/wp-content\/uploads\/sites\/18\/2024\/11\/Lisboa-N_positivo-horizontal.png\",\"width\":4833,\"height\":942,\"caption\":\"Tribunal Judicial da Comarca de Lisboa Norte\"},\"image\":{\"@id\":\"https:\/\/comarcas.csm.org.pt\/lisboa-norte\/#\/schema\/logo\/image\/\"}},{\"@type\":\"Person\",\"@id\":\"https:\/\/comarcas.csm.org.pt\/lisboa-norte\/#\/schema\/person\/c8e8655c9604aaa929584b8f096fecfb\",\"name\":\"lisboanorte\",\"image\":{\"@type\":\"ImageObject\",\"inLanguage\":\"pt-PT\",\"@id\":\"https:\/\/comarcas.csm.org.pt\/lisboa-norte\/#\/schema\/person\/image\/\",\"url\":\"https:\/\/secure.gravatar.com\/avatar\/e157798c799a869cc93d42c2ec0889ad7de6bd219fc986210eb8db54e9c77916?s=96&d=mm&r=g\",\"contentUrl\":\"https:\/\/secure.gravatar.com\/avatar\/e157798c799a869cc93d42c2ec0889ad7de6bd219fc986210eb8db54e9c77916?s=96&d=mm&r=g\",\"caption\":\"lisboanorte\"},\"url\":\"https:\/\/comarcas.csm.org.pt\/lisboa-norte\/blog\/author\/lisboanorte\/\"}]}<\/script>\n<!-- \/ Yoast SEO plugin. -->","yoast_head_json":{"title":"\u00e1rvore de Natal do Pal\u00e1cio da Justi\u00e7a de Loures - Tribunal Judicial da Comarca de Lisboa Norte","robots":{"index":"index","follow":"follow","max-snippet":"max-snippet:-1","max-image-preview":"max-image-preview:large","max-video-preview":"max-video-preview:-1"},"canonical":"https:\/\/comarcas.csm.org.pt\/lisboa-norte\/blog\/2025\/11\/26\/arvore-de-natal-do-palacio-da-justica-de-loures\/","og_locale":"pt_PT","og_type":"article","og_title":"\u00e1rvore de Natal do Pal\u00e1cio da Justi\u00e7a de Loures - Tribunal Judicial da Comarca de Lisboa Norte","og_description":"Com a \u00e9poca natal\u00edcia \u00e0 porta, o N\u00facleo de Loures preparou a sua \u00c1rvore de Natal. A Administradora Judici\u00e1ria, S\u00f3nia Mascarenhas, atrav\u00e9s da mensagem infra, solicitou a colabora\u00e7\u00e3o de todos na angaria\u00e7\u00e3o de enfeites e...","og_url":"https:\/\/comarcas.csm.org.pt\/lisboa-norte\/blog\/2025\/11\/26\/arvore-de-natal-do-palacio-da-justica-de-loures\/","og_site_name":"Tribunal Judicial da Comarca de Lisboa Norte","article_published_time":"2025-11-26T13:51:49+00:00","article_modified_time":"2025-12-11T15:25:06+00:00","og_image":[{"width":1536,"height":2048,"url":"https:\/\/comarcas.csm.org.pt\/lisboa-norte\/wp-content\/uploads\/sites\/18\/2025\/12\/IMG20251211140804.jpg","type":"image\/jpeg"}],"author":"lisboanorte","twitter_card":"summary_large_image","twitter_misc":{"Escrito por":"lisboanorte","Tempo estimado de leitura":"2 minutos"},"schema":{"@context":"https:\/\/schema.org","@graph":[{"@type":"Article","@id":"https:\/\/comarcas.csm.org.pt\/lisboa-norte\/blog\/2025\/11\/26\/arvore-de-natal-do-palacio-da-justica-de-loures\/#article","isPartOf":{"@id":"https:\/\/comarcas.csm.org.pt\/lisboa-norte\/blog\/2025\/11\/26\/arvore-de-natal-do-palacio-da-justica-de-loures\/"},"author":{"name":"lisboanorte","@id":"https:\/\/comarcas.csm.org.pt\/lisboa-norte\/#\/schema\/person\/c8e8655c9604aaa929584b8f096fecfb"},"headline":"\u00e1rvore de Natal do Pal\u00e1cio da Justi\u00e7a de Loures","datePublished":"2025-11-26T13:51:49+00:00","dateModified":"2025-12-11T15:25:06+00:00","mainEntityOfPage":{"@id":"https:\/\/comarcas.csm.org.pt\/lisboa-norte\/blog\/2025\/11\/26\/arvore-de-natal-do-palacio-da-justica-de-loures\/"},"wordCount":285,"publisher":{"@id":"https:\/\/comarcas.csm.org.pt\/lisboa-norte\/#organization"},"image":{"@id":"https:\/\/comarcas.csm.org.pt\/lisboa-norte\/blog\/2025\/11\/26\/arvore-de-natal-do-palacio-da-justica-de-loures\/#primaryimage"},"thumbnailUrl":"https:\/\/comarcas.csm.org.pt\/lisboa-norte\/wp-content\/uploads\/sites\/18\/2025\/12\/IMG20251211140804-768x1024.jpg","articleSection":["Geral"],"inLanguage":"pt-PT"},{"@type":"WebPage","@id":"https:\/\/comarcas.csm.org.pt\/lisboa-norte\/blog\/2025\/11\/26\/arvore-de-natal-do-palacio-da-justica-de-loures\/","url":"https:\/\/comarcas.csm.org.pt\/lisboa-norte\/blog\/2025\/11\/26\/arvore-de-natal-do-palacio-da-justica-de-loures\/","name":"\u00e1rvore de Natal do Pal\u00e1cio da Justi\u00e7a de Loures - Tribunal Judicial da Comarca de Lisboa Norte","isPartOf":{"@id":"https:\/\/comarcas.csm.org.pt\/lisboa-norte\/#website"},"primaryImageOfPage":{"@id":"https:\/\/comarcas.csm.org.pt\/lisboa-norte\/blog\/2025\/11\/26\/arvore-de-natal-do-palacio-da-justica-de-loures\/#primaryimage"},"image":{"@id":"https:\/\/comarcas.csm.org.pt\/lisboa-norte\/blog\/2025\/11\/26\/arvore-de-natal-do-palacio-da-justica-de-loures\/#primaryimage"},"thumbnailUrl":"https:\/\/comarcas.csm.org.pt\/lisboa-norte\/wp-content\/uploads\/sites\/18\/2025\/12\/IMG20251211140804-768x1024.jpg","datePublished":"2025-11-26T13:51:49+00:00","dateModified":"2025-12-11T15:25:06+00:00","breadcrumb":{"@id":"https:\/\/comarcas.csm.org.pt\/lisboa-norte\/blog\/2025\/11\/26\/arvore-de-natal-do-palacio-da-justica-de-loures\/#breadcrumb"},"inLanguage":"pt-PT","potentialAction":[{"@type":"ReadAction","target":["https:\/\/comarcas.csm.org.pt\/lisboa-norte\/blog\/2025\/11\/26\/arvore-de-natal-do-palacio-da-justica-de-loures\/"]}]},{"@type":"ImageObject","inLanguage":"pt-PT","@id":"https:\/\/comarcas.csm.org.pt\/lisboa-norte\/blog\/2025\/11\/26\/arvore-de-natal-do-palacio-da-justica-de-loures\/#primaryimage","url":"https:\/\/comarcas.csm.org.pt\/lisboa-norte\/wp-content\/uploads\/sites\/18\/2025\/12\/IMG20251211140804.jpg","contentUrl":"https:\/\/comarcas.csm.org.pt\/lisboa-norte\/wp-content\/uploads\/sites\/18\/2025\/12\/IMG20251211140804.jpg","width":1536,"height":2048,"caption":"\u00c1rvore de Natal do Pal\u00e1cio da Justi\u00e7a de Loures"},{"@type":"BreadcrumbList","@id":"https:\/\/comarcas.csm.org.pt\/lisboa-norte\/blog\/2025\/11\/26\/arvore-de-natal-do-palacio-da-justica-de-loures\/#breadcrumb","itemListElement":[{"@type":"ListItem","position":1,"name":"In\u00edcio","item":"https:\/\/comarcas.csm.org.pt\/lisboa-norte\/"},{"@type":"ListItem","position":2,"name":"\u00e1rvore de Natal do Pal\u00e1cio da Justi\u00e7a de Loures"}]},{"@type":"WebSite","@id":"https:\/\/comarcas.csm.org.pt\/lisboa-norte\/#website","url":"https:\/\/comarcas.csm.org.pt\/lisboa-norte\/","name":"Tribunal Judicial da Comarca de Lisboa Norte","description":"Tribunal Judicial da Comarca de Aveiro","publisher":{"@id":"https:\/\/comarcas.csm.org.pt\/lisboa-norte\/#organization"},"potentialAction":[{"@type":"SearchAction","target":{"@type":"EntryPoint","urlTemplate":"https:\/\/comarcas.csm.org.pt\/lisboa-norte\/?s={search_term_string}"},"query-input":{"@type":"PropertyValueSpecification","valueRequired":true,"valueName":"search_term_string"}}],"inLanguage":"pt-PT"},{"@type":"Organization","@id":"https:\/\/comarcas.csm.org.pt\/lisboa-norte\/#organization","name":"Tribunal Judicial da Comarca de Lisboa Norte","url":"https:\/\/comarcas.csm.org.pt\/lisboa-norte\/","logo":{"@type":"ImageObject","inLanguage":"pt-PT","@id":"https:\/\/comarcas.csm.org.pt\/lisboa-norte\/#\/schema\/logo\/image\/","url":"https:\/\/comarcas.csm.org.pt\/lisboa-norte\/wp-content\/uploads\/sites\/18\/2024\/11\/Lisboa-N_positivo-horizontal.png","contentUrl":"https:\/\/comarcas.csm.org.pt\/lisboa-norte\/wp-content\/uploads\/sites\/18\/2024\/11\/Lisboa-N_positivo-horizontal.png","width":4833,"height":942,"caption":"Tribunal Judicial da Comarca de Lisboa Norte"},"image":{"@id":"https:\/\/comarcas.csm.org.pt\/lisboa-norte\/#\/schema\/logo\/image\/"}},{"@type":"Person","@id":"https:\/\/comarcas.csm.org.pt\/lisboa-norte\/#\/schema\/person\/c8e8655c9604aaa929584b8f096fecfb","name":"lisboanorte","image":{"@type":"ImageObject","inLanguage":"pt-PT","@id":"https:\/\/comarcas.csm.org.pt\/lisboa-norte\/#\/schema\/person\/image\/","url":"https:\/\/secure.gravatar.com\/avatar\/e157798c799a869cc93d42c2ec0889ad7de6bd219fc986210eb8db54e9c77916?s=96&d=mm&r=g","contentUrl":"https:\/\/secure.gravatar.com\/avatar\/e157798c799a869cc93d42c2ec0889ad7de6bd219fc986210eb8db54e9c77916?s=96&d=mm&r=g","caption":"lisboanorte"},"url":"https:\/\/comarcas.csm.org.pt\/lisboa-norte\/blog\/author\/lisboanorte\/"}]}},"_links":{"self":[{"href":"https:\/\/comarcas.csm.org.pt\/lisboa-norte\/wp-json\/wp\/v2\/posts\/12833","targetHints":{"allow":["GET"]}}],"collection":[{"href":"https:\/\/comarcas.csm.org.pt\/lisboa-norte\/wp-json\/wp\/v2\/posts"}],"about":[{"href":"https:\/\/comarcas.csm.org.pt\/lisboa-norte\/wp-json\/wp\/v2\/types\/post"}],"author":[{"embeddable":true,"href":"https:\/\/comarcas.csm.org.pt\/lisboa-norte\/wp-json\/wp\/v2\/users\/18"}],"replies":[{"embeddable":true,"href":"https:\/\/comarcas.csm.org.pt\/lisboa-norte\/wp-json\/wp\/v2\/comments?post=12833"}],"version-history":[{"count":2,"href":"https:\/\/comarcas.csm.org.pt\/lisboa-norte\/wp-json\/wp\/v2\/posts\/12833\/revisions"}],"predecessor-version":[{"id":12869,"href":"https:\/\/comarcas.csm.org.pt\/lisboa-norte\/wp-json\/wp\/v2\/posts\/12833\/revisions\/12869"}],"wp:attachment":[{"href":"https:\/\/comarcas.csm.org.pt\/lisboa-norte\/wp-json\/wp\/v2\/media?parent=12833"}],"wp:term":[{"taxonomy":"category","embeddable":true,"href":"https:\/\/comarcas.csm.org.pt\/lisboa-norte\/wp-json\/wp\/v2\/categories?post=12833"},{"taxonomy":"post_tag","embeddable":true,"href":"https:\/\/comarcas.csm.org.pt\/lisboa-norte\/wp-json\/wp\/v2\/tags?post=12833"}],"curies":[{"name":"wp","href":"https:\/\/api.w.org\/{rel}","templated":true}]}}