{"id":12896,"date":"2026-01-29T09:40:16","date_gmt":"2026-01-29T09:40:16","guid":{"rendered":"https:\/\/comarcas.csm.org.pt\/lisboa-norte\/?p=12896"},"modified":"2026-01-29T09:43:03","modified_gmt":"2026-01-29T09:43:03","slug":"tomada-de-posse","status":"publish","type":"post","link":"https:\/\/comarcas.csm.org.pt\/lisboa-norte\/blog\/2026\/01\/29\/tomada-de-posse\/","title":{"rendered":"Tomada de posse"},"content":{"rendered":"\n<p>No passado dia 27 de janeiro, a Senhora Ju\u00edza Presidente, Dr.\u00aa Sara Pina Cabral, conferiu posse \u00e0 Senhora Dr\u00aa. Ana Tavares Pinto, que iniciou fun\u00e7\u00f5es como Ju\u00edza Estagi\u00e1ria no Ju\u00edzo Local Criminal e Ju\u00edzo de Pequena Inst\u00e2ncia Criminal de Loures.<\/p>\n\n\n\n<p>O momento contou com a presen\u00e7a dos Senhores Magistrados Judiciais e do Minist\u00e9rio P\u00fablico, incluindo os Senhores Ju\u00edzes Formadores, com a presen\u00e7a dos Senhores Secret\u00e1rios de Justi\u00e7a do n\u00facleo e de familiares da empossada. <\/p>\n\n\n\n<p>Durante a cerim\u00f3nia, a Ju\u00edza Presidente deu formalmente as boas-vindas \u00e0 nova magistrada, sublinhando a import\u00e2ncia desta etapa e manifestando os seus votos de que esta nova jornada profissional seja pautada pelo sucesso. <\/p>\n\n\n<div class=\"wp-block-image\">\n<figure class=\"aligncenter size-large\"><img fetchpriority=\"high\" decoding=\"async\" width=\"1024\" height=\"596\" src=\"https:\/\/comarcas.csm.org.pt\/lisboa-norte\/wp-content\/uploads\/sites\/18\/2026\/01\/IMG_20260127_211425-1024x596.jpg\" alt=\"\" class=\"wp-image-12895\" srcset=\"https:\/\/comarcas.csm.org.pt\/lisboa-norte\/wp-content\/uploads\/sites\/18\/2026\/01\/IMG_20260127_211425-1024x596.jpg 1024w, https:\/\/comarcas.csm.org.pt\/lisboa-norte\/wp-content\/uploads\/sites\/18\/2026\/01\/IMG_20260127_211425-300x175.jpg 300w, https:\/\/comarcas.csm.org.pt\/lisboa-norte\/wp-content\/uploads\/sites\/18\/2026\/01\/IMG_20260127_211425-768x447.jpg 768w, https:\/\/comarcas.csm.org.pt\/lisboa-norte\/wp-content\/uploads\/sites\/18\/2026\/01\/IMG_20260127_211425-1536x894.jpg 1536w, https:\/\/comarcas.csm.org.pt\/lisboa-norte\/wp-content\/uploads\/sites\/18\/2026\/01\/IMG_20260127_211425-2048x1192.jpg 2048w\" sizes=\"(max-width: 1024px) 100vw, 1024px\" \/><\/figure><\/div>\n\n<div class=\"wp-block-image\">\n<figure class=\"aligncenter size-large\"><img decoding=\"async\" width=\"1024\" height=\"768\" src=\"https:\/\/comarcas.csm.org.pt\/lisboa-norte\/wp-content\/uploads\/sites\/18\/2026\/01\/IMG20260127110918-1024x768.jpg\" alt=\"\" class=\"wp-image-12894\" srcset=\"https:\/\/comarcas.csm.org.pt\/lisboa-norte\/wp-content\/uploads\/sites\/18\/2026\/01\/IMG20260127110918-1024x768.jpg 1024w, https:\/\/comarcas.csm.org.pt\/lisboa-norte\/wp-content\/uploads\/sites\/18\/2026\/01\/IMG20260127110918-300x225.jpg 300w, https:\/\/comarcas.csm.org.pt\/lisboa-norte\/wp-content\/uploads\/sites\/18\/2026\/01\/IMG20260127110918-768x576.jpg 768w, https:\/\/comarcas.csm.org.pt\/lisboa-norte\/wp-content\/uploads\/sites\/18\/2026\/01\/IMG20260127110918-1536x1152.jpg 1536w, https:\/\/comarcas.csm.org.pt\/lisboa-norte\/wp-content\/uploads\/sites\/18\/2026\/01\/IMG20260127110918-2048x1536.jpg 2048w\" sizes=\"(max-width: 1024px) 100vw, 1024px\" \/><\/figure><\/div>\n\n<div class=\"wp-block-image\">\n<figure class=\"aligncenter size-large\"><img decoding=\"async\" width=\"1024\" height=\"938\" src=\"https:\/\/comarcas.csm.org.pt\/lisboa-norte\/wp-content\/uploads\/sites\/18\/2026\/01\/Foto-1-5-1024x938.jpg\" alt=\"\" class=\"wp-image-12892\" srcset=\"https:\/\/comarcas.csm.org.pt\/lisboa-norte\/wp-content\/uploads\/sites\/18\/2026\/01\/Foto-1-5-1024x938.jpg 1024w, https:\/\/comarcas.csm.org.pt\/lisboa-norte\/wp-content\/uploads\/sites\/18\/2026\/01\/Foto-1-5-300x275.jpg 300w, https:\/\/comarcas.csm.org.pt\/lisboa-norte\/wp-content\/uploads\/sites\/18\/2026\/01\/Foto-1-5-768x704.jpg 768w, https:\/\/comarcas.csm.org.pt\/lisboa-norte\/wp-content\/uploads\/sites\/18\/2026\/01\/Foto-1-5-1536x1407.jpg 1536w, https:\/\/comarcas.csm.org.pt\/lisboa-norte\/wp-content\/uploads\/sites\/18\/2026\/01\/Foto-1-5-2048x1876.jpg 2048w\" sizes=\"(max-width: 1024px) 100vw, 1024px\" \/><\/figure><\/div>\n\n<div class=\"wp-block-image\">\n<figure class=\"aligncenter size-large\"><img loading=\"lazy\" decoding=\"async\" width=\"1024\" height=\"768\" src=\"https:\/\/comarcas.csm.org.pt\/lisboa-norte\/wp-content\/uploads\/sites\/18\/2026\/01\/IMG_20260127_211207-1024x768.jpg\" alt=\"\" class=\"wp-image-12893\" srcset=\"https:\/\/comarcas.csm.org.pt\/lisboa-norte\/wp-content\/uploads\/sites\/18\/2026\/01\/IMG_20260127_211207-1024x768.jpg 1024w, https:\/\/comarcas.csm.org.pt\/lisboa-norte\/wp-content\/uploads\/sites\/18\/2026\/01\/IMG_20260127_211207-300x225.jpg 300w, https:\/\/comarcas.csm.org.pt\/lisboa-norte\/wp-content\/uploads\/sites\/18\/2026\/01\/IMG_20260127_211207-768x576.jpg 768w, https:\/\/comarcas.csm.org.pt\/lisboa-norte\/wp-content\/uploads\/sites\/18\/2026\/01\/IMG_20260127_211207-1536x1152.jpg 1536w, https:\/\/comarcas.csm.org.pt\/lisboa-norte\/wp-content\/uploads\/sites\/18\/2026\/01\/IMG_20260127_211207-2048x1536.jpg 2048w\" sizes=\"(max-width: 1024px) 100vw, 1024px\" \/><\/figure><\/div>","protected":false},"excerpt":{"rendered":"<p>No passado dia 27 de janeiro, a Senhora Ju\u00edza Presidente, Dr.\u00aa Sara Pina Cabral, conferiu posse \u00e0 Senhora Dr\u00aa. Ana Tavares Pinto, que iniciou fun\u00e7\u00f5es como Ju\u00edza Estagi\u00e1ria no Ju\u00edzo Local Criminal e Ju\u00edzo de&#8230;<\/p>\n","protected":false},"author":18,"featured_media":0,"comment_status":"closed","ping_status":"open","sticky":false,"template":"","format":"standard","meta":{"_tbt_post_transparent":"","_tbt_post_title":"","_tbt_post_layout":"","_tbt_post_sidebar_id":"","_tbt_post_content_style":"","_tbt_post_vertical_padding":"","_tbt_post_feature":"","_tbt_post_feature_position":"","_tbt_post_header":false,"_tbt_post_footer":false},"categories":[1],"tags":[],"class_list":["post-12896","post","type-post","status-publish","format-standard","hentry","category-geral"],"yoast_head":"<!-- This site is optimized with the Yoast SEO plugin v25.6 - https:\/\/yoast.com\/wordpress\/plugins\/seo\/ -->\n<title>Tomada de posse - Tribunal Judicial da Comarca de Lisboa Norte<\/title>\n<meta name=\"robots\" content=\"index, follow, max-snippet:-1, max-image-preview:large, max-video-preview:-1\" \/>\n<link rel=\"canonical\" href=\"https:\/\/comarcas.csm.org.pt\/lisboa-norte\/blog\/2026\/01\/29\/tomada-de-posse\/\" \/>\n<meta property=\"og:locale\" content=\"pt_PT\" \/>\n<meta property=\"og:type\" content=\"article\" \/>\n<meta property=\"og:title\" content=\"Tomada de posse - Tribunal Judicial da Comarca de Lisboa Norte\" \/>\n<meta property=\"og:description\" content=\"No passado dia 27 de janeiro, a Senhora Ju\u00edza Presidente, Dr.\u00aa Sara Pina Cabral, conferiu posse \u00e0 Senhora Dr\u00aa. Ana Tavares Pinto, que iniciou fun\u00e7\u00f5es como Ju\u00edza Estagi\u00e1ria no Ju\u00edzo Local Criminal e Ju\u00edzo de...\" \/>\n<meta property=\"og:url\" content=\"https:\/\/comarcas.csm.org.pt\/lisboa-norte\/blog\/2026\/01\/29\/tomada-de-posse\/\" \/>\n<meta property=\"og:site_name\" content=\"Tribunal Judicial da Comarca de Lisboa Norte\" \/>\n<meta property=\"article:published_time\" content=\"2026-01-29T09:40:16+00:00\" \/>\n<meta property=\"article:modified_time\" content=\"2026-01-29T09:43:03+00:00\" \/>\n<meta property=\"og:image\" content=\"https:\/\/comarcas.csm.org.pt\/lisboa-norte\/wp-content\/uploads\/sites\/18\/2026\/01\/IMG_20260127_211425-scaled.jpg\" \/>\n\t<meta property=\"og:image:width\" content=\"2560\" \/>\n\t<meta property=\"og:image:height\" content=\"1490\" \/>\n\t<meta property=\"og:image:type\" content=\"image\/jpeg\" \/>\n<meta name=\"author\" content=\"lisboanorte\" \/>\n<meta name=\"twitter:card\" content=\"summary_large_image\" \/>\n<meta name=\"twitter:label1\" content=\"Escrito por\" \/>\n\t<meta name=\"twitter:data1\" content=\"lisboanorte\" \/>\n\t<meta name=\"twitter:label2\" content=\"Tempo estimado de leitura\" \/>\n\t<meta name=\"twitter:data2\" content=\"2 minutos\" \/>\n<script type=\"application\/ld+json\" class=\"yoast-schema-graph\">{\"@context\":\"https:\/\/schema.org\",\"@graph\":[{\"@type\":\"Article\",\"@id\":\"https:\/\/comarcas.csm.org.pt\/lisboa-norte\/blog\/2026\/01\/29\/tomada-de-posse\/#article\",\"isPartOf\":{\"@id\":\"https:\/\/comarcas.csm.org.pt\/lisboa-norte\/blog\/2026\/01\/29\/tomada-de-posse\/\"},\"author\":{\"name\":\"lisboanorte\",\"@id\":\"https:\/\/comarcas.csm.org.pt\/lisboa-norte\/#\/schema\/person\/c8e8655c9604aaa929584b8f096fecfb\"},\"headline\":\"Tomada de posse\",\"datePublished\":\"2026-01-29T09:40:16+00:00\",\"dateModified\":\"2026-01-29T09:43:03+00:00\",\"mainEntityOfPage\":{\"@id\":\"https:\/\/comarcas.csm.org.pt\/lisboa-norte\/blog\/2026\/01\/29\/tomada-de-posse\/\"},\"wordCount\":125,\"publisher\":{\"@id\":\"https:\/\/comarcas.csm.org.pt\/lisboa-norte\/#organization\"},\"image\":{\"@id\":\"https:\/\/comarcas.csm.org.pt\/lisboa-norte\/blog\/2026\/01\/29\/tomada-de-posse\/#primaryimage\"},\"thumbnailUrl\":\"https:\/\/comarcas.csm.org.pt\/lisboa-norte\/wp-content\/uploads\/sites\/18\/2026\/01\/IMG_20260127_211425-1024x596.jpg\",\"articleSection\":[\"Geral\"],\"inLanguage\":\"pt-PT\"},{\"@type\":\"WebPage\",\"@id\":\"https:\/\/comarcas.csm.org.pt\/lisboa-norte\/blog\/2026\/01\/29\/tomada-de-posse\/\",\"url\":\"https:\/\/comarcas.csm.org.pt\/lisboa-norte\/blog\/2026\/01\/29\/tomada-de-posse\/\",\"name\":\"Tomada de posse - Tribunal Judicial da Comarca de Lisboa Norte\",\"isPartOf\":{\"@id\":\"https:\/\/comarcas.csm.org.pt\/lisboa-norte\/#website\"},\"primaryImageOfPage\":{\"@id\":\"https:\/\/comarcas.csm.org.pt\/lisboa-norte\/blog\/2026\/01\/29\/tomada-de-posse\/#primaryimage\"},\"image\":{\"@id\":\"https:\/\/comarcas.csm.org.pt\/lisboa-norte\/blog\/2026\/01\/29\/tomada-de-posse\/#primaryimage\"},\"thumbnailUrl\":\"https:\/\/comarcas.csm.org.pt\/lisboa-norte\/wp-content\/uploads\/sites\/18\/2026\/01\/IMG_20260127_211425-1024x596.jpg\",\"datePublished\":\"2026-01-29T09:40:16+00:00\",\"dateModified\":\"2026-01-29T09:43:03+00:00\",\"breadcrumb\":{\"@id\":\"https:\/\/comarcas.csm.org.pt\/lisboa-norte\/blog\/2026\/01\/29\/tomada-de-posse\/#breadcrumb\"},\"inLanguage\":\"pt-PT\",\"potentialAction\":[{\"@type\":\"ReadAction\",\"target\":[\"https:\/\/comarcas.csm.org.pt\/lisboa-norte\/blog\/2026\/01\/29\/tomada-de-posse\/\"]}]},{\"@type\":\"ImageObject\",\"inLanguage\":\"pt-PT\",\"@id\":\"https:\/\/comarcas.csm.org.pt\/lisboa-norte\/blog\/2026\/01\/29\/tomada-de-posse\/#primaryimage\",\"url\":\"https:\/\/comarcas.csm.org.pt\/lisboa-norte\/wp-content\/uploads\/sites\/18\/2026\/01\/IMG_20260127_211425-scaled.jpg\",\"contentUrl\":\"https:\/\/comarcas.csm.org.pt\/lisboa-norte\/wp-content\/uploads\/sites\/18\/2026\/01\/IMG_20260127_211425-scaled.jpg\",\"width\":2560,\"height\":1490},{\"@type\":\"BreadcrumbList\",\"@id\":\"https:\/\/comarcas.csm.org.pt\/lisboa-norte\/blog\/2026\/01\/29\/tomada-de-posse\/#breadcrumb\",\"itemListElement\":[{\"@type\":\"ListItem\",\"position\":1,\"name\":\"In\u00edcio\",\"item\":\"https:\/\/comarcas.csm.org.pt\/lisboa-norte\/\"},{\"@type\":\"ListItem\",\"position\":2,\"name\":\"Tomada de posse\"}]},{\"@type\":\"WebSite\",\"@id\":\"https:\/\/comarcas.csm.org.pt\/lisboa-norte\/#website\",\"url\":\"https:\/\/comarcas.csm.org.pt\/lisboa-norte\/\",\"name\":\"Tribunal Judicial da Comarca de Lisboa Norte\",\"description\":\"Tribunal Judicial da Comarca de Aveiro\",\"publisher\":{\"@id\":\"https:\/\/comarcas.csm.org.pt\/lisboa-norte\/#organization\"},\"potentialAction\":[{\"@type\":\"SearchAction\",\"target\":{\"@type\":\"EntryPoint\",\"urlTemplate\":\"https:\/\/comarcas.csm.org.pt\/lisboa-norte\/?s={search_term_string}\"},\"query-input\":{\"@type\":\"PropertyValueSpecification\",\"valueRequired\":true,\"valueName\":\"search_term_string\"}}],\"inLanguage\":\"pt-PT\"},{\"@type\":\"Organization\",\"@id\":\"https:\/\/comarcas.csm.org.pt\/lisboa-norte\/#organization\",\"name\":\"Tribunal Judicial da Comarca de Lisboa Norte\",\"url\":\"https:\/\/comarcas.csm.org.pt\/lisboa-norte\/\",\"logo\":{\"@type\":\"ImageObject\",\"inLanguage\":\"pt-PT\",\"@id\":\"https:\/\/comarcas.csm.org.pt\/lisboa-norte\/#\/schema\/logo\/image\/\",\"url\":\"https:\/\/comarcas.csm.org.pt\/lisboa-norte\/wp-content\/uploads\/sites\/18\/2024\/11\/Lisboa-N_positivo-horizontal.png\",\"contentUrl\":\"https:\/\/comarcas.csm.org.pt\/lisboa-norte\/wp-content\/uploads\/sites\/18\/2024\/11\/Lisboa-N_positivo-horizontal.png\",\"width\":4833,\"height\":942,\"caption\":\"Tribunal Judicial da Comarca de Lisboa Norte\"},\"image\":{\"@id\":\"https:\/\/comarcas.csm.org.pt\/lisboa-norte\/#\/schema\/logo\/image\/\"}},{\"@type\":\"Person\",\"@id\":\"https:\/\/comarcas.csm.org.pt\/lisboa-norte\/#\/schema\/person\/c8e8655c9604aaa929584b8f096fecfb\",\"name\":\"lisboanorte\",\"image\":{\"@type\":\"ImageObject\",\"inLanguage\":\"pt-PT\",\"@id\":\"https:\/\/comarcas.csm.org.pt\/lisboa-norte\/#\/schema\/person\/image\/\",\"url\":\"https:\/\/secure.gravatar.com\/avatar\/e157798c799a869cc93d42c2ec0889ad7de6bd219fc986210eb8db54e9c77916?s=96&d=mm&r=g\",\"contentUrl\":\"https:\/\/secure.gravatar.com\/avatar\/e157798c799a869cc93d42c2ec0889ad7de6bd219fc986210eb8db54e9c77916?s=96&d=mm&r=g\",\"caption\":\"lisboanorte\"},\"url\":\"https:\/\/comarcas.csm.org.pt\/lisboa-norte\/blog\/author\/lisboanorte\/\"}]}<\/script>\n<!-- \/ Yoast SEO plugin. -->","yoast_head_json":{"title":"Tomada de posse - Tribunal Judicial da Comarca de Lisboa Norte","robots":{"index":"index","follow":"follow","max-snippet":"max-snippet:-1","max-image-preview":"max-image-preview:large","max-video-preview":"max-video-preview:-1"},"canonical":"https:\/\/comarcas.csm.org.pt\/lisboa-norte\/blog\/2026\/01\/29\/tomada-de-posse\/","og_locale":"pt_PT","og_type":"article","og_title":"Tomada de posse - Tribunal Judicial da Comarca de Lisboa Norte","og_description":"No passado dia 27 de janeiro, a Senhora Ju\u00edza Presidente, Dr.\u00aa Sara Pina Cabral, conferiu posse \u00e0 Senhora Dr\u00aa. Ana Tavares Pinto, que iniciou fun\u00e7\u00f5es como Ju\u00edza Estagi\u00e1ria no Ju\u00edzo Local Criminal e Ju\u00edzo de...","og_url":"https:\/\/comarcas.csm.org.pt\/lisboa-norte\/blog\/2026\/01\/29\/tomada-de-posse\/","og_site_name":"Tribunal Judicial da Comarca de Lisboa Norte","article_published_time":"2026-01-29T09:40:16+00:00","article_modified_time":"2026-01-29T09:43:03+00:00","og_image":[{"width":2560,"height":1490,"url":"https:\/\/comarcas.csm.org.pt\/lisboa-norte\/wp-content\/uploads\/sites\/18\/2026\/01\/IMG_20260127_211425-scaled.jpg","type":"image\/jpeg"}],"author":"lisboanorte","twitter_card":"summary_large_image","twitter_misc":{"Escrito por":"lisboanorte","Tempo estimado de leitura":"2 minutos"},"schema":{"@context":"https:\/\/schema.org","@graph":[{"@type":"Article","@id":"https:\/\/comarcas.csm.org.pt\/lisboa-norte\/blog\/2026\/01\/29\/tomada-de-posse\/#article","isPartOf":{"@id":"https:\/\/comarcas.csm.org.pt\/lisboa-norte\/blog\/2026\/01\/29\/tomada-de-posse\/"},"author":{"name":"lisboanorte","@id":"https:\/\/comarcas.csm.org.pt\/lisboa-norte\/#\/schema\/person\/c8e8655c9604aaa929584b8f096fecfb"},"headline":"Tomada de posse","datePublished":"2026-01-29T09:40:16+00:00","dateModified":"2026-01-29T09:43:03+00:00","mainEntityOfPage":{"@id":"https:\/\/comarcas.csm.org.pt\/lisboa-norte\/blog\/2026\/01\/29\/tomada-de-posse\/"},"wordCount":125,"publisher":{"@id":"https:\/\/comarcas.csm.org.pt\/lisboa-norte\/#organization"},"image":{"@id":"https:\/\/comarcas.csm.org.pt\/lisboa-norte\/blog\/2026\/01\/29\/tomada-de-posse\/#primaryimage"},"thumbnailUrl":"https:\/\/comarcas.csm.org.pt\/lisboa-norte\/wp-content\/uploads\/sites\/18\/2026\/01\/IMG_20260127_211425-1024x596.jpg","articleSection":["Geral"],"inLanguage":"pt-PT"},{"@type":"WebPage","@id":"https:\/\/comarcas.csm.org.pt\/lisboa-norte\/blog\/2026\/01\/29\/tomada-de-posse\/","url":"https:\/\/comarcas.csm.org.pt\/lisboa-norte\/blog\/2026\/01\/29\/tomada-de-posse\/","name":"Tomada de posse - Tribunal Judicial da Comarca de Lisboa Norte","isPartOf":{"@id":"https:\/\/comarcas.csm.org.pt\/lisboa-norte\/#website"},"primaryImageOfPage":{"@id":"https:\/\/comarcas.csm.org.pt\/lisboa-norte\/blog\/2026\/01\/29\/tomada-de-posse\/#primaryimage"},"image":{"@id":"https:\/\/comarcas.csm.org.pt\/lisboa-norte\/blog\/2026\/01\/29\/tomada-de-posse\/#primaryimage"},"thumbnailUrl":"https:\/\/comarcas.csm.org.pt\/lisboa-norte\/wp-content\/uploads\/sites\/18\/2026\/01\/IMG_20260127_211425-1024x596.jpg","datePublished":"2026-01-29T09:40:16+00:00","dateModified":"2026-01-29T09:43:03+00:00","breadcrumb":{"@id":"https:\/\/comarcas.csm.org.pt\/lisboa-norte\/blog\/2026\/01\/29\/tomada-de-posse\/#breadcrumb"},"inLanguage":"pt-PT","potentialAction":[{"@type":"ReadAction","target":["https:\/\/comarcas.csm.org.pt\/lisboa-norte\/blog\/2026\/01\/29\/tomada-de-posse\/"]}]},{"@type":"ImageObject","inLanguage":"pt-PT","@id":"https:\/\/comarcas.csm.org.pt\/lisboa-norte\/blog\/2026\/01\/29\/tomada-de-posse\/#primaryimage","url":"https:\/\/comarcas.csm.org.pt\/lisboa-norte\/wp-content\/uploads\/sites\/18\/2026\/01\/IMG_20260127_211425-scaled.jpg","contentUrl":"https:\/\/comarcas.csm.org.pt\/lisboa-norte\/wp-content\/uploads\/sites\/18\/2026\/01\/IMG_20260127_211425-scaled.jpg","width":2560,"height":1490},{"@type":"BreadcrumbList","@id":"https:\/\/comarcas.csm.org.pt\/lisboa-norte\/blog\/2026\/01\/29\/tomada-de-posse\/#breadcrumb","itemListElement":[{"@type":"ListItem","position":1,"name":"In\u00edcio","item":"https:\/\/comarcas.csm.org.pt\/lisboa-norte\/"},{"@type":"ListItem","position":2,"name":"Tomada de posse"}]},{"@type":"WebSite","@id":"https:\/\/comarcas.csm.org.pt\/lisboa-norte\/#website","url":"https:\/\/comarcas.csm.org.pt\/lisboa-norte\/","name":"Tribunal Judicial da Comarca de Lisboa Norte","description":"Tribunal Judicial da Comarca de Aveiro","publisher":{"@id":"https:\/\/comarcas.csm.org.pt\/lisboa-norte\/#organization"},"potentialAction":[{"@type":"SearchAction","target":{"@type":"EntryPoint","urlTemplate":"https:\/\/comarcas.csm.org.pt\/lisboa-norte\/?s={search_term_string}"},"query-input":{"@type":"PropertyValueSpecification","valueRequired":true,"valueName":"search_term_string"}}],"inLanguage":"pt-PT"},{"@type":"Organization","@id":"https:\/\/comarcas.csm.org.pt\/lisboa-norte\/#organization","name":"Tribunal Judicial da Comarca de Lisboa Norte","url":"https:\/\/comarcas.csm.org.pt\/lisboa-norte\/","logo":{"@type":"ImageObject","inLanguage":"pt-PT","@id":"https:\/\/comarcas.csm.org.pt\/lisboa-norte\/#\/schema\/logo\/image\/","url":"https:\/\/comarcas.csm.org.pt\/lisboa-norte\/wp-content\/uploads\/sites\/18\/2024\/11\/Lisboa-N_positivo-horizontal.png","contentUrl":"https:\/\/comarcas.csm.org.pt\/lisboa-norte\/wp-content\/uploads\/sites\/18\/2024\/11\/Lisboa-N_positivo-horizontal.png","width":4833,"height":942,"caption":"Tribunal Judicial da Comarca de Lisboa Norte"},"image":{"@id":"https:\/\/comarcas.csm.org.pt\/lisboa-norte\/#\/schema\/logo\/image\/"}},{"@type":"Person","@id":"https:\/\/comarcas.csm.org.pt\/lisboa-norte\/#\/schema\/person\/c8e8655c9604aaa929584b8f096fecfb","name":"lisboanorte","image":{"@type":"ImageObject","inLanguage":"pt-PT","@id":"https:\/\/comarcas.csm.org.pt\/lisboa-norte\/#\/schema\/person\/image\/","url":"https:\/\/secure.gravatar.com\/avatar\/e157798c799a869cc93d42c2ec0889ad7de6bd219fc986210eb8db54e9c77916?s=96&d=mm&r=g","contentUrl":"https:\/\/secure.gravatar.com\/avatar\/e157798c799a869cc93d42c2ec0889ad7de6bd219fc986210eb8db54e9c77916?s=96&d=mm&r=g","caption":"lisboanorte"},"url":"https:\/\/comarcas.csm.org.pt\/lisboa-norte\/blog\/author\/lisboanorte\/"}]}},"_links":{"self":[{"href":"https:\/\/comarcas.csm.org.pt\/lisboa-norte\/wp-json\/wp\/v2\/posts\/12896","targetHints":{"allow":["GET"]}}],"collection":[{"href":"https:\/\/comarcas.csm.org.pt\/lisboa-norte\/wp-json\/wp\/v2\/posts"}],"about":[{"href":"https:\/\/comarcas.csm.org.pt\/lisboa-norte\/wp-json\/wp\/v2\/types\/post"}],"author":[{"embeddable":true,"href":"https:\/\/comarcas.csm.org.pt\/lisboa-norte\/wp-json\/wp\/v2\/users\/18"}],"replies":[{"embeddable":true,"href":"https:\/\/comarcas.csm.org.pt\/lisboa-norte\/wp-json\/wp\/v2\/comments?post=12896"}],"version-history":[{"count":2,"href":"https:\/\/comarcas.csm.org.pt\/lisboa-norte\/wp-json\/wp\/v2\/posts\/12896\/revisions"}],"predecessor-version":[{"id":12898,"href":"https:\/\/comarcas.csm.org.pt\/lisboa-norte\/wp-json\/wp\/v2\/posts\/12896\/revisions\/12898"}],"wp:attachment":[{"href":"https:\/\/comarcas.csm.org.pt\/lisboa-norte\/wp-json\/wp\/v2\/media?parent=12896"}],"wp:term":[{"taxonomy":"category","embeddable":true,"href":"https:\/\/comarcas.csm.org.pt\/lisboa-norte\/wp-json\/wp\/v2\/categories?post=12896"},{"taxonomy":"post_tag","embeddable":true,"href":"https:\/\/comarcas.csm.org.pt\/lisboa-norte\/wp-json\/wp\/v2\/tags?post=12896"}],"curies":[{"name":"wp","href":"https:\/\/api.w.org\/{rel}","templated":true}]}}