{"id":12952,"date":"2026-03-11T09:37:55","date_gmt":"2026-03-11T09:37:55","guid":{"rendered":"https:\/\/comarcas.csm.org.pt\/lisboa-norte\/?p=12952"},"modified":"2026-03-11T09:37:56","modified_gmt":"2026-03-11T09:37:56","slug":"comunicado-processo-65-26-5galnh","status":"publish","type":"post","link":"https:\/\/comarcas.csm.org.pt\/lisboa-norte\/blog\/2026\/03\/11\/comunicado-processo-65-26-5galnh\/","title":{"rendered":"Comunicado &#8211; Processo 65\/26.5GALNH"},"content":{"rendered":"\n<p><\/p>\n\n\n\n<p>\u00a0 No \u00e2mbito do processo que corre termos nos Servi\u00e7os do Minist\u00e9rio P\u00fablico sob o n\u00ba 65\/26.5GALNH, ap\u00f3s deten\u00e7\u00e3o fora de flagrante delito foi o arguido Jos\u00e9 Pedro Sobreiro Branco no dia 2 de fevereiro de 2026 apresentado a primeiro interrogat\u00f3rio judicial para eventual aplica\u00e7\u00e3o de medidas de coa\u00e7\u00e3o para al\u00e9m de Termo de Identidade e Resid\u00eancia. Realizada a dilig\u00eancia de interrogat\u00f3rio judicial, concluiu o Tribunal que se encontravam fortemente indiciados os factos imputados pelo Minist\u00e9rio P\u00fablico ao arguido, integradores dos il\u00edcitos criminais:<\/p>\n\n\n\n<p>. crime de homic\u00eddio qualificado, p. e p. pelos artigos 131.\u00ba e 132.\u00ba, n.\u00bas 1 e 2, als. d) e j), ambos do C\u00f3digo Penal;<\/p>\n\n\n\n<p>. crime de profana\u00e7\u00e3o de cad\u00e1ver, p. e p. pelo artigo 254.\u00ba, n.\u00ba 1, al. a), do C\u00f3digo Penal.<\/p>\n\n\n\n<p>&nbsp;Tendo conclu\u00eddo pela necessidade de acautelar os perigos a que alude o art. 204\u00ba, n\u00ba1, als. a), b) e c) do C\u00f3digo de Processo Penal, decidiu pela aplica\u00e7\u00e3o, ao abrigo do disposto nos artigos 191\u00ba a 194\u00ba, 196\u00ba, e 202\u00ba n\u00ba 1 al. a) e b),&nbsp; todos do C\u00f3digo de Processo Penal das seguintes medidas de coa\u00e7\u00e3o:<\/p>\n\n\n\n<ol style=\"list-style-type:lower-roman\" class=\"wp-block-list\">\n<li>pris\u00e3o preventiva.<\/li>\n<\/ol>\n\n\n\n<p>Os autos encontram-se em segredo de justi\u00e7a e foram devolvidos<\/p>\n\n\n\n<p>Loures, 10 de mar\u00e7o de 2025<\/p>\n\n\n\n<p>A ju\u00edza presidente do tribunal da comarca de Lisboa Norte<\/p>\n","protected":false},"excerpt":{"rendered":"<p>\u00a0 No \u00e2mbito do processo que corre termos nos Servi\u00e7os do Minist\u00e9rio P\u00fablico sob o n\u00ba 65\/26.5GALNH, ap\u00f3s deten\u00e7\u00e3o fora de flagrante delito foi o arguido Jos\u00e9 Pedro Sobreiro Branco no dia 2 de fevereiro&#8230;<\/p>\n","protected":false},"author":18,"featured_media":0,"comment_status":"closed","ping_status":"open","sticky":false,"template":"","format":"standard","meta":{"_tbt_post_transparent":"","_tbt_post_title":"","_tbt_post_layout":"","_tbt_post_sidebar_id":"","_tbt_post_content_style":"","_tbt_post_vertical_padding":"","_tbt_post_feature":"","_tbt_post_feature_position":"","_tbt_post_header":false,"_tbt_post_footer":false},"categories":[1],"tags":[],"class_list":["post-12952","post","type-post","status-publish","format-standard","hentry","category-geral"],"yoast_head":"<!-- This site is optimized with the Yoast SEO plugin v25.6 - https:\/\/yoast.com\/wordpress\/plugins\/seo\/ -->\n<title>Comunicado - Processo 65\/26.5GALNH - Tribunal Judicial da Comarca de Lisboa Norte<\/title>\n<meta name=\"robots\" content=\"index, follow, max-snippet:-1, max-image-preview:large, max-video-preview:-1\" \/>\n<link rel=\"canonical\" href=\"https:\/\/comarcas.csm.org.pt\/lisboa-norte\/blog\/2026\/03\/11\/comunicado-processo-65-26-5galnh\/\" \/>\n<meta property=\"og:locale\" content=\"pt_PT\" \/>\n<meta property=\"og:type\" content=\"article\" \/>\n<meta property=\"og:title\" content=\"Comunicado - Processo 65\/26.5GALNH - Tribunal Judicial da Comarca de Lisboa Norte\" \/>\n<meta property=\"og:description\" content=\"\u00a0 No \u00e2mbito do processo que corre termos nos Servi\u00e7os do Minist\u00e9rio P\u00fablico sob o n\u00ba 65\/26.5GALNH, ap\u00f3s deten\u00e7\u00e3o fora de flagrante delito foi o arguido Jos\u00e9 Pedro Sobreiro Branco no dia 2 de fevereiro...\" \/>\n<meta property=\"og:url\" content=\"https:\/\/comarcas.csm.org.pt\/lisboa-norte\/blog\/2026\/03\/11\/comunicado-processo-65-26-5galnh\/\" \/>\n<meta property=\"og:site_name\" content=\"Tribunal Judicial da Comarca de Lisboa Norte\" \/>\n<meta property=\"article:published_time\" content=\"2026-03-11T09:37:55+00:00\" \/>\n<meta property=\"article:modified_time\" content=\"2026-03-11T09:37:56+00:00\" \/>\n<meta name=\"author\" content=\"lisboanorte\" \/>\n<meta name=\"twitter:card\" content=\"summary_large_image\" \/>\n<meta name=\"twitter:label1\" content=\"Escrito por\" \/>\n\t<meta name=\"twitter:data1\" content=\"lisboanorte\" \/>\n\t<meta name=\"twitter:label2\" content=\"Tempo estimado de leitura\" \/>\n\t<meta name=\"twitter:data2\" content=\"2 minutos\" \/>\n<script type=\"application\/ld+json\" class=\"yoast-schema-graph\">{\"@context\":\"https:\/\/schema.org\",\"@graph\":[{\"@type\":\"Article\",\"@id\":\"https:\/\/comarcas.csm.org.pt\/lisboa-norte\/blog\/2026\/03\/11\/comunicado-processo-65-26-5galnh\/#article\",\"isPartOf\":{\"@id\":\"https:\/\/comarcas.csm.org.pt\/lisboa-norte\/blog\/2026\/03\/11\/comunicado-processo-65-26-5galnh\/\"},\"author\":{\"name\":\"lisboanorte\",\"@id\":\"https:\/\/comarcas.csm.org.pt\/lisboa-norte\/#\/schema\/person\/c8e8655c9604aaa929584b8f096fecfb\"},\"headline\":\"Comunicado &#8211; Processo 65\/26.5GALNH\",\"datePublished\":\"2026-03-11T09:37:55+00:00\",\"dateModified\":\"2026-03-11T09:37:56+00:00\",\"mainEntityOfPage\":{\"@id\":\"https:\/\/comarcas.csm.org.pt\/lisboa-norte\/blog\/2026\/03\/11\/comunicado-processo-65-26-5galnh\/\"},\"wordCount\":229,\"publisher\":{\"@id\":\"https:\/\/comarcas.csm.org.pt\/lisboa-norte\/#organization\"},\"articleSection\":[\"Geral\"],\"inLanguage\":\"pt-PT\"},{\"@type\":\"WebPage\",\"@id\":\"https:\/\/comarcas.csm.org.pt\/lisboa-norte\/blog\/2026\/03\/11\/comunicado-processo-65-26-5galnh\/\",\"url\":\"https:\/\/comarcas.csm.org.pt\/lisboa-norte\/blog\/2026\/03\/11\/comunicado-processo-65-26-5galnh\/\",\"name\":\"Comunicado - Processo 65\/26.5GALNH - Tribunal Judicial da Comarca de Lisboa Norte\",\"isPartOf\":{\"@id\":\"https:\/\/comarcas.csm.org.pt\/lisboa-norte\/#website\"},\"datePublished\":\"2026-03-11T09:37:55+00:00\",\"dateModified\":\"2026-03-11T09:37:56+00:00\",\"breadcrumb\":{\"@id\":\"https:\/\/comarcas.csm.org.pt\/lisboa-norte\/blog\/2026\/03\/11\/comunicado-processo-65-26-5galnh\/#breadcrumb\"},\"inLanguage\":\"pt-PT\",\"potentialAction\":[{\"@type\":\"ReadAction\",\"target\":[\"https:\/\/comarcas.csm.org.pt\/lisboa-norte\/blog\/2026\/03\/11\/comunicado-processo-65-26-5galnh\/\"]}]},{\"@type\":\"BreadcrumbList\",\"@id\":\"https:\/\/comarcas.csm.org.pt\/lisboa-norte\/blog\/2026\/03\/11\/comunicado-processo-65-26-5galnh\/#breadcrumb\",\"itemListElement\":[{\"@type\":\"ListItem\",\"position\":1,\"name\":\"In\u00edcio\",\"item\":\"https:\/\/comarcas.csm.org.pt\/lisboa-norte\/\"},{\"@type\":\"ListItem\",\"position\":2,\"name\":\"Comunicado &#8211; Processo 65\/26.5GALNH\"}]},{\"@type\":\"WebSite\",\"@id\":\"https:\/\/comarcas.csm.org.pt\/lisboa-norte\/#website\",\"url\":\"https:\/\/comarcas.csm.org.pt\/lisboa-norte\/\",\"name\":\"Tribunal Judicial da Comarca de Lisboa Norte\",\"description\":\"Tribunal Judicial da Comarca de Aveiro\",\"publisher\":{\"@id\":\"https:\/\/comarcas.csm.org.pt\/lisboa-norte\/#organization\"},\"potentialAction\":[{\"@type\":\"SearchAction\",\"target\":{\"@type\":\"EntryPoint\",\"urlTemplate\":\"https:\/\/comarcas.csm.org.pt\/lisboa-norte\/?s={search_term_string}\"},\"query-input\":{\"@type\":\"PropertyValueSpecification\",\"valueRequired\":true,\"valueName\":\"search_term_string\"}}],\"inLanguage\":\"pt-PT\"},{\"@type\":\"Organization\",\"@id\":\"https:\/\/comarcas.csm.org.pt\/lisboa-norte\/#organization\",\"name\":\"Tribunal Judicial da Comarca de Lisboa Norte\",\"url\":\"https:\/\/comarcas.csm.org.pt\/lisboa-norte\/\",\"logo\":{\"@type\":\"ImageObject\",\"inLanguage\":\"pt-PT\",\"@id\":\"https:\/\/comarcas.csm.org.pt\/lisboa-norte\/#\/schema\/logo\/image\/\",\"url\":\"https:\/\/comarcas.csm.org.pt\/lisboa-norte\/wp-content\/uploads\/sites\/18\/2024\/11\/Lisboa-N_positivo-horizontal.png\",\"contentUrl\":\"https:\/\/comarcas.csm.org.pt\/lisboa-norte\/wp-content\/uploads\/sites\/18\/2024\/11\/Lisboa-N_positivo-horizontal.png\",\"width\":4833,\"height\":942,\"caption\":\"Tribunal Judicial da Comarca de Lisboa Norte\"},\"image\":{\"@id\":\"https:\/\/comarcas.csm.org.pt\/lisboa-norte\/#\/schema\/logo\/image\/\"}},{\"@type\":\"Person\",\"@id\":\"https:\/\/comarcas.csm.org.pt\/lisboa-norte\/#\/schema\/person\/c8e8655c9604aaa929584b8f096fecfb\",\"name\":\"lisboanorte\",\"image\":{\"@type\":\"ImageObject\",\"inLanguage\":\"pt-PT\",\"@id\":\"https:\/\/comarcas.csm.org.pt\/lisboa-norte\/#\/schema\/person\/image\/\",\"url\":\"https:\/\/secure.gravatar.com\/avatar\/e157798c799a869cc93d42c2ec0889ad7de6bd219fc986210eb8db54e9c77916?s=96&d=mm&r=g\",\"contentUrl\":\"https:\/\/secure.gravatar.com\/avatar\/e157798c799a869cc93d42c2ec0889ad7de6bd219fc986210eb8db54e9c77916?s=96&d=mm&r=g\",\"caption\":\"lisboanorte\"},\"url\":\"https:\/\/comarcas.csm.org.pt\/lisboa-norte\/blog\/author\/lisboanorte\/\"}]}<\/script>\n<!-- \/ Yoast SEO plugin. -->","yoast_head_json":{"title":"Comunicado - Processo 65\/26.5GALNH - Tribunal Judicial da Comarca de Lisboa Norte","robots":{"index":"index","follow":"follow","max-snippet":"max-snippet:-1","max-image-preview":"max-image-preview:large","max-video-preview":"max-video-preview:-1"},"canonical":"https:\/\/comarcas.csm.org.pt\/lisboa-norte\/blog\/2026\/03\/11\/comunicado-processo-65-26-5galnh\/","og_locale":"pt_PT","og_type":"article","og_title":"Comunicado - Processo 65\/26.5GALNH - Tribunal Judicial da Comarca de Lisboa Norte","og_description":"\u00a0 No \u00e2mbito do processo que corre termos nos Servi\u00e7os do Minist\u00e9rio P\u00fablico sob o n\u00ba 65\/26.5GALNH, ap\u00f3s deten\u00e7\u00e3o fora de flagrante delito foi o arguido Jos\u00e9 Pedro Sobreiro Branco no dia 2 de fevereiro...","og_url":"https:\/\/comarcas.csm.org.pt\/lisboa-norte\/blog\/2026\/03\/11\/comunicado-processo-65-26-5galnh\/","og_site_name":"Tribunal Judicial da Comarca de Lisboa Norte","article_published_time":"2026-03-11T09:37:55+00:00","article_modified_time":"2026-03-11T09:37:56+00:00","author":"lisboanorte","twitter_card":"summary_large_image","twitter_misc":{"Escrito por":"lisboanorte","Tempo estimado de leitura":"2 minutos"},"schema":{"@context":"https:\/\/schema.org","@graph":[{"@type":"Article","@id":"https:\/\/comarcas.csm.org.pt\/lisboa-norte\/blog\/2026\/03\/11\/comunicado-processo-65-26-5galnh\/#article","isPartOf":{"@id":"https:\/\/comarcas.csm.org.pt\/lisboa-norte\/blog\/2026\/03\/11\/comunicado-processo-65-26-5galnh\/"},"author":{"name":"lisboanorte","@id":"https:\/\/comarcas.csm.org.pt\/lisboa-norte\/#\/schema\/person\/c8e8655c9604aaa929584b8f096fecfb"},"headline":"Comunicado &#8211; Processo 65\/26.5GALNH","datePublished":"2026-03-11T09:37:55+00:00","dateModified":"2026-03-11T09:37:56+00:00","mainEntityOfPage":{"@id":"https:\/\/comarcas.csm.org.pt\/lisboa-norte\/blog\/2026\/03\/11\/comunicado-processo-65-26-5galnh\/"},"wordCount":229,"publisher":{"@id":"https:\/\/comarcas.csm.org.pt\/lisboa-norte\/#organization"},"articleSection":["Geral"],"inLanguage":"pt-PT"},{"@type":"WebPage","@id":"https:\/\/comarcas.csm.org.pt\/lisboa-norte\/blog\/2026\/03\/11\/comunicado-processo-65-26-5galnh\/","url":"https:\/\/comarcas.csm.org.pt\/lisboa-norte\/blog\/2026\/03\/11\/comunicado-processo-65-26-5galnh\/","name":"Comunicado - Processo 65\/26.5GALNH - Tribunal Judicial da Comarca de Lisboa Norte","isPartOf":{"@id":"https:\/\/comarcas.csm.org.pt\/lisboa-norte\/#website"},"datePublished":"2026-03-11T09:37:55+00:00","dateModified":"2026-03-11T09:37:56+00:00","breadcrumb":{"@id":"https:\/\/comarcas.csm.org.pt\/lisboa-norte\/blog\/2026\/03\/11\/comunicado-processo-65-26-5galnh\/#breadcrumb"},"inLanguage":"pt-PT","potentialAction":[{"@type":"ReadAction","target":["https:\/\/comarcas.csm.org.pt\/lisboa-norte\/blog\/2026\/03\/11\/comunicado-processo-65-26-5galnh\/"]}]},{"@type":"BreadcrumbList","@id":"https:\/\/comarcas.csm.org.pt\/lisboa-norte\/blog\/2026\/03\/11\/comunicado-processo-65-26-5galnh\/#breadcrumb","itemListElement":[{"@type":"ListItem","position":1,"name":"In\u00edcio","item":"https:\/\/comarcas.csm.org.pt\/lisboa-norte\/"},{"@type":"ListItem","position":2,"name":"Comunicado &#8211; Processo 65\/26.5GALNH"}]},{"@type":"WebSite","@id":"https:\/\/comarcas.csm.org.pt\/lisboa-norte\/#website","url":"https:\/\/comarcas.csm.org.pt\/lisboa-norte\/","name":"Tribunal Judicial da Comarca de Lisboa Norte","description":"Tribunal Judicial da Comarca de Aveiro","publisher":{"@id":"https:\/\/comarcas.csm.org.pt\/lisboa-norte\/#organization"},"potentialAction":[{"@type":"SearchAction","target":{"@type":"EntryPoint","urlTemplate":"https:\/\/comarcas.csm.org.pt\/lisboa-norte\/?s={search_term_string}"},"query-input":{"@type":"PropertyValueSpecification","valueRequired":true,"valueName":"search_term_string"}}],"inLanguage":"pt-PT"},{"@type":"Organization","@id":"https:\/\/comarcas.csm.org.pt\/lisboa-norte\/#organization","name":"Tribunal Judicial da Comarca de Lisboa Norte","url":"https:\/\/comarcas.csm.org.pt\/lisboa-norte\/","logo":{"@type":"ImageObject","inLanguage":"pt-PT","@id":"https:\/\/comarcas.csm.org.pt\/lisboa-norte\/#\/schema\/logo\/image\/","url":"https:\/\/comarcas.csm.org.pt\/lisboa-norte\/wp-content\/uploads\/sites\/18\/2024\/11\/Lisboa-N_positivo-horizontal.png","contentUrl":"https:\/\/comarcas.csm.org.pt\/lisboa-norte\/wp-content\/uploads\/sites\/18\/2024\/11\/Lisboa-N_positivo-horizontal.png","width":4833,"height":942,"caption":"Tribunal Judicial da Comarca de Lisboa Norte"},"image":{"@id":"https:\/\/comarcas.csm.org.pt\/lisboa-norte\/#\/schema\/logo\/image\/"}},{"@type":"Person","@id":"https:\/\/comarcas.csm.org.pt\/lisboa-norte\/#\/schema\/person\/c8e8655c9604aaa929584b8f096fecfb","name":"lisboanorte","image":{"@type":"ImageObject","inLanguage":"pt-PT","@id":"https:\/\/comarcas.csm.org.pt\/lisboa-norte\/#\/schema\/person\/image\/","url":"https:\/\/secure.gravatar.com\/avatar\/e157798c799a869cc93d42c2ec0889ad7de6bd219fc986210eb8db54e9c77916?s=96&d=mm&r=g","contentUrl":"https:\/\/secure.gravatar.com\/avatar\/e157798c799a869cc93d42c2ec0889ad7de6bd219fc986210eb8db54e9c77916?s=96&d=mm&r=g","caption":"lisboanorte"},"url":"https:\/\/comarcas.csm.org.pt\/lisboa-norte\/blog\/author\/lisboanorte\/"}]}},"_links":{"self":[{"href":"https:\/\/comarcas.csm.org.pt\/lisboa-norte\/wp-json\/wp\/v2\/posts\/12952","targetHints":{"allow":["GET"]}}],"collection":[{"href":"https:\/\/comarcas.csm.org.pt\/lisboa-norte\/wp-json\/wp\/v2\/posts"}],"about":[{"href":"https:\/\/comarcas.csm.org.pt\/lisboa-norte\/wp-json\/wp\/v2\/types\/post"}],"author":[{"embeddable":true,"href":"https:\/\/comarcas.csm.org.pt\/lisboa-norte\/wp-json\/wp\/v2\/users\/18"}],"replies":[{"embeddable":true,"href":"https:\/\/comarcas.csm.org.pt\/lisboa-norte\/wp-json\/wp\/v2\/comments?post=12952"}],"version-history":[{"count":1,"href":"https:\/\/comarcas.csm.org.pt\/lisboa-norte\/wp-json\/wp\/v2\/posts\/12952\/revisions"}],"predecessor-version":[{"id":12953,"href":"https:\/\/comarcas.csm.org.pt\/lisboa-norte\/wp-json\/wp\/v2\/posts\/12952\/revisions\/12953"}],"wp:attachment":[{"href":"https:\/\/comarcas.csm.org.pt\/lisboa-norte\/wp-json\/wp\/v2\/media?parent=12952"}],"wp:term":[{"taxonomy":"category","embeddable":true,"href":"https:\/\/comarcas.csm.org.pt\/lisboa-norte\/wp-json\/wp\/v2\/categories?post=12952"},{"taxonomy":"post_tag","embeddable":true,"href":"https:\/\/comarcas.csm.org.pt\/lisboa-norte\/wp-json\/wp\/v2\/tags?post=12952"}],"curies":[{"name":"wp","href":"https:\/\/api.w.org\/{rel}","templated":true}]}}