{"id":12963,"date":"2026-03-25T11:40:51","date_gmt":"2026-03-25T11:40:51","guid":{"rendered":"https:\/\/comarcas.csm.org.pt\/lisboa-norte\/?p=12963"},"modified":"2026-03-25T11:42:54","modified_gmt":"2026-03-25T11:42:54","slug":"assinatura-de-protocolo-autonomia-financeira","status":"publish","type":"post","link":"https:\/\/comarcas.csm.org.pt\/lisboa-norte\/blog\/2026\/03\/25\/assinatura-de-protocolo-autonomia-financeira\/","title":{"rendered":"assinatura de protocolo &#8211; autonomia financeira"},"content":{"rendered":"\n<p>O Minist\u00e9rio da Justi\u00e7a alargou o modelo de gest\u00e3o financeira descentralizada a todas as 23 comarcas do pa\u00eds, modelo que foi testado primeiro com sucesso num projeto-piloto implementado em setembro de 2024.<\/p>\n\n\n\n<p>Este sistema refor\u00e7a a autonomia dos tribunais, delegando compet\u00eancias na gest\u00e3o de despesas correntes de forma mais r\u00e1pida e adaptada \u00e0s necessidades locais.<\/p>\n\n\n\n<p>O acordo principal foi assinado em Coimbra pela Ministra da Justi\u00e7a, Rita Alarc\u00e3o J\u00fadice, pelo Presidente do <a href=\"https:\/\/www.facebook.com\/conselhosuperiordamagistratura?__cft__%5b0%5d=AZYentz2dSBC1NH1GBcx9gvFLAZOsLyuDHFWOKyMHK4iDMYqmA1IeMA6BYE114FAVfaLfBrqcZNC8BVeJYn_O8Oltr3PHEQpHrcVULNBnlGY2MDja3Fi_jtK0ZgFfYbCiDbPFgxvIVXp0BmTwGavUNE8V1PdyagAgLK6_AjZAukq7gwsgxM7FH8yBkc7KUfwJ9g&amp;__tn__=-%5dK-R\"><strong>Conselho Superior da Magistratura<\/strong><\/a>, Jo\u00e3o Cura Mariano, e pelo PGR, Amadeu Guerra.<\/p>\n\n\n\n<p>Foram tamb\u00e9m formalizados memorandos entre a <a href=\"https:\/\/www.facebook.com\/DGAJustica?__cft__%5b0%5d=AZYentz2dSBC1NH1GBcx9gvFLAZOsLyuDHFWOKyMHK4iDMYqmA1IeMA6BYE114FAVfaLfBrqcZNC8BVeJYn_O8Oltr3PHEQpHrcVULNBnlGY2MDja3Fi_jtK0ZgFfYbCiDbPFgxvIVXp0BmTwGavUNE8V1PdyagAgLK6_AjZAukq7gwsgxM7FH8yBkc7KUfwJ9g&amp;__tn__=-%5dK-R\"><strong>DGAJ &#8211; Dire\u00e7\u00e3o-Geral da Administra\u00e7\u00e3o da Justi\u00e7a<\/strong><\/a> e cada uma das 23 comarcas, garantindo a aplica\u00e7\u00e3o deste modelo de gest\u00e3o em todo o territ\u00f3rio nacional \u2013 com previs\u00e3o de poupan\u00e7as, resposta a repara\u00e7\u00f5es urgentes e processos mais \u00e1geis para aquisi\u00e7\u00e3o e manuten\u00e7\u00e3o dos equipamentos.<\/p>\n\n\n\n<p>A Ju\u00edza Presidente do Tribunal, Desembargadora Sara Pina Cabral, assinou o protocolo em representa\u00e7\u00e3o do Tribunal Judicial da Comarca de Lisboa Norte.<\/p>\n\n\n\n<figure class=\"wp-block-image size-full\"><img fetchpriority=\"high\" decoding=\"async\" width=\"540\" height=\"456\" src=\"https:\/\/comarcas.csm.org.pt\/lisboa-norte\/wp-content\/uploads\/sites\/18\/2026\/03\/IMG_20260325_112648.jpg\" alt=\"\" class=\"wp-image-12964\" srcset=\"https:\/\/comarcas.csm.org.pt\/lisboa-norte\/wp-content\/uploads\/sites\/18\/2026\/03\/IMG_20260325_112648.jpg 540w, https:\/\/comarcas.csm.org.pt\/lisboa-norte\/wp-content\/uploads\/sites\/18\/2026\/03\/IMG_20260325_112648-300x253.jpg 300w\" sizes=\"(max-width: 540px) 100vw, 540px\" \/><\/figure>\n","protected":false},"excerpt":{"rendered":"<p>O Minist\u00e9rio da Justi\u00e7a alargou o modelo de gest\u00e3o financeira descentralizada a todas as 23 comarcas do pa\u00eds, modelo que foi testado primeiro com sucesso num projeto-piloto implementado em setembro de 2024. Este sistema refor\u00e7a&#8230;<\/p>\n","protected":false},"author":18,"featured_media":0,"comment_status":"closed","ping_status":"open","sticky":false,"template":"","format":"standard","meta":{"_tbt_post_transparent":"","_tbt_post_title":"","_tbt_post_layout":"","_tbt_post_sidebar_id":"","_tbt_post_content_style":"","_tbt_post_vertical_padding":"","_tbt_post_feature":"","_tbt_post_feature_position":"","_tbt_post_header":false,"_tbt_post_footer":false},"categories":[1],"tags":[],"class_list":["post-12963","post","type-post","status-publish","format-standard","hentry","category-geral"],"yoast_head":"<!-- This site is optimized with the Yoast SEO plugin v25.6 - https:\/\/yoast.com\/wordpress\/plugins\/seo\/ -->\n<title>assinatura de protocolo - autonomia financeira - Tribunal Judicial da Comarca de Lisboa Norte<\/title>\n<meta name=\"robots\" content=\"index, follow, max-snippet:-1, max-image-preview:large, max-video-preview:-1\" \/>\n<link rel=\"canonical\" href=\"https:\/\/comarcas.csm.org.pt\/lisboa-norte\/blog\/2026\/03\/25\/assinatura-de-protocolo-autonomia-financeira\/\" \/>\n<meta property=\"og:locale\" content=\"pt_PT\" \/>\n<meta property=\"og:type\" content=\"article\" \/>\n<meta property=\"og:title\" content=\"assinatura de protocolo - autonomia financeira - Tribunal Judicial da Comarca de Lisboa Norte\" \/>\n<meta property=\"og:description\" content=\"O Minist\u00e9rio da Justi\u00e7a alargou o modelo de gest\u00e3o financeira descentralizada a todas as 23 comarcas do pa\u00eds, modelo que foi testado primeiro com sucesso num projeto-piloto implementado em setembro de 2024. Este sistema refor\u00e7a...\" \/>\n<meta property=\"og:url\" content=\"https:\/\/comarcas.csm.org.pt\/lisboa-norte\/blog\/2026\/03\/25\/assinatura-de-protocolo-autonomia-financeira\/\" \/>\n<meta property=\"og:site_name\" content=\"Tribunal Judicial da Comarca de Lisboa Norte\" \/>\n<meta property=\"article:published_time\" content=\"2026-03-25T11:40:51+00:00\" \/>\n<meta property=\"article:modified_time\" content=\"2026-03-25T11:42:54+00:00\" \/>\n<meta property=\"og:image\" content=\"https:\/\/comarcas.csm.org.pt\/lisboa-norte\/wp-content\/uploads\/sites\/18\/2026\/03\/IMG_20260325_112648.jpg\" \/>\n\t<meta property=\"og:image:width\" content=\"540\" \/>\n\t<meta property=\"og:image:height\" content=\"456\" \/>\n\t<meta property=\"og:image:type\" content=\"image\/jpeg\" \/>\n<meta name=\"author\" content=\"lisboanorte\" \/>\n<meta name=\"twitter:card\" content=\"summary_large_image\" \/>\n<meta name=\"twitter:label1\" content=\"Escrito por\" \/>\n\t<meta name=\"twitter:data1\" content=\"lisboanorte\" \/>\n\t<meta name=\"twitter:label2\" content=\"Tempo estimado de leitura\" \/>\n\t<meta name=\"twitter:data2\" content=\"2 minutos\" \/>\n<script type=\"application\/ld+json\" class=\"yoast-schema-graph\">{\"@context\":\"https:\/\/schema.org\",\"@graph\":[{\"@type\":\"Article\",\"@id\":\"https:\/\/comarcas.csm.org.pt\/lisboa-norte\/blog\/2026\/03\/25\/assinatura-de-protocolo-autonomia-financeira\/#article\",\"isPartOf\":{\"@id\":\"https:\/\/comarcas.csm.org.pt\/lisboa-norte\/blog\/2026\/03\/25\/assinatura-de-protocolo-autonomia-financeira\/\"},\"author\":{\"name\":\"lisboanorte\",\"@id\":\"https:\/\/comarcas.csm.org.pt\/lisboa-norte\/#\/schema\/person\/c8e8655c9604aaa929584b8f096fecfb\"},\"headline\":\"assinatura de protocolo &#8211; autonomia financeira\",\"datePublished\":\"2026-03-25T11:40:51+00:00\",\"dateModified\":\"2026-03-25T11:42:54+00:00\",\"mainEntityOfPage\":{\"@id\":\"https:\/\/comarcas.csm.org.pt\/lisboa-norte\/blog\/2026\/03\/25\/assinatura-de-protocolo-autonomia-financeira\/\"},\"wordCount\":184,\"publisher\":{\"@id\":\"https:\/\/comarcas.csm.org.pt\/lisboa-norte\/#organization\"},\"image\":{\"@id\":\"https:\/\/comarcas.csm.org.pt\/lisboa-norte\/blog\/2026\/03\/25\/assinatura-de-protocolo-autonomia-financeira\/#primaryimage\"},\"thumbnailUrl\":\"https:\/\/comarcas.csm.org.pt\/lisboa-norte\/wp-content\/uploads\/sites\/18\/2026\/03\/IMG_20260325_112648.jpg\",\"articleSection\":[\"Geral\"],\"inLanguage\":\"pt-PT\"},{\"@type\":\"WebPage\",\"@id\":\"https:\/\/comarcas.csm.org.pt\/lisboa-norte\/blog\/2026\/03\/25\/assinatura-de-protocolo-autonomia-financeira\/\",\"url\":\"https:\/\/comarcas.csm.org.pt\/lisboa-norte\/blog\/2026\/03\/25\/assinatura-de-protocolo-autonomia-financeira\/\",\"name\":\"assinatura de protocolo - autonomia financeira - Tribunal Judicial da Comarca de Lisboa Norte\",\"isPartOf\":{\"@id\":\"https:\/\/comarcas.csm.org.pt\/lisboa-norte\/#website\"},\"primaryImageOfPage\":{\"@id\":\"https:\/\/comarcas.csm.org.pt\/lisboa-norte\/blog\/2026\/03\/25\/assinatura-de-protocolo-autonomia-financeira\/#primaryimage\"},\"image\":{\"@id\":\"https:\/\/comarcas.csm.org.pt\/lisboa-norte\/blog\/2026\/03\/25\/assinatura-de-protocolo-autonomia-financeira\/#primaryimage\"},\"thumbnailUrl\":\"https:\/\/comarcas.csm.org.pt\/lisboa-norte\/wp-content\/uploads\/sites\/18\/2026\/03\/IMG_20260325_112648.jpg\",\"datePublished\":\"2026-03-25T11:40:51+00:00\",\"dateModified\":\"2026-03-25T11:42:54+00:00\",\"breadcrumb\":{\"@id\":\"https:\/\/comarcas.csm.org.pt\/lisboa-norte\/blog\/2026\/03\/25\/assinatura-de-protocolo-autonomia-financeira\/#breadcrumb\"},\"inLanguage\":\"pt-PT\",\"potentialAction\":[{\"@type\":\"ReadAction\",\"target\":[\"https:\/\/comarcas.csm.org.pt\/lisboa-norte\/blog\/2026\/03\/25\/assinatura-de-protocolo-autonomia-financeira\/\"]}]},{\"@type\":\"ImageObject\",\"inLanguage\":\"pt-PT\",\"@id\":\"https:\/\/comarcas.csm.org.pt\/lisboa-norte\/blog\/2026\/03\/25\/assinatura-de-protocolo-autonomia-financeira\/#primaryimage\",\"url\":\"https:\/\/comarcas.csm.org.pt\/lisboa-norte\/wp-content\/uploads\/sites\/18\/2026\/03\/IMG_20260325_112648.jpg\",\"contentUrl\":\"https:\/\/comarcas.csm.org.pt\/lisboa-norte\/wp-content\/uploads\/sites\/18\/2026\/03\/IMG_20260325_112648.jpg\",\"width\":540,\"height\":456,\"caption\":\"Oplus_16908288\"},{\"@type\":\"BreadcrumbList\",\"@id\":\"https:\/\/comarcas.csm.org.pt\/lisboa-norte\/blog\/2026\/03\/25\/assinatura-de-protocolo-autonomia-financeira\/#breadcrumb\",\"itemListElement\":[{\"@type\":\"ListItem\",\"position\":1,\"name\":\"In\u00edcio\",\"item\":\"https:\/\/comarcas.csm.org.pt\/lisboa-norte\/\"},{\"@type\":\"ListItem\",\"position\":2,\"name\":\"assinatura de protocolo &#8211; autonomia financeira\"}]},{\"@type\":\"WebSite\",\"@id\":\"https:\/\/comarcas.csm.org.pt\/lisboa-norte\/#website\",\"url\":\"https:\/\/comarcas.csm.org.pt\/lisboa-norte\/\",\"name\":\"Tribunal Judicial da Comarca de Lisboa Norte\",\"description\":\"Tribunal Judicial da Comarca de Aveiro\",\"publisher\":{\"@id\":\"https:\/\/comarcas.csm.org.pt\/lisboa-norte\/#organization\"},\"potentialAction\":[{\"@type\":\"SearchAction\",\"target\":{\"@type\":\"EntryPoint\",\"urlTemplate\":\"https:\/\/comarcas.csm.org.pt\/lisboa-norte\/?s={search_term_string}\"},\"query-input\":{\"@type\":\"PropertyValueSpecification\",\"valueRequired\":true,\"valueName\":\"search_term_string\"}}],\"inLanguage\":\"pt-PT\"},{\"@type\":\"Organization\",\"@id\":\"https:\/\/comarcas.csm.org.pt\/lisboa-norte\/#organization\",\"name\":\"Tribunal Judicial da Comarca de Lisboa Norte\",\"url\":\"https:\/\/comarcas.csm.org.pt\/lisboa-norte\/\",\"logo\":{\"@type\":\"ImageObject\",\"inLanguage\":\"pt-PT\",\"@id\":\"https:\/\/comarcas.csm.org.pt\/lisboa-norte\/#\/schema\/logo\/image\/\",\"url\":\"https:\/\/comarcas.csm.org.pt\/lisboa-norte\/wp-content\/uploads\/sites\/18\/2024\/11\/Lisboa-N_positivo-horizontal.png\",\"contentUrl\":\"https:\/\/comarcas.csm.org.pt\/lisboa-norte\/wp-content\/uploads\/sites\/18\/2024\/11\/Lisboa-N_positivo-horizontal.png\",\"width\":4833,\"height\":942,\"caption\":\"Tribunal Judicial da Comarca de Lisboa Norte\"},\"image\":{\"@id\":\"https:\/\/comarcas.csm.org.pt\/lisboa-norte\/#\/schema\/logo\/image\/\"}},{\"@type\":\"Person\",\"@id\":\"https:\/\/comarcas.csm.org.pt\/lisboa-norte\/#\/schema\/person\/c8e8655c9604aaa929584b8f096fecfb\",\"name\":\"lisboanorte\",\"image\":{\"@type\":\"ImageObject\",\"inLanguage\":\"pt-PT\",\"@id\":\"https:\/\/comarcas.csm.org.pt\/lisboa-norte\/#\/schema\/person\/image\/\",\"url\":\"https:\/\/secure.gravatar.com\/avatar\/e157798c799a869cc93d42c2ec0889ad7de6bd219fc986210eb8db54e9c77916?s=96&d=mm&r=g\",\"contentUrl\":\"https:\/\/secure.gravatar.com\/avatar\/e157798c799a869cc93d42c2ec0889ad7de6bd219fc986210eb8db54e9c77916?s=96&d=mm&r=g\",\"caption\":\"lisboanorte\"},\"url\":\"https:\/\/comarcas.csm.org.pt\/lisboa-norte\/blog\/author\/lisboanorte\/\"}]}<\/script>\n<!-- \/ Yoast SEO plugin. -->","yoast_head_json":{"title":"assinatura de protocolo - autonomia financeira - Tribunal Judicial da Comarca de Lisboa Norte","robots":{"index":"index","follow":"follow","max-snippet":"max-snippet:-1","max-image-preview":"max-image-preview:large","max-video-preview":"max-video-preview:-1"},"canonical":"https:\/\/comarcas.csm.org.pt\/lisboa-norte\/blog\/2026\/03\/25\/assinatura-de-protocolo-autonomia-financeira\/","og_locale":"pt_PT","og_type":"article","og_title":"assinatura de protocolo - autonomia financeira - Tribunal Judicial da Comarca de Lisboa Norte","og_description":"O Minist\u00e9rio da Justi\u00e7a alargou o modelo de gest\u00e3o financeira descentralizada a todas as 23 comarcas do pa\u00eds, modelo que foi testado primeiro com sucesso num projeto-piloto implementado em setembro de 2024. Este sistema refor\u00e7a...","og_url":"https:\/\/comarcas.csm.org.pt\/lisboa-norte\/blog\/2026\/03\/25\/assinatura-de-protocolo-autonomia-financeira\/","og_site_name":"Tribunal Judicial da Comarca de Lisboa Norte","article_published_time":"2026-03-25T11:40:51+00:00","article_modified_time":"2026-03-25T11:42:54+00:00","og_image":[{"width":540,"height":456,"url":"https:\/\/comarcas.csm.org.pt\/lisboa-norte\/wp-content\/uploads\/sites\/18\/2026\/03\/IMG_20260325_112648.jpg","type":"image\/jpeg"}],"author":"lisboanorte","twitter_card":"summary_large_image","twitter_misc":{"Escrito por":"lisboanorte","Tempo estimado de leitura":"2 minutos"},"schema":{"@context":"https:\/\/schema.org","@graph":[{"@type":"Article","@id":"https:\/\/comarcas.csm.org.pt\/lisboa-norte\/blog\/2026\/03\/25\/assinatura-de-protocolo-autonomia-financeira\/#article","isPartOf":{"@id":"https:\/\/comarcas.csm.org.pt\/lisboa-norte\/blog\/2026\/03\/25\/assinatura-de-protocolo-autonomia-financeira\/"},"author":{"name":"lisboanorte","@id":"https:\/\/comarcas.csm.org.pt\/lisboa-norte\/#\/schema\/person\/c8e8655c9604aaa929584b8f096fecfb"},"headline":"assinatura de protocolo &#8211; autonomia financeira","datePublished":"2026-03-25T11:40:51+00:00","dateModified":"2026-03-25T11:42:54+00:00","mainEntityOfPage":{"@id":"https:\/\/comarcas.csm.org.pt\/lisboa-norte\/blog\/2026\/03\/25\/assinatura-de-protocolo-autonomia-financeira\/"},"wordCount":184,"publisher":{"@id":"https:\/\/comarcas.csm.org.pt\/lisboa-norte\/#organization"},"image":{"@id":"https:\/\/comarcas.csm.org.pt\/lisboa-norte\/blog\/2026\/03\/25\/assinatura-de-protocolo-autonomia-financeira\/#primaryimage"},"thumbnailUrl":"https:\/\/comarcas.csm.org.pt\/lisboa-norte\/wp-content\/uploads\/sites\/18\/2026\/03\/IMG_20260325_112648.jpg","articleSection":["Geral"],"inLanguage":"pt-PT"},{"@type":"WebPage","@id":"https:\/\/comarcas.csm.org.pt\/lisboa-norte\/blog\/2026\/03\/25\/assinatura-de-protocolo-autonomia-financeira\/","url":"https:\/\/comarcas.csm.org.pt\/lisboa-norte\/blog\/2026\/03\/25\/assinatura-de-protocolo-autonomia-financeira\/","name":"assinatura de protocolo - autonomia financeira - Tribunal Judicial da Comarca de Lisboa Norte","isPartOf":{"@id":"https:\/\/comarcas.csm.org.pt\/lisboa-norte\/#website"},"primaryImageOfPage":{"@id":"https:\/\/comarcas.csm.org.pt\/lisboa-norte\/blog\/2026\/03\/25\/assinatura-de-protocolo-autonomia-financeira\/#primaryimage"},"image":{"@id":"https:\/\/comarcas.csm.org.pt\/lisboa-norte\/blog\/2026\/03\/25\/assinatura-de-protocolo-autonomia-financeira\/#primaryimage"},"thumbnailUrl":"https:\/\/comarcas.csm.org.pt\/lisboa-norte\/wp-content\/uploads\/sites\/18\/2026\/03\/IMG_20260325_112648.jpg","datePublished":"2026-03-25T11:40:51+00:00","dateModified":"2026-03-25T11:42:54+00:00","breadcrumb":{"@id":"https:\/\/comarcas.csm.org.pt\/lisboa-norte\/blog\/2026\/03\/25\/assinatura-de-protocolo-autonomia-financeira\/#breadcrumb"},"inLanguage":"pt-PT","potentialAction":[{"@type":"ReadAction","target":["https:\/\/comarcas.csm.org.pt\/lisboa-norte\/blog\/2026\/03\/25\/assinatura-de-protocolo-autonomia-financeira\/"]}]},{"@type":"ImageObject","inLanguage":"pt-PT","@id":"https:\/\/comarcas.csm.org.pt\/lisboa-norte\/blog\/2026\/03\/25\/assinatura-de-protocolo-autonomia-financeira\/#primaryimage","url":"https:\/\/comarcas.csm.org.pt\/lisboa-norte\/wp-content\/uploads\/sites\/18\/2026\/03\/IMG_20260325_112648.jpg","contentUrl":"https:\/\/comarcas.csm.org.pt\/lisboa-norte\/wp-content\/uploads\/sites\/18\/2026\/03\/IMG_20260325_112648.jpg","width":540,"height":456,"caption":"Oplus_16908288"},{"@type":"BreadcrumbList","@id":"https:\/\/comarcas.csm.org.pt\/lisboa-norte\/blog\/2026\/03\/25\/assinatura-de-protocolo-autonomia-financeira\/#breadcrumb","itemListElement":[{"@type":"ListItem","position":1,"name":"In\u00edcio","item":"https:\/\/comarcas.csm.org.pt\/lisboa-norte\/"},{"@type":"ListItem","position":2,"name":"assinatura de protocolo &#8211; autonomia financeira"}]},{"@type":"WebSite","@id":"https:\/\/comarcas.csm.org.pt\/lisboa-norte\/#website","url":"https:\/\/comarcas.csm.org.pt\/lisboa-norte\/","name":"Tribunal Judicial da Comarca de Lisboa Norte","description":"Tribunal Judicial da Comarca de Aveiro","publisher":{"@id":"https:\/\/comarcas.csm.org.pt\/lisboa-norte\/#organization"},"potentialAction":[{"@type":"SearchAction","target":{"@type":"EntryPoint","urlTemplate":"https:\/\/comarcas.csm.org.pt\/lisboa-norte\/?s={search_term_string}"},"query-input":{"@type":"PropertyValueSpecification","valueRequired":true,"valueName":"search_term_string"}}],"inLanguage":"pt-PT"},{"@type":"Organization","@id":"https:\/\/comarcas.csm.org.pt\/lisboa-norte\/#organization","name":"Tribunal Judicial da Comarca de Lisboa Norte","url":"https:\/\/comarcas.csm.org.pt\/lisboa-norte\/","logo":{"@type":"ImageObject","inLanguage":"pt-PT","@id":"https:\/\/comarcas.csm.org.pt\/lisboa-norte\/#\/schema\/logo\/image\/","url":"https:\/\/comarcas.csm.org.pt\/lisboa-norte\/wp-content\/uploads\/sites\/18\/2024\/11\/Lisboa-N_positivo-horizontal.png","contentUrl":"https:\/\/comarcas.csm.org.pt\/lisboa-norte\/wp-content\/uploads\/sites\/18\/2024\/11\/Lisboa-N_positivo-horizontal.png","width":4833,"height":942,"caption":"Tribunal Judicial da Comarca de Lisboa Norte"},"image":{"@id":"https:\/\/comarcas.csm.org.pt\/lisboa-norte\/#\/schema\/logo\/image\/"}},{"@type":"Person","@id":"https:\/\/comarcas.csm.org.pt\/lisboa-norte\/#\/schema\/person\/c8e8655c9604aaa929584b8f096fecfb","name":"lisboanorte","image":{"@type":"ImageObject","inLanguage":"pt-PT","@id":"https:\/\/comarcas.csm.org.pt\/lisboa-norte\/#\/schema\/person\/image\/","url":"https:\/\/secure.gravatar.com\/avatar\/e157798c799a869cc93d42c2ec0889ad7de6bd219fc986210eb8db54e9c77916?s=96&d=mm&r=g","contentUrl":"https:\/\/secure.gravatar.com\/avatar\/e157798c799a869cc93d42c2ec0889ad7de6bd219fc986210eb8db54e9c77916?s=96&d=mm&r=g","caption":"lisboanorte"},"url":"https:\/\/comarcas.csm.org.pt\/lisboa-norte\/blog\/author\/lisboanorte\/"}]}},"_links":{"self":[{"href":"https:\/\/comarcas.csm.org.pt\/lisboa-norte\/wp-json\/wp\/v2\/posts\/12963","targetHints":{"allow":["GET"]}}],"collection":[{"href":"https:\/\/comarcas.csm.org.pt\/lisboa-norte\/wp-json\/wp\/v2\/posts"}],"about":[{"href":"https:\/\/comarcas.csm.org.pt\/lisboa-norte\/wp-json\/wp\/v2\/types\/post"}],"author":[{"embeddable":true,"href":"https:\/\/comarcas.csm.org.pt\/lisboa-norte\/wp-json\/wp\/v2\/users\/18"}],"replies":[{"embeddable":true,"href":"https:\/\/comarcas.csm.org.pt\/lisboa-norte\/wp-json\/wp\/v2\/comments?post=12963"}],"version-history":[{"count":3,"href":"https:\/\/comarcas.csm.org.pt\/lisboa-norte\/wp-json\/wp\/v2\/posts\/12963\/revisions"}],"predecessor-version":[{"id":12967,"href":"https:\/\/comarcas.csm.org.pt\/lisboa-norte\/wp-json\/wp\/v2\/posts\/12963\/revisions\/12967"}],"wp:attachment":[{"href":"https:\/\/comarcas.csm.org.pt\/lisboa-norte\/wp-json\/wp\/v2\/media?parent=12963"}],"wp:term":[{"taxonomy":"category","embeddable":true,"href":"https:\/\/comarcas.csm.org.pt\/lisboa-norte\/wp-json\/wp\/v2\/categories?post=12963"},{"taxonomy":"post_tag","embeddable":true,"href":"https:\/\/comarcas.csm.org.pt\/lisboa-norte\/wp-json\/wp\/v2\/tags?post=12963"}],"curies":[{"name":"wp","href":"https:\/\/api.w.org\/{rel}","templated":true}]}}