{"id":13013,"date":"2026-04-16T15:22:01","date_gmt":"2026-04-16T15:22:01","guid":{"rendered":"https:\/\/comarcas.csm.org.pt\/lisboa-norte\/?p=13013"},"modified":"2026-04-16T15:32:05","modified_gmt":"2026-04-16T15:32:05","slug":"comunicado-processo-no-230-26-5gbagd","status":"publish","type":"post","link":"https:\/\/comarcas.csm.org.pt\/lisboa-norte\/blog\/2026\/04\/16\/comunicado-processo-no-230-26-5gbagd\/","title":{"rendered":"Comunicado \u2013\u00a0Processo n\u00ba 230\/26.5GBAGD"},"content":{"rendered":"\n<p>No \u00e2mbito do processo que corre termos nos Servi\u00e7os do Minist\u00e9rio P\u00fablico sob o n\u00ba 230\/26.5GBAGD, ap\u00f3s deten\u00e7\u00e3o fora de flagrante delito foi o arguido Khaylan Bianchi Lima no dia 16 de abril de 2026 apresentado a primeiro interrogat\u00f3rio judicial para eventual aplica\u00e7\u00e3o de medidas de coa\u00e7\u00e3o para al\u00e9m de Termo de Identidade e Resid\u00eancia. Realizada a dilig\u00eancia de interrogat\u00f3rio judicial, concluiu o Tribunal que se encontravam fortemente indiciados os factos imputados pelo Minist\u00e9rio P\u00fablico ao arguido, integradores dos il\u00edcitos criminais<\/p>\n\n\n\n<p><strong>&#8211; Um crime de amea\u00e7a agravada, previsto e punido pelos artigos 153.\u00ba, n.\u00ba 1, e 155.\u00ba, n.\u00ba 1, al. a), este por refer\u00eancia ao art. 164.\u00ba, n.\u00ba 1, al. a), do C\u00f3digo Penal;<\/strong><\/p>\n\n\n\n<p><strong>&#8211; Um crime de coa\u00e7\u00e3o, previsto e punido pelo artigo 154.\u00ba, n.\u00ba 1, 22.\u00ba, 23.\u00ba e 73.\u00ba do C\u00f3digo Penal;<\/strong><\/p>\n\n\n\n<p><strong>&#8211; Um crime de coa\u00e7\u00e3o sexual, previsto e punido pelo artigo 163.\u00ba, n.\u00ba 2, do C\u00f3digo Penal;<\/strong><\/p>\n\n\n\n<p><strong>&#8211; Um crime de viola\u00e7\u00e3o agravado, previsto e punido pelo artigo 164.\u00ba, n.\u00ba 2, al. a), do C\u00f3digo Penal;<\/strong><\/p>\n\n\n\n<p><strong>&#8211; Um crime de importuna\u00e7\u00e3o sexual, previsto e punido pelo artigo 170.\u00ba do C\u00f3digo Penal.<\/strong><\/p>\n\n\n\n<p>Tendo conclu\u00eddo pela necessidade de acautelar os perigos fuga, de perturba\u00e7\u00e3o do decurso do inqu\u00e9rito e da eventual instru\u00e7\u00e3o, mais concretamente para a aquisi\u00e7\u00e3o, conserva\u00e7\u00e3o e veracidade da prova (prova que com verdade importa manter at\u00e9 ao julgamento), de continua\u00e7\u00e3o da actividade criminosa e de perturba\u00e7\u00e3o grave da ordem e da tranquilidade p\u00fablicas, decidiu pela aplica\u00e7\u00e3o, ao abrigo do disposto nos artigos 191.\u00ba a 194.\u00ba, 196.\u00ba, 200.\u00ba, n.\u00ba 1, al. d), 202.\u00ba, n.\u00ba 1, als. a) e b) &#8211; esta com refer\u00eancia \u00e0s als. j) e l) do art. 1.\u00ba -, e 204.\u00ba, n.\u00ba 1, als. a), b) e c), todos do C\u00f3digo de Processo Penal das seguintes medidas de coa\u00e7\u00e3o:<\/p>\n\n\n\n<p>&#8211; Termo de identidade e resid\u00eancia,<\/p>\n\n\n\n<p>&#8211; Proibi\u00e7\u00e3o de contactar com as ofendidas e demais testemunhas mencionadas, e<\/p>\n\n\n\n<p>&#8211; Pris\u00e3o preventiva.<\/p>\n\n\n\n<p>Os autos encontram-se em segredo de justi\u00e7a e foram devolvidos<\/p>\n\n\n\n<p>Loures, 16 de abril de 2026<\/p>\n\n\n\n<p>A Ju\u00edza Presidente do Tribunal da Comarca de Lisboa Norte<\/p>\n\n\n\n<p><\/p>\n","protected":false},"excerpt":{"rendered":"<p>No \u00e2mbito do processo que corre termos nos Servi\u00e7os do Minist\u00e9rio P\u00fablico sob o n\u00ba 230\/26.5GBAGD, ap\u00f3s deten\u00e7\u00e3o fora de flagrante delito foi o arguido Khaylan Bianchi Lima no dia 16 de abril de 2026&#8230;<\/p>\n","protected":false},"author":18,"featured_media":0,"comment_status":"closed","ping_status":"open","sticky":false,"template":"","format":"standard","meta":{"_tbt_post_transparent":"","_tbt_post_title":"","_tbt_post_layout":"","_tbt_post_sidebar_id":"","_tbt_post_content_style":"","_tbt_post_vertical_padding":"","_tbt_post_feature":"","_tbt_post_feature_position":"","_tbt_post_header":false,"_tbt_post_footer":false},"categories":[1],"tags":[],"class_list":["post-13013","post","type-post","status-publish","format-standard","hentry","category-geral"],"yoast_head":"<!-- This site is optimized with the Yoast SEO plugin v25.6 - https:\/\/yoast.com\/wordpress\/plugins\/seo\/ -->\n<title>Comunicado \u2013\u00a0Processo n\u00ba 230\/26.5GBAGD - Tribunal Judicial da Comarca de Lisboa Norte<\/title>\n<meta name=\"robots\" content=\"index, follow, max-snippet:-1, max-image-preview:large, max-video-preview:-1\" \/>\n<link rel=\"canonical\" href=\"https:\/\/comarcas.csm.org.pt\/lisboa-norte\/blog\/2026\/04\/16\/comunicado-processo-no-230-26-5gbagd\/\" \/>\n<meta property=\"og:locale\" content=\"pt_PT\" \/>\n<meta property=\"og:type\" content=\"article\" \/>\n<meta property=\"og:title\" content=\"Comunicado \u2013\u00a0Processo n\u00ba 230\/26.5GBAGD - Tribunal Judicial da Comarca de Lisboa Norte\" \/>\n<meta property=\"og:description\" content=\"No \u00e2mbito do processo que corre termos nos Servi\u00e7os do Minist\u00e9rio P\u00fablico sob o n\u00ba 230\/26.5GBAGD, ap\u00f3s deten\u00e7\u00e3o fora de flagrante delito foi o arguido Khaylan Bianchi Lima no dia 16 de abril de 2026...\" \/>\n<meta property=\"og:url\" content=\"https:\/\/comarcas.csm.org.pt\/lisboa-norte\/blog\/2026\/04\/16\/comunicado-processo-no-230-26-5gbagd\/\" \/>\n<meta property=\"og:site_name\" content=\"Tribunal Judicial da Comarca de Lisboa Norte\" \/>\n<meta property=\"article:published_time\" content=\"2026-04-16T15:22:01+00:00\" \/>\n<meta property=\"article:modified_time\" content=\"2026-04-16T15:32:05+00:00\" \/>\n<meta name=\"author\" content=\"lisboanorte\" \/>\n<meta name=\"twitter:card\" content=\"summary_large_image\" \/>\n<meta name=\"twitter:label1\" content=\"Escrito por\" \/>\n\t<meta name=\"twitter:data1\" content=\"lisboanorte\" \/>\n\t<meta name=\"twitter:label2\" content=\"Tempo estimado de leitura\" \/>\n\t<meta name=\"twitter:data2\" content=\"2 minutos\" \/>\n<script type=\"application\/ld+json\" class=\"yoast-schema-graph\">{\"@context\":\"https:\/\/schema.org\",\"@graph\":[{\"@type\":\"Article\",\"@id\":\"https:\/\/comarcas.csm.org.pt\/lisboa-norte\/blog\/2026\/04\/16\/comunicado-processo-no-230-26-5gbagd\/#article\",\"isPartOf\":{\"@id\":\"https:\/\/comarcas.csm.org.pt\/lisboa-norte\/blog\/2026\/04\/16\/comunicado-processo-no-230-26-5gbagd\/\"},\"author\":{\"name\":\"lisboanorte\",\"@id\":\"https:\/\/comarcas.csm.org.pt\/lisboa-norte\/#\/schema\/person\/c8e8655c9604aaa929584b8f096fecfb\"},\"headline\":\"Comunicado \u2013\u00a0Processo n\u00ba 230\/26.5GBAGD\",\"datePublished\":\"2026-04-16T15:22:01+00:00\",\"dateModified\":\"2026-04-16T15:32:05+00:00\",\"mainEntityOfPage\":{\"@id\":\"https:\/\/comarcas.csm.org.pt\/lisboa-norte\/blog\/2026\/04\/16\/comunicado-processo-no-230-26-5gbagd\/\"},\"wordCount\":361,\"publisher\":{\"@id\":\"https:\/\/comarcas.csm.org.pt\/lisboa-norte\/#organization\"},\"articleSection\":[\"Geral\"],\"inLanguage\":\"pt-PT\"},{\"@type\":\"WebPage\",\"@id\":\"https:\/\/comarcas.csm.org.pt\/lisboa-norte\/blog\/2026\/04\/16\/comunicado-processo-no-230-26-5gbagd\/\",\"url\":\"https:\/\/comarcas.csm.org.pt\/lisboa-norte\/blog\/2026\/04\/16\/comunicado-processo-no-230-26-5gbagd\/\",\"name\":\"Comunicado \u2013\u00a0Processo n\u00ba 230\/26.5GBAGD - Tribunal Judicial da Comarca de Lisboa Norte\",\"isPartOf\":{\"@id\":\"https:\/\/comarcas.csm.org.pt\/lisboa-norte\/#website\"},\"datePublished\":\"2026-04-16T15:22:01+00:00\",\"dateModified\":\"2026-04-16T15:32:05+00:00\",\"breadcrumb\":{\"@id\":\"https:\/\/comarcas.csm.org.pt\/lisboa-norte\/blog\/2026\/04\/16\/comunicado-processo-no-230-26-5gbagd\/#breadcrumb\"},\"inLanguage\":\"pt-PT\",\"potentialAction\":[{\"@type\":\"ReadAction\",\"target\":[\"https:\/\/comarcas.csm.org.pt\/lisboa-norte\/blog\/2026\/04\/16\/comunicado-processo-no-230-26-5gbagd\/\"]}]},{\"@type\":\"BreadcrumbList\",\"@id\":\"https:\/\/comarcas.csm.org.pt\/lisboa-norte\/blog\/2026\/04\/16\/comunicado-processo-no-230-26-5gbagd\/#breadcrumb\",\"itemListElement\":[{\"@type\":\"ListItem\",\"position\":1,\"name\":\"In\u00edcio\",\"item\":\"https:\/\/comarcas.csm.org.pt\/lisboa-norte\/\"},{\"@type\":\"ListItem\",\"position\":2,\"name\":\"Comunicado \u2013\u00a0Processo n\u00ba 230\/26.5GBAGD\"}]},{\"@type\":\"WebSite\",\"@id\":\"https:\/\/comarcas.csm.org.pt\/lisboa-norte\/#website\",\"url\":\"https:\/\/comarcas.csm.org.pt\/lisboa-norte\/\",\"name\":\"Tribunal Judicial da Comarca de Lisboa Norte\",\"description\":\"Tribunal Judicial da Comarca de Aveiro\",\"publisher\":{\"@id\":\"https:\/\/comarcas.csm.org.pt\/lisboa-norte\/#organization\"},\"potentialAction\":[{\"@type\":\"SearchAction\",\"target\":{\"@type\":\"EntryPoint\",\"urlTemplate\":\"https:\/\/comarcas.csm.org.pt\/lisboa-norte\/?s={search_term_string}\"},\"query-input\":{\"@type\":\"PropertyValueSpecification\",\"valueRequired\":true,\"valueName\":\"search_term_string\"}}],\"inLanguage\":\"pt-PT\"},{\"@type\":\"Organization\",\"@id\":\"https:\/\/comarcas.csm.org.pt\/lisboa-norte\/#organization\",\"name\":\"Tribunal Judicial da Comarca de Lisboa Norte\",\"url\":\"https:\/\/comarcas.csm.org.pt\/lisboa-norte\/\",\"logo\":{\"@type\":\"ImageObject\",\"inLanguage\":\"pt-PT\",\"@id\":\"https:\/\/comarcas.csm.org.pt\/lisboa-norte\/#\/schema\/logo\/image\/\",\"url\":\"https:\/\/comarcas.csm.org.pt\/lisboa-norte\/wp-content\/uploads\/sites\/18\/2024\/11\/Lisboa-N_positivo-horizontal.png\",\"contentUrl\":\"https:\/\/comarcas.csm.org.pt\/lisboa-norte\/wp-content\/uploads\/sites\/18\/2024\/11\/Lisboa-N_positivo-horizontal.png\",\"width\":4833,\"height\":942,\"caption\":\"Tribunal Judicial da Comarca de Lisboa Norte\"},\"image\":{\"@id\":\"https:\/\/comarcas.csm.org.pt\/lisboa-norte\/#\/schema\/logo\/image\/\"}},{\"@type\":\"Person\",\"@id\":\"https:\/\/comarcas.csm.org.pt\/lisboa-norte\/#\/schema\/person\/c8e8655c9604aaa929584b8f096fecfb\",\"name\":\"lisboanorte\",\"image\":{\"@type\":\"ImageObject\",\"inLanguage\":\"pt-PT\",\"@id\":\"https:\/\/comarcas.csm.org.pt\/lisboa-norte\/#\/schema\/person\/image\/\",\"url\":\"https:\/\/secure.gravatar.com\/avatar\/e157798c799a869cc93d42c2ec0889ad7de6bd219fc986210eb8db54e9c77916?s=96&d=mm&r=g\",\"contentUrl\":\"https:\/\/secure.gravatar.com\/avatar\/e157798c799a869cc93d42c2ec0889ad7de6bd219fc986210eb8db54e9c77916?s=96&d=mm&r=g\",\"caption\":\"lisboanorte\"},\"url\":\"https:\/\/comarcas.csm.org.pt\/lisboa-norte\/blog\/author\/lisboanorte\/\"}]}<\/script>\n<!-- \/ Yoast SEO plugin. -->","yoast_head_json":{"title":"Comunicado \u2013\u00a0Processo n\u00ba 230\/26.5GBAGD - Tribunal Judicial da Comarca de Lisboa Norte","robots":{"index":"index","follow":"follow","max-snippet":"max-snippet:-1","max-image-preview":"max-image-preview:large","max-video-preview":"max-video-preview:-1"},"canonical":"https:\/\/comarcas.csm.org.pt\/lisboa-norte\/blog\/2026\/04\/16\/comunicado-processo-no-230-26-5gbagd\/","og_locale":"pt_PT","og_type":"article","og_title":"Comunicado \u2013\u00a0Processo n\u00ba 230\/26.5GBAGD - Tribunal Judicial da Comarca de Lisboa Norte","og_description":"No \u00e2mbito do processo que corre termos nos Servi\u00e7os do Minist\u00e9rio P\u00fablico sob o n\u00ba 230\/26.5GBAGD, ap\u00f3s deten\u00e7\u00e3o fora de flagrante delito foi o arguido Khaylan Bianchi Lima no dia 16 de abril de 2026...","og_url":"https:\/\/comarcas.csm.org.pt\/lisboa-norte\/blog\/2026\/04\/16\/comunicado-processo-no-230-26-5gbagd\/","og_site_name":"Tribunal Judicial da Comarca de Lisboa Norte","article_published_time":"2026-04-16T15:22:01+00:00","article_modified_time":"2026-04-16T15:32:05+00:00","author":"lisboanorte","twitter_card":"summary_large_image","twitter_misc":{"Escrito por":"lisboanorte","Tempo estimado de leitura":"2 minutos"},"schema":{"@context":"https:\/\/schema.org","@graph":[{"@type":"Article","@id":"https:\/\/comarcas.csm.org.pt\/lisboa-norte\/blog\/2026\/04\/16\/comunicado-processo-no-230-26-5gbagd\/#article","isPartOf":{"@id":"https:\/\/comarcas.csm.org.pt\/lisboa-norte\/blog\/2026\/04\/16\/comunicado-processo-no-230-26-5gbagd\/"},"author":{"name":"lisboanorte","@id":"https:\/\/comarcas.csm.org.pt\/lisboa-norte\/#\/schema\/person\/c8e8655c9604aaa929584b8f096fecfb"},"headline":"Comunicado \u2013\u00a0Processo n\u00ba 230\/26.5GBAGD","datePublished":"2026-04-16T15:22:01+00:00","dateModified":"2026-04-16T15:32:05+00:00","mainEntityOfPage":{"@id":"https:\/\/comarcas.csm.org.pt\/lisboa-norte\/blog\/2026\/04\/16\/comunicado-processo-no-230-26-5gbagd\/"},"wordCount":361,"publisher":{"@id":"https:\/\/comarcas.csm.org.pt\/lisboa-norte\/#organization"},"articleSection":["Geral"],"inLanguage":"pt-PT"},{"@type":"WebPage","@id":"https:\/\/comarcas.csm.org.pt\/lisboa-norte\/blog\/2026\/04\/16\/comunicado-processo-no-230-26-5gbagd\/","url":"https:\/\/comarcas.csm.org.pt\/lisboa-norte\/blog\/2026\/04\/16\/comunicado-processo-no-230-26-5gbagd\/","name":"Comunicado \u2013\u00a0Processo n\u00ba 230\/26.5GBAGD - Tribunal Judicial da Comarca de Lisboa Norte","isPartOf":{"@id":"https:\/\/comarcas.csm.org.pt\/lisboa-norte\/#website"},"datePublished":"2026-04-16T15:22:01+00:00","dateModified":"2026-04-16T15:32:05+00:00","breadcrumb":{"@id":"https:\/\/comarcas.csm.org.pt\/lisboa-norte\/blog\/2026\/04\/16\/comunicado-processo-no-230-26-5gbagd\/#breadcrumb"},"inLanguage":"pt-PT","potentialAction":[{"@type":"ReadAction","target":["https:\/\/comarcas.csm.org.pt\/lisboa-norte\/blog\/2026\/04\/16\/comunicado-processo-no-230-26-5gbagd\/"]}]},{"@type":"BreadcrumbList","@id":"https:\/\/comarcas.csm.org.pt\/lisboa-norte\/blog\/2026\/04\/16\/comunicado-processo-no-230-26-5gbagd\/#breadcrumb","itemListElement":[{"@type":"ListItem","position":1,"name":"In\u00edcio","item":"https:\/\/comarcas.csm.org.pt\/lisboa-norte\/"},{"@type":"ListItem","position":2,"name":"Comunicado \u2013\u00a0Processo n\u00ba 230\/26.5GBAGD"}]},{"@type":"WebSite","@id":"https:\/\/comarcas.csm.org.pt\/lisboa-norte\/#website","url":"https:\/\/comarcas.csm.org.pt\/lisboa-norte\/","name":"Tribunal Judicial da Comarca de Lisboa Norte","description":"Tribunal Judicial da Comarca de Aveiro","publisher":{"@id":"https:\/\/comarcas.csm.org.pt\/lisboa-norte\/#organization"},"potentialAction":[{"@type":"SearchAction","target":{"@type":"EntryPoint","urlTemplate":"https:\/\/comarcas.csm.org.pt\/lisboa-norte\/?s={search_term_string}"},"query-input":{"@type":"PropertyValueSpecification","valueRequired":true,"valueName":"search_term_string"}}],"inLanguage":"pt-PT"},{"@type":"Organization","@id":"https:\/\/comarcas.csm.org.pt\/lisboa-norte\/#organization","name":"Tribunal Judicial da Comarca de Lisboa Norte","url":"https:\/\/comarcas.csm.org.pt\/lisboa-norte\/","logo":{"@type":"ImageObject","inLanguage":"pt-PT","@id":"https:\/\/comarcas.csm.org.pt\/lisboa-norte\/#\/schema\/logo\/image\/","url":"https:\/\/comarcas.csm.org.pt\/lisboa-norte\/wp-content\/uploads\/sites\/18\/2024\/11\/Lisboa-N_positivo-horizontal.png","contentUrl":"https:\/\/comarcas.csm.org.pt\/lisboa-norte\/wp-content\/uploads\/sites\/18\/2024\/11\/Lisboa-N_positivo-horizontal.png","width":4833,"height":942,"caption":"Tribunal Judicial da Comarca de Lisboa Norte"},"image":{"@id":"https:\/\/comarcas.csm.org.pt\/lisboa-norte\/#\/schema\/logo\/image\/"}},{"@type":"Person","@id":"https:\/\/comarcas.csm.org.pt\/lisboa-norte\/#\/schema\/person\/c8e8655c9604aaa929584b8f096fecfb","name":"lisboanorte","image":{"@type":"ImageObject","inLanguage":"pt-PT","@id":"https:\/\/comarcas.csm.org.pt\/lisboa-norte\/#\/schema\/person\/image\/","url":"https:\/\/secure.gravatar.com\/avatar\/e157798c799a869cc93d42c2ec0889ad7de6bd219fc986210eb8db54e9c77916?s=96&d=mm&r=g","contentUrl":"https:\/\/secure.gravatar.com\/avatar\/e157798c799a869cc93d42c2ec0889ad7de6bd219fc986210eb8db54e9c77916?s=96&d=mm&r=g","caption":"lisboanorte"},"url":"https:\/\/comarcas.csm.org.pt\/lisboa-norte\/blog\/author\/lisboanorte\/"}]}},"_links":{"self":[{"href":"https:\/\/comarcas.csm.org.pt\/lisboa-norte\/wp-json\/wp\/v2\/posts\/13013","targetHints":{"allow":["GET"]}}],"collection":[{"href":"https:\/\/comarcas.csm.org.pt\/lisboa-norte\/wp-json\/wp\/v2\/posts"}],"about":[{"href":"https:\/\/comarcas.csm.org.pt\/lisboa-norte\/wp-json\/wp\/v2\/types\/post"}],"author":[{"embeddable":true,"href":"https:\/\/comarcas.csm.org.pt\/lisboa-norte\/wp-json\/wp\/v2\/users\/18"}],"replies":[{"embeddable":true,"href":"https:\/\/comarcas.csm.org.pt\/lisboa-norte\/wp-json\/wp\/v2\/comments?post=13013"}],"version-history":[{"count":3,"href":"https:\/\/comarcas.csm.org.pt\/lisboa-norte\/wp-json\/wp\/v2\/posts\/13013\/revisions"}],"predecessor-version":[{"id":13016,"href":"https:\/\/comarcas.csm.org.pt\/lisboa-norte\/wp-json\/wp\/v2\/posts\/13013\/revisions\/13016"}],"wp:attachment":[{"href":"https:\/\/comarcas.csm.org.pt\/lisboa-norte\/wp-json\/wp\/v2\/media?parent=13013"}],"wp:term":[{"taxonomy":"category","embeddable":true,"href":"https:\/\/comarcas.csm.org.pt\/lisboa-norte\/wp-json\/wp\/v2\/categories?post=13013"},{"taxonomy":"post_tag","embeddable":true,"href":"https:\/\/comarcas.csm.org.pt\/lisboa-norte\/wp-json\/wp\/v2\/tags?post=13013"}],"curies":[{"name":"wp","href":"https:\/\/api.w.org\/{rel}","templated":true}]}}