{"id":13029,"date":"2026-04-21T11:19:00","date_gmt":"2026-04-21T11:19:00","guid":{"rendered":"https:\/\/comarcas.csm.org.pt\/lisboa-norte\/?p=13029"},"modified":"2026-04-21T11:19:01","modified_gmt":"2026-04-21T11:19:01","slug":"comunicado-processo-no-243-25-4pblrs-influencers","status":"publish","type":"post","link":"https:\/\/comarcas.csm.org.pt\/lisboa-norte\/blog\/2026\/04\/21\/comunicado-processo-no-243-25-4pblrs-influencers\/","title":{"rendered":"COMUNICADO &#8211; PROCESSO N\u00ba 243\/25.4PBLRS &#8211; &#8220;INFLUENCERS&#8221;"},"content":{"rendered":"\n<p>No passado dia 13 de abril, decorreu a primeira audi\u00eancia, \u00e0 porta fechada, atenta a idade da v\u00edtima e a natureza dos crimes.<\/p>\n\n\n\n<p>A leitura do ac\u00f3rd\u00e3o (a qual ser\u00e1 agendada, ap\u00f3s as alega\u00e7\u00f5es finais) ser\u00e1 aberta ao p\u00fablico e \u00e0 comunica\u00e7\u00e3o social;<\/p>\n\n\n\n<p>A v\u00edtima prestou declara\u00e7\u00f5es para mem\u00f3ria futura, cerca de dois meses depois ap\u00f3s os fatos terem ocorrido, evitando assim a chamada \u201crevitimiza\u00e7\u00e3o\u201d.<\/p>\n\n\n\n<p>Loures, 21 de abril de 2026<\/p>\n\n\n\n<p>A Ju\u00edza Presidente do Tribunal da Comarca de Lisboa Norte<\/p>\n","protected":false},"excerpt":{"rendered":"<p>No passado dia 13 de abril, decorreu a primeira audi\u00eancia, \u00e0 porta fechada, atenta a idade da v\u00edtima e a natureza dos crimes. A leitura do ac\u00f3rd\u00e3o (a qual ser\u00e1 agendada, ap\u00f3s as alega\u00e7\u00f5es finais)&#8230;<\/p>\n","protected":false},"author":18,"featured_media":0,"comment_status":"closed","ping_status":"open","sticky":false,"template":"","format":"standard","meta":{"_tbt_post_transparent":"","_tbt_post_title":"","_tbt_post_layout":"","_tbt_post_sidebar_id":"","_tbt_post_content_style":"","_tbt_post_vertical_padding":"","_tbt_post_feature":"","_tbt_post_feature_position":"","_tbt_post_header":false,"_tbt_post_footer":false},"categories":[1],"tags":[],"class_list":["post-13029","post","type-post","status-publish","format-standard","hentry","category-geral"],"yoast_head":"<!-- This site is optimized with the Yoast SEO plugin v25.6 - https:\/\/yoast.com\/wordpress\/plugins\/seo\/ -->\n<title>COMUNICADO - PROCESSO N\u00ba 243\/25.4PBLRS - &quot;INFLUENCERS&quot; - Tribunal Judicial da Comarca de Lisboa Norte<\/title>\n<meta name=\"robots\" content=\"index, follow, max-snippet:-1, max-image-preview:large, max-video-preview:-1\" \/>\n<link rel=\"canonical\" href=\"https:\/\/comarcas.csm.org.pt\/lisboa-norte\/blog\/2026\/04\/21\/comunicado-processo-no-243-25-4pblrs-influencers\/\" \/>\n<meta property=\"og:locale\" content=\"pt_PT\" \/>\n<meta property=\"og:type\" content=\"article\" \/>\n<meta property=\"og:title\" content=\"COMUNICADO - PROCESSO N\u00ba 243\/25.4PBLRS - &quot;INFLUENCERS&quot; - Tribunal Judicial da Comarca de Lisboa Norte\" \/>\n<meta property=\"og:description\" content=\"No passado dia 13 de abril, decorreu a primeira audi\u00eancia, \u00e0 porta fechada, atenta a idade da v\u00edtima e a natureza dos crimes. A leitura do ac\u00f3rd\u00e3o (a qual ser\u00e1 agendada, ap\u00f3s as alega\u00e7\u00f5es finais)...\" \/>\n<meta property=\"og:url\" content=\"https:\/\/comarcas.csm.org.pt\/lisboa-norte\/blog\/2026\/04\/21\/comunicado-processo-no-243-25-4pblrs-influencers\/\" \/>\n<meta property=\"og:site_name\" content=\"Tribunal Judicial da Comarca de Lisboa Norte\" \/>\n<meta property=\"article:published_time\" content=\"2026-04-21T11:19:00+00:00\" \/>\n<meta property=\"article:modified_time\" content=\"2026-04-21T11:19:01+00:00\" \/>\n<meta name=\"author\" content=\"lisboanorte\" \/>\n<meta name=\"twitter:card\" content=\"summary_large_image\" \/>\n<meta name=\"twitter:label1\" content=\"Escrito por\" \/>\n\t<meta name=\"twitter:data1\" content=\"lisboanorte\" \/>\n\t<meta name=\"twitter:label2\" content=\"Tempo estimado de leitura\" \/>\n\t<meta name=\"twitter:data2\" content=\"1 minuto\" \/>\n<script type=\"application\/ld+json\" class=\"yoast-schema-graph\">{\"@context\":\"https:\/\/schema.org\",\"@graph\":[{\"@type\":\"Article\",\"@id\":\"https:\/\/comarcas.csm.org.pt\/lisboa-norte\/blog\/2026\/04\/21\/comunicado-processo-no-243-25-4pblrs-influencers\/#article\",\"isPartOf\":{\"@id\":\"https:\/\/comarcas.csm.org.pt\/lisboa-norte\/blog\/2026\/04\/21\/comunicado-processo-no-243-25-4pblrs-influencers\/\"},\"author\":{\"name\":\"lisboanorte\",\"@id\":\"https:\/\/comarcas.csm.org.pt\/lisboa-norte\/#\/schema\/person\/c8e8655c9604aaa929584b8f096fecfb\"},\"headline\":\"COMUNICADO &#8211; PROCESSO N\u00ba 243\/25.4PBLRS &#8211; &#8220;INFLUENCERS&#8221;\",\"datePublished\":\"2026-04-21T11:19:00+00:00\",\"dateModified\":\"2026-04-21T11:19:01+00:00\",\"mainEntityOfPage\":{\"@id\":\"https:\/\/comarcas.csm.org.pt\/lisboa-norte\/blog\/2026\/04\/21\/comunicado-processo-no-243-25-4pblrs-influencers\/\"},\"wordCount\":97,\"publisher\":{\"@id\":\"https:\/\/comarcas.csm.org.pt\/lisboa-norte\/#organization\"},\"articleSection\":[\"Geral\"],\"inLanguage\":\"pt-PT\"},{\"@type\":\"WebPage\",\"@id\":\"https:\/\/comarcas.csm.org.pt\/lisboa-norte\/blog\/2026\/04\/21\/comunicado-processo-no-243-25-4pblrs-influencers\/\",\"url\":\"https:\/\/comarcas.csm.org.pt\/lisboa-norte\/blog\/2026\/04\/21\/comunicado-processo-no-243-25-4pblrs-influencers\/\",\"name\":\"COMUNICADO - PROCESSO N\u00ba 243\/25.4PBLRS - \\\"INFLUENCERS\\\" - Tribunal Judicial da Comarca de Lisboa Norte\",\"isPartOf\":{\"@id\":\"https:\/\/comarcas.csm.org.pt\/lisboa-norte\/#website\"},\"datePublished\":\"2026-04-21T11:19:00+00:00\",\"dateModified\":\"2026-04-21T11:19:01+00:00\",\"breadcrumb\":{\"@id\":\"https:\/\/comarcas.csm.org.pt\/lisboa-norte\/blog\/2026\/04\/21\/comunicado-processo-no-243-25-4pblrs-influencers\/#breadcrumb\"},\"inLanguage\":\"pt-PT\",\"potentialAction\":[{\"@type\":\"ReadAction\",\"target\":[\"https:\/\/comarcas.csm.org.pt\/lisboa-norte\/blog\/2026\/04\/21\/comunicado-processo-no-243-25-4pblrs-influencers\/\"]}]},{\"@type\":\"BreadcrumbList\",\"@id\":\"https:\/\/comarcas.csm.org.pt\/lisboa-norte\/blog\/2026\/04\/21\/comunicado-processo-no-243-25-4pblrs-influencers\/#breadcrumb\",\"itemListElement\":[{\"@type\":\"ListItem\",\"position\":1,\"name\":\"In\u00edcio\",\"item\":\"https:\/\/comarcas.csm.org.pt\/lisboa-norte\/\"},{\"@type\":\"ListItem\",\"position\":2,\"name\":\"COMUNICADO &#8211; PROCESSO N\u00ba 243\/25.4PBLRS &#8211; &#8220;INFLUENCERS&#8221;\"}]},{\"@type\":\"WebSite\",\"@id\":\"https:\/\/comarcas.csm.org.pt\/lisboa-norte\/#website\",\"url\":\"https:\/\/comarcas.csm.org.pt\/lisboa-norte\/\",\"name\":\"Tribunal Judicial da Comarca de Lisboa Norte\",\"description\":\"Tribunal Judicial da Comarca de Aveiro\",\"publisher\":{\"@id\":\"https:\/\/comarcas.csm.org.pt\/lisboa-norte\/#organization\"},\"potentialAction\":[{\"@type\":\"SearchAction\",\"target\":{\"@type\":\"EntryPoint\",\"urlTemplate\":\"https:\/\/comarcas.csm.org.pt\/lisboa-norte\/?s={search_term_string}\"},\"query-input\":{\"@type\":\"PropertyValueSpecification\",\"valueRequired\":true,\"valueName\":\"search_term_string\"}}],\"inLanguage\":\"pt-PT\"},{\"@type\":\"Organization\",\"@id\":\"https:\/\/comarcas.csm.org.pt\/lisboa-norte\/#organization\",\"name\":\"Tribunal Judicial da Comarca de Lisboa Norte\",\"url\":\"https:\/\/comarcas.csm.org.pt\/lisboa-norte\/\",\"logo\":{\"@type\":\"ImageObject\",\"inLanguage\":\"pt-PT\",\"@id\":\"https:\/\/comarcas.csm.org.pt\/lisboa-norte\/#\/schema\/logo\/image\/\",\"url\":\"https:\/\/comarcas.csm.org.pt\/lisboa-norte\/wp-content\/uploads\/sites\/18\/2024\/11\/Lisboa-N_positivo-horizontal.png\",\"contentUrl\":\"https:\/\/comarcas.csm.org.pt\/lisboa-norte\/wp-content\/uploads\/sites\/18\/2024\/11\/Lisboa-N_positivo-horizontal.png\",\"width\":4833,\"height\":942,\"caption\":\"Tribunal Judicial da Comarca de Lisboa Norte\"},\"image\":{\"@id\":\"https:\/\/comarcas.csm.org.pt\/lisboa-norte\/#\/schema\/logo\/image\/\"}},{\"@type\":\"Person\",\"@id\":\"https:\/\/comarcas.csm.org.pt\/lisboa-norte\/#\/schema\/person\/c8e8655c9604aaa929584b8f096fecfb\",\"name\":\"lisboanorte\",\"image\":{\"@type\":\"ImageObject\",\"inLanguage\":\"pt-PT\",\"@id\":\"https:\/\/comarcas.csm.org.pt\/lisboa-norte\/#\/schema\/person\/image\/\",\"url\":\"https:\/\/secure.gravatar.com\/avatar\/e157798c799a869cc93d42c2ec0889ad7de6bd219fc986210eb8db54e9c77916?s=96&d=mm&r=g\",\"contentUrl\":\"https:\/\/secure.gravatar.com\/avatar\/e157798c799a869cc93d42c2ec0889ad7de6bd219fc986210eb8db54e9c77916?s=96&d=mm&r=g\",\"caption\":\"lisboanorte\"},\"url\":\"https:\/\/comarcas.csm.org.pt\/lisboa-norte\/blog\/author\/lisboanorte\/\"}]}<\/script>\n<!-- \/ Yoast SEO plugin. -->","yoast_head_json":{"title":"COMUNICADO - PROCESSO N\u00ba 243\/25.4PBLRS - \"INFLUENCERS\" - Tribunal Judicial da Comarca de Lisboa Norte","robots":{"index":"index","follow":"follow","max-snippet":"max-snippet:-1","max-image-preview":"max-image-preview:large","max-video-preview":"max-video-preview:-1"},"canonical":"https:\/\/comarcas.csm.org.pt\/lisboa-norte\/blog\/2026\/04\/21\/comunicado-processo-no-243-25-4pblrs-influencers\/","og_locale":"pt_PT","og_type":"article","og_title":"COMUNICADO - PROCESSO N\u00ba 243\/25.4PBLRS - \"INFLUENCERS\" - Tribunal Judicial da Comarca de Lisboa Norte","og_description":"No passado dia 13 de abril, decorreu a primeira audi\u00eancia, \u00e0 porta fechada, atenta a idade da v\u00edtima e a natureza dos crimes. A leitura do ac\u00f3rd\u00e3o (a qual ser\u00e1 agendada, ap\u00f3s as alega\u00e7\u00f5es finais)...","og_url":"https:\/\/comarcas.csm.org.pt\/lisboa-norte\/blog\/2026\/04\/21\/comunicado-processo-no-243-25-4pblrs-influencers\/","og_site_name":"Tribunal Judicial da Comarca de Lisboa Norte","article_published_time":"2026-04-21T11:19:00+00:00","article_modified_time":"2026-04-21T11:19:01+00:00","author":"lisboanorte","twitter_card":"summary_large_image","twitter_misc":{"Escrito por":"lisboanorte","Tempo estimado de leitura":"1 minuto"},"schema":{"@context":"https:\/\/schema.org","@graph":[{"@type":"Article","@id":"https:\/\/comarcas.csm.org.pt\/lisboa-norte\/blog\/2026\/04\/21\/comunicado-processo-no-243-25-4pblrs-influencers\/#article","isPartOf":{"@id":"https:\/\/comarcas.csm.org.pt\/lisboa-norte\/blog\/2026\/04\/21\/comunicado-processo-no-243-25-4pblrs-influencers\/"},"author":{"name":"lisboanorte","@id":"https:\/\/comarcas.csm.org.pt\/lisboa-norte\/#\/schema\/person\/c8e8655c9604aaa929584b8f096fecfb"},"headline":"COMUNICADO &#8211; PROCESSO N\u00ba 243\/25.4PBLRS &#8211; &#8220;INFLUENCERS&#8221;","datePublished":"2026-04-21T11:19:00+00:00","dateModified":"2026-04-21T11:19:01+00:00","mainEntityOfPage":{"@id":"https:\/\/comarcas.csm.org.pt\/lisboa-norte\/blog\/2026\/04\/21\/comunicado-processo-no-243-25-4pblrs-influencers\/"},"wordCount":97,"publisher":{"@id":"https:\/\/comarcas.csm.org.pt\/lisboa-norte\/#organization"},"articleSection":["Geral"],"inLanguage":"pt-PT"},{"@type":"WebPage","@id":"https:\/\/comarcas.csm.org.pt\/lisboa-norte\/blog\/2026\/04\/21\/comunicado-processo-no-243-25-4pblrs-influencers\/","url":"https:\/\/comarcas.csm.org.pt\/lisboa-norte\/blog\/2026\/04\/21\/comunicado-processo-no-243-25-4pblrs-influencers\/","name":"COMUNICADO - PROCESSO N\u00ba 243\/25.4PBLRS - \"INFLUENCERS\" - Tribunal Judicial da Comarca de Lisboa Norte","isPartOf":{"@id":"https:\/\/comarcas.csm.org.pt\/lisboa-norte\/#website"},"datePublished":"2026-04-21T11:19:00+00:00","dateModified":"2026-04-21T11:19:01+00:00","breadcrumb":{"@id":"https:\/\/comarcas.csm.org.pt\/lisboa-norte\/blog\/2026\/04\/21\/comunicado-processo-no-243-25-4pblrs-influencers\/#breadcrumb"},"inLanguage":"pt-PT","potentialAction":[{"@type":"ReadAction","target":["https:\/\/comarcas.csm.org.pt\/lisboa-norte\/blog\/2026\/04\/21\/comunicado-processo-no-243-25-4pblrs-influencers\/"]}]},{"@type":"BreadcrumbList","@id":"https:\/\/comarcas.csm.org.pt\/lisboa-norte\/blog\/2026\/04\/21\/comunicado-processo-no-243-25-4pblrs-influencers\/#breadcrumb","itemListElement":[{"@type":"ListItem","position":1,"name":"In\u00edcio","item":"https:\/\/comarcas.csm.org.pt\/lisboa-norte\/"},{"@type":"ListItem","position":2,"name":"COMUNICADO &#8211; PROCESSO N\u00ba 243\/25.4PBLRS &#8211; &#8220;INFLUENCERS&#8221;"}]},{"@type":"WebSite","@id":"https:\/\/comarcas.csm.org.pt\/lisboa-norte\/#website","url":"https:\/\/comarcas.csm.org.pt\/lisboa-norte\/","name":"Tribunal Judicial da Comarca de Lisboa Norte","description":"Tribunal Judicial da Comarca de Aveiro","publisher":{"@id":"https:\/\/comarcas.csm.org.pt\/lisboa-norte\/#organization"},"potentialAction":[{"@type":"SearchAction","target":{"@type":"EntryPoint","urlTemplate":"https:\/\/comarcas.csm.org.pt\/lisboa-norte\/?s={search_term_string}"},"query-input":{"@type":"PropertyValueSpecification","valueRequired":true,"valueName":"search_term_string"}}],"inLanguage":"pt-PT"},{"@type":"Organization","@id":"https:\/\/comarcas.csm.org.pt\/lisboa-norte\/#organization","name":"Tribunal Judicial da Comarca de Lisboa Norte","url":"https:\/\/comarcas.csm.org.pt\/lisboa-norte\/","logo":{"@type":"ImageObject","inLanguage":"pt-PT","@id":"https:\/\/comarcas.csm.org.pt\/lisboa-norte\/#\/schema\/logo\/image\/","url":"https:\/\/comarcas.csm.org.pt\/lisboa-norte\/wp-content\/uploads\/sites\/18\/2024\/11\/Lisboa-N_positivo-horizontal.png","contentUrl":"https:\/\/comarcas.csm.org.pt\/lisboa-norte\/wp-content\/uploads\/sites\/18\/2024\/11\/Lisboa-N_positivo-horizontal.png","width":4833,"height":942,"caption":"Tribunal Judicial da Comarca de Lisboa Norte"},"image":{"@id":"https:\/\/comarcas.csm.org.pt\/lisboa-norte\/#\/schema\/logo\/image\/"}},{"@type":"Person","@id":"https:\/\/comarcas.csm.org.pt\/lisboa-norte\/#\/schema\/person\/c8e8655c9604aaa929584b8f096fecfb","name":"lisboanorte","image":{"@type":"ImageObject","inLanguage":"pt-PT","@id":"https:\/\/comarcas.csm.org.pt\/lisboa-norte\/#\/schema\/person\/image\/","url":"https:\/\/secure.gravatar.com\/avatar\/e157798c799a869cc93d42c2ec0889ad7de6bd219fc986210eb8db54e9c77916?s=96&d=mm&r=g","contentUrl":"https:\/\/secure.gravatar.com\/avatar\/e157798c799a869cc93d42c2ec0889ad7de6bd219fc986210eb8db54e9c77916?s=96&d=mm&r=g","caption":"lisboanorte"},"url":"https:\/\/comarcas.csm.org.pt\/lisboa-norte\/blog\/author\/lisboanorte\/"}]}},"_links":{"self":[{"href":"https:\/\/comarcas.csm.org.pt\/lisboa-norte\/wp-json\/wp\/v2\/posts\/13029","targetHints":{"allow":["GET"]}}],"collection":[{"href":"https:\/\/comarcas.csm.org.pt\/lisboa-norte\/wp-json\/wp\/v2\/posts"}],"about":[{"href":"https:\/\/comarcas.csm.org.pt\/lisboa-norte\/wp-json\/wp\/v2\/types\/post"}],"author":[{"embeddable":true,"href":"https:\/\/comarcas.csm.org.pt\/lisboa-norte\/wp-json\/wp\/v2\/users\/18"}],"replies":[{"embeddable":true,"href":"https:\/\/comarcas.csm.org.pt\/lisboa-norte\/wp-json\/wp\/v2\/comments?post=13029"}],"version-history":[{"count":3,"href":"https:\/\/comarcas.csm.org.pt\/lisboa-norte\/wp-json\/wp\/v2\/posts\/13029\/revisions"}],"predecessor-version":[{"id":13032,"href":"https:\/\/comarcas.csm.org.pt\/lisboa-norte\/wp-json\/wp\/v2\/posts\/13029\/revisions\/13032"}],"wp:attachment":[{"href":"https:\/\/comarcas.csm.org.pt\/lisboa-norte\/wp-json\/wp\/v2\/media?parent=13029"}],"wp:term":[{"taxonomy":"category","embeddable":true,"href":"https:\/\/comarcas.csm.org.pt\/lisboa-norte\/wp-json\/wp\/v2\/categories?post=13029"},{"taxonomy":"post_tag","embeddable":true,"href":"https:\/\/comarcas.csm.org.pt\/lisboa-norte\/wp-json\/wp\/v2\/tags?post=13029"}],"curies":[{"name":"wp","href":"https:\/\/api.w.org\/{rel}","templated":true}]}}