{"id":13033,"date":"2026-04-21T11:24:29","date_gmt":"2026-04-21T11:24:29","guid":{"rendered":"https:\/\/comarcas.csm.org.pt\/lisboa-norte\/?p=13033"},"modified":"2026-04-21T11:26:13","modified_gmt":"2026-04-21T11:26:13","slug":"comunicado-processo-no243-25-4pblrs-influencers-atualizacao-de-informacao","status":"publish","type":"post","link":"https:\/\/comarcas.csm.org.pt\/lisboa-norte\/blog\/2026\/04\/21\/comunicado-processo-no243-25-4pblrs-influencers-atualizacao-de-informacao\/","title":{"rendered":"COMUNICADO PROCESSO N\u00ba243\/25.4PBLRS \u2013 \u201cINFLUENCERS\u201d \u2013 ATUALIZA\u00c7\u00c3O DE INFORMA\u00c7\u00c3O"},"content":{"rendered":"\n<p><\/p>\n\n\n\n<p>No seguimento da comunica\u00e7\u00e3o anterior, informa-se&nbsp;o seguinte:<\/p>\n\n\n\n<p>&#8211; A segunda sess\u00e3o da audi\u00eancia de julgamento decorreu durante todo o dia de ontem, at\u00e9 cerca das 17:00h;<\/p>\n\n\n\n<p>&#8211; Os Relat\u00f3rios Sociais, que t\u00eam a finalidade de auxiliar o Tribunal no conhecimento da personalidade de cada um dos arguidos, s\u00e3o elaborados pela DGRSP (Dire\u00e7\u00e3o Geral de Reinser\u00e7\u00e3o e Servi\u00e7os Prisionais) e, tendo sido solicitados&nbsp;em 03-02-2026, at\u00e9 ao in\u00edcio do julgamento s\u00f3 foi entregue um e o segundo chegou j\u00e1 depois da primeira sess\u00e3o;<\/p>\n\n\n\n<p>&#8211; A segunda sess\u00e3o chegou ao fim quando, estando ainda&nbsp;em falta os relat\u00f3rios sociais relativos a dois dos arguidos, prevendo-se, segundo informa\u00e7\u00e3o da DGRSP, que um deles s\u00f3 estar\u00e1 conclu\u00eddo na&nbsp;primeira semana de maio;<\/p>\n\n\n\n<p>&#8211; Consequentemente,&nbsp;foi&nbsp;agendada a pr\u00f3xima sess\u00e3o apenas para o dia 15 de maio de 2026, pelas 09h15m, &nbsp;data em que&nbsp;ser\u00e1 marcada&nbsp;a&nbsp;leitura do ac\u00f3rd\u00e3o, caso o Tribunal entenda que, nessa data, j\u00e1 disp\u00f5e de todos os elementos necess\u00e1rios para decidir.<\/p>\n\n\n\n<p>Loures, 21 de abril de 2026<\/p>\n\n\n\n<p>A Ju\u00edza Presidente do Tribunal da Comarca de Lisboa Norte<\/p>\n","protected":false},"excerpt":{"rendered":"<p>No seguimento da comunica\u00e7\u00e3o anterior, informa-se&nbsp;o seguinte: &#8211; A segunda sess\u00e3o da audi\u00eancia de julgamento decorreu durante todo o dia de ontem, at\u00e9 cerca das 17:00h; &#8211; Os Relat\u00f3rios Sociais, que t\u00eam a finalidade de&#8230;<\/p>\n","protected":false},"author":18,"featured_media":0,"comment_status":"closed","ping_status":"open","sticky":false,"template":"","format":"standard","meta":{"_tbt_post_transparent":"","_tbt_post_title":"","_tbt_post_layout":"","_tbt_post_sidebar_id":"","_tbt_post_content_style":"","_tbt_post_vertical_padding":"","_tbt_post_feature":"","_tbt_post_feature_position":"","_tbt_post_header":false,"_tbt_post_footer":false},"categories":[1],"tags":[],"class_list":["post-13033","post","type-post","status-publish","format-standard","hentry","category-geral"],"yoast_head":"<!-- This site is optimized with the Yoast SEO plugin v25.6 - https:\/\/yoast.com\/wordpress\/plugins\/seo\/ -->\n<title>COMUNICADO PROCESSO N\u00ba243\/25.4PBLRS \u2013 \u201cINFLUENCERS\u201d \u2013 ATUALIZA\u00c7\u00c3O DE INFORMA\u00c7\u00c3O - Tribunal Judicial da Comarca de Lisboa Norte<\/title>\n<meta name=\"robots\" content=\"index, follow, max-snippet:-1, max-image-preview:large, max-video-preview:-1\" \/>\n<link rel=\"canonical\" href=\"https:\/\/comarcas.csm.org.pt\/lisboa-norte\/blog\/2026\/04\/21\/comunicado-processo-no243-25-4pblrs-influencers-atualizacao-de-informacao\/\" \/>\n<meta property=\"og:locale\" content=\"pt_PT\" \/>\n<meta property=\"og:type\" content=\"article\" \/>\n<meta property=\"og:title\" content=\"COMUNICADO PROCESSO N\u00ba243\/25.4PBLRS \u2013 \u201cINFLUENCERS\u201d \u2013 ATUALIZA\u00c7\u00c3O DE INFORMA\u00c7\u00c3O - Tribunal Judicial da Comarca de Lisboa Norte\" \/>\n<meta property=\"og:description\" content=\"No seguimento da comunica\u00e7\u00e3o anterior, informa-se&nbsp;o seguinte: &#8211; A segunda sess\u00e3o da audi\u00eancia de julgamento decorreu durante todo o dia de ontem, at\u00e9 cerca das 17:00h; &#8211; Os Relat\u00f3rios Sociais, que t\u00eam a finalidade de...\" \/>\n<meta property=\"og:url\" content=\"https:\/\/comarcas.csm.org.pt\/lisboa-norte\/blog\/2026\/04\/21\/comunicado-processo-no243-25-4pblrs-influencers-atualizacao-de-informacao\/\" \/>\n<meta property=\"og:site_name\" content=\"Tribunal Judicial da Comarca de Lisboa Norte\" \/>\n<meta property=\"article:published_time\" content=\"2026-04-21T11:24:29+00:00\" \/>\n<meta property=\"article:modified_time\" content=\"2026-04-21T11:26:13+00:00\" \/>\n<meta name=\"author\" content=\"lisboanorte\" \/>\n<meta name=\"twitter:card\" content=\"summary_large_image\" \/>\n<meta name=\"twitter:label1\" content=\"Escrito por\" \/>\n\t<meta name=\"twitter:data1\" content=\"lisboanorte\" \/>\n\t<meta name=\"twitter:label2\" content=\"Tempo estimado de leitura\" \/>\n\t<meta name=\"twitter:data2\" content=\"1 minuto\" \/>\n<script type=\"application\/ld+json\" class=\"yoast-schema-graph\">{\"@context\":\"https:\/\/schema.org\",\"@graph\":[{\"@type\":\"Article\",\"@id\":\"https:\/\/comarcas.csm.org.pt\/lisboa-norte\/blog\/2026\/04\/21\/comunicado-processo-no243-25-4pblrs-influencers-atualizacao-de-informacao\/#article\",\"isPartOf\":{\"@id\":\"https:\/\/comarcas.csm.org.pt\/lisboa-norte\/blog\/2026\/04\/21\/comunicado-processo-no243-25-4pblrs-influencers-atualizacao-de-informacao\/\"},\"author\":{\"name\":\"lisboanorte\",\"@id\":\"https:\/\/comarcas.csm.org.pt\/lisboa-norte\/#\/schema\/person\/c8e8655c9604aaa929584b8f096fecfb\"},\"headline\":\"COMUNICADO PROCESSO N\u00ba243\/25.4PBLRS \u2013 \u201cINFLUENCERS\u201d \u2013 ATUALIZA\u00c7\u00c3O DE INFORMA\u00c7\u00c3O\",\"datePublished\":\"2026-04-21T11:24:29+00:00\",\"dateModified\":\"2026-04-21T11:26:13+00:00\",\"mainEntityOfPage\":{\"@id\":\"https:\/\/comarcas.csm.org.pt\/lisboa-norte\/blog\/2026\/04\/21\/comunicado-processo-no243-25-4pblrs-influencers-atualizacao-de-informacao\/\"},\"wordCount\":218,\"publisher\":{\"@id\":\"https:\/\/comarcas.csm.org.pt\/lisboa-norte\/#organization\"},\"articleSection\":[\"Geral\"],\"inLanguage\":\"pt-PT\"},{\"@type\":\"WebPage\",\"@id\":\"https:\/\/comarcas.csm.org.pt\/lisboa-norte\/blog\/2026\/04\/21\/comunicado-processo-no243-25-4pblrs-influencers-atualizacao-de-informacao\/\",\"url\":\"https:\/\/comarcas.csm.org.pt\/lisboa-norte\/blog\/2026\/04\/21\/comunicado-processo-no243-25-4pblrs-influencers-atualizacao-de-informacao\/\",\"name\":\"COMUNICADO PROCESSO N\u00ba243\/25.4PBLRS \u2013 \u201cINFLUENCERS\u201d \u2013 ATUALIZA\u00c7\u00c3O DE INFORMA\u00c7\u00c3O - Tribunal Judicial da Comarca de Lisboa Norte\",\"isPartOf\":{\"@id\":\"https:\/\/comarcas.csm.org.pt\/lisboa-norte\/#website\"},\"datePublished\":\"2026-04-21T11:24:29+00:00\",\"dateModified\":\"2026-04-21T11:26:13+00:00\",\"breadcrumb\":{\"@id\":\"https:\/\/comarcas.csm.org.pt\/lisboa-norte\/blog\/2026\/04\/21\/comunicado-processo-no243-25-4pblrs-influencers-atualizacao-de-informacao\/#breadcrumb\"},\"inLanguage\":\"pt-PT\",\"potentialAction\":[{\"@type\":\"ReadAction\",\"target\":[\"https:\/\/comarcas.csm.org.pt\/lisboa-norte\/blog\/2026\/04\/21\/comunicado-processo-no243-25-4pblrs-influencers-atualizacao-de-informacao\/\"]}]},{\"@type\":\"BreadcrumbList\",\"@id\":\"https:\/\/comarcas.csm.org.pt\/lisboa-norte\/blog\/2026\/04\/21\/comunicado-processo-no243-25-4pblrs-influencers-atualizacao-de-informacao\/#breadcrumb\",\"itemListElement\":[{\"@type\":\"ListItem\",\"position\":1,\"name\":\"In\u00edcio\",\"item\":\"https:\/\/comarcas.csm.org.pt\/lisboa-norte\/\"},{\"@type\":\"ListItem\",\"position\":2,\"name\":\"COMUNICADO PROCESSO N\u00ba243\/25.4PBLRS \u2013 \u201cINFLUENCERS\u201d \u2013 ATUALIZA\u00c7\u00c3O DE INFORMA\u00c7\u00c3O\"}]},{\"@type\":\"WebSite\",\"@id\":\"https:\/\/comarcas.csm.org.pt\/lisboa-norte\/#website\",\"url\":\"https:\/\/comarcas.csm.org.pt\/lisboa-norte\/\",\"name\":\"Tribunal Judicial da Comarca de Lisboa Norte\",\"description\":\"Tribunal Judicial da Comarca de Aveiro\",\"publisher\":{\"@id\":\"https:\/\/comarcas.csm.org.pt\/lisboa-norte\/#organization\"},\"potentialAction\":[{\"@type\":\"SearchAction\",\"target\":{\"@type\":\"EntryPoint\",\"urlTemplate\":\"https:\/\/comarcas.csm.org.pt\/lisboa-norte\/?s={search_term_string}\"},\"query-input\":{\"@type\":\"PropertyValueSpecification\",\"valueRequired\":true,\"valueName\":\"search_term_string\"}}],\"inLanguage\":\"pt-PT\"},{\"@type\":\"Organization\",\"@id\":\"https:\/\/comarcas.csm.org.pt\/lisboa-norte\/#organization\",\"name\":\"Tribunal Judicial da Comarca de Lisboa Norte\",\"url\":\"https:\/\/comarcas.csm.org.pt\/lisboa-norte\/\",\"logo\":{\"@type\":\"ImageObject\",\"inLanguage\":\"pt-PT\",\"@id\":\"https:\/\/comarcas.csm.org.pt\/lisboa-norte\/#\/schema\/logo\/image\/\",\"url\":\"https:\/\/comarcas.csm.org.pt\/lisboa-norte\/wp-content\/uploads\/sites\/18\/2024\/11\/Lisboa-N_positivo-horizontal.png\",\"contentUrl\":\"https:\/\/comarcas.csm.org.pt\/lisboa-norte\/wp-content\/uploads\/sites\/18\/2024\/11\/Lisboa-N_positivo-horizontal.png\",\"width\":4833,\"height\":942,\"caption\":\"Tribunal Judicial da Comarca de Lisboa Norte\"},\"image\":{\"@id\":\"https:\/\/comarcas.csm.org.pt\/lisboa-norte\/#\/schema\/logo\/image\/\"}},{\"@type\":\"Person\",\"@id\":\"https:\/\/comarcas.csm.org.pt\/lisboa-norte\/#\/schema\/person\/c8e8655c9604aaa929584b8f096fecfb\",\"name\":\"lisboanorte\",\"image\":{\"@type\":\"ImageObject\",\"inLanguage\":\"pt-PT\",\"@id\":\"https:\/\/comarcas.csm.org.pt\/lisboa-norte\/#\/schema\/person\/image\/\",\"url\":\"https:\/\/secure.gravatar.com\/avatar\/e157798c799a869cc93d42c2ec0889ad7de6bd219fc986210eb8db54e9c77916?s=96&d=mm&r=g\",\"contentUrl\":\"https:\/\/secure.gravatar.com\/avatar\/e157798c799a869cc93d42c2ec0889ad7de6bd219fc986210eb8db54e9c77916?s=96&d=mm&r=g\",\"caption\":\"lisboanorte\"},\"url\":\"https:\/\/comarcas.csm.org.pt\/lisboa-norte\/blog\/author\/lisboanorte\/\"}]}<\/script>\n<!-- \/ Yoast SEO plugin. -->","yoast_head_json":{"title":"COMUNICADO PROCESSO N\u00ba243\/25.4PBLRS \u2013 \u201cINFLUENCERS\u201d \u2013 ATUALIZA\u00c7\u00c3O DE INFORMA\u00c7\u00c3O - Tribunal Judicial da Comarca de Lisboa Norte","robots":{"index":"index","follow":"follow","max-snippet":"max-snippet:-1","max-image-preview":"max-image-preview:large","max-video-preview":"max-video-preview:-1"},"canonical":"https:\/\/comarcas.csm.org.pt\/lisboa-norte\/blog\/2026\/04\/21\/comunicado-processo-no243-25-4pblrs-influencers-atualizacao-de-informacao\/","og_locale":"pt_PT","og_type":"article","og_title":"COMUNICADO PROCESSO N\u00ba243\/25.4PBLRS \u2013 \u201cINFLUENCERS\u201d \u2013 ATUALIZA\u00c7\u00c3O DE INFORMA\u00c7\u00c3O - Tribunal Judicial da Comarca de Lisboa Norte","og_description":"No seguimento da comunica\u00e7\u00e3o anterior, informa-se&nbsp;o seguinte: &#8211; A segunda sess\u00e3o da audi\u00eancia de julgamento decorreu durante todo o dia de ontem, at\u00e9 cerca das 17:00h; &#8211; Os Relat\u00f3rios Sociais, que t\u00eam a finalidade de...","og_url":"https:\/\/comarcas.csm.org.pt\/lisboa-norte\/blog\/2026\/04\/21\/comunicado-processo-no243-25-4pblrs-influencers-atualizacao-de-informacao\/","og_site_name":"Tribunal Judicial da Comarca de Lisboa Norte","article_published_time":"2026-04-21T11:24:29+00:00","article_modified_time":"2026-04-21T11:26:13+00:00","author":"lisboanorte","twitter_card":"summary_large_image","twitter_misc":{"Escrito por":"lisboanorte","Tempo estimado de leitura":"1 minuto"},"schema":{"@context":"https:\/\/schema.org","@graph":[{"@type":"Article","@id":"https:\/\/comarcas.csm.org.pt\/lisboa-norte\/blog\/2026\/04\/21\/comunicado-processo-no243-25-4pblrs-influencers-atualizacao-de-informacao\/#article","isPartOf":{"@id":"https:\/\/comarcas.csm.org.pt\/lisboa-norte\/blog\/2026\/04\/21\/comunicado-processo-no243-25-4pblrs-influencers-atualizacao-de-informacao\/"},"author":{"name":"lisboanorte","@id":"https:\/\/comarcas.csm.org.pt\/lisboa-norte\/#\/schema\/person\/c8e8655c9604aaa929584b8f096fecfb"},"headline":"COMUNICADO PROCESSO N\u00ba243\/25.4PBLRS \u2013 \u201cINFLUENCERS\u201d \u2013 ATUALIZA\u00c7\u00c3O DE INFORMA\u00c7\u00c3O","datePublished":"2026-04-21T11:24:29+00:00","dateModified":"2026-04-21T11:26:13+00:00","mainEntityOfPage":{"@id":"https:\/\/comarcas.csm.org.pt\/lisboa-norte\/blog\/2026\/04\/21\/comunicado-processo-no243-25-4pblrs-influencers-atualizacao-de-informacao\/"},"wordCount":218,"publisher":{"@id":"https:\/\/comarcas.csm.org.pt\/lisboa-norte\/#organization"},"articleSection":["Geral"],"inLanguage":"pt-PT"},{"@type":"WebPage","@id":"https:\/\/comarcas.csm.org.pt\/lisboa-norte\/blog\/2026\/04\/21\/comunicado-processo-no243-25-4pblrs-influencers-atualizacao-de-informacao\/","url":"https:\/\/comarcas.csm.org.pt\/lisboa-norte\/blog\/2026\/04\/21\/comunicado-processo-no243-25-4pblrs-influencers-atualizacao-de-informacao\/","name":"COMUNICADO PROCESSO N\u00ba243\/25.4PBLRS \u2013 \u201cINFLUENCERS\u201d \u2013 ATUALIZA\u00c7\u00c3O DE INFORMA\u00c7\u00c3O - Tribunal Judicial da Comarca de Lisboa Norte","isPartOf":{"@id":"https:\/\/comarcas.csm.org.pt\/lisboa-norte\/#website"},"datePublished":"2026-04-21T11:24:29+00:00","dateModified":"2026-04-21T11:26:13+00:00","breadcrumb":{"@id":"https:\/\/comarcas.csm.org.pt\/lisboa-norte\/blog\/2026\/04\/21\/comunicado-processo-no243-25-4pblrs-influencers-atualizacao-de-informacao\/#breadcrumb"},"inLanguage":"pt-PT","potentialAction":[{"@type":"ReadAction","target":["https:\/\/comarcas.csm.org.pt\/lisboa-norte\/blog\/2026\/04\/21\/comunicado-processo-no243-25-4pblrs-influencers-atualizacao-de-informacao\/"]}]},{"@type":"BreadcrumbList","@id":"https:\/\/comarcas.csm.org.pt\/lisboa-norte\/blog\/2026\/04\/21\/comunicado-processo-no243-25-4pblrs-influencers-atualizacao-de-informacao\/#breadcrumb","itemListElement":[{"@type":"ListItem","position":1,"name":"In\u00edcio","item":"https:\/\/comarcas.csm.org.pt\/lisboa-norte\/"},{"@type":"ListItem","position":2,"name":"COMUNICADO PROCESSO N\u00ba243\/25.4PBLRS \u2013 \u201cINFLUENCERS\u201d \u2013 ATUALIZA\u00c7\u00c3O DE INFORMA\u00c7\u00c3O"}]},{"@type":"WebSite","@id":"https:\/\/comarcas.csm.org.pt\/lisboa-norte\/#website","url":"https:\/\/comarcas.csm.org.pt\/lisboa-norte\/","name":"Tribunal Judicial da Comarca de Lisboa Norte","description":"Tribunal Judicial da Comarca de Aveiro","publisher":{"@id":"https:\/\/comarcas.csm.org.pt\/lisboa-norte\/#organization"},"potentialAction":[{"@type":"SearchAction","target":{"@type":"EntryPoint","urlTemplate":"https:\/\/comarcas.csm.org.pt\/lisboa-norte\/?s={search_term_string}"},"query-input":{"@type":"PropertyValueSpecification","valueRequired":true,"valueName":"search_term_string"}}],"inLanguage":"pt-PT"},{"@type":"Organization","@id":"https:\/\/comarcas.csm.org.pt\/lisboa-norte\/#organization","name":"Tribunal Judicial da Comarca de Lisboa Norte","url":"https:\/\/comarcas.csm.org.pt\/lisboa-norte\/","logo":{"@type":"ImageObject","inLanguage":"pt-PT","@id":"https:\/\/comarcas.csm.org.pt\/lisboa-norte\/#\/schema\/logo\/image\/","url":"https:\/\/comarcas.csm.org.pt\/lisboa-norte\/wp-content\/uploads\/sites\/18\/2024\/11\/Lisboa-N_positivo-horizontal.png","contentUrl":"https:\/\/comarcas.csm.org.pt\/lisboa-norte\/wp-content\/uploads\/sites\/18\/2024\/11\/Lisboa-N_positivo-horizontal.png","width":4833,"height":942,"caption":"Tribunal Judicial da Comarca de Lisboa Norte"},"image":{"@id":"https:\/\/comarcas.csm.org.pt\/lisboa-norte\/#\/schema\/logo\/image\/"}},{"@type":"Person","@id":"https:\/\/comarcas.csm.org.pt\/lisboa-norte\/#\/schema\/person\/c8e8655c9604aaa929584b8f096fecfb","name":"lisboanorte","image":{"@type":"ImageObject","inLanguage":"pt-PT","@id":"https:\/\/comarcas.csm.org.pt\/lisboa-norte\/#\/schema\/person\/image\/","url":"https:\/\/secure.gravatar.com\/avatar\/e157798c799a869cc93d42c2ec0889ad7de6bd219fc986210eb8db54e9c77916?s=96&d=mm&r=g","contentUrl":"https:\/\/secure.gravatar.com\/avatar\/e157798c799a869cc93d42c2ec0889ad7de6bd219fc986210eb8db54e9c77916?s=96&d=mm&r=g","caption":"lisboanorte"},"url":"https:\/\/comarcas.csm.org.pt\/lisboa-norte\/blog\/author\/lisboanorte\/"}]}},"_links":{"self":[{"href":"https:\/\/comarcas.csm.org.pt\/lisboa-norte\/wp-json\/wp\/v2\/posts\/13033","targetHints":{"allow":["GET"]}}],"collection":[{"href":"https:\/\/comarcas.csm.org.pt\/lisboa-norte\/wp-json\/wp\/v2\/posts"}],"about":[{"href":"https:\/\/comarcas.csm.org.pt\/lisboa-norte\/wp-json\/wp\/v2\/types\/post"}],"author":[{"embeddable":true,"href":"https:\/\/comarcas.csm.org.pt\/lisboa-norte\/wp-json\/wp\/v2\/users\/18"}],"replies":[{"embeddable":true,"href":"https:\/\/comarcas.csm.org.pt\/lisboa-norte\/wp-json\/wp\/v2\/comments?post=13033"}],"version-history":[{"count":3,"href":"https:\/\/comarcas.csm.org.pt\/lisboa-norte\/wp-json\/wp\/v2\/posts\/13033\/revisions"}],"predecessor-version":[{"id":13036,"href":"https:\/\/comarcas.csm.org.pt\/lisboa-norte\/wp-json\/wp\/v2\/posts\/13033\/revisions\/13036"}],"wp:attachment":[{"href":"https:\/\/comarcas.csm.org.pt\/lisboa-norte\/wp-json\/wp\/v2\/media?parent=13033"}],"wp:term":[{"taxonomy":"category","embeddable":true,"href":"https:\/\/comarcas.csm.org.pt\/lisboa-norte\/wp-json\/wp\/v2\/categories?post=13033"},{"taxonomy":"post_tag","embeddable":true,"href":"https:\/\/comarcas.csm.org.pt\/lisboa-norte\/wp-json\/wp\/v2\/tags?post=13033"}],"curies":[{"name":"wp","href":"https:\/\/api.w.org\/{rel}","templated":true}]}}