{"id":11809,"date":"2024-09-26T14:58:45","date_gmt":"2024-09-26T14:58:45","guid":{"rendered":"https:\/\/aveiro.vvr.pt\/?p=11809"},"modified":"2025-06-25T11:05:56","modified_gmt":"2025-06-25T11:05:56","slug":"juizo-de-competencia-generica-de-ilhavo-juiz-2-medida-de-gestao-de-acumulacao-de-funcoes","status":"publish","type":"post","link":"https:\/\/comarcas.csm.org.pt\/lisboa-oeste\/blog\/2024\/09\/26\/juizo-de-competencia-generica-de-ilhavo-juiz-2-medida-de-gestao-de-acumulacao-de-funcoes\/","title":{"rendered":"Pal\u00e1cio da Justi\u00e7a de Oeiras"},"content":{"rendered":"\t\t<div data-elementor-type=\"wp-post\" data-elementor-id=\"11809\" class=\"elementor elementor-11809\" data-elementor-post-type=\"post\">\n\t\t\t\t<div class=\"elementor-element elementor-element-5d67a308 e-flex e-con-boxed e-con e-parent\" data-id=\"5d67a308\" data-element_type=\"container\">\n\t\t\t\t\t<div class=\"e-con-inner\">\n\t\t\t\t<div class=\"elementor-element elementor-element-2e9e072a elementor-widget elementor-widget-text-editor\" data-id=\"2e9e072a\" data-element_type=\"widget\" data-widget_type=\"text-editor.default\">\n\t\t\t\t<div class=\"elementor-widget-container\">\n\t\t\t\t\t\t\t\t\t<p>Foi aprovada a candidatura apresentada pelo Instituto de Gest\u00e3o Financeira e Equipamentos da Justi\u00e7a (IGFEJ) ao Fundo Ambiental para a renova\u00e7\u00e3o da efici\u00eancia energ\u00e9tica do Pal\u00e1cio da Justi\u00e7a de Oeiras.<\/p>\n<p>A referida candidatura insere-se no \u00e2mbito da vertente de Transi\u00e7\u00e3o Clim\u00e1tica, Componente 13-i02\/2021 \u2013 Apoio \u00e0 Renova\u00e7\u00e3o Energ\u00e9tica dos Edif\u00edcios da Administra\u00e7\u00e3o P\u00fablica Central, destinada a reabilitar e tornar os edif\u00edcios energeticamente mais eficientes, proporcionando benef\u00edcios sociais, ambientais e econ\u00f3micos para as pessoas e as empresas.<\/p>\n<p>Esta renova\u00e7\u00e3o contempla a substitui\u00e7\u00e3o de l\u00e2mpadas LED, equipamentos AVAC, caixilharias e instala\u00e7\u00f5es de sistemas solares fotovoltaicos.<\/p>\n<p>O financiamento atribu\u00eddo para esta interven\u00e7\u00e3o foi de 252.700,00 \u20ac \u00a0e ir\u00e1 permitir a implementa\u00e7\u00e3o de um conjunto de medidas de melhoria no consumo energ\u00e9tico, no conforto t\u00e9rmico e nas condi\u00e7\u00f5es de salubridade do ar.<\/p>\t\t\t\t\t\t\t\t<\/div>\n\t\t\t\t<\/div>\n\t\t\t\t\t<\/div>\n\t\t\t\t<\/div>\n\t\t\t\t<\/div>\n\t\t","protected":false},"excerpt":{"rendered":"<p>Foi aprovada a candidatura apresentada pelo Instituto de Gest\u00e3o Financeira e Equipamentos da Justi\u00e7a (IGFEJ) ao Fundo Ambiental para a renova\u00e7\u00e3o da efici\u00eancia energ\u00e9tica do Pal\u00e1cio da Justi\u00e7a de Oeiras. A referida candidatura insere-se no&#8230;<\/p>\n","protected":false},"author":2,"featured_media":0,"comment_status":"closed","ping_status":"open","sticky":false,"template":"","format":"standard","meta":{"_tbt_post_transparent":"","_tbt_post_title":"","_tbt_post_layout":"","_tbt_post_sidebar_id":"","_tbt_post_content_style":"","_tbt_post_vertical_padding":"","_tbt_post_feature":"","_tbt_post_feature_position":"","_tbt_post_header":false,"_tbt_post_footer":false},"categories":[29],"tags":[],"class_list":["post-11809","post","type-post","status-publish","format-standard","hentry","category-medidas-de-gestao"],"yoast_head":"<!-- This site is optimized with the Yoast SEO plugin v25.6 - https:\/\/yoast.com\/wordpress\/plugins\/seo\/ -->\n<title>Pal\u00e1cio da Justi\u00e7a de Oeiras - Tribunal Judicial da Comarca de Lisboa Oeste<\/title>\n<meta name=\"robots\" content=\"index, follow, max-snippet:-1, max-image-preview:large, max-video-preview:-1\" \/>\n<link rel=\"canonical\" href=\"https:\/\/comarcas.csm.org.pt\/lisboa-oeste\/blog\/2024\/09\/26\/juizo-de-competencia-generica-de-ilhavo-juiz-2-medida-de-gestao-de-acumulacao-de-funcoes\/\" \/>\n<meta property=\"og:locale\" content=\"pt_PT\" \/>\n<meta property=\"og:type\" content=\"article\" \/>\n<meta property=\"og:title\" content=\"Pal\u00e1cio da Justi\u00e7a de Oeiras - Tribunal Judicial da Comarca de Lisboa Oeste\" \/>\n<meta property=\"og:description\" content=\"Foi aprovada a candidatura apresentada pelo Instituto de Gest\u00e3o Financeira e Equipamentos da Justi\u00e7a (IGFEJ) ao Fundo Ambiental para a renova\u00e7\u00e3o da efici\u00eancia energ\u00e9tica do Pal\u00e1cio da Justi\u00e7a de Oeiras. A referida candidatura insere-se no...\" \/>\n<meta property=\"og:url\" content=\"https:\/\/comarcas.csm.org.pt\/lisboa-oeste\/blog\/2024\/09\/26\/juizo-de-competencia-generica-de-ilhavo-juiz-2-medida-de-gestao-de-acumulacao-de-funcoes\/\" \/>\n<meta property=\"og:site_name\" content=\"Tribunal Judicial da Comarca de Lisboa Oeste\" \/>\n<meta property=\"article:published_time\" content=\"2024-09-26T14:58:45+00:00\" \/>\n<meta property=\"article:modified_time\" content=\"2025-06-25T11:05:56+00:00\" \/>\n<meta name=\"author\" content=\"Marcos Ribeiro\" \/>\n<meta name=\"twitter:card\" content=\"summary_large_image\" \/>\n<meta name=\"twitter:label1\" content=\"Escrito por\" \/>\n\t<meta name=\"twitter:data1\" content=\"Marcos Ribeiro\" \/>\n\t<meta name=\"twitter:label2\" content=\"Tempo estimado de leitura\" \/>\n\t<meta name=\"twitter:data2\" content=\"1 minuto\" \/>\n<script type=\"application\/ld+json\" class=\"yoast-schema-graph\">{\"@context\":\"https:\/\/schema.org\",\"@graph\":[{\"@type\":\"Article\",\"@id\":\"https:\/\/comarcas.csm.org.pt\/lisboa-oeste\/blog\/2024\/09\/26\/juizo-de-competencia-generica-de-ilhavo-juiz-2-medida-de-gestao-de-acumulacao-de-funcoes\/#article\",\"isPartOf\":{\"@id\":\"https:\/\/comarcas.csm.org.pt\/lisboa-oeste\/blog\/2024\/09\/26\/juizo-de-competencia-generica-de-ilhavo-juiz-2-medida-de-gestao-de-acumulacao-de-funcoes\/\"},\"author\":{\"name\":\"Marcos Ribeiro\",\"@id\":\"https:\/\/comarcas.csm.org.pt\/lisboa-oeste\/#\/schema\/person\/c0cc1b2946fbe1fffb144bcc62ac8cbc\"},\"headline\":\"Pal\u00e1cio da Justi\u00e7a de Oeiras\",\"datePublished\":\"2024-09-26T14:58:45+00:00\",\"dateModified\":\"2025-06-25T11:05:56+00:00\",\"mainEntityOfPage\":{\"@id\":\"https:\/\/comarcas.csm.org.pt\/lisboa-oeste\/blog\/2024\/09\/26\/juizo-de-competencia-generica-de-ilhavo-juiz-2-medida-de-gestao-de-acumulacao-de-funcoes\/\"},\"wordCount\":158,\"publisher\":{\"@id\":\"https:\/\/comarcas.csm.org.pt\/lisboa-oeste\/#organization\"},\"articleSection\":[\"Medidas de Gest\u00e3o\"],\"inLanguage\":\"pt-PT\"},{\"@type\":\"WebPage\",\"@id\":\"https:\/\/comarcas.csm.org.pt\/lisboa-oeste\/blog\/2024\/09\/26\/juizo-de-competencia-generica-de-ilhavo-juiz-2-medida-de-gestao-de-acumulacao-de-funcoes\/\",\"url\":\"https:\/\/comarcas.csm.org.pt\/lisboa-oeste\/blog\/2024\/09\/26\/juizo-de-competencia-generica-de-ilhavo-juiz-2-medida-de-gestao-de-acumulacao-de-funcoes\/\",\"name\":\"Pal\u00e1cio da Justi\u00e7a de Oeiras - Tribunal Judicial da Comarca de Lisboa Oeste\",\"isPartOf\":{\"@id\":\"https:\/\/comarcas.csm.org.pt\/lisboa-oeste\/#website\"},\"datePublished\":\"2024-09-26T14:58:45+00:00\",\"dateModified\":\"2025-06-25T11:05:56+00:00\",\"breadcrumb\":{\"@id\":\"https:\/\/comarcas.csm.org.pt\/lisboa-oeste\/blog\/2024\/09\/26\/juizo-de-competencia-generica-de-ilhavo-juiz-2-medida-de-gestao-de-acumulacao-de-funcoes\/#breadcrumb\"},\"inLanguage\":\"pt-PT\",\"potentialAction\":[{\"@type\":\"ReadAction\",\"target\":[\"https:\/\/comarcas.csm.org.pt\/lisboa-oeste\/blog\/2024\/09\/26\/juizo-de-competencia-generica-de-ilhavo-juiz-2-medida-de-gestao-de-acumulacao-de-funcoes\/\"]}]},{\"@type\":\"BreadcrumbList\",\"@id\":\"https:\/\/comarcas.csm.org.pt\/lisboa-oeste\/blog\/2024\/09\/26\/juizo-de-competencia-generica-de-ilhavo-juiz-2-medida-de-gestao-de-acumulacao-de-funcoes\/#breadcrumb\",\"itemListElement\":[{\"@type\":\"ListItem\",\"position\":1,\"name\":\"In\u00edcio\",\"item\":\"https:\/\/comarcas.csm.org.pt\/lisboa-oeste\/\"},{\"@type\":\"ListItem\",\"position\":2,\"name\":\"Pal\u00e1cio da Justi\u00e7a de Oeiras\"}]},{\"@type\":\"WebSite\",\"@id\":\"https:\/\/comarcas.csm.org.pt\/lisboa-oeste\/#website\",\"url\":\"https:\/\/comarcas.csm.org.pt\/lisboa-oeste\/\",\"name\":\"Tribunal Judicial da Comarca de Lisboa Oeste\",\"description\":\"Tribunal Judicial da Comarca de Lisboa Oeste\",\"publisher\":{\"@id\":\"https:\/\/comarcas.csm.org.pt\/lisboa-oeste\/#organization\"},\"potentialAction\":[{\"@type\":\"SearchAction\",\"target\":{\"@type\":\"EntryPoint\",\"urlTemplate\":\"https:\/\/comarcas.csm.org.pt\/lisboa-oeste\/?s={search_term_string}\"},\"query-input\":{\"@type\":\"PropertyValueSpecification\",\"valueRequired\":true,\"valueName\":\"search_term_string\"}}],\"inLanguage\":\"pt-PT\"},{\"@type\":\"Organization\",\"@id\":\"https:\/\/comarcas.csm.org.pt\/lisboa-oeste\/#organization\",\"name\":\"Tribunal Judicial da Comarca de Lisboa Oeste\",\"url\":\"https:\/\/comarcas.csm.org.pt\/lisboa-oeste\/\",\"logo\":{\"@type\":\"ImageObject\",\"inLanguage\":\"pt-PT\",\"@id\":\"https:\/\/comarcas.csm.org.pt\/lisboa-oeste\/#\/schema\/logo\/image\/\",\"url\":\"https:\/\/comarcas.csm.org.pt\/lisboa-oeste\/wp-content\/uploads\/sites\/19\/2024\/11\/Lisboa-O_positivo-horizontal.png\",\"contentUrl\":\"https:\/\/comarcas.csm.org.pt\/lisboa-oeste\/wp-content\/uploads\/sites\/19\/2024\/11\/Lisboa-O_positivo-horizontal.png\",\"width\":5368,\"height\":890,\"caption\":\"Tribunal Judicial da Comarca de Lisboa Oeste\"},\"image\":{\"@id\":\"https:\/\/comarcas.csm.org.pt\/lisboa-oeste\/#\/schema\/logo\/image\/\"}},{\"@type\":\"Person\",\"@id\":\"https:\/\/comarcas.csm.org.pt\/lisboa-oeste\/#\/schema\/person\/c0cc1b2946fbe1fffb144bcc62ac8cbc\",\"name\":\"Marcos Ribeiro\",\"image\":{\"@type\":\"ImageObject\",\"inLanguage\":\"pt-PT\",\"@id\":\"https:\/\/comarcas.csm.org.pt\/lisboa-oeste\/#\/schema\/person\/image\/\",\"url\":\"https:\/\/secure.gravatar.com\/avatar\/6afa3eb2e03ae5a0d23392d9af3cf5fa8abcaf205fbe2691c005626640bd1ff1?s=96&d=mm&r=g\",\"contentUrl\":\"https:\/\/secure.gravatar.com\/avatar\/6afa3eb2e03ae5a0d23392d9af3cf5fa8abcaf205fbe2691c005626640bd1ff1?s=96&d=mm&r=g\",\"caption\":\"Marcos Ribeiro\"},\"url\":\"https:\/\/comarcas.csm.org.pt\/lisboa-oeste\/blog\/author\/admin2\/\"}]}<\/script>\n<!-- \/ Yoast SEO plugin. -->","yoast_head_json":{"title":"Pal\u00e1cio da Justi\u00e7a de Oeiras - Tribunal Judicial da Comarca de Lisboa Oeste","robots":{"index":"index","follow":"follow","max-snippet":"max-snippet:-1","max-image-preview":"max-image-preview:large","max-video-preview":"max-video-preview:-1"},"canonical":"https:\/\/comarcas.csm.org.pt\/lisboa-oeste\/blog\/2024\/09\/26\/juizo-de-competencia-generica-de-ilhavo-juiz-2-medida-de-gestao-de-acumulacao-de-funcoes\/","og_locale":"pt_PT","og_type":"article","og_title":"Pal\u00e1cio da Justi\u00e7a de Oeiras - Tribunal Judicial da Comarca de Lisboa Oeste","og_description":"Foi aprovada a candidatura apresentada pelo Instituto de Gest\u00e3o Financeira e Equipamentos da Justi\u00e7a (IGFEJ) ao Fundo Ambiental para a renova\u00e7\u00e3o da efici\u00eancia energ\u00e9tica do Pal\u00e1cio da Justi\u00e7a de Oeiras. A referida candidatura insere-se no...","og_url":"https:\/\/comarcas.csm.org.pt\/lisboa-oeste\/blog\/2024\/09\/26\/juizo-de-competencia-generica-de-ilhavo-juiz-2-medida-de-gestao-de-acumulacao-de-funcoes\/","og_site_name":"Tribunal Judicial da Comarca de Lisboa Oeste","article_published_time":"2024-09-26T14:58:45+00:00","article_modified_time":"2025-06-25T11:05:56+00:00","author":"Marcos Ribeiro","twitter_card":"summary_large_image","twitter_misc":{"Escrito por":"Marcos Ribeiro","Tempo estimado de leitura":"1 minuto"},"schema":{"@context":"https:\/\/schema.org","@graph":[{"@type":"Article","@id":"https:\/\/comarcas.csm.org.pt\/lisboa-oeste\/blog\/2024\/09\/26\/juizo-de-competencia-generica-de-ilhavo-juiz-2-medida-de-gestao-de-acumulacao-de-funcoes\/#article","isPartOf":{"@id":"https:\/\/comarcas.csm.org.pt\/lisboa-oeste\/blog\/2024\/09\/26\/juizo-de-competencia-generica-de-ilhavo-juiz-2-medida-de-gestao-de-acumulacao-de-funcoes\/"},"author":{"name":"Marcos Ribeiro","@id":"https:\/\/comarcas.csm.org.pt\/lisboa-oeste\/#\/schema\/person\/c0cc1b2946fbe1fffb144bcc62ac8cbc"},"headline":"Pal\u00e1cio da Justi\u00e7a de Oeiras","datePublished":"2024-09-26T14:58:45+00:00","dateModified":"2025-06-25T11:05:56+00:00","mainEntityOfPage":{"@id":"https:\/\/comarcas.csm.org.pt\/lisboa-oeste\/blog\/2024\/09\/26\/juizo-de-competencia-generica-de-ilhavo-juiz-2-medida-de-gestao-de-acumulacao-de-funcoes\/"},"wordCount":158,"publisher":{"@id":"https:\/\/comarcas.csm.org.pt\/lisboa-oeste\/#organization"},"articleSection":["Medidas de Gest\u00e3o"],"inLanguage":"pt-PT"},{"@type":"WebPage","@id":"https:\/\/comarcas.csm.org.pt\/lisboa-oeste\/blog\/2024\/09\/26\/juizo-de-competencia-generica-de-ilhavo-juiz-2-medida-de-gestao-de-acumulacao-de-funcoes\/","url":"https:\/\/comarcas.csm.org.pt\/lisboa-oeste\/blog\/2024\/09\/26\/juizo-de-competencia-generica-de-ilhavo-juiz-2-medida-de-gestao-de-acumulacao-de-funcoes\/","name":"Pal\u00e1cio da Justi\u00e7a de Oeiras - Tribunal Judicial da Comarca de Lisboa Oeste","isPartOf":{"@id":"https:\/\/comarcas.csm.org.pt\/lisboa-oeste\/#website"},"datePublished":"2024-09-26T14:58:45+00:00","dateModified":"2025-06-25T11:05:56+00:00","breadcrumb":{"@id":"https:\/\/comarcas.csm.org.pt\/lisboa-oeste\/blog\/2024\/09\/26\/juizo-de-competencia-generica-de-ilhavo-juiz-2-medida-de-gestao-de-acumulacao-de-funcoes\/#breadcrumb"},"inLanguage":"pt-PT","potentialAction":[{"@type":"ReadAction","target":["https:\/\/comarcas.csm.org.pt\/lisboa-oeste\/blog\/2024\/09\/26\/juizo-de-competencia-generica-de-ilhavo-juiz-2-medida-de-gestao-de-acumulacao-de-funcoes\/"]}]},{"@type":"BreadcrumbList","@id":"https:\/\/comarcas.csm.org.pt\/lisboa-oeste\/blog\/2024\/09\/26\/juizo-de-competencia-generica-de-ilhavo-juiz-2-medida-de-gestao-de-acumulacao-de-funcoes\/#breadcrumb","itemListElement":[{"@type":"ListItem","position":1,"name":"In\u00edcio","item":"https:\/\/comarcas.csm.org.pt\/lisboa-oeste\/"},{"@type":"ListItem","position":2,"name":"Pal\u00e1cio da Justi\u00e7a de Oeiras"}]},{"@type":"WebSite","@id":"https:\/\/comarcas.csm.org.pt\/lisboa-oeste\/#website","url":"https:\/\/comarcas.csm.org.pt\/lisboa-oeste\/","name":"Tribunal Judicial da Comarca de Lisboa Oeste","description":"Tribunal Judicial da Comarca de Lisboa Oeste","publisher":{"@id":"https:\/\/comarcas.csm.org.pt\/lisboa-oeste\/#organization"},"potentialAction":[{"@type":"SearchAction","target":{"@type":"EntryPoint","urlTemplate":"https:\/\/comarcas.csm.org.pt\/lisboa-oeste\/?s={search_term_string}"},"query-input":{"@type":"PropertyValueSpecification","valueRequired":true,"valueName":"search_term_string"}}],"inLanguage":"pt-PT"},{"@type":"Organization","@id":"https:\/\/comarcas.csm.org.pt\/lisboa-oeste\/#organization","name":"Tribunal Judicial da Comarca de Lisboa Oeste","url":"https:\/\/comarcas.csm.org.pt\/lisboa-oeste\/","logo":{"@type":"ImageObject","inLanguage":"pt-PT","@id":"https:\/\/comarcas.csm.org.pt\/lisboa-oeste\/#\/schema\/logo\/image\/","url":"https:\/\/comarcas.csm.org.pt\/lisboa-oeste\/wp-content\/uploads\/sites\/19\/2024\/11\/Lisboa-O_positivo-horizontal.png","contentUrl":"https:\/\/comarcas.csm.org.pt\/lisboa-oeste\/wp-content\/uploads\/sites\/19\/2024\/11\/Lisboa-O_positivo-horizontal.png","width":5368,"height":890,"caption":"Tribunal Judicial da Comarca de Lisboa Oeste"},"image":{"@id":"https:\/\/comarcas.csm.org.pt\/lisboa-oeste\/#\/schema\/logo\/image\/"}},{"@type":"Person","@id":"https:\/\/comarcas.csm.org.pt\/lisboa-oeste\/#\/schema\/person\/c0cc1b2946fbe1fffb144bcc62ac8cbc","name":"Marcos Ribeiro","image":{"@type":"ImageObject","inLanguage":"pt-PT","@id":"https:\/\/comarcas.csm.org.pt\/lisboa-oeste\/#\/schema\/person\/image\/","url":"https:\/\/secure.gravatar.com\/avatar\/6afa3eb2e03ae5a0d23392d9af3cf5fa8abcaf205fbe2691c005626640bd1ff1?s=96&d=mm&r=g","contentUrl":"https:\/\/secure.gravatar.com\/avatar\/6afa3eb2e03ae5a0d23392d9af3cf5fa8abcaf205fbe2691c005626640bd1ff1?s=96&d=mm&r=g","caption":"Marcos Ribeiro"},"url":"https:\/\/comarcas.csm.org.pt\/lisboa-oeste\/blog\/author\/admin2\/"}]}},"_links":{"self":[{"href":"https:\/\/comarcas.csm.org.pt\/lisboa-oeste\/wp-json\/wp\/v2\/posts\/11809","targetHints":{"allow":["GET"]}}],"collection":[{"href":"https:\/\/comarcas.csm.org.pt\/lisboa-oeste\/wp-json\/wp\/v2\/posts"}],"about":[{"href":"https:\/\/comarcas.csm.org.pt\/lisboa-oeste\/wp-json\/wp\/v2\/types\/post"}],"author":[{"embeddable":true,"href":"https:\/\/comarcas.csm.org.pt\/lisboa-oeste\/wp-json\/wp\/v2\/users\/2"}],"replies":[{"embeddable":true,"href":"https:\/\/comarcas.csm.org.pt\/lisboa-oeste\/wp-json\/wp\/v2\/comments?post=11809"}],"version-history":[{"count":18,"href":"https:\/\/comarcas.csm.org.pt\/lisboa-oeste\/wp-json\/wp\/v2\/posts\/11809\/revisions"}],"predecessor-version":[{"id":12165,"href":"https:\/\/comarcas.csm.org.pt\/lisboa-oeste\/wp-json\/wp\/v2\/posts\/11809\/revisions\/12165"}],"wp:attachment":[{"href":"https:\/\/comarcas.csm.org.pt\/lisboa-oeste\/wp-json\/wp\/v2\/media?parent=11809"}],"wp:term":[{"taxonomy":"category","embeddable":true,"href":"https:\/\/comarcas.csm.org.pt\/lisboa-oeste\/wp-json\/wp\/v2\/categories?post=11809"},{"taxonomy":"post_tag","embeddable":true,"href":"https:\/\/comarcas.csm.org.pt\/lisboa-oeste\/wp-json\/wp\/v2\/tags?post=11809"}],"curies":[{"name":"wp","href":"https:\/\/api.w.org\/{rel}","templated":true}]}}