{"id":11919,"date":"2024-11-26T23:20:28","date_gmt":"2024-11-26T23:20:28","guid":{"rendered":"https:\/\/comarcas.csm.org.pt\/lisboa-oeste\/?p=11919"},"modified":"2025-06-25T10:29:04","modified_gmt":"2025-06-25T10:29:04","slug":"qui-dolorem-ipsum-quia-dolor-sit-amet-consectetur","status":"publish","type":"post","link":"https:\/\/comarcas.csm.org.pt\/lisboa-oeste\/blog\/2024\/11\/26\/qui-dolorem-ipsum-quia-dolor-sit-amet-consectetur\/","title":{"rendered":"Pal\u00e1cio da Justi\u00e7a de Sintra"},"content":{"rendered":"\t\t<div data-elementor-type=\"wp-post\" data-elementor-id=\"11919\" class=\"elementor elementor-11919\" data-elementor-post-type=\"post\">\n\t\t\t\t<div class=\"elementor-element elementor-element-5d67a308 e-flex e-con-boxed e-con e-parent\" data-id=\"5d67a308\" data-element_type=\"container\">\n\t\t\t\t\t<div class=\"e-con-inner\">\n\t\t\t\t<div class=\"elementor-element elementor-element-2e9e072a elementor-widget elementor-widget-text-editor\" data-id=\"2e9e072a\" data-element_type=\"widget\" data-widget_type=\"text-editor.default\">\n\t\t\t\t<div class=\"elementor-widget-container\">\n\t\t\t\t\t\t\t\t\t<p>De acordo com os princ\u00edpios de sustentabilidade e conserva\u00e7\u00e3o do patrim\u00f3nio p\u00fablico, decorrer\u00e1 no Pal\u00e1cio da Justi\u00e7a de Sintra uma empreitada com a finalidade de instalar uma terceira cobertura do edif\u00edcio e a implementa\u00e7\u00e3o de climatiza\u00e7\u00e3o.<br \/>Esta interven\u00e7\u00e3o ir\u00e1 permitir uma melhoria na efici\u00eancia energ\u00e9tica, impermeabiliza\u00e7\u00e3o, seguran\u00e7a estrutural e preserva\u00e7\u00e3o arquitect\u00f3nica do edificado p\u00fablico, garantindo melhores condi\u00e7\u00f5es de trabalho para os profissionais e um servi\u00e7o p\u00fablico de maior qualidade para os cidad\u00e3os.<\/p>\t\t\t\t\t\t\t\t<\/div>\n\t\t\t\t<\/div>\n\t\t\t\t\t<\/div>\n\t\t\t\t<\/div>\n\t\t\t\t<\/div>\n\t\t","protected":false},"excerpt":{"rendered":"<p>De acordo com os princ\u00edpios de sustentabilidade e conserva\u00e7\u00e3o do patrim\u00f3nio p\u00fablico, decorrer\u00e1 no Pal\u00e1cio da Justi\u00e7a de Sintra uma empreitada com a finalidade de instalar uma terceira cobertura do edif\u00edcio e a implementa\u00e7\u00e3o de&#8230;<\/p>\n","protected":false},"author":1,"featured_media":0,"comment_status":"closed","ping_status":"open","sticky":false,"template":"","format":"standard","meta":{"_tbt_post_transparent":"","_tbt_post_title":"","_tbt_post_layout":"","_tbt_post_sidebar_id":"","_tbt_post_content_style":"","_tbt_post_vertical_padding":"","_tbt_post_feature":"","_tbt_post_feature_position":"","_tbt_post_header":false,"_tbt_post_footer":false},"categories":[29],"tags":[],"class_list":["post-11919","post","type-post","status-publish","format-standard","hentry","category-medidas-de-gestao"],"yoast_head":"<!-- This site is optimized with the Yoast SEO plugin v25.6 - https:\/\/yoast.com\/wordpress\/plugins\/seo\/ -->\n<title>Pal\u00e1cio da Justi\u00e7a de Sintra - Tribunal Judicial da Comarca de Lisboa Oeste<\/title>\n<meta name=\"robots\" content=\"index, follow, max-snippet:-1, max-image-preview:large, max-video-preview:-1\" \/>\n<link rel=\"canonical\" href=\"https:\/\/comarcas.csm.org.pt\/lisboa-oeste\/blog\/2024\/11\/26\/qui-dolorem-ipsum-quia-dolor-sit-amet-consectetur\/\" \/>\n<meta property=\"og:locale\" content=\"pt_PT\" \/>\n<meta property=\"og:type\" content=\"article\" \/>\n<meta property=\"og:title\" content=\"Pal\u00e1cio da Justi\u00e7a de Sintra - Tribunal Judicial da Comarca de Lisboa Oeste\" \/>\n<meta property=\"og:description\" content=\"De acordo com os princ\u00edpios de sustentabilidade e conserva\u00e7\u00e3o do patrim\u00f3nio p\u00fablico, decorrer\u00e1 no Pal\u00e1cio da Justi\u00e7a de Sintra uma empreitada com a finalidade de instalar uma terceira cobertura do edif\u00edcio e a implementa\u00e7\u00e3o de...\" \/>\n<meta property=\"og:url\" content=\"https:\/\/comarcas.csm.org.pt\/lisboa-oeste\/blog\/2024\/11\/26\/qui-dolorem-ipsum-quia-dolor-sit-amet-consectetur\/\" \/>\n<meta property=\"og:site_name\" content=\"Tribunal Judicial da Comarca de Lisboa Oeste\" \/>\n<meta property=\"article:published_time\" content=\"2024-11-26T23:20:28+00:00\" \/>\n<meta property=\"article:modified_time\" content=\"2025-06-25T10:29:04+00:00\" \/>\n<meta name=\"author\" content=\"admin\" \/>\n<meta name=\"twitter:card\" content=\"summary_large_image\" \/>\n<meta name=\"twitter:label1\" content=\"Escrito por\" \/>\n\t<meta name=\"twitter:data1\" content=\"admin\" \/>\n\t<meta name=\"twitter:label2\" content=\"Tempo estimado de leitura\" \/>\n\t<meta name=\"twitter:data2\" content=\"1 minuto\" \/>\n<script type=\"application\/ld+json\" class=\"yoast-schema-graph\">{\"@context\":\"https:\/\/schema.org\",\"@graph\":[{\"@type\":\"Article\",\"@id\":\"https:\/\/comarcas.csm.org.pt\/lisboa-oeste\/blog\/2024\/11\/26\/qui-dolorem-ipsum-quia-dolor-sit-amet-consectetur\/#article\",\"isPartOf\":{\"@id\":\"https:\/\/comarcas.csm.org.pt\/lisboa-oeste\/blog\/2024\/11\/26\/qui-dolorem-ipsum-quia-dolor-sit-amet-consectetur\/\"},\"author\":{\"name\":\"admin\",\"@id\":\"https:\/\/comarcas.csm.org.pt\/lisboa-oeste\/#\/schema\/person\/a5f21f7de084677db8d4f3c7e23e7424\"},\"headline\":\"Pal\u00e1cio da Justi\u00e7a de Sintra\",\"datePublished\":\"2024-11-26T23:20:28+00:00\",\"dateModified\":\"2025-06-25T10:29:04+00:00\",\"mainEntityOfPage\":{\"@id\":\"https:\/\/comarcas.csm.org.pt\/lisboa-oeste\/blog\/2024\/11\/26\/qui-dolorem-ipsum-quia-dolor-sit-amet-consectetur\/\"},\"wordCount\":100,\"publisher\":{\"@id\":\"https:\/\/comarcas.csm.org.pt\/lisboa-oeste\/#organization\"},\"articleSection\":[\"Medidas de Gest\u00e3o\"],\"inLanguage\":\"pt-PT\"},{\"@type\":\"WebPage\",\"@id\":\"https:\/\/comarcas.csm.org.pt\/lisboa-oeste\/blog\/2024\/11\/26\/qui-dolorem-ipsum-quia-dolor-sit-amet-consectetur\/\",\"url\":\"https:\/\/comarcas.csm.org.pt\/lisboa-oeste\/blog\/2024\/11\/26\/qui-dolorem-ipsum-quia-dolor-sit-amet-consectetur\/\",\"name\":\"Pal\u00e1cio da Justi\u00e7a de Sintra - Tribunal Judicial da Comarca de Lisboa Oeste\",\"isPartOf\":{\"@id\":\"https:\/\/comarcas.csm.org.pt\/lisboa-oeste\/#website\"},\"datePublished\":\"2024-11-26T23:20:28+00:00\",\"dateModified\":\"2025-06-25T10:29:04+00:00\",\"breadcrumb\":{\"@id\":\"https:\/\/comarcas.csm.org.pt\/lisboa-oeste\/blog\/2024\/11\/26\/qui-dolorem-ipsum-quia-dolor-sit-amet-consectetur\/#breadcrumb\"},\"inLanguage\":\"pt-PT\",\"potentialAction\":[{\"@type\":\"ReadAction\",\"target\":[\"https:\/\/comarcas.csm.org.pt\/lisboa-oeste\/blog\/2024\/11\/26\/qui-dolorem-ipsum-quia-dolor-sit-amet-consectetur\/\"]}]},{\"@type\":\"BreadcrumbList\",\"@id\":\"https:\/\/comarcas.csm.org.pt\/lisboa-oeste\/blog\/2024\/11\/26\/qui-dolorem-ipsum-quia-dolor-sit-amet-consectetur\/#breadcrumb\",\"itemListElement\":[{\"@type\":\"ListItem\",\"position\":1,\"name\":\"In\u00edcio\",\"item\":\"https:\/\/comarcas.csm.org.pt\/lisboa-oeste\/\"},{\"@type\":\"ListItem\",\"position\":2,\"name\":\"Pal\u00e1cio da Justi\u00e7a de Sintra\"}]},{\"@type\":\"WebSite\",\"@id\":\"https:\/\/comarcas.csm.org.pt\/lisboa-oeste\/#website\",\"url\":\"https:\/\/comarcas.csm.org.pt\/lisboa-oeste\/\",\"name\":\"Tribunal Judicial da Comarca de Lisboa Oeste\",\"description\":\"Tribunal Judicial da Comarca de Lisboa Oeste\",\"publisher\":{\"@id\":\"https:\/\/comarcas.csm.org.pt\/lisboa-oeste\/#organization\"},\"potentialAction\":[{\"@type\":\"SearchAction\",\"target\":{\"@type\":\"EntryPoint\",\"urlTemplate\":\"https:\/\/comarcas.csm.org.pt\/lisboa-oeste\/?s={search_term_string}\"},\"query-input\":{\"@type\":\"PropertyValueSpecification\",\"valueRequired\":true,\"valueName\":\"search_term_string\"}}],\"inLanguage\":\"pt-PT\"},{\"@type\":\"Organization\",\"@id\":\"https:\/\/comarcas.csm.org.pt\/lisboa-oeste\/#organization\",\"name\":\"Tribunal Judicial da Comarca de Lisboa Oeste\",\"url\":\"https:\/\/comarcas.csm.org.pt\/lisboa-oeste\/\",\"logo\":{\"@type\":\"ImageObject\",\"inLanguage\":\"pt-PT\",\"@id\":\"https:\/\/comarcas.csm.org.pt\/lisboa-oeste\/#\/schema\/logo\/image\/\",\"url\":\"https:\/\/comarcas.csm.org.pt\/lisboa-oeste\/wp-content\/uploads\/sites\/19\/2024\/11\/Lisboa-O_positivo-horizontal.png\",\"contentUrl\":\"https:\/\/comarcas.csm.org.pt\/lisboa-oeste\/wp-content\/uploads\/sites\/19\/2024\/11\/Lisboa-O_positivo-horizontal.png\",\"width\":5368,\"height\":890,\"caption\":\"Tribunal Judicial da Comarca de Lisboa Oeste\"},\"image\":{\"@id\":\"https:\/\/comarcas.csm.org.pt\/lisboa-oeste\/#\/schema\/logo\/image\/\"}},{\"@type\":\"Person\",\"@id\":\"https:\/\/comarcas.csm.org.pt\/lisboa-oeste\/#\/schema\/person\/a5f21f7de084677db8d4f3c7e23e7424\",\"name\":\"admin\",\"image\":{\"@type\":\"ImageObject\",\"inLanguage\":\"pt-PT\",\"@id\":\"https:\/\/comarcas.csm.org.pt\/lisboa-oeste\/#\/schema\/person\/image\/\",\"url\":\"https:\/\/secure.gravatar.com\/avatar\/a6b5486505bf2315a6f3484736100611c62ce49ded6652aba7457653cf4dbfd2?s=96&d=mm&r=g\",\"contentUrl\":\"https:\/\/secure.gravatar.com\/avatar\/a6b5486505bf2315a6f3484736100611c62ce49ded6652aba7457653cf4dbfd2?s=96&d=mm&r=g\",\"caption\":\"admin\"},\"sameAs\":[\"https:\/\/comarcas.csm.org.pt\/\"],\"url\":\"https:\/\/comarcas.csm.org.pt\/lisboa-oeste\/blog\/author\/admin\/\"}]}<\/script>\n<!-- \/ Yoast SEO plugin. -->","yoast_head_json":{"title":"Pal\u00e1cio da Justi\u00e7a de Sintra - Tribunal Judicial da Comarca de Lisboa Oeste","robots":{"index":"index","follow":"follow","max-snippet":"max-snippet:-1","max-image-preview":"max-image-preview:large","max-video-preview":"max-video-preview:-1"},"canonical":"https:\/\/comarcas.csm.org.pt\/lisboa-oeste\/blog\/2024\/11\/26\/qui-dolorem-ipsum-quia-dolor-sit-amet-consectetur\/","og_locale":"pt_PT","og_type":"article","og_title":"Pal\u00e1cio da Justi\u00e7a de Sintra - Tribunal Judicial da Comarca de Lisboa Oeste","og_description":"De acordo com os princ\u00edpios de sustentabilidade e conserva\u00e7\u00e3o do patrim\u00f3nio p\u00fablico, decorrer\u00e1 no Pal\u00e1cio da Justi\u00e7a de Sintra uma empreitada com a finalidade de instalar uma terceira cobertura do edif\u00edcio e a implementa\u00e7\u00e3o de...","og_url":"https:\/\/comarcas.csm.org.pt\/lisboa-oeste\/blog\/2024\/11\/26\/qui-dolorem-ipsum-quia-dolor-sit-amet-consectetur\/","og_site_name":"Tribunal Judicial da Comarca de Lisboa Oeste","article_published_time":"2024-11-26T23:20:28+00:00","article_modified_time":"2025-06-25T10:29:04+00:00","author":"admin","twitter_card":"summary_large_image","twitter_misc":{"Escrito por":"admin","Tempo estimado de leitura":"1 minuto"},"schema":{"@context":"https:\/\/schema.org","@graph":[{"@type":"Article","@id":"https:\/\/comarcas.csm.org.pt\/lisboa-oeste\/blog\/2024\/11\/26\/qui-dolorem-ipsum-quia-dolor-sit-amet-consectetur\/#article","isPartOf":{"@id":"https:\/\/comarcas.csm.org.pt\/lisboa-oeste\/blog\/2024\/11\/26\/qui-dolorem-ipsum-quia-dolor-sit-amet-consectetur\/"},"author":{"name":"admin","@id":"https:\/\/comarcas.csm.org.pt\/lisboa-oeste\/#\/schema\/person\/a5f21f7de084677db8d4f3c7e23e7424"},"headline":"Pal\u00e1cio da Justi\u00e7a de Sintra","datePublished":"2024-11-26T23:20:28+00:00","dateModified":"2025-06-25T10:29:04+00:00","mainEntityOfPage":{"@id":"https:\/\/comarcas.csm.org.pt\/lisboa-oeste\/blog\/2024\/11\/26\/qui-dolorem-ipsum-quia-dolor-sit-amet-consectetur\/"},"wordCount":100,"publisher":{"@id":"https:\/\/comarcas.csm.org.pt\/lisboa-oeste\/#organization"},"articleSection":["Medidas de Gest\u00e3o"],"inLanguage":"pt-PT"},{"@type":"WebPage","@id":"https:\/\/comarcas.csm.org.pt\/lisboa-oeste\/blog\/2024\/11\/26\/qui-dolorem-ipsum-quia-dolor-sit-amet-consectetur\/","url":"https:\/\/comarcas.csm.org.pt\/lisboa-oeste\/blog\/2024\/11\/26\/qui-dolorem-ipsum-quia-dolor-sit-amet-consectetur\/","name":"Pal\u00e1cio da Justi\u00e7a de Sintra - Tribunal Judicial da Comarca de Lisboa Oeste","isPartOf":{"@id":"https:\/\/comarcas.csm.org.pt\/lisboa-oeste\/#website"},"datePublished":"2024-11-26T23:20:28+00:00","dateModified":"2025-06-25T10:29:04+00:00","breadcrumb":{"@id":"https:\/\/comarcas.csm.org.pt\/lisboa-oeste\/blog\/2024\/11\/26\/qui-dolorem-ipsum-quia-dolor-sit-amet-consectetur\/#breadcrumb"},"inLanguage":"pt-PT","potentialAction":[{"@type":"ReadAction","target":["https:\/\/comarcas.csm.org.pt\/lisboa-oeste\/blog\/2024\/11\/26\/qui-dolorem-ipsum-quia-dolor-sit-amet-consectetur\/"]}]},{"@type":"BreadcrumbList","@id":"https:\/\/comarcas.csm.org.pt\/lisboa-oeste\/blog\/2024\/11\/26\/qui-dolorem-ipsum-quia-dolor-sit-amet-consectetur\/#breadcrumb","itemListElement":[{"@type":"ListItem","position":1,"name":"In\u00edcio","item":"https:\/\/comarcas.csm.org.pt\/lisboa-oeste\/"},{"@type":"ListItem","position":2,"name":"Pal\u00e1cio da Justi\u00e7a de Sintra"}]},{"@type":"WebSite","@id":"https:\/\/comarcas.csm.org.pt\/lisboa-oeste\/#website","url":"https:\/\/comarcas.csm.org.pt\/lisboa-oeste\/","name":"Tribunal Judicial da Comarca de Lisboa Oeste","description":"Tribunal Judicial da Comarca de Lisboa Oeste","publisher":{"@id":"https:\/\/comarcas.csm.org.pt\/lisboa-oeste\/#organization"},"potentialAction":[{"@type":"SearchAction","target":{"@type":"EntryPoint","urlTemplate":"https:\/\/comarcas.csm.org.pt\/lisboa-oeste\/?s={search_term_string}"},"query-input":{"@type":"PropertyValueSpecification","valueRequired":true,"valueName":"search_term_string"}}],"inLanguage":"pt-PT"},{"@type":"Organization","@id":"https:\/\/comarcas.csm.org.pt\/lisboa-oeste\/#organization","name":"Tribunal Judicial da Comarca de Lisboa Oeste","url":"https:\/\/comarcas.csm.org.pt\/lisboa-oeste\/","logo":{"@type":"ImageObject","inLanguage":"pt-PT","@id":"https:\/\/comarcas.csm.org.pt\/lisboa-oeste\/#\/schema\/logo\/image\/","url":"https:\/\/comarcas.csm.org.pt\/lisboa-oeste\/wp-content\/uploads\/sites\/19\/2024\/11\/Lisboa-O_positivo-horizontal.png","contentUrl":"https:\/\/comarcas.csm.org.pt\/lisboa-oeste\/wp-content\/uploads\/sites\/19\/2024\/11\/Lisboa-O_positivo-horizontal.png","width":5368,"height":890,"caption":"Tribunal Judicial da Comarca de Lisboa Oeste"},"image":{"@id":"https:\/\/comarcas.csm.org.pt\/lisboa-oeste\/#\/schema\/logo\/image\/"}},{"@type":"Person","@id":"https:\/\/comarcas.csm.org.pt\/lisboa-oeste\/#\/schema\/person\/a5f21f7de084677db8d4f3c7e23e7424","name":"admin","image":{"@type":"ImageObject","inLanguage":"pt-PT","@id":"https:\/\/comarcas.csm.org.pt\/lisboa-oeste\/#\/schema\/person\/image\/","url":"https:\/\/secure.gravatar.com\/avatar\/a6b5486505bf2315a6f3484736100611c62ce49ded6652aba7457653cf4dbfd2?s=96&d=mm&r=g","contentUrl":"https:\/\/secure.gravatar.com\/avatar\/a6b5486505bf2315a6f3484736100611c62ce49ded6652aba7457653cf4dbfd2?s=96&d=mm&r=g","caption":"admin"},"sameAs":["https:\/\/comarcas.csm.org.pt\/"],"url":"https:\/\/comarcas.csm.org.pt\/lisboa-oeste\/blog\/author\/admin\/"}]}},"_links":{"self":[{"href":"https:\/\/comarcas.csm.org.pt\/lisboa-oeste\/wp-json\/wp\/v2\/posts\/11919","targetHints":{"allow":["GET"]}}],"collection":[{"href":"https:\/\/comarcas.csm.org.pt\/lisboa-oeste\/wp-json\/wp\/v2\/posts"}],"about":[{"href":"https:\/\/comarcas.csm.org.pt\/lisboa-oeste\/wp-json\/wp\/v2\/types\/post"}],"author":[{"embeddable":true,"href":"https:\/\/comarcas.csm.org.pt\/lisboa-oeste\/wp-json\/wp\/v2\/users\/1"}],"replies":[{"embeddable":true,"href":"https:\/\/comarcas.csm.org.pt\/lisboa-oeste\/wp-json\/wp\/v2\/comments?post=11919"}],"version-history":[{"count":5,"href":"https:\/\/comarcas.csm.org.pt\/lisboa-oeste\/wp-json\/wp\/v2\/posts\/11919\/revisions"}],"predecessor-version":[{"id":12120,"href":"https:\/\/comarcas.csm.org.pt\/lisboa-oeste\/wp-json\/wp\/v2\/posts\/11919\/revisions\/12120"}],"wp:attachment":[{"href":"https:\/\/comarcas.csm.org.pt\/lisboa-oeste\/wp-json\/wp\/v2\/media?parent=11919"}],"wp:term":[{"taxonomy":"category","embeddable":true,"href":"https:\/\/comarcas.csm.org.pt\/lisboa-oeste\/wp-json\/wp\/v2\/categories?post=11919"},{"taxonomy":"post_tag","embeddable":true,"href":"https:\/\/comarcas.csm.org.pt\/lisboa-oeste\/wp-json\/wp\/v2\/tags?post=11919"}],"curies":[{"name":"wp","href":"https:\/\/api.w.org\/{rel}","templated":true}]}}