{"id":13339,"date":"2026-05-22T12:40:09","date_gmt":"2026-05-22T12:40:09","guid":{"rendered":"https:\/\/comarcas.csm.org.pt\/porto\/?p=13339"},"modified":"2026-09-01T12:44:31","modified_gmt":"2026-09-01T12:44:31","slug":"assinatura-de-protocolo-de-colaboracao-com-a-iuris-fdup-junior","status":"publish","type":"post","link":"https:\/\/comarcas.csm.org.pt\/porto\/blog\/2026\/05\/22\/assinatura-de-protocolo-de-colaboracao-com-a-iuris-fdup-junior\/","title":{"rendered":"Assinatura de Protocolo de Colabora\u00e7\u00e3o com a Iuris FDUP J\u00fanior"},"content":{"rendered":"\n<p>No dia 21 de maio de 2026 teve lugar a assinatura do Protocolo de Colabora\u00e7\u00e3o entre o Tribunal Judicial da Comarca do Porto e a Iuris FDUP \u2013 Associa\u00e7\u00e3o de Jovens Juristas da Faculdade de Direito da Universidade do Porto, celebrado no \u00e2mbito das atividades que esta Associa\u00e7\u00e3o desenvolve, designadamente, do Programa Interno de Est\u00e1gios de Ver\u00e3o, dos Cursos Breves e de outros eventos de cariz jur\u00eddico que promove ao longo do ano letivo, procurando uma ponte entre os estudantes e o mundo profissional.<\/p>\n\n\n\n<p>O Protocolo pode ser consultado <a href=\"https:\/\/comarcas.csm.org.pt\/porto\/wp-content\/uploads\/sites\/22\/2026\/09\/Protocolo-IURIS-FDUP.pdf\">aqui<\/a>.<\/p>\n\n\n\n<figure class=\"wp-block-image size-large is-resized\"><img fetchpriority=\"high\" decoding=\"async\" width=\"768\" height=\"1024\" src=\"https:\/\/comarcas.csm.org.pt\/porto\/wp-content\/uploads\/sites\/22\/2026\/09\/IMG_8343-2-768x1024.jpeg\" alt=\"\" class=\"wp-image-13346\" style=\"width:881px;height:auto\" srcset=\"https:\/\/comarcas.csm.org.pt\/porto\/wp-content\/uploads\/sites\/22\/2026\/09\/IMG_8343-2-768x1024.jpeg 768w, https:\/\/comarcas.csm.org.pt\/porto\/wp-content\/uploads\/sites\/22\/2026\/09\/IMG_8343-2-225x300.jpeg 225w, https:\/\/comarcas.csm.org.pt\/porto\/wp-content\/uploads\/sites\/22\/2026\/09\/IMG_8343-2-1152x1536.jpeg 1152w, https:\/\/comarcas.csm.org.pt\/porto\/wp-content\/uploads\/sites\/22\/2026\/09\/IMG_8343-2-1536x2048.jpeg 1536w, https:\/\/comarcas.csm.org.pt\/porto\/wp-content\/uploads\/sites\/22\/2026\/09\/IMG_8343-2-scaled.jpeg 1920w\" sizes=\"(max-width: 768px) 100vw, 768px\" \/><\/figure>\n","protected":false},"excerpt":{"rendered":"<p>No dia 21 de maio de 2026 teve lugar a assinatura do Protocolo de Colabora\u00e7\u00e3o entre o Tribunal Judicial da Comarca do Porto e a Iuris FDUP \u2013 Associa\u00e7\u00e3o de Jovens Juristas da Faculdade de&#8230;<\/p>\n","protected":false},"author":22,"featured_media":13347,"comment_status":"closed","ping_status":"open","sticky":false,"template":"","format":"standard","meta":{"_tbt_post_transparent":"","_tbt_post_title":"","_tbt_post_layout":"","_tbt_post_sidebar_id":"","_tbt_post_content_style":"","_tbt_post_vertical_padding":"","_tbt_post_feature":"","_tbt_post_feature_position":"","_tbt_post_header":false,"_tbt_post_footer":false},"categories":[1],"tags":[],"class_list":["post-13339","post","type-post","status-publish","format-standard","has-post-thumbnail","hentry","category-geral"],"yoast_head":"<!-- This site is optimized with the Yoast SEO plugin v25.6 - https:\/\/yoast.com\/wordpress\/plugins\/seo\/ -->\n<title>Assinatura de Protocolo de Colabora\u00e7\u00e3o com a Iuris FDUP J\u00fanior - Tribunal Judicial da Comarca de Porto<\/title>\n<meta name=\"robots\" content=\"index, follow, max-snippet:-1, max-image-preview:large, max-video-preview:-1\" \/>\n<link rel=\"canonical\" href=\"https:\/\/comarcas.csm.org.pt\/porto\/blog\/2026\/05\/22\/assinatura-de-protocolo-de-colaboracao-com-a-iuris-fdup-junior\/\" \/>\n<meta property=\"og:locale\" content=\"pt_PT\" \/>\n<meta property=\"og:type\" content=\"article\" \/>\n<meta property=\"og:title\" content=\"Assinatura de Protocolo de Colabora\u00e7\u00e3o com a Iuris FDUP J\u00fanior - Tribunal Judicial da Comarca de Porto\" \/>\n<meta property=\"og:description\" content=\"No dia 21 de maio de 2026 teve lugar a assinatura do Protocolo de Colabora\u00e7\u00e3o entre o Tribunal Judicial da Comarca do Porto e a Iuris FDUP \u2013 Associa\u00e7\u00e3o de Jovens Juristas da Faculdade de...\" \/>\n<meta property=\"og:url\" content=\"https:\/\/comarcas.csm.org.pt\/porto\/blog\/2026\/05\/22\/assinatura-de-protocolo-de-colaboracao-com-a-iuris-fdup-junior\/\" \/>\n<meta property=\"og:site_name\" content=\"Tribunal Judicial da Comarca de Porto\" \/>\n<meta property=\"article:published_time\" content=\"2026-05-22T12:40:09+00:00\" \/>\n<meta property=\"article:modified_time\" content=\"2026-09-01T12:44:31+00:00\" \/>\n<meta property=\"og:image\" content=\"https:\/\/comarcas.csm.org.pt\/porto\/wp-content\/uploads\/sites\/22\/2026\/09\/IMG_8343-3-scaled.jpeg\" \/>\n\t<meta property=\"og:image:width\" content=\"1920\" \/>\n\t<meta property=\"og:image:height\" content=\"2560\" \/>\n\t<meta property=\"og:image:type\" content=\"image\/jpeg\" \/>\n<meta name=\"author\" content=\"porto\" \/>\n<meta name=\"twitter:card\" content=\"summary_large_image\" \/>\n<meta name=\"twitter:label1\" content=\"Escrito por\" \/>\n\t<meta name=\"twitter:data1\" content=\"porto\" \/>\n\t<meta name=\"twitter:label2\" content=\"Tempo estimado de leitura\" \/>\n\t<meta name=\"twitter:data2\" content=\"1 minuto\" \/>\n<script type=\"application\/ld+json\" class=\"yoast-schema-graph\">{\"@context\":\"https:\/\/schema.org\",\"@graph\":[{\"@type\":\"Article\",\"@id\":\"https:\/\/comarcas.csm.org.pt\/porto\/blog\/2026\/05\/22\/assinatura-de-protocolo-de-colaboracao-com-a-iuris-fdup-junior\/#article\",\"isPartOf\":{\"@id\":\"https:\/\/comarcas.csm.org.pt\/porto\/blog\/2026\/05\/22\/assinatura-de-protocolo-de-colaboracao-com-a-iuris-fdup-junior\/\"},\"author\":{\"name\":\"porto\",\"@id\":\"https:\/\/comarcas.csm.org.pt\/porto\/#\/schema\/person\/ef56fef4e8b5c106ca0ab5f19448ec61\"},\"headline\":\"Assinatura de Protocolo de Colabora\u00e7\u00e3o com a Iuris FDUP J\u00fanior\",\"datePublished\":\"2026-05-22T12:40:09+00:00\",\"dateModified\":\"2026-09-01T12:44:31+00:00\",\"mainEntityOfPage\":{\"@id\":\"https:\/\/comarcas.csm.org.pt\/porto\/blog\/2026\/05\/22\/assinatura-de-protocolo-de-colaboracao-com-a-iuris-fdup-junior\/\"},\"wordCount\":105,\"publisher\":{\"@id\":\"https:\/\/comarcas.csm.org.pt\/porto\/#organization\"},\"image\":{\"@id\":\"https:\/\/comarcas.csm.org.pt\/porto\/blog\/2026\/05\/22\/assinatura-de-protocolo-de-colaboracao-com-a-iuris-fdup-junior\/#primaryimage\"},\"thumbnailUrl\":\"https:\/\/comarcas.csm.org.pt\/porto\/wp-content\/uploads\/sites\/22\/2026\/09\/IMG_8343-3-scaled.jpeg\",\"articleSection\":[\"Geral\"],\"inLanguage\":\"pt-PT\"},{\"@type\":\"WebPage\",\"@id\":\"https:\/\/comarcas.csm.org.pt\/porto\/blog\/2026\/05\/22\/assinatura-de-protocolo-de-colaboracao-com-a-iuris-fdup-junior\/\",\"url\":\"https:\/\/comarcas.csm.org.pt\/porto\/blog\/2026\/05\/22\/assinatura-de-protocolo-de-colaboracao-com-a-iuris-fdup-junior\/\",\"name\":\"Assinatura de Protocolo de Colabora\u00e7\u00e3o com a Iuris FDUP J\u00fanior - Tribunal Judicial da Comarca de Porto\",\"isPartOf\":{\"@id\":\"https:\/\/comarcas.csm.org.pt\/porto\/#website\"},\"primaryImageOfPage\":{\"@id\":\"https:\/\/comarcas.csm.org.pt\/porto\/blog\/2026\/05\/22\/assinatura-de-protocolo-de-colaboracao-com-a-iuris-fdup-junior\/#primaryimage\"},\"image\":{\"@id\":\"https:\/\/comarcas.csm.org.pt\/porto\/blog\/2026\/05\/22\/assinatura-de-protocolo-de-colaboracao-com-a-iuris-fdup-junior\/#primaryimage\"},\"thumbnailUrl\":\"https:\/\/comarcas.csm.org.pt\/porto\/wp-content\/uploads\/sites\/22\/2026\/09\/IMG_8343-3-scaled.jpeg\",\"datePublished\":\"2026-05-22T12:40:09+00:00\",\"dateModified\":\"2026-09-01T12:44:31+00:00\",\"breadcrumb\":{\"@id\":\"https:\/\/comarcas.csm.org.pt\/porto\/blog\/2026\/05\/22\/assinatura-de-protocolo-de-colaboracao-com-a-iuris-fdup-junior\/#breadcrumb\"},\"inLanguage\":\"pt-PT\",\"potentialAction\":[{\"@type\":\"ReadAction\",\"target\":[\"https:\/\/comarcas.csm.org.pt\/porto\/blog\/2026\/05\/22\/assinatura-de-protocolo-de-colaboracao-com-a-iuris-fdup-junior\/\"]}]},{\"@type\":\"ImageObject\",\"inLanguage\":\"pt-PT\",\"@id\":\"https:\/\/comarcas.csm.org.pt\/porto\/blog\/2026\/05\/22\/assinatura-de-protocolo-de-colaboracao-com-a-iuris-fdup-junior\/#primaryimage\",\"url\":\"https:\/\/comarcas.csm.org.pt\/porto\/wp-content\/uploads\/sites\/22\/2026\/09\/IMG_8343-3-scaled.jpeg\",\"contentUrl\":\"https:\/\/comarcas.csm.org.pt\/porto\/wp-content\/uploads\/sites\/22\/2026\/09\/IMG_8343-3-scaled.jpeg\",\"width\":1920,\"height\":2560},{\"@type\":\"BreadcrumbList\",\"@id\":\"https:\/\/comarcas.csm.org.pt\/porto\/blog\/2026\/05\/22\/assinatura-de-protocolo-de-colaboracao-com-a-iuris-fdup-junior\/#breadcrumb\",\"itemListElement\":[{\"@type\":\"ListItem\",\"position\":1,\"name\":\"In\u00edcio\",\"item\":\"https:\/\/comarcas.csm.org.pt\/porto\/\"},{\"@type\":\"ListItem\",\"position\":2,\"name\":\"Assinatura de Protocolo de Colabora\u00e7\u00e3o com a Iuris FDUP J\u00fanior\"}]},{\"@type\":\"WebSite\",\"@id\":\"https:\/\/comarcas.csm.org.pt\/porto\/#website\",\"url\":\"https:\/\/comarcas.csm.org.pt\/porto\/\",\"name\":\"Tribunal Judicial da Comarca de Porto\",\"description\":\"Tribunal Judicial da Comarca do Porto\",\"publisher\":{\"@id\":\"https:\/\/comarcas.csm.org.pt\/porto\/#organization\"},\"potentialAction\":[{\"@type\":\"SearchAction\",\"target\":{\"@type\":\"EntryPoint\",\"urlTemplate\":\"https:\/\/comarcas.csm.org.pt\/porto\/?s={search_term_string}\"},\"query-input\":{\"@type\":\"PropertyValueSpecification\",\"valueRequired\":true,\"valueName\":\"search_term_string\"}}],\"inLanguage\":\"pt-PT\"},{\"@type\":\"Organization\",\"@id\":\"https:\/\/comarcas.csm.org.pt\/porto\/#organization\",\"name\":\"Tribunal Judicial da Comarca de Porto\",\"url\":\"https:\/\/comarcas.csm.org.pt\/porto\/\",\"logo\":{\"@type\":\"ImageObject\",\"inLanguage\":\"pt-PT\",\"@id\":\"https:\/\/comarcas.csm.org.pt\/porto\/#\/schema\/logo\/image\/\",\"url\":\"https:\/\/comarcas.csm.org.pt\/porto\/wp-content\/uploads\/sites\/22\/2024\/11\/Porto_positivo-horizontal.png\",\"contentUrl\":\"https:\/\/comarcas.csm.org.pt\/porto\/wp-content\/uploads\/sites\/22\/2024\/11\/Porto_positivo-horizontal.png\",\"width\":4811,\"height\":1215,\"caption\":\"Tribunal Judicial da Comarca de Porto\"},\"image\":{\"@id\":\"https:\/\/comarcas.csm.org.pt\/porto\/#\/schema\/logo\/image\/\"}},{\"@type\":\"Person\",\"@id\":\"https:\/\/comarcas.csm.org.pt\/porto\/#\/schema\/person\/ef56fef4e8b5c106ca0ab5f19448ec61\",\"name\":\"porto\",\"image\":{\"@type\":\"ImageObject\",\"inLanguage\":\"pt-PT\",\"@id\":\"https:\/\/comarcas.csm.org.pt\/porto\/#\/schema\/person\/image\/\",\"url\":\"https:\/\/secure.gravatar.com\/avatar\/0c7d0270c704b771a4d11f8fa662d594ace70c178814288e2d15e1a64c1b5460?s=96&d=mm&r=g\",\"contentUrl\":\"https:\/\/secure.gravatar.com\/avatar\/0c7d0270c704b771a4d11f8fa662d594ace70c178814288e2d15e1a64c1b5460?s=96&d=mm&r=g\",\"caption\":\"porto\"},\"url\":\"https:\/\/comarcas.csm.org.pt\/porto\/blog\/author\/porto\/\"}]}<\/script>\n<!-- \/ Yoast SEO plugin. -->","yoast_head_json":{"title":"Assinatura de Protocolo de Colabora\u00e7\u00e3o com a Iuris FDUP J\u00fanior - Tribunal Judicial da Comarca de Porto","robots":{"index":"index","follow":"follow","max-snippet":"max-snippet:-1","max-image-preview":"max-image-preview:large","max-video-preview":"max-video-preview:-1"},"canonical":"https:\/\/comarcas.csm.org.pt\/porto\/blog\/2026\/05\/22\/assinatura-de-protocolo-de-colaboracao-com-a-iuris-fdup-junior\/","og_locale":"pt_PT","og_type":"article","og_title":"Assinatura de Protocolo de Colabora\u00e7\u00e3o com a Iuris FDUP J\u00fanior - Tribunal Judicial da Comarca de Porto","og_description":"No dia 21 de maio de 2026 teve lugar a assinatura do Protocolo de Colabora\u00e7\u00e3o entre o Tribunal Judicial da Comarca do Porto e a Iuris FDUP \u2013 Associa\u00e7\u00e3o de Jovens Juristas da Faculdade de...","og_url":"https:\/\/comarcas.csm.org.pt\/porto\/blog\/2026\/05\/22\/assinatura-de-protocolo-de-colaboracao-com-a-iuris-fdup-junior\/","og_site_name":"Tribunal Judicial da Comarca de Porto","article_published_time":"2026-05-22T12:40:09+00:00","article_modified_time":"2026-09-01T12:44:31+00:00","og_image":[{"width":1920,"height":2560,"url":"https:\/\/comarcas.csm.org.pt\/porto\/wp-content\/uploads\/sites\/22\/2026\/09\/IMG_8343-3-scaled.jpeg","type":"image\/jpeg"}],"author":"porto","twitter_card":"summary_large_image","twitter_misc":{"Escrito por":"porto","Tempo estimado de leitura":"1 minuto"},"schema":{"@context":"https:\/\/schema.org","@graph":[{"@type":"Article","@id":"https:\/\/comarcas.csm.org.pt\/porto\/blog\/2026\/05\/22\/assinatura-de-protocolo-de-colaboracao-com-a-iuris-fdup-junior\/#article","isPartOf":{"@id":"https:\/\/comarcas.csm.org.pt\/porto\/blog\/2026\/05\/22\/assinatura-de-protocolo-de-colaboracao-com-a-iuris-fdup-junior\/"},"author":{"name":"porto","@id":"https:\/\/comarcas.csm.org.pt\/porto\/#\/schema\/person\/ef56fef4e8b5c106ca0ab5f19448ec61"},"headline":"Assinatura de Protocolo de Colabora\u00e7\u00e3o com a Iuris FDUP J\u00fanior","datePublished":"2026-05-22T12:40:09+00:00","dateModified":"2026-09-01T12:44:31+00:00","mainEntityOfPage":{"@id":"https:\/\/comarcas.csm.org.pt\/porto\/blog\/2026\/05\/22\/assinatura-de-protocolo-de-colaboracao-com-a-iuris-fdup-junior\/"},"wordCount":105,"publisher":{"@id":"https:\/\/comarcas.csm.org.pt\/porto\/#organization"},"image":{"@id":"https:\/\/comarcas.csm.org.pt\/porto\/blog\/2026\/05\/22\/assinatura-de-protocolo-de-colaboracao-com-a-iuris-fdup-junior\/#primaryimage"},"thumbnailUrl":"https:\/\/comarcas.csm.org.pt\/porto\/wp-content\/uploads\/sites\/22\/2026\/09\/IMG_8343-3-scaled.jpeg","articleSection":["Geral"],"inLanguage":"pt-PT"},{"@type":"WebPage","@id":"https:\/\/comarcas.csm.org.pt\/porto\/blog\/2026\/05\/22\/assinatura-de-protocolo-de-colaboracao-com-a-iuris-fdup-junior\/","url":"https:\/\/comarcas.csm.org.pt\/porto\/blog\/2026\/05\/22\/assinatura-de-protocolo-de-colaboracao-com-a-iuris-fdup-junior\/","name":"Assinatura de Protocolo de Colabora\u00e7\u00e3o com a Iuris FDUP J\u00fanior - Tribunal Judicial da Comarca de Porto","isPartOf":{"@id":"https:\/\/comarcas.csm.org.pt\/porto\/#website"},"primaryImageOfPage":{"@id":"https:\/\/comarcas.csm.org.pt\/porto\/blog\/2026\/05\/22\/assinatura-de-protocolo-de-colaboracao-com-a-iuris-fdup-junior\/#primaryimage"},"image":{"@id":"https:\/\/comarcas.csm.org.pt\/porto\/blog\/2026\/05\/22\/assinatura-de-protocolo-de-colaboracao-com-a-iuris-fdup-junior\/#primaryimage"},"thumbnailUrl":"https:\/\/comarcas.csm.org.pt\/porto\/wp-content\/uploads\/sites\/22\/2026\/09\/IMG_8343-3-scaled.jpeg","datePublished":"2026-05-22T12:40:09+00:00","dateModified":"2026-09-01T12:44:31+00:00","breadcrumb":{"@id":"https:\/\/comarcas.csm.org.pt\/porto\/blog\/2026\/05\/22\/assinatura-de-protocolo-de-colaboracao-com-a-iuris-fdup-junior\/#breadcrumb"},"inLanguage":"pt-PT","potentialAction":[{"@type":"ReadAction","target":["https:\/\/comarcas.csm.org.pt\/porto\/blog\/2026\/05\/22\/assinatura-de-protocolo-de-colaboracao-com-a-iuris-fdup-junior\/"]}]},{"@type":"ImageObject","inLanguage":"pt-PT","@id":"https:\/\/comarcas.csm.org.pt\/porto\/blog\/2026\/05\/22\/assinatura-de-protocolo-de-colaboracao-com-a-iuris-fdup-junior\/#primaryimage","url":"https:\/\/comarcas.csm.org.pt\/porto\/wp-content\/uploads\/sites\/22\/2026\/09\/IMG_8343-3-scaled.jpeg","contentUrl":"https:\/\/comarcas.csm.org.pt\/porto\/wp-content\/uploads\/sites\/22\/2026\/09\/IMG_8343-3-scaled.jpeg","width":1920,"height":2560},{"@type":"BreadcrumbList","@id":"https:\/\/comarcas.csm.org.pt\/porto\/blog\/2026\/05\/22\/assinatura-de-protocolo-de-colaboracao-com-a-iuris-fdup-junior\/#breadcrumb","itemListElement":[{"@type":"ListItem","position":1,"name":"In\u00edcio","item":"https:\/\/comarcas.csm.org.pt\/porto\/"},{"@type":"ListItem","position":2,"name":"Assinatura de Protocolo de Colabora\u00e7\u00e3o com a Iuris FDUP J\u00fanior"}]},{"@type":"WebSite","@id":"https:\/\/comarcas.csm.org.pt\/porto\/#website","url":"https:\/\/comarcas.csm.org.pt\/porto\/","name":"Tribunal Judicial da Comarca de Porto","description":"Tribunal Judicial da Comarca do Porto","publisher":{"@id":"https:\/\/comarcas.csm.org.pt\/porto\/#organization"},"potentialAction":[{"@type":"SearchAction","target":{"@type":"EntryPoint","urlTemplate":"https:\/\/comarcas.csm.org.pt\/porto\/?s={search_term_string}"},"query-input":{"@type":"PropertyValueSpecification","valueRequired":true,"valueName":"search_term_string"}}],"inLanguage":"pt-PT"},{"@type":"Organization","@id":"https:\/\/comarcas.csm.org.pt\/porto\/#organization","name":"Tribunal Judicial da Comarca de Porto","url":"https:\/\/comarcas.csm.org.pt\/porto\/","logo":{"@type":"ImageObject","inLanguage":"pt-PT","@id":"https:\/\/comarcas.csm.org.pt\/porto\/#\/schema\/logo\/image\/","url":"https:\/\/comarcas.csm.org.pt\/porto\/wp-content\/uploads\/sites\/22\/2024\/11\/Porto_positivo-horizontal.png","contentUrl":"https:\/\/comarcas.csm.org.pt\/porto\/wp-content\/uploads\/sites\/22\/2024\/11\/Porto_positivo-horizontal.png","width":4811,"height":1215,"caption":"Tribunal Judicial da Comarca de Porto"},"image":{"@id":"https:\/\/comarcas.csm.org.pt\/porto\/#\/schema\/logo\/image\/"}},{"@type":"Person","@id":"https:\/\/comarcas.csm.org.pt\/porto\/#\/schema\/person\/ef56fef4e8b5c106ca0ab5f19448ec61","name":"porto","image":{"@type":"ImageObject","inLanguage":"pt-PT","@id":"https:\/\/comarcas.csm.org.pt\/porto\/#\/schema\/person\/image\/","url":"https:\/\/secure.gravatar.com\/avatar\/0c7d0270c704b771a4d11f8fa662d594ace70c178814288e2d15e1a64c1b5460?s=96&d=mm&r=g","contentUrl":"https:\/\/secure.gravatar.com\/avatar\/0c7d0270c704b771a4d11f8fa662d594ace70c178814288e2d15e1a64c1b5460?s=96&d=mm&r=g","caption":"porto"},"url":"https:\/\/comarcas.csm.org.pt\/porto\/blog\/author\/porto\/"}]}},"_links":{"self":[{"href":"https:\/\/comarcas.csm.org.pt\/porto\/wp-json\/wp\/v2\/posts\/13339","targetHints":{"allow":["GET"]}}],"collection":[{"href":"https:\/\/comarcas.csm.org.pt\/porto\/wp-json\/wp\/v2\/posts"}],"about":[{"href":"https:\/\/comarcas.csm.org.pt\/porto\/wp-json\/wp\/v2\/types\/post"}],"author":[{"embeddable":true,"href":"https:\/\/comarcas.csm.org.pt\/porto\/wp-json\/wp\/v2\/users\/22"}],"replies":[{"embeddable":true,"href":"https:\/\/comarcas.csm.org.pt\/porto\/wp-json\/wp\/v2\/comments?post=13339"}],"version-history":[{"count":1,"href":"https:\/\/comarcas.csm.org.pt\/porto\/wp-json\/wp\/v2\/posts\/13339\/revisions"}],"predecessor-version":[{"id":13348,"href":"https:\/\/comarcas.csm.org.pt\/porto\/wp-json\/wp\/v2\/posts\/13339\/revisions\/13348"}],"wp:featuredmedia":[{"embeddable":true,"href":"https:\/\/comarcas.csm.org.pt\/porto\/wp-json\/wp\/v2\/media\/13347"}],"wp:attachment":[{"href":"https:\/\/comarcas.csm.org.pt\/porto\/wp-json\/wp\/v2\/media?parent=13339"}],"wp:term":[{"taxonomy":"category","embeddable":true,"href":"https:\/\/comarcas.csm.org.pt\/porto\/wp-json\/wp\/v2\/categories?post=13339"},{"taxonomy":"post_tag","embeddable":true,"href":"https:\/\/comarcas.csm.org.pt\/porto\/wp-json\/wp\/v2\/tags?post=13339"}],"curies":[{"name":"wp","href":"https:\/\/api.w.org\/{rel}","templated":true}]}}