{"id":13349,"date":"2026-05-27T12:44:34","date_gmt":"2026-05-27T12:44:34","guid":{"rendered":"https:\/\/comarcas.csm.org.pt\/porto\/?p=13349"},"modified":"2026-09-01T12:46:34","modified_gmt":"2026-09-01T12:46:34","slug":"reuniao-estrategica-rede-metropolitana-de-interacao-e-intervencao-no-ambito-da-igualdade-e-da-violencia-domestica","status":"publish","type":"post","link":"https:\/\/comarcas.csm.org.pt\/porto\/blog\/2026\/05\/27\/reuniao-estrategica-rede-metropolitana-de-interacao-e-intervencao-no-ambito-da-igualdade-e-da-violencia-domestica\/","title":{"rendered":"Reuni\u00e3o estrat\u00e9gica \u2013 Rede Metropolitana de Intera\u00e7\u00e3o e Interven\u00e7\u00e3o no \u00e2mbito da Igualdade e da Viol\u00eancia Dom\u00e9stica"},"content":{"rendered":"\n<p>A \u00c1rea Metropolitana do Porto (AMP) promoveu, no dia 25 de maio de 2026, uma reuni\u00e3o dedicada \u00e0 tem\u00e1tica da viol\u00eancia dom\u00e9stica, reunindo um conjunto alargado de entidades com interven\u00e7\u00e3o neste dom\u00ednio, na qual marcou presen\u00e7a a Senhora Juiz Presidente.<\/p>\n\n\n\n<p>O objetivo da Rede Metropolitana de Intera\u00e7\u00e3o e Interven\u00e7\u00e3o no \u00e2mbito da Igualdade e da Viol\u00eancia Dom\u00e9stica passa pela cria\u00e7\u00e3o de uma resposta articulada, integrada e eficaz \u00e0 escala metropolitana no combate \u00e0 viol\u00eancia dom\u00e9stica, coerente entre os diferentes munic\u00edpios, e alinhada com a Estrat\u00e9gia Nacional para a Igualdade e a N\u00e3o Discrimina\u00e7\u00e3o 2018-2030 \u2013 Portugal + Igual.<\/p>\n\n\n\n<p>Na reuni\u00e3o realizada foi promovida a recolha de contributos, com vista a criar um modelo de coopera\u00e7\u00e3o entre as diferentes entidades que operam no territ\u00f3rio metropolitano, e a definir os princ\u00edpios orientadores, os objetivos e o modelo de governa\u00e7\u00e3o desta futura Rede.<\/p>\n\n\n\n<p>A Senhora Juiz Presidente fez-se acompanhar pela Senhora Juiz Dra. Mariana Roque Ferreira Leite Caetano, a qual det\u00e9m significativa experi\u00eancia na \u00e1rea, tendo manifestado vontade e disponibilidade para integrar esta Rede.<\/p>\n\n\n\n<figure class=\"wp-block-gallery has-nested-images columns-default is-cropped wp-block-gallery-1 is-layout-flex wp-block-gallery-is-layout-flex\">\n<figure class=\"wp-block-image size-large\"><img fetchpriority=\"high\" decoding=\"async\" width=\"1024\" height=\"682\" data-id=\"13351\" src=\"https:\/\/comarcas.csm.org.pt\/porto\/wp-content\/uploads\/sites\/22\/2026\/09\/imag.jpg\" alt=\"\" class=\"wp-image-13351\" srcset=\"https:\/\/comarcas.csm.org.pt\/porto\/wp-content\/uploads\/sites\/22\/2026\/09\/imag.jpg 1024w, https:\/\/comarcas.csm.org.pt\/porto\/wp-content\/uploads\/sites\/22\/2026\/09\/imag-300x200.jpg 300w, https:\/\/comarcas.csm.org.pt\/porto\/wp-content\/uploads\/sites\/22\/2026\/09\/imag-768x512.jpg 768w\" sizes=\"(max-width: 1024px) 100vw, 1024px\" \/><\/figure>\n\n\n\n<figure class=\"wp-block-image size-large\"><img decoding=\"async\" width=\"1024\" height=\"682\" data-id=\"13350\" src=\"https:\/\/comarcas.csm.org.pt\/porto\/wp-content\/uploads\/sites\/22\/2026\/09\/imag1.jpg\" alt=\"\" class=\"wp-image-13350\" srcset=\"https:\/\/comarcas.csm.org.pt\/porto\/wp-content\/uploads\/sites\/22\/2026\/09\/imag1.jpg 1024w, https:\/\/comarcas.csm.org.pt\/porto\/wp-content\/uploads\/sites\/22\/2026\/09\/imag1-300x200.jpg 300w, https:\/\/comarcas.csm.org.pt\/porto\/wp-content\/uploads\/sites\/22\/2026\/09\/imag1-768x512.jpg 768w\" sizes=\"(max-width: 1024px) 100vw, 1024px\" \/><\/figure>\n<\/figure>\n","protected":false},"excerpt":{"rendered":"<p>A \u00c1rea Metropolitana do Porto (AMP) promoveu, no dia 25 de maio de 2026, uma reuni\u00e3o dedicada \u00e0 tem\u00e1tica da viol\u00eancia dom\u00e9stica, reunindo um conjunto alargado de entidades com interven\u00e7\u00e3o neste dom\u00ednio, na qual marcou&#8230;<\/p>\n","protected":false},"author":22,"featured_media":13352,"comment_status":"closed","ping_status":"open","sticky":false,"template":"","format":"standard","meta":{"_tbt_post_transparent":"","_tbt_post_title":"","_tbt_post_layout":"","_tbt_post_sidebar_id":"","_tbt_post_content_style":"","_tbt_post_vertical_padding":"","_tbt_post_feature":"","_tbt_post_feature_position":"","_tbt_post_header":false,"_tbt_post_footer":false},"categories":[1],"tags":[],"class_list":["post-13349","post","type-post","status-publish","format-standard","has-post-thumbnail","hentry","category-geral"],"yoast_head":"<!-- This site is optimized with the Yoast SEO plugin v25.6 - https:\/\/yoast.com\/wordpress\/plugins\/seo\/ -->\n<title>Reuni\u00e3o estrat\u00e9gica \u2013 Rede Metropolitana de Intera\u00e7\u00e3o e Interven\u00e7\u00e3o no \u00e2mbito da Igualdade e da Viol\u00eancia Dom\u00e9stica - Tribunal Judicial da Comarca de Porto<\/title>\n<meta name=\"robots\" content=\"index, follow, max-snippet:-1, max-image-preview:large, max-video-preview:-1\" \/>\n<link rel=\"canonical\" href=\"https:\/\/comarcas.csm.org.pt\/porto\/blog\/2026\/05\/27\/reuniao-estrategica-rede-metropolitana-de-interacao-e-intervencao-no-ambito-da-igualdade-e-da-violencia-domestica\/\" \/>\n<meta property=\"og:locale\" content=\"pt_PT\" \/>\n<meta property=\"og:type\" content=\"article\" \/>\n<meta property=\"og:title\" content=\"Reuni\u00e3o estrat\u00e9gica \u2013 Rede Metropolitana de Intera\u00e7\u00e3o e Interven\u00e7\u00e3o no \u00e2mbito da Igualdade e da Viol\u00eancia Dom\u00e9stica - Tribunal Judicial da Comarca de Porto\" \/>\n<meta property=\"og:description\" content=\"A \u00c1rea Metropolitana do Porto (AMP) promoveu, no dia 25 de maio de 2026, uma reuni\u00e3o dedicada \u00e0 tem\u00e1tica da viol\u00eancia dom\u00e9stica, reunindo um conjunto alargado de entidades com interven\u00e7\u00e3o neste dom\u00ednio, na qual marcou...\" \/>\n<meta property=\"og:url\" content=\"https:\/\/comarcas.csm.org.pt\/porto\/blog\/2026\/05\/27\/reuniao-estrategica-rede-metropolitana-de-interacao-e-intervencao-no-ambito-da-igualdade-e-da-violencia-domestica\/\" \/>\n<meta property=\"og:site_name\" content=\"Tribunal Judicial da Comarca de Porto\" \/>\n<meta property=\"article:published_time\" content=\"2026-05-27T12:44:34+00:00\" \/>\n<meta property=\"article:modified_time\" content=\"2026-09-01T12:46:34+00:00\" \/>\n<meta property=\"og:image\" content=\"https:\/\/comarcas.csm.org.pt\/porto\/wp-content\/uploads\/sites\/22\/2026\/09\/imag1-1.jpg\" \/>\n\t<meta property=\"og:image:width\" content=\"1024\" \/>\n\t<meta property=\"og:image:height\" content=\"682\" \/>\n\t<meta property=\"og:image:type\" content=\"image\/jpeg\" \/>\n<meta name=\"author\" content=\"porto\" \/>\n<meta name=\"twitter:card\" content=\"summary_large_image\" \/>\n<meta name=\"twitter:label1\" content=\"Escrito por\" \/>\n\t<meta name=\"twitter:data1\" content=\"porto\" \/>\n\t<meta name=\"twitter:label2\" content=\"Tempo estimado de leitura\" \/>\n\t<meta name=\"twitter:data2\" content=\"2 minutos\" \/>\n<script type=\"application\/ld+json\" class=\"yoast-schema-graph\">{\"@context\":\"https:\/\/schema.org\",\"@graph\":[{\"@type\":\"Article\",\"@id\":\"https:\/\/comarcas.csm.org.pt\/porto\/blog\/2026\/05\/27\/reuniao-estrategica-rede-metropolitana-de-interacao-e-intervencao-no-ambito-da-igualdade-e-da-violencia-domestica\/#article\",\"isPartOf\":{\"@id\":\"https:\/\/comarcas.csm.org.pt\/porto\/blog\/2026\/05\/27\/reuniao-estrategica-rede-metropolitana-de-interacao-e-intervencao-no-ambito-da-igualdade-e-da-violencia-domestica\/\"},\"author\":{\"name\":\"porto\",\"@id\":\"https:\/\/comarcas.csm.org.pt\/porto\/#\/schema\/person\/ef56fef4e8b5c106ca0ab5f19448ec61\"},\"headline\":\"Reuni\u00e3o estrat\u00e9gica \u2013 Rede Metropolitana de Intera\u00e7\u00e3o e Interven\u00e7\u00e3o no \u00e2mbito da Igualdade e da Viol\u00eancia Dom\u00e9stica\",\"datePublished\":\"2026-05-27T12:44:34+00:00\",\"dateModified\":\"2026-09-01T12:46:34+00:00\",\"mainEntityOfPage\":{\"@id\":\"https:\/\/comarcas.csm.org.pt\/porto\/blog\/2026\/05\/27\/reuniao-estrategica-rede-metropolitana-de-interacao-e-intervencao-no-ambito-da-igualdade-e-da-violencia-domestica\/\"},\"wordCount\":211,\"publisher\":{\"@id\":\"https:\/\/comarcas.csm.org.pt\/porto\/#organization\"},\"image\":{\"@id\":\"https:\/\/comarcas.csm.org.pt\/porto\/blog\/2026\/05\/27\/reuniao-estrategica-rede-metropolitana-de-interacao-e-intervencao-no-ambito-da-igualdade-e-da-violencia-domestica\/#primaryimage\"},\"thumbnailUrl\":\"https:\/\/comarcas.csm.org.pt\/porto\/wp-content\/uploads\/sites\/22\/2026\/09\/imag1-1.jpg\",\"articleSection\":[\"Geral\"],\"inLanguage\":\"pt-PT\"},{\"@type\":\"WebPage\",\"@id\":\"https:\/\/comarcas.csm.org.pt\/porto\/blog\/2026\/05\/27\/reuniao-estrategica-rede-metropolitana-de-interacao-e-intervencao-no-ambito-da-igualdade-e-da-violencia-domestica\/\",\"url\":\"https:\/\/comarcas.csm.org.pt\/porto\/blog\/2026\/05\/27\/reuniao-estrategica-rede-metropolitana-de-interacao-e-intervencao-no-ambito-da-igualdade-e-da-violencia-domestica\/\",\"name\":\"Reuni\u00e3o estrat\u00e9gica \u2013 Rede Metropolitana de Intera\u00e7\u00e3o e Interven\u00e7\u00e3o no \u00e2mbito da Igualdade e da Viol\u00eancia Dom\u00e9stica - Tribunal Judicial da Comarca de Porto\",\"isPartOf\":{\"@id\":\"https:\/\/comarcas.csm.org.pt\/porto\/#website\"},\"primaryImageOfPage\":{\"@id\":\"https:\/\/comarcas.csm.org.pt\/porto\/blog\/2026\/05\/27\/reuniao-estrategica-rede-metropolitana-de-interacao-e-intervencao-no-ambito-da-igualdade-e-da-violencia-domestica\/#primaryimage\"},\"image\":{\"@id\":\"https:\/\/comarcas.csm.org.pt\/porto\/blog\/2026\/05\/27\/reuniao-estrategica-rede-metropolitana-de-interacao-e-intervencao-no-ambito-da-igualdade-e-da-violencia-domestica\/#primaryimage\"},\"thumbnailUrl\":\"https:\/\/comarcas.csm.org.pt\/porto\/wp-content\/uploads\/sites\/22\/2026\/09\/imag1-1.jpg\",\"datePublished\":\"2026-05-27T12:44:34+00:00\",\"dateModified\":\"2026-09-01T12:46:34+00:00\",\"breadcrumb\":{\"@id\":\"https:\/\/comarcas.csm.org.pt\/porto\/blog\/2026\/05\/27\/reuniao-estrategica-rede-metropolitana-de-interacao-e-intervencao-no-ambito-da-igualdade-e-da-violencia-domestica\/#breadcrumb\"},\"inLanguage\":\"pt-PT\",\"potentialAction\":[{\"@type\":\"ReadAction\",\"target\":[\"https:\/\/comarcas.csm.org.pt\/porto\/blog\/2026\/05\/27\/reuniao-estrategica-rede-metropolitana-de-interacao-e-intervencao-no-ambito-da-igualdade-e-da-violencia-domestica\/\"]}]},{\"@type\":\"ImageObject\",\"inLanguage\":\"pt-PT\",\"@id\":\"https:\/\/comarcas.csm.org.pt\/porto\/blog\/2026\/05\/27\/reuniao-estrategica-rede-metropolitana-de-interacao-e-intervencao-no-ambito-da-igualdade-e-da-violencia-domestica\/#primaryimage\",\"url\":\"https:\/\/comarcas.csm.org.pt\/porto\/wp-content\/uploads\/sites\/22\/2026\/09\/imag1-1.jpg\",\"contentUrl\":\"https:\/\/comarcas.csm.org.pt\/porto\/wp-content\/uploads\/sites\/22\/2026\/09\/imag1-1.jpg\",\"width\":1024,\"height\":682},{\"@type\":\"BreadcrumbList\",\"@id\":\"https:\/\/comarcas.csm.org.pt\/porto\/blog\/2026\/05\/27\/reuniao-estrategica-rede-metropolitana-de-interacao-e-intervencao-no-ambito-da-igualdade-e-da-violencia-domestica\/#breadcrumb\",\"itemListElement\":[{\"@type\":\"ListItem\",\"position\":1,\"name\":\"In\u00edcio\",\"item\":\"https:\/\/comarcas.csm.org.pt\/porto\/\"},{\"@type\":\"ListItem\",\"position\":2,\"name\":\"Reuni\u00e3o estrat\u00e9gica \u2013 Rede Metropolitana de Intera\u00e7\u00e3o e Interven\u00e7\u00e3o no \u00e2mbito da Igualdade e da Viol\u00eancia Dom\u00e9stica\"}]},{\"@type\":\"WebSite\",\"@id\":\"https:\/\/comarcas.csm.org.pt\/porto\/#website\",\"url\":\"https:\/\/comarcas.csm.org.pt\/porto\/\",\"name\":\"Tribunal Judicial da Comarca de Porto\",\"description\":\"Tribunal Judicial da Comarca do Porto\",\"publisher\":{\"@id\":\"https:\/\/comarcas.csm.org.pt\/porto\/#organization\"},\"potentialAction\":[{\"@type\":\"SearchAction\",\"target\":{\"@type\":\"EntryPoint\",\"urlTemplate\":\"https:\/\/comarcas.csm.org.pt\/porto\/?s={search_term_string}\"},\"query-input\":{\"@type\":\"PropertyValueSpecification\",\"valueRequired\":true,\"valueName\":\"search_term_string\"}}],\"inLanguage\":\"pt-PT\"},{\"@type\":\"Organization\",\"@id\":\"https:\/\/comarcas.csm.org.pt\/porto\/#organization\",\"name\":\"Tribunal Judicial da Comarca de Porto\",\"url\":\"https:\/\/comarcas.csm.org.pt\/porto\/\",\"logo\":{\"@type\":\"ImageObject\",\"inLanguage\":\"pt-PT\",\"@id\":\"https:\/\/comarcas.csm.org.pt\/porto\/#\/schema\/logo\/image\/\",\"url\":\"https:\/\/comarcas.csm.org.pt\/porto\/wp-content\/uploads\/sites\/22\/2024\/11\/Porto_positivo-horizontal.png\",\"contentUrl\":\"https:\/\/comarcas.csm.org.pt\/porto\/wp-content\/uploads\/sites\/22\/2024\/11\/Porto_positivo-horizontal.png\",\"width\":4811,\"height\":1215,\"caption\":\"Tribunal Judicial da Comarca de Porto\"},\"image\":{\"@id\":\"https:\/\/comarcas.csm.org.pt\/porto\/#\/schema\/logo\/image\/\"}},{\"@type\":\"Person\",\"@id\":\"https:\/\/comarcas.csm.org.pt\/porto\/#\/schema\/person\/ef56fef4e8b5c106ca0ab5f19448ec61\",\"name\":\"porto\",\"image\":{\"@type\":\"ImageObject\",\"inLanguage\":\"pt-PT\",\"@id\":\"https:\/\/comarcas.csm.org.pt\/porto\/#\/schema\/person\/image\/\",\"url\":\"https:\/\/secure.gravatar.com\/avatar\/0c7d0270c704b771a4d11f8fa662d594ace70c178814288e2d15e1a64c1b5460?s=96&d=mm&r=g\",\"contentUrl\":\"https:\/\/secure.gravatar.com\/avatar\/0c7d0270c704b771a4d11f8fa662d594ace70c178814288e2d15e1a64c1b5460?s=96&d=mm&r=g\",\"caption\":\"porto\"},\"url\":\"https:\/\/comarcas.csm.org.pt\/porto\/blog\/author\/porto\/\"}]}<\/script>\n<!-- \/ Yoast SEO plugin. -->","yoast_head_json":{"title":"Reuni\u00e3o estrat\u00e9gica \u2013 Rede Metropolitana de Intera\u00e7\u00e3o e Interven\u00e7\u00e3o no \u00e2mbito da Igualdade e da Viol\u00eancia Dom\u00e9stica - Tribunal Judicial da Comarca de Porto","robots":{"index":"index","follow":"follow","max-snippet":"max-snippet:-1","max-image-preview":"max-image-preview:large","max-video-preview":"max-video-preview:-1"},"canonical":"https:\/\/comarcas.csm.org.pt\/porto\/blog\/2026\/05\/27\/reuniao-estrategica-rede-metropolitana-de-interacao-e-intervencao-no-ambito-da-igualdade-e-da-violencia-domestica\/","og_locale":"pt_PT","og_type":"article","og_title":"Reuni\u00e3o estrat\u00e9gica \u2013 Rede Metropolitana de Intera\u00e7\u00e3o e Interven\u00e7\u00e3o no \u00e2mbito da Igualdade e da Viol\u00eancia Dom\u00e9stica - Tribunal Judicial da Comarca de Porto","og_description":"A \u00c1rea Metropolitana do Porto (AMP) promoveu, no dia 25 de maio de 2026, uma reuni\u00e3o dedicada \u00e0 tem\u00e1tica da viol\u00eancia dom\u00e9stica, reunindo um conjunto alargado de entidades com interven\u00e7\u00e3o neste dom\u00ednio, na qual marcou...","og_url":"https:\/\/comarcas.csm.org.pt\/porto\/blog\/2026\/05\/27\/reuniao-estrategica-rede-metropolitana-de-interacao-e-intervencao-no-ambito-da-igualdade-e-da-violencia-domestica\/","og_site_name":"Tribunal Judicial da Comarca de Porto","article_published_time":"2026-05-27T12:44:34+00:00","article_modified_time":"2026-09-01T12:46:34+00:00","og_image":[{"width":1024,"height":682,"url":"https:\/\/comarcas.csm.org.pt\/porto\/wp-content\/uploads\/sites\/22\/2026\/09\/imag1-1.jpg","type":"image\/jpeg"}],"author":"porto","twitter_card":"summary_large_image","twitter_misc":{"Escrito por":"porto","Tempo estimado de leitura":"2 minutos"},"schema":{"@context":"https:\/\/schema.org","@graph":[{"@type":"Article","@id":"https:\/\/comarcas.csm.org.pt\/porto\/blog\/2026\/05\/27\/reuniao-estrategica-rede-metropolitana-de-interacao-e-intervencao-no-ambito-da-igualdade-e-da-violencia-domestica\/#article","isPartOf":{"@id":"https:\/\/comarcas.csm.org.pt\/porto\/blog\/2026\/05\/27\/reuniao-estrategica-rede-metropolitana-de-interacao-e-intervencao-no-ambito-da-igualdade-e-da-violencia-domestica\/"},"author":{"name":"porto","@id":"https:\/\/comarcas.csm.org.pt\/porto\/#\/schema\/person\/ef56fef4e8b5c106ca0ab5f19448ec61"},"headline":"Reuni\u00e3o estrat\u00e9gica \u2013 Rede Metropolitana de Intera\u00e7\u00e3o e Interven\u00e7\u00e3o no \u00e2mbito da Igualdade e da Viol\u00eancia Dom\u00e9stica","datePublished":"2026-05-27T12:44:34+00:00","dateModified":"2026-09-01T12:46:34+00:00","mainEntityOfPage":{"@id":"https:\/\/comarcas.csm.org.pt\/porto\/blog\/2026\/05\/27\/reuniao-estrategica-rede-metropolitana-de-interacao-e-intervencao-no-ambito-da-igualdade-e-da-violencia-domestica\/"},"wordCount":211,"publisher":{"@id":"https:\/\/comarcas.csm.org.pt\/porto\/#organization"},"image":{"@id":"https:\/\/comarcas.csm.org.pt\/porto\/blog\/2026\/05\/27\/reuniao-estrategica-rede-metropolitana-de-interacao-e-intervencao-no-ambito-da-igualdade-e-da-violencia-domestica\/#primaryimage"},"thumbnailUrl":"https:\/\/comarcas.csm.org.pt\/porto\/wp-content\/uploads\/sites\/22\/2026\/09\/imag1-1.jpg","articleSection":["Geral"],"inLanguage":"pt-PT"},{"@type":"WebPage","@id":"https:\/\/comarcas.csm.org.pt\/porto\/blog\/2026\/05\/27\/reuniao-estrategica-rede-metropolitana-de-interacao-e-intervencao-no-ambito-da-igualdade-e-da-violencia-domestica\/","url":"https:\/\/comarcas.csm.org.pt\/porto\/blog\/2026\/05\/27\/reuniao-estrategica-rede-metropolitana-de-interacao-e-intervencao-no-ambito-da-igualdade-e-da-violencia-domestica\/","name":"Reuni\u00e3o estrat\u00e9gica \u2013 Rede Metropolitana de Intera\u00e7\u00e3o e Interven\u00e7\u00e3o no \u00e2mbito da Igualdade e da Viol\u00eancia Dom\u00e9stica - Tribunal Judicial da Comarca de Porto","isPartOf":{"@id":"https:\/\/comarcas.csm.org.pt\/porto\/#website"},"primaryImageOfPage":{"@id":"https:\/\/comarcas.csm.org.pt\/porto\/blog\/2026\/05\/27\/reuniao-estrategica-rede-metropolitana-de-interacao-e-intervencao-no-ambito-da-igualdade-e-da-violencia-domestica\/#primaryimage"},"image":{"@id":"https:\/\/comarcas.csm.org.pt\/porto\/blog\/2026\/05\/27\/reuniao-estrategica-rede-metropolitana-de-interacao-e-intervencao-no-ambito-da-igualdade-e-da-violencia-domestica\/#primaryimage"},"thumbnailUrl":"https:\/\/comarcas.csm.org.pt\/porto\/wp-content\/uploads\/sites\/22\/2026\/09\/imag1-1.jpg","datePublished":"2026-05-27T12:44:34+00:00","dateModified":"2026-09-01T12:46:34+00:00","breadcrumb":{"@id":"https:\/\/comarcas.csm.org.pt\/porto\/blog\/2026\/05\/27\/reuniao-estrategica-rede-metropolitana-de-interacao-e-intervencao-no-ambito-da-igualdade-e-da-violencia-domestica\/#breadcrumb"},"inLanguage":"pt-PT","potentialAction":[{"@type":"ReadAction","target":["https:\/\/comarcas.csm.org.pt\/porto\/blog\/2026\/05\/27\/reuniao-estrategica-rede-metropolitana-de-interacao-e-intervencao-no-ambito-da-igualdade-e-da-violencia-domestica\/"]}]},{"@type":"ImageObject","inLanguage":"pt-PT","@id":"https:\/\/comarcas.csm.org.pt\/porto\/blog\/2026\/05\/27\/reuniao-estrategica-rede-metropolitana-de-interacao-e-intervencao-no-ambito-da-igualdade-e-da-violencia-domestica\/#primaryimage","url":"https:\/\/comarcas.csm.org.pt\/porto\/wp-content\/uploads\/sites\/22\/2026\/09\/imag1-1.jpg","contentUrl":"https:\/\/comarcas.csm.org.pt\/porto\/wp-content\/uploads\/sites\/22\/2026\/09\/imag1-1.jpg","width":1024,"height":682},{"@type":"BreadcrumbList","@id":"https:\/\/comarcas.csm.org.pt\/porto\/blog\/2026\/05\/27\/reuniao-estrategica-rede-metropolitana-de-interacao-e-intervencao-no-ambito-da-igualdade-e-da-violencia-domestica\/#breadcrumb","itemListElement":[{"@type":"ListItem","position":1,"name":"In\u00edcio","item":"https:\/\/comarcas.csm.org.pt\/porto\/"},{"@type":"ListItem","position":2,"name":"Reuni\u00e3o estrat\u00e9gica \u2013 Rede Metropolitana de Intera\u00e7\u00e3o e Interven\u00e7\u00e3o no \u00e2mbito da Igualdade e da Viol\u00eancia Dom\u00e9stica"}]},{"@type":"WebSite","@id":"https:\/\/comarcas.csm.org.pt\/porto\/#website","url":"https:\/\/comarcas.csm.org.pt\/porto\/","name":"Tribunal Judicial da Comarca de Porto","description":"Tribunal Judicial da Comarca do Porto","publisher":{"@id":"https:\/\/comarcas.csm.org.pt\/porto\/#organization"},"potentialAction":[{"@type":"SearchAction","target":{"@type":"EntryPoint","urlTemplate":"https:\/\/comarcas.csm.org.pt\/porto\/?s={search_term_string}"},"query-input":{"@type":"PropertyValueSpecification","valueRequired":true,"valueName":"search_term_string"}}],"inLanguage":"pt-PT"},{"@type":"Organization","@id":"https:\/\/comarcas.csm.org.pt\/porto\/#organization","name":"Tribunal Judicial da Comarca de Porto","url":"https:\/\/comarcas.csm.org.pt\/porto\/","logo":{"@type":"ImageObject","inLanguage":"pt-PT","@id":"https:\/\/comarcas.csm.org.pt\/porto\/#\/schema\/logo\/image\/","url":"https:\/\/comarcas.csm.org.pt\/porto\/wp-content\/uploads\/sites\/22\/2024\/11\/Porto_positivo-horizontal.png","contentUrl":"https:\/\/comarcas.csm.org.pt\/porto\/wp-content\/uploads\/sites\/22\/2024\/11\/Porto_positivo-horizontal.png","width":4811,"height":1215,"caption":"Tribunal Judicial da Comarca de Porto"},"image":{"@id":"https:\/\/comarcas.csm.org.pt\/porto\/#\/schema\/logo\/image\/"}},{"@type":"Person","@id":"https:\/\/comarcas.csm.org.pt\/porto\/#\/schema\/person\/ef56fef4e8b5c106ca0ab5f19448ec61","name":"porto","image":{"@type":"ImageObject","inLanguage":"pt-PT","@id":"https:\/\/comarcas.csm.org.pt\/porto\/#\/schema\/person\/image\/","url":"https:\/\/secure.gravatar.com\/avatar\/0c7d0270c704b771a4d11f8fa662d594ace70c178814288e2d15e1a64c1b5460?s=96&d=mm&r=g","contentUrl":"https:\/\/secure.gravatar.com\/avatar\/0c7d0270c704b771a4d11f8fa662d594ace70c178814288e2d15e1a64c1b5460?s=96&d=mm&r=g","caption":"porto"},"url":"https:\/\/comarcas.csm.org.pt\/porto\/blog\/author\/porto\/"}]}},"_links":{"self":[{"href":"https:\/\/comarcas.csm.org.pt\/porto\/wp-json\/wp\/v2\/posts\/13349","targetHints":{"allow":["GET"]}}],"collection":[{"href":"https:\/\/comarcas.csm.org.pt\/porto\/wp-json\/wp\/v2\/posts"}],"about":[{"href":"https:\/\/comarcas.csm.org.pt\/porto\/wp-json\/wp\/v2\/types\/post"}],"author":[{"embeddable":true,"href":"https:\/\/comarcas.csm.org.pt\/porto\/wp-json\/wp\/v2\/users\/22"}],"replies":[{"embeddable":true,"href":"https:\/\/comarcas.csm.org.pt\/porto\/wp-json\/wp\/v2\/comments?post=13349"}],"version-history":[{"count":1,"href":"https:\/\/comarcas.csm.org.pt\/porto\/wp-json\/wp\/v2\/posts\/13349\/revisions"}],"predecessor-version":[{"id":13353,"href":"https:\/\/comarcas.csm.org.pt\/porto\/wp-json\/wp\/v2\/posts\/13349\/revisions\/13353"}],"wp:featuredmedia":[{"embeddable":true,"href":"https:\/\/comarcas.csm.org.pt\/porto\/wp-json\/wp\/v2\/media\/13352"}],"wp:attachment":[{"href":"https:\/\/comarcas.csm.org.pt\/porto\/wp-json\/wp\/v2\/media?parent=13349"}],"wp:term":[{"taxonomy":"category","embeddable":true,"href":"https:\/\/comarcas.csm.org.pt\/porto\/wp-json\/wp\/v2\/categories?post=13349"},{"taxonomy":"post_tag","embeddable":true,"href":"https:\/\/comarcas.csm.org.pt\/porto\/wp-json\/wp\/v2\/tags?post=13349"}],"curies":[{"name":"wp","href":"https:\/\/api.w.org\/{rel}","templated":true}]}}