{"id":13355,"date":"2026-06-01T12:46:54","date_gmt":"2026-06-01T12:46:54","guid":{"rendered":"https:\/\/comarcas.csm.org.pt\/porto\/?p=13355"},"modified":"2026-09-01T12:48:37","modified_gmt":"2026-09-01T12:48:37","slug":"sessao-solene-de-vila-real-50-anos-da-constituicao-da-republica-portuguesa-70-anos-da-inauguracao-do-palacio-de-justica-10-anos-do-edificio-dos-juizos-civeis","status":"publish","type":"post","link":"https:\/\/comarcas.csm.org.pt\/porto\/blog\/2026\/06\/01\/sessao-solene-de-vila-real-50-anos-da-constituicao-da-republica-portuguesa-70-anos-da-inauguracao-do-palacio-de-justica-10-anos-do-edificio-dos-juizos-civeis\/","title":{"rendered":"Sess\u00e3o Solene de Vila Real | 50 anos da Constitui\u00e7\u00e3o da Rep\u00fablica Portuguesa | 70 anos da inaugura\u00e7\u00e3o do Pal\u00e1cio de Justi\u00e7a | 10 anos do Edif\u00edcio dos Ju\u00edzos C\u00edveis"},"content":{"rendered":"\n<p>No dia 26 de maio de 2026, no Conservat\u00f3rio de M\u00fasica de Vila Real, teve lugar a Sess\u00e3o Solene comemorativa dos 50 anos da Constitui\u00e7\u00e3o da Rep\u00fablica Portuguesa, dos 70 anos do edif\u00edcio sede do Tribunal Judicial da Comarca de Vila Real e dos 10 anos do edif\u00edcio onde est\u00e3o instalados os ju\u00edzos c\u00edveis, do trabalho e de com\u00e9rcio, tendo contado com a presen\u00e7a da Senhora Juiz Presidente do Tribunal Judicial da Comarca do Porto.<\/p>\n\n\n\n<figure class=\"wp-block-gallery has-nested-images columns-default is-cropped wp-block-gallery-1 is-layout-flex wp-block-gallery-is-layout-flex\">\n<figure class=\"wp-block-image size-large\"><img fetchpriority=\"high\" decoding=\"async\" width=\"724\" height=\"1024\" data-id=\"13356\" src=\"https:\/\/comarcas.csm.org.pt\/porto\/wp-content\/uploads\/sites\/22\/2026\/09\/2026Cartaz-Sessao-Solene-Vila-Real.jpg-1086x1536-1-724x1024.jpeg\" alt=\"\" class=\"wp-image-13356\" srcset=\"https:\/\/comarcas.csm.org.pt\/porto\/wp-content\/uploads\/sites\/22\/2026\/09\/2026Cartaz-Sessao-Solene-Vila-Real.jpg-1086x1536-1-724x1024.jpeg 724w, https:\/\/comarcas.csm.org.pt\/porto\/wp-content\/uploads\/sites\/22\/2026\/09\/2026Cartaz-Sessao-Solene-Vila-Real.jpg-1086x1536-1-212x300.jpeg 212w, https:\/\/comarcas.csm.org.pt\/porto\/wp-content\/uploads\/sites\/22\/2026\/09\/2026Cartaz-Sessao-Solene-Vila-Real.jpg-1086x1536-1-768x1086.jpeg 768w, https:\/\/comarcas.csm.org.pt\/porto\/wp-content\/uploads\/sites\/22\/2026\/09\/2026Cartaz-Sessao-Solene-Vila-Real.jpg-1086x1536-1.jpeg 1086w\" sizes=\"(max-width: 724px) 100vw, 724px\" \/><\/figure>\n\n\n\n<figure class=\"wp-block-image size-large\"><img decoding=\"async\" width=\"1024\" height=\"684\" data-id=\"13357\" src=\"https:\/\/comarcas.csm.org.pt\/porto\/wp-content\/uploads\/sites\/22\/2026\/09\/202605-Vila-Real-plateia-scaled-1-1024x684.jpg\" alt=\"\" class=\"wp-image-13357\" srcset=\"https:\/\/comarcas.csm.org.pt\/porto\/wp-content\/uploads\/sites\/22\/2026\/09\/202605-Vila-Real-plateia-scaled-1-1024x684.jpg 1024w, https:\/\/comarcas.csm.org.pt\/porto\/wp-content\/uploads\/sites\/22\/2026\/09\/202605-Vila-Real-plateia-scaled-1-300x201.jpg 300w, https:\/\/comarcas.csm.org.pt\/porto\/wp-content\/uploads\/sites\/22\/2026\/09\/202605-Vila-Real-plateia-scaled-1-768x513.jpg 768w, https:\/\/comarcas.csm.org.pt\/porto\/wp-content\/uploads\/sites\/22\/2026\/09\/202605-Vila-Real-plateia-scaled-1-1536x1027.jpg 1536w, https:\/\/comarcas.csm.org.pt\/porto\/wp-content\/uploads\/sites\/22\/2026\/09\/202605-Vila-Real-plateia-scaled-1-2048x1369.jpg 2048w\" sizes=\"(max-width: 1024px) 100vw, 1024px\" \/><\/figure>\n<\/figure>\n","protected":false},"excerpt":{"rendered":"<p>No dia 26 de maio de 2026, no Conservat\u00f3rio de M\u00fasica de Vila Real, teve lugar a Sess\u00e3o Solene comemorativa dos 50 anos da Constitui\u00e7\u00e3o da Rep\u00fablica Portuguesa, dos 70 anos do edif\u00edcio sede do&#8230;<\/p>\n","protected":false},"author":22,"featured_media":13356,"comment_status":"closed","ping_status":"open","sticky":false,"template":"","format":"standard","meta":{"_tbt_post_transparent":"","_tbt_post_title":"","_tbt_post_layout":"","_tbt_post_sidebar_id":"","_tbt_post_content_style":"","_tbt_post_vertical_padding":"","_tbt_post_feature":"","_tbt_post_feature_position":"","_tbt_post_header":false,"_tbt_post_footer":false},"categories":[1],"tags":[],"class_list":["post-13355","post","type-post","status-publish","format-standard","has-post-thumbnail","hentry","category-geral"],"yoast_head":"<!-- This site is optimized with the Yoast SEO plugin v25.6 - https:\/\/yoast.com\/wordpress\/plugins\/seo\/ -->\n<title>Sess\u00e3o Solene de Vila Real | 50 anos da Constitui\u00e7\u00e3o da Rep\u00fablica Portuguesa | 70 anos da inaugura\u00e7\u00e3o do Pal\u00e1cio de Justi\u00e7a | 10 anos do Edif\u00edcio dos Ju\u00edzos C\u00edveis - Tribunal Judicial da Comarca de Porto<\/title>\n<meta name=\"robots\" content=\"index, follow, max-snippet:-1, max-image-preview:large, max-video-preview:-1\" \/>\n<link rel=\"canonical\" href=\"https:\/\/comarcas.csm.org.pt\/porto\/blog\/2026\/06\/01\/sessao-solene-de-vila-real-50-anos-da-constituicao-da-republica-portuguesa-70-anos-da-inauguracao-do-palacio-de-justica-10-anos-do-edificio-dos-juizos-civeis\/\" \/>\n<meta property=\"og:locale\" content=\"pt_PT\" \/>\n<meta property=\"og:type\" content=\"article\" \/>\n<meta property=\"og:title\" content=\"Sess\u00e3o Solene de Vila Real | 50 anos da Constitui\u00e7\u00e3o da Rep\u00fablica Portuguesa | 70 anos da inaugura\u00e7\u00e3o do Pal\u00e1cio de Justi\u00e7a | 10 anos do Edif\u00edcio dos Ju\u00edzos C\u00edveis - Tribunal Judicial da Comarca de Porto\" \/>\n<meta property=\"og:description\" content=\"No dia 26 de maio de 2026, no Conservat\u00f3rio de M\u00fasica de Vila Real, teve lugar a Sess\u00e3o Solene comemorativa dos 50 anos da Constitui\u00e7\u00e3o da Rep\u00fablica Portuguesa, dos 70 anos do edif\u00edcio sede do...\" \/>\n<meta property=\"og:url\" content=\"https:\/\/comarcas.csm.org.pt\/porto\/blog\/2026\/06\/01\/sessao-solene-de-vila-real-50-anos-da-constituicao-da-republica-portuguesa-70-anos-da-inauguracao-do-palacio-de-justica-10-anos-do-edificio-dos-juizos-civeis\/\" \/>\n<meta property=\"og:site_name\" content=\"Tribunal Judicial da Comarca de Porto\" \/>\n<meta property=\"article:published_time\" content=\"2026-06-01T12:46:54+00:00\" \/>\n<meta property=\"article:modified_time\" content=\"2026-09-01T12:48:37+00:00\" \/>\n<meta property=\"og:image\" content=\"https:\/\/comarcas.csm.org.pt\/porto\/wp-content\/uploads\/sites\/22\/2026\/09\/2026Cartaz-Sessao-Solene-Vila-Real.jpg-1086x1536-1.jpeg\" \/>\n\t<meta property=\"og:image:width\" content=\"1086\" \/>\n\t<meta property=\"og:image:height\" content=\"1536\" \/>\n\t<meta property=\"og:image:type\" content=\"image\/jpeg\" \/>\n<meta name=\"author\" content=\"porto\" \/>\n<meta name=\"twitter:card\" content=\"summary_large_image\" \/>\n<meta name=\"twitter:label1\" content=\"Escrito por\" \/>\n\t<meta name=\"twitter:data1\" content=\"porto\" \/>\n\t<meta name=\"twitter:label2\" content=\"Tempo estimado de leitura\" \/>\n\t<meta name=\"twitter:data2\" content=\"2 minutos\" \/>\n<script type=\"application\/ld+json\" class=\"yoast-schema-graph\">{\"@context\":\"https:\/\/schema.org\",\"@graph\":[{\"@type\":\"Article\",\"@id\":\"https:\/\/comarcas.csm.org.pt\/porto\/blog\/2026\/06\/01\/sessao-solene-de-vila-real-50-anos-da-constituicao-da-republica-portuguesa-70-anos-da-inauguracao-do-palacio-de-justica-10-anos-do-edificio-dos-juizos-civeis\/#article\",\"isPartOf\":{\"@id\":\"https:\/\/comarcas.csm.org.pt\/porto\/blog\/2026\/06\/01\/sessao-solene-de-vila-real-50-anos-da-constituicao-da-republica-portuguesa-70-anos-da-inauguracao-do-palacio-de-justica-10-anos-do-edificio-dos-juizos-civeis\/\"},\"author\":{\"name\":\"porto\",\"@id\":\"https:\/\/comarcas.csm.org.pt\/porto\/#\/schema\/person\/ef56fef4e8b5c106ca0ab5f19448ec61\"},\"headline\":\"Sess\u00e3o Solene de Vila Real | 50 anos da Constitui\u00e7\u00e3o da Rep\u00fablica Portuguesa | 70 anos da inaugura\u00e7\u00e3o do Pal\u00e1cio de Justi\u00e7a | 10 anos do Edif\u00edcio dos Ju\u00edzos C\u00edveis\",\"datePublished\":\"2026-06-01T12:46:54+00:00\",\"dateModified\":\"2026-09-01T12:48:37+00:00\",\"mainEntityOfPage\":{\"@id\":\"https:\/\/comarcas.csm.org.pt\/porto\/blog\/2026\/06\/01\/sessao-solene-de-vila-real-50-anos-da-constituicao-da-republica-portuguesa-70-anos-da-inauguracao-do-palacio-de-justica-10-anos-do-edificio-dos-juizos-civeis\/\"},\"wordCount\":115,\"publisher\":{\"@id\":\"https:\/\/comarcas.csm.org.pt\/porto\/#organization\"},\"image\":{\"@id\":\"https:\/\/comarcas.csm.org.pt\/porto\/blog\/2026\/06\/01\/sessao-solene-de-vila-real-50-anos-da-constituicao-da-republica-portuguesa-70-anos-da-inauguracao-do-palacio-de-justica-10-anos-do-edificio-dos-juizos-civeis\/#primaryimage\"},\"thumbnailUrl\":\"https:\/\/comarcas.csm.org.pt\/porto\/wp-content\/uploads\/sites\/22\/2026\/09\/2026Cartaz-Sessao-Solene-Vila-Real.jpg-1086x1536-1.jpeg\",\"articleSection\":[\"Geral\"],\"inLanguage\":\"pt-PT\"},{\"@type\":\"WebPage\",\"@id\":\"https:\/\/comarcas.csm.org.pt\/porto\/blog\/2026\/06\/01\/sessao-solene-de-vila-real-50-anos-da-constituicao-da-republica-portuguesa-70-anos-da-inauguracao-do-palacio-de-justica-10-anos-do-edificio-dos-juizos-civeis\/\",\"url\":\"https:\/\/comarcas.csm.org.pt\/porto\/blog\/2026\/06\/01\/sessao-solene-de-vila-real-50-anos-da-constituicao-da-republica-portuguesa-70-anos-da-inauguracao-do-palacio-de-justica-10-anos-do-edificio-dos-juizos-civeis\/\",\"name\":\"Sess\u00e3o Solene de Vila Real | 50 anos da Constitui\u00e7\u00e3o da Rep\u00fablica Portuguesa | 70 anos da inaugura\u00e7\u00e3o do Pal\u00e1cio de Justi\u00e7a | 10 anos do Edif\u00edcio dos Ju\u00edzos C\u00edveis - Tribunal Judicial da Comarca de Porto\",\"isPartOf\":{\"@id\":\"https:\/\/comarcas.csm.org.pt\/porto\/#website\"},\"primaryImageOfPage\":{\"@id\":\"https:\/\/comarcas.csm.org.pt\/porto\/blog\/2026\/06\/01\/sessao-solene-de-vila-real-50-anos-da-constituicao-da-republica-portuguesa-70-anos-da-inauguracao-do-palacio-de-justica-10-anos-do-edificio-dos-juizos-civeis\/#primaryimage\"},\"image\":{\"@id\":\"https:\/\/comarcas.csm.org.pt\/porto\/blog\/2026\/06\/01\/sessao-solene-de-vila-real-50-anos-da-constituicao-da-republica-portuguesa-70-anos-da-inauguracao-do-palacio-de-justica-10-anos-do-edificio-dos-juizos-civeis\/#primaryimage\"},\"thumbnailUrl\":\"https:\/\/comarcas.csm.org.pt\/porto\/wp-content\/uploads\/sites\/22\/2026\/09\/2026Cartaz-Sessao-Solene-Vila-Real.jpg-1086x1536-1.jpeg\",\"datePublished\":\"2026-06-01T12:46:54+00:00\",\"dateModified\":\"2026-09-01T12:48:37+00:00\",\"breadcrumb\":{\"@id\":\"https:\/\/comarcas.csm.org.pt\/porto\/blog\/2026\/06\/01\/sessao-solene-de-vila-real-50-anos-da-constituicao-da-republica-portuguesa-70-anos-da-inauguracao-do-palacio-de-justica-10-anos-do-edificio-dos-juizos-civeis\/#breadcrumb\"},\"inLanguage\":\"pt-PT\",\"potentialAction\":[{\"@type\":\"ReadAction\",\"target\":[\"https:\/\/comarcas.csm.org.pt\/porto\/blog\/2026\/06\/01\/sessao-solene-de-vila-real-50-anos-da-constituicao-da-republica-portuguesa-70-anos-da-inauguracao-do-palacio-de-justica-10-anos-do-edificio-dos-juizos-civeis\/\"]}]},{\"@type\":\"ImageObject\",\"inLanguage\":\"pt-PT\",\"@id\":\"https:\/\/comarcas.csm.org.pt\/porto\/blog\/2026\/06\/01\/sessao-solene-de-vila-real-50-anos-da-constituicao-da-republica-portuguesa-70-anos-da-inauguracao-do-palacio-de-justica-10-anos-do-edificio-dos-juizos-civeis\/#primaryimage\",\"url\":\"https:\/\/comarcas.csm.org.pt\/porto\/wp-content\/uploads\/sites\/22\/2026\/09\/2026Cartaz-Sessao-Solene-Vila-Real.jpg-1086x1536-1.jpeg\",\"contentUrl\":\"https:\/\/comarcas.csm.org.pt\/porto\/wp-content\/uploads\/sites\/22\/2026\/09\/2026Cartaz-Sessao-Solene-Vila-Real.jpg-1086x1536-1.jpeg\",\"width\":1086,\"height\":1536},{\"@type\":\"BreadcrumbList\",\"@id\":\"https:\/\/comarcas.csm.org.pt\/porto\/blog\/2026\/06\/01\/sessao-solene-de-vila-real-50-anos-da-constituicao-da-republica-portuguesa-70-anos-da-inauguracao-do-palacio-de-justica-10-anos-do-edificio-dos-juizos-civeis\/#breadcrumb\",\"itemListElement\":[{\"@type\":\"ListItem\",\"position\":1,\"name\":\"In\u00edcio\",\"item\":\"https:\/\/comarcas.csm.org.pt\/porto\/\"},{\"@type\":\"ListItem\",\"position\":2,\"name\":\"Sess\u00e3o Solene de Vila Real | 50 anos da Constitui\u00e7\u00e3o da Rep\u00fablica Portuguesa | 70 anos da inaugura\u00e7\u00e3o do Pal\u00e1cio de Justi\u00e7a | 10 anos do Edif\u00edcio dos Ju\u00edzos C\u00edveis\"}]},{\"@type\":\"WebSite\",\"@id\":\"https:\/\/comarcas.csm.org.pt\/porto\/#website\",\"url\":\"https:\/\/comarcas.csm.org.pt\/porto\/\",\"name\":\"Tribunal Judicial da Comarca de Porto\",\"description\":\"Tribunal Judicial da Comarca do Porto\",\"publisher\":{\"@id\":\"https:\/\/comarcas.csm.org.pt\/porto\/#organization\"},\"potentialAction\":[{\"@type\":\"SearchAction\",\"target\":{\"@type\":\"EntryPoint\",\"urlTemplate\":\"https:\/\/comarcas.csm.org.pt\/porto\/?s={search_term_string}\"},\"query-input\":{\"@type\":\"PropertyValueSpecification\",\"valueRequired\":true,\"valueName\":\"search_term_string\"}}],\"inLanguage\":\"pt-PT\"},{\"@type\":\"Organization\",\"@id\":\"https:\/\/comarcas.csm.org.pt\/porto\/#organization\",\"name\":\"Tribunal Judicial da Comarca de Porto\",\"url\":\"https:\/\/comarcas.csm.org.pt\/porto\/\",\"logo\":{\"@type\":\"ImageObject\",\"inLanguage\":\"pt-PT\",\"@id\":\"https:\/\/comarcas.csm.org.pt\/porto\/#\/schema\/logo\/image\/\",\"url\":\"https:\/\/comarcas.csm.org.pt\/porto\/wp-content\/uploads\/sites\/22\/2024\/11\/Porto_positivo-horizontal.png\",\"contentUrl\":\"https:\/\/comarcas.csm.org.pt\/porto\/wp-content\/uploads\/sites\/22\/2024\/11\/Porto_positivo-horizontal.png\",\"width\":4811,\"height\":1215,\"caption\":\"Tribunal Judicial da Comarca de Porto\"},\"image\":{\"@id\":\"https:\/\/comarcas.csm.org.pt\/porto\/#\/schema\/logo\/image\/\"}},{\"@type\":\"Person\",\"@id\":\"https:\/\/comarcas.csm.org.pt\/porto\/#\/schema\/person\/ef56fef4e8b5c106ca0ab5f19448ec61\",\"name\":\"porto\",\"image\":{\"@type\":\"ImageObject\",\"inLanguage\":\"pt-PT\",\"@id\":\"https:\/\/comarcas.csm.org.pt\/porto\/#\/schema\/person\/image\/\",\"url\":\"https:\/\/secure.gravatar.com\/avatar\/0c7d0270c704b771a4d11f8fa662d594ace70c178814288e2d15e1a64c1b5460?s=96&d=mm&r=g\",\"contentUrl\":\"https:\/\/secure.gravatar.com\/avatar\/0c7d0270c704b771a4d11f8fa662d594ace70c178814288e2d15e1a64c1b5460?s=96&d=mm&r=g\",\"caption\":\"porto\"},\"url\":\"https:\/\/comarcas.csm.org.pt\/porto\/blog\/author\/porto\/\"}]}<\/script>\n<!-- \/ Yoast SEO plugin. -->","yoast_head_json":{"title":"Sess\u00e3o Solene de Vila Real | 50 anos da Constitui\u00e7\u00e3o da Rep\u00fablica Portuguesa | 70 anos da inaugura\u00e7\u00e3o do Pal\u00e1cio de Justi\u00e7a | 10 anos do Edif\u00edcio dos Ju\u00edzos C\u00edveis - Tribunal Judicial da Comarca de Porto","robots":{"index":"index","follow":"follow","max-snippet":"max-snippet:-1","max-image-preview":"max-image-preview:large","max-video-preview":"max-video-preview:-1"},"canonical":"https:\/\/comarcas.csm.org.pt\/porto\/blog\/2026\/06\/01\/sessao-solene-de-vila-real-50-anos-da-constituicao-da-republica-portuguesa-70-anos-da-inauguracao-do-palacio-de-justica-10-anos-do-edificio-dos-juizos-civeis\/","og_locale":"pt_PT","og_type":"article","og_title":"Sess\u00e3o Solene de Vila Real | 50 anos da Constitui\u00e7\u00e3o da Rep\u00fablica Portuguesa | 70 anos da inaugura\u00e7\u00e3o do Pal\u00e1cio de Justi\u00e7a | 10 anos do Edif\u00edcio dos Ju\u00edzos C\u00edveis - Tribunal Judicial da Comarca de Porto","og_description":"No dia 26 de maio de 2026, no Conservat\u00f3rio de M\u00fasica de Vila Real, teve lugar a Sess\u00e3o Solene comemorativa dos 50 anos da Constitui\u00e7\u00e3o da Rep\u00fablica Portuguesa, dos 70 anos do edif\u00edcio sede do...","og_url":"https:\/\/comarcas.csm.org.pt\/porto\/blog\/2026\/06\/01\/sessao-solene-de-vila-real-50-anos-da-constituicao-da-republica-portuguesa-70-anos-da-inauguracao-do-palacio-de-justica-10-anos-do-edificio-dos-juizos-civeis\/","og_site_name":"Tribunal Judicial da Comarca de Porto","article_published_time":"2026-06-01T12:46:54+00:00","article_modified_time":"2026-09-01T12:48:37+00:00","og_image":[{"width":1086,"height":1536,"url":"https:\/\/comarcas.csm.org.pt\/porto\/wp-content\/uploads\/sites\/22\/2026\/09\/2026Cartaz-Sessao-Solene-Vila-Real.jpg-1086x1536-1.jpeg","type":"image\/jpeg"}],"author":"porto","twitter_card":"summary_large_image","twitter_misc":{"Escrito por":"porto","Tempo estimado de leitura":"2 minutos"},"schema":{"@context":"https:\/\/schema.org","@graph":[{"@type":"Article","@id":"https:\/\/comarcas.csm.org.pt\/porto\/blog\/2026\/06\/01\/sessao-solene-de-vila-real-50-anos-da-constituicao-da-republica-portuguesa-70-anos-da-inauguracao-do-palacio-de-justica-10-anos-do-edificio-dos-juizos-civeis\/#article","isPartOf":{"@id":"https:\/\/comarcas.csm.org.pt\/porto\/blog\/2026\/06\/01\/sessao-solene-de-vila-real-50-anos-da-constituicao-da-republica-portuguesa-70-anos-da-inauguracao-do-palacio-de-justica-10-anos-do-edificio-dos-juizos-civeis\/"},"author":{"name":"porto","@id":"https:\/\/comarcas.csm.org.pt\/porto\/#\/schema\/person\/ef56fef4e8b5c106ca0ab5f19448ec61"},"headline":"Sess\u00e3o Solene de Vila Real | 50 anos da Constitui\u00e7\u00e3o da Rep\u00fablica Portuguesa | 70 anos da inaugura\u00e7\u00e3o do Pal\u00e1cio de Justi\u00e7a | 10 anos do Edif\u00edcio dos Ju\u00edzos C\u00edveis","datePublished":"2026-06-01T12:46:54+00:00","dateModified":"2026-09-01T12:48:37+00:00","mainEntityOfPage":{"@id":"https:\/\/comarcas.csm.org.pt\/porto\/blog\/2026\/06\/01\/sessao-solene-de-vila-real-50-anos-da-constituicao-da-republica-portuguesa-70-anos-da-inauguracao-do-palacio-de-justica-10-anos-do-edificio-dos-juizos-civeis\/"},"wordCount":115,"publisher":{"@id":"https:\/\/comarcas.csm.org.pt\/porto\/#organization"},"image":{"@id":"https:\/\/comarcas.csm.org.pt\/porto\/blog\/2026\/06\/01\/sessao-solene-de-vila-real-50-anos-da-constituicao-da-republica-portuguesa-70-anos-da-inauguracao-do-palacio-de-justica-10-anos-do-edificio-dos-juizos-civeis\/#primaryimage"},"thumbnailUrl":"https:\/\/comarcas.csm.org.pt\/porto\/wp-content\/uploads\/sites\/22\/2026\/09\/2026Cartaz-Sessao-Solene-Vila-Real.jpg-1086x1536-1.jpeg","articleSection":["Geral"],"inLanguage":"pt-PT"},{"@type":"WebPage","@id":"https:\/\/comarcas.csm.org.pt\/porto\/blog\/2026\/06\/01\/sessao-solene-de-vila-real-50-anos-da-constituicao-da-republica-portuguesa-70-anos-da-inauguracao-do-palacio-de-justica-10-anos-do-edificio-dos-juizos-civeis\/","url":"https:\/\/comarcas.csm.org.pt\/porto\/blog\/2026\/06\/01\/sessao-solene-de-vila-real-50-anos-da-constituicao-da-republica-portuguesa-70-anos-da-inauguracao-do-palacio-de-justica-10-anos-do-edificio-dos-juizos-civeis\/","name":"Sess\u00e3o Solene de Vila Real | 50 anos da Constitui\u00e7\u00e3o da Rep\u00fablica Portuguesa | 70 anos da inaugura\u00e7\u00e3o do Pal\u00e1cio de Justi\u00e7a | 10 anos do Edif\u00edcio dos Ju\u00edzos C\u00edveis - Tribunal Judicial da Comarca de Porto","isPartOf":{"@id":"https:\/\/comarcas.csm.org.pt\/porto\/#website"},"primaryImageOfPage":{"@id":"https:\/\/comarcas.csm.org.pt\/porto\/blog\/2026\/06\/01\/sessao-solene-de-vila-real-50-anos-da-constituicao-da-republica-portuguesa-70-anos-da-inauguracao-do-palacio-de-justica-10-anos-do-edificio-dos-juizos-civeis\/#primaryimage"},"image":{"@id":"https:\/\/comarcas.csm.org.pt\/porto\/blog\/2026\/06\/01\/sessao-solene-de-vila-real-50-anos-da-constituicao-da-republica-portuguesa-70-anos-da-inauguracao-do-palacio-de-justica-10-anos-do-edificio-dos-juizos-civeis\/#primaryimage"},"thumbnailUrl":"https:\/\/comarcas.csm.org.pt\/porto\/wp-content\/uploads\/sites\/22\/2026\/09\/2026Cartaz-Sessao-Solene-Vila-Real.jpg-1086x1536-1.jpeg","datePublished":"2026-06-01T12:46:54+00:00","dateModified":"2026-09-01T12:48:37+00:00","breadcrumb":{"@id":"https:\/\/comarcas.csm.org.pt\/porto\/blog\/2026\/06\/01\/sessao-solene-de-vila-real-50-anos-da-constituicao-da-republica-portuguesa-70-anos-da-inauguracao-do-palacio-de-justica-10-anos-do-edificio-dos-juizos-civeis\/#breadcrumb"},"inLanguage":"pt-PT","potentialAction":[{"@type":"ReadAction","target":["https:\/\/comarcas.csm.org.pt\/porto\/blog\/2026\/06\/01\/sessao-solene-de-vila-real-50-anos-da-constituicao-da-republica-portuguesa-70-anos-da-inauguracao-do-palacio-de-justica-10-anos-do-edificio-dos-juizos-civeis\/"]}]},{"@type":"ImageObject","inLanguage":"pt-PT","@id":"https:\/\/comarcas.csm.org.pt\/porto\/blog\/2026\/06\/01\/sessao-solene-de-vila-real-50-anos-da-constituicao-da-republica-portuguesa-70-anos-da-inauguracao-do-palacio-de-justica-10-anos-do-edificio-dos-juizos-civeis\/#primaryimage","url":"https:\/\/comarcas.csm.org.pt\/porto\/wp-content\/uploads\/sites\/22\/2026\/09\/2026Cartaz-Sessao-Solene-Vila-Real.jpg-1086x1536-1.jpeg","contentUrl":"https:\/\/comarcas.csm.org.pt\/porto\/wp-content\/uploads\/sites\/22\/2026\/09\/2026Cartaz-Sessao-Solene-Vila-Real.jpg-1086x1536-1.jpeg","width":1086,"height":1536},{"@type":"BreadcrumbList","@id":"https:\/\/comarcas.csm.org.pt\/porto\/blog\/2026\/06\/01\/sessao-solene-de-vila-real-50-anos-da-constituicao-da-republica-portuguesa-70-anos-da-inauguracao-do-palacio-de-justica-10-anos-do-edificio-dos-juizos-civeis\/#breadcrumb","itemListElement":[{"@type":"ListItem","position":1,"name":"In\u00edcio","item":"https:\/\/comarcas.csm.org.pt\/porto\/"},{"@type":"ListItem","position":2,"name":"Sess\u00e3o Solene de Vila Real | 50 anos da Constitui\u00e7\u00e3o da Rep\u00fablica Portuguesa | 70 anos da inaugura\u00e7\u00e3o do Pal\u00e1cio de Justi\u00e7a | 10 anos do Edif\u00edcio dos Ju\u00edzos C\u00edveis"}]},{"@type":"WebSite","@id":"https:\/\/comarcas.csm.org.pt\/porto\/#website","url":"https:\/\/comarcas.csm.org.pt\/porto\/","name":"Tribunal Judicial da Comarca de Porto","description":"Tribunal Judicial da Comarca do Porto","publisher":{"@id":"https:\/\/comarcas.csm.org.pt\/porto\/#organization"},"potentialAction":[{"@type":"SearchAction","target":{"@type":"EntryPoint","urlTemplate":"https:\/\/comarcas.csm.org.pt\/porto\/?s={search_term_string}"},"query-input":{"@type":"PropertyValueSpecification","valueRequired":true,"valueName":"search_term_string"}}],"inLanguage":"pt-PT"},{"@type":"Organization","@id":"https:\/\/comarcas.csm.org.pt\/porto\/#organization","name":"Tribunal Judicial da Comarca de Porto","url":"https:\/\/comarcas.csm.org.pt\/porto\/","logo":{"@type":"ImageObject","inLanguage":"pt-PT","@id":"https:\/\/comarcas.csm.org.pt\/porto\/#\/schema\/logo\/image\/","url":"https:\/\/comarcas.csm.org.pt\/porto\/wp-content\/uploads\/sites\/22\/2024\/11\/Porto_positivo-horizontal.png","contentUrl":"https:\/\/comarcas.csm.org.pt\/porto\/wp-content\/uploads\/sites\/22\/2024\/11\/Porto_positivo-horizontal.png","width":4811,"height":1215,"caption":"Tribunal Judicial da Comarca de Porto"},"image":{"@id":"https:\/\/comarcas.csm.org.pt\/porto\/#\/schema\/logo\/image\/"}},{"@type":"Person","@id":"https:\/\/comarcas.csm.org.pt\/porto\/#\/schema\/person\/ef56fef4e8b5c106ca0ab5f19448ec61","name":"porto","image":{"@type":"ImageObject","inLanguage":"pt-PT","@id":"https:\/\/comarcas.csm.org.pt\/porto\/#\/schema\/person\/image\/","url":"https:\/\/secure.gravatar.com\/avatar\/0c7d0270c704b771a4d11f8fa662d594ace70c178814288e2d15e1a64c1b5460?s=96&d=mm&r=g","contentUrl":"https:\/\/secure.gravatar.com\/avatar\/0c7d0270c704b771a4d11f8fa662d594ace70c178814288e2d15e1a64c1b5460?s=96&d=mm&r=g","caption":"porto"},"url":"https:\/\/comarcas.csm.org.pt\/porto\/blog\/author\/porto\/"}]}},"_links":{"self":[{"href":"https:\/\/comarcas.csm.org.pt\/porto\/wp-json\/wp\/v2\/posts\/13355","targetHints":{"allow":["GET"]}}],"collection":[{"href":"https:\/\/comarcas.csm.org.pt\/porto\/wp-json\/wp\/v2\/posts"}],"about":[{"href":"https:\/\/comarcas.csm.org.pt\/porto\/wp-json\/wp\/v2\/types\/post"}],"author":[{"embeddable":true,"href":"https:\/\/comarcas.csm.org.pt\/porto\/wp-json\/wp\/v2\/users\/22"}],"replies":[{"embeddable":true,"href":"https:\/\/comarcas.csm.org.pt\/porto\/wp-json\/wp\/v2\/comments?post=13355"}],"version-history":[{"count":1,"href":"https:\/\/comarcas.csm.org.pt\/porto\/wp-json\/wp\/v2\/posts\/13355\/revisions"}],"predecessor-version":[{"id":13358,"href":"https:\/\/comarcas.csm.org.pt\/porto\/wp-json\/wp\/v2\/posts\/13355\/revisions\/13358"}],"wp:featuredmedia":[{"embeddable":true,"href":"https:\/\/comarcas.csm.org.pt\/porto\/wp-json\/wp\/v2\/media\/13356"}],"wp:attachment":[{"href":"https:\/\/comarcas.csm.org.pt\/porto\/wp-json\/wp\/v2\/media?parent=13355"}],"wp:term":[{"taxonomy":"category","embeddable":true,"href":"https:\/\/comarcas.csm.org.pt\/porto\/wp-json\/wp\/v2\/categories?post=13355"},{"taxonomy":"post_tag","embeddable":true,"href":"https:\/\/comarcas.csm.org.pt\/porto\/wp-json\/wp\/v2\/tags?post=13355"}],"curies":[{"name":"wp","href":"https:\/\/api.w.org\/{rel}","templated":true}]}}