{"id":13380,"date":"2026-06-05T12:54:41","date_gmt":"2026-06-05T12:54:41","guid":{"rendered":"https:\/\/comarcas.csm.org.pt\/porto\/?p=13380"},"modified":"2026-09-01T12:59:41","modified_gmt":"2026-09-01T12:59:41","slug":"criacao-da-universidade-tecnica-do-porto","status":"publish","type":"post","link":"https:\/\/comarcas.csm.org.pt\/porto\/blog\/2026\/06\/05\/criacao-da-universidade-tecnica-do-porto\/","title":{"rendered":"Cria\u00e7\u00e3o da Universidade T\u00e9cnica do Porto"},"content":{"rendered":"\n<p>No \u00e2mbito da cria\u00e7\u00e3o da Universidade T\u00e9cnica do Porto, o Senhor Presidente do Polit\u00e9cnico do Porto, Prof. Doutor Paulo Pereira, convidou a Senhora Juiz Presidente para a visita de Sua Excel\u00eancia o Senhor Primeiro Ministro, Lu\u00eds Montenegro, que teve lugar no dia 01 de junho de 2026, no Audit\u00f3rio Magno do ISEP.<\/p>\n\n\n\n<p>Link: <a href=\"https:\/\/www.iscap.ipp.pt\/destaques-1\/noticias\/governo-cria-a-universidade-tecnica-do-porto\">https:\/\/www.iscap.ipp.pt\/destaques-1\/noticias\/governo-cria-a-universidade-tecnica-do-porto<\/a><\/p>\n\n\n\n<figure class=\"wp-block-image size-full\"><img fetchpriority=\"high\" decoding=\"async\" width=\"496\" height=\"499\" src=\"https:\/\/comarcas.csm.org.pt\/porto\/wp-content\/uploads\/sites\/22\/2026\/06\/Sem-titulo.png\" alt=\"\" class=\"wp-image-13382\" srcset=\"https:\/\/comarcas.csm.org.pt\/porto\/wp-content\/uploads\/sites\/22\/2026\/06\/Sem-titulo.png 496w, https:\/\/comarcas.csm.org.pt\/porto\/wp-content\/uploads\/sites\/22\/2026\/06\/Sem-titulo-298x300.png 298w, https:\/\/comarcas.csm.org.pt\/porto\/wp-content\/uploads\/sites\/22\/2026\/06\/Sem-titulo-150x150.png 150w\" sizes=\"(max-width: 496px) 100vw, 496px\" \/><\/figure>\n\n\n\n<p><\/p>\n","protected":false},"excerpt":{"rendered":"<p>No \u00e2mbito da cria\u00e7\u00e3o da Universidade T\u00e9cnica do Porto, o Senhor Presidente do Polit\u00e9cnico do Porto, Prof. Doutor Paulo Pereira, convidou a Senhora Juiz Presidente para a visita de Sua Excel\u00eancia o Senhor Primeiro Ministro,&#8230;<\/p>\n","protected":false},"author":22,"featured_media":13382,"comment_status":"closed","ping_status":"open","sticky":false,"template":"","format":"standard","meta":{"_tbt_post_transparent":"","_tbt_post_title":"","_tbt_post_layout":"","_tbt_post_sidebar_id":"","_tbt_post_content_style":"","_tbt_post_vertical_padding":"","_tbt_post_feature":"","_tbt_post_feature_position":"","_tbt_post_header":false,"_tbt_post_footer":false},"categories":[1],"tags":[],"class_list":["post-13380","post","type-post","status-publish","format-standard","has-post-thumbnail","hentry","category-geral"],"yoast_head":"<!-- This site is optimized with the Yoast SEO plugin v25.6 - https:\/\/yoast.com\/wordpress\/plugins\/seo\/ -->\n<title>Cria\u00e7\u00e3o da Universidade T\u00e9cnica do Porto - Tribunal Judicial da Comarca de Porto<\/title>\n<meta name=\"robots\" content=\"index, follow, max-snippet:-1, max-image-preview:large, max-video-preview:-1\" \/>\n<link rel=\"canonical\" href=\"https:\/\/comarcas.csm.org.pt\/porto\/blog\/2026\/06\/05\/criacao-da-universidade-tecnica-do-porto\/\" \/>\n<meta property=\"og:locale\" content=\"pt_PT\" \/>\n<meta property=\"og:type\" content=\"article\" \/>\n<meta property=\"og:title\" content=\"Cria\u00e7\u00e3o da Universidade T\u00e9cnica do Porto - Tribunal Judicial da Comarca de Porto\" \/>\n<meta property=\"og:description\" content=\"No \u00e2mbito da cria\u00e7\u00e3o da Universidade T\u00e9cnica do Porto, o Senhor Presidente do Polit\u00e9cnico do Porto, Prof. Doutor Paulo Pereira, convidou a Senhora Juiz Presidente para a visita de Sua Excel\u00eancia o Senhor Primeiro Ministro,...\" \/>\n<meta property=\"og:url\" content=\"https:\/\/comarcas.csm.org.pt\/porto\/blog\/2026\/06\/05\/criacao-da-universidade-tecnica-do-porto\/\" \/>\n<meta property=\"og:site_name\" content=\"Tribunal Judicial da Comarca de Porto\" \/>\n<meta property=\"article:published_time\" content=\"2026-06-05T12:54:41+00:00\" \/>\n<meta property=\"article:modified_time\" content=\"2026-09-01T12:59:41+00:00\" \/>\n<meta property=\"og:image\" content=\"https:\/\/comarcas.csm.org.pt\/porto\/wp-content\/uploads\/sites\/22\/2026\/06\/Sem-titulo.png\" \/>\n\t<meta property=\"og:image:width\" content=\"496\" \/>\n\t<meta property=\"og:image:height\" content=\"499\" \/>\n\t<meta property=\"og:image:type\" content=\"image\/png\" \/>\n<meta name=\"author\" content=\"porto\" \/>\n<meta name=\"twitter:card\" content=\"summary_large_image\" \/>\n<meta name=\"twitter:label1\" content=\"Escrito por\" \/>\n\t<meta name=\"twitter:data1\" content=\"porto\" \/>\n\t<meta name=\"twitter:label2\" content=\"Tempo estimado de leitura\" \/>\n\t<meta name=\"twitter:data2\" content=\"1 minuto\" \/>\n<script type=\"application\/ld+json\" class=\"yoast-schema-graph\">{\"@context\":\"https:\/\/schema.org\",\"@graph\":[{\"@type\":\"Article\",\"@id\":\"https:\/\/comarcas.csm.org.pt\/porto\/blog\/2026\/06\/05\/criacao-da-universidade-tecnica-do-porto\/#article\",\"isPartOf\":{\"@id\":\"https:\/\/comarcas.csm.org.pt\/porto\/blog\/2026\/06\/05\/criacao-da-universidade-tecnica-do-porto\/\"},\"author\":{\"name\":\"porto\",\"@id\":\"https:\/\/comarcas.csm.org.pt\/porto\/#\/schema\/person\/ef56fef4e8b5c106ca0ab5f19448ec61\"},\"headline\":\"Cria\u00e7\u00e3o da Universidade T\u00e9cnica do Porto\",\"datePublished\":\"2026-06-05T12:54:41+00:00\",\"dateModified\":\"2026-09-01T12:59:41+00:00\",\"mainEntityOfPage\":{\"@id\":\"https:\/\/comarcas.csm.org.pt\/porto\/blog\/2026\/06\/05\/criacao-da-universidade-tecnica-do-porto\/\"},\"wordCount\":73,\"publisher\":{\"@id\":\"https:\/\/comarcas.csm.org.pt\/porto\/#organization\"},\"image\":{\"@id\":\"https:\/\/comarcas.csm.org.pt\/porto\/blog\/2026\/06\/05\/criacao-da-universidade-tecnica-do-porto\/#primaryimage\"},\"thumbnailUrl\":\"https:\/\/comarcas.csm.org.pt\/porto\/wp-content\/uploads\/sites\/22\/2026\/06\/Sem-titulo.png\",\"articleSection\":[\"Geral\"],\"inLanguage\":\"pt-PT\"},{\"@type\":\"WebPage\",\"@id\":\"https:\/\/comarcas.csm.org.pt\/porto\/blog\/2026\/06\/05\/criacao-da-universidade-tecnica-do-porto\/\",\"url\":\"https:\/\/comarcas.csm.org.pt\/porto\/blog\/2026\/06\/05\/criacao-da-universidade-tecnica-do-porto\/\",\"name\":\"Cria\u00e7\u00e3o da Universidade T\u00e9cnica do Porto - Tribunal Judicial da Comarca de Porto\",\"isPartOf\":{\"@id\":\"https:\/\/comarcas.csm.org.pt\/porto\/#website\"},\"primaryImageOfPage\":{\"@id\":\"https:\/\/comarcas.csm.org.pt\/porto\/blog\/2026\/06\/05\/criacao-da-universidade-tecnica-do-porto\/#primaryimage\"},\"image\":{\"@id\":\"https:\/\/comarcas.csm.org.pt\/porto\/blog\/2026\/06\/05\/criacao-da-universidade-tecnica-do-porto\/#primaryimage\"},\"thumbnailUrl\":\"https:\/\/comarcas.csm.org.pt\/porto\/wp-content\/uploads\/sites\/22\/2026\/06\/Sem-titulo.png\",\"datePublished\":\"2026-06-05T12:54:41+00:00\",\"dateModified\":\"2026-09-01T12:59:41+00:00\",\"breadcrumb\":{\"@id\":\"https:\/\/comarcas.csm.org.pt\/porto\/blog\/2026\/06\/05\/criacao-da-universidade-tecnica-do-porto\/#breadcrumb\"},\"inLanguage\":\"pt-PT\",\"potentialAction\":[{\"@type\":\"ReadAction\",\"target\":[\"https:\/\/comarcas.csm.org.pt\/porto\/blog\/2026\/06\/05\/criacao-da-universidade-tecnica-do-porto\/\"]}]},{\"@type\":\"ImageObject\",\"inLanguage\":\"pt-PT\",\"@id\":\"https:\/\/comarcas.csm.org.pt\/porto\/blog\/2026\/06\/05\/criacao-da-universidade-tecnica-do-porto\/#primaryimage\",\"url\":\"https:\/\/comarcas.csm.org.pt\/porto\/wp-content\/uploads\/sites\/22\/2026\/06\/Sem-titulo.png\",\"contentUrl\":\"https:\/\/comarcas.csm.org.pt\/porto\/wp-content\/uploads\/sites\/22\/2026\/06\/Sem-titulo.png\",\"width\":496,\"height\":499},{\"@type\":\"BreadcrumbList\",\"@id\":\"https:\/\/comarcas.csm.org.pt\/porto\/blog\/2026\/06\/05\/criacao-da-universidade-tecnica-do-porto\/#breadcrumb\",\"itemListElement\":[{\"@type\":\"ListItem\",\"position\":1,\"name\":\"In\u00edcio\",\"item\":\"https:\/\/comarcas.csm.org.pt\/porto\/\"},{\"@type\":\"ListItem\",\"position\":2,\"name\":\"Cria\u00e7\u00e3o da Universidade T\u00e9cnica do Porto\"}]},{\"@type\":\"WebSite\",\"@id\":\"https:\/\/comarcas.csm.org.pt\/porto\/#website\",\"url\":\"https:\/\/comarcas.csm.org.pt\/porto\/\",\"name\":\"Tribunal Judicial da Comarca de Porto\",\"description\":\"Tribunal Judicial da Comarca do Porto\",\"publisher\":{\"@id\":\"https:\/\/comarcas.csm.org.pt\/porto\/#organization\"},\"potentialAction\":[{\"@type\":\"SearchAction\",\"target\":{\"@type\":\"EntryPoint\",\"urlTemplate\":\"https:\/\/comarcas.csm.org.pt\/porto\/?s={search_term_string}\"},\"query-input\":{\"@type\":\"PropertyValueSpecification\",\"valueRequired\":true,\"valueName\":\"search_term_string\"}}],\"inLanguage\":\"pt-PT\"},{\"@type\":\"Organization\",\"@id\":\"https:\/\/comarcas.csm.org.pt\/porto\/#organization\",\"name\":\"Tribunal Judicial da Comarca de Porto\",\"url\":\"https:\/\/comarcas.csm.org.pt\/porto\/\",\"logo\":{\"@type\":\"ImageObject\",\"inLanguage\":\"pt-PT\",\"@id\":\"https:\/\/comarcas.csm.org.pt\/porto\/#\/schema\/logo\/image\/\",\"url\":\"https:\/\/comarcas.csm.org.pt\/porto\/wp-content\/uploads\/sites\/22\/2024\/11\/Porto_positivo-horizontal.png\",\"contentUrl\":\"https:\/\/comarcas.csm.org.pt\/porto\/wp-content\/uploads\/sites\/22\/2024\/11\/Porto_positivo-horizontal.png\",\"width\":4811,\"height\":1215,\"caption\":\"Tribunal Judicial da Comarca de Porto\"},\"image\":{\"@id\":\"https:\/\/comarcas.csm.org.pt\/porto\/#\/schema\/logo\/image\/\"}},{\"@type\":\"Person\",\"@id\":\"https:\/\/comarcas.csm.org.pt\/porto\/#\/schema\/person\/ef56fef4e8b5c106ca0ab5f19448ec61\",\"name\":\"porto\",\"image\":{\"@type\":\"ImageObject\",\"inLanguage\":\"pt-PT\",\"@id\":\"https:\/\/comarcas.csm.org.pt\/porto\/#\/schema\/person\/image\/\",\"url\":\"https:\/\/secure.gravatar.com\/avatar\/0c7d0270c704b771a4d11f8fa662d594ace70c178814288e2d15e1a64c1b5460?s=96&d=mm&r=g\",\"contentUrl\":\"https:\/\/secure.gravatar.com\/avatar\/0c7d0270c704b771a4d11f8fa662d594ace70c178814288e2d15e1a64c1b5460?s=96&d=mm&r=g\",\"caption\":\"porto\"},\"url\":\"https:\/\/comarcas.csm.org.pt\/porto\/blog\/author\/porto\/\"}]}<\/script>\n<!-- \/ Yoast SEO plugin. -->","yoast_head_json":{"title":"Cria\u00e7\u00e3o da Universidade T\u00e9cnica do Porto - Tribunal Judicial da Comarca de Porto","robots":{"index":"index","follow":"follow","max-snippet":"max-snippet:-1","max-image-preview":"max-image-preview:large","max-video-preview":"max-video-preview:-1"},"canonical":"https:\/\/comarcas.csm.org.pt\/porto\/blog\/2026\/06\/05\/criacao-da-universidade-tecnica-do-porto\/","og_locale":"pt_PT","og_type":"article","og_title":"Cria\u00e7\u00e3o da Universidade T\u00e9cnica do Porto - Tribunal Judicial da Comarca de Porto","og_description":"No \u00e2mbito da cria\u00e7\u00e3o da Universidade T\u00e9cnica do Porto, o Senhor Presidente do Polit\u00e9cnico do Porto, Prof. Doutor Paulo Pereira, convidou a Senhora Juiz Presidente para a visita de Sua Excel\u00eancia o Senhor Primeiro Ministro,...","og_url":"https:\/\/comarcas.csm.org.pt\/porto\/blog\/2026\/06\/05\/criacao-da-universidade-tecnica-do-porto\/","og_site_name":"Tribunal Judicial da Comarca de Porto","article_published_time":"2026-06-05T12:54:41+00:00","article_modified_time":"2026-09-01T12:59:41+00:00","og_image":[{"width":496,"height":499,"url":"https:\/\/comarcas.csm.org.pt\/porto\/wp-content\/uploads\/sites\/22\/2026\/06\/Sem-titulo.png","type":"image\/png"}],"author":"porto","twitter_card":"summary_large_image","twitter_misc":{"Escrito por":"porto","Tempo estimado de leitura":"1 minuto"},"schema":{"@context":"https:\/\/schema.org","@graph":[{"@type":"Article","@id":"https:\/\/comarcas.csm.org.pt\/porto\/blog\/2026\/06\/05\/criacao-da-universidade-tecnica-do-porto\/#article","isPartOf":{"@id":"https:\/\/comarcas.csm.org.pt\/porto\/blog\/2026\/06\/05\/criacao-da-universidade-tecnica-do-porto\/"},"author":{"name":"porto","@id":"https:\/\/comarcas.csm.org.pt\/porto\/#\/schema\/person\/ef56fef4e8b5c106ca0ab5f19448ec61"},"headline":"Cria\u00e7\u00e3o da Universidade T\u00e9cnica do Porto","datePublished":"2026-06-05T12:54:41+00:00","dateModified":"2026-09-01T12:59:41+00:00","mainEntityOfPage":{"@id":"https:\/\/comarcas.csm.org.pt\/porto\/blog\/2026\/06\/05\/criacao-da-universidade-tecnica-do-porto\/"},"wordCount":73,"publisher":{"@id":"https:\/\/comarcas.csm.org.pt\/porto\/#organization"},"image":{"@id":"https:\/\/comarcas.csm.org.pt\/porto\/blog\/2026\/06\/05\/criacao-da-universidade-tecnica-do-porto\/#primaryimage"},"thumbnailUrl":"https:\/\/comarcas.csm.org.pt\/porto\/wp-content\/uploads\/sites\/22\/2026\/06\/Sem-titulo.png","articleSection":["Geral"],"inLanguage":"pt-PT"},{"@type":"WebPage","@id":"https:\/\/comarcas.csm.org.pt\/porto\/blog\/2026\/06\/05\/criacao-da-universidade-tecnica-do-porto\/","url":"https:\/\/comarcas.csm.org.pt\/porto\/blog\/2026\/06\/05\/criacao-da-universidade-tecnica-do-porto\/","name":"Cria\u00e7\u00e3o da Universidade T\u00e9cnica do Porto - Tribunal Judicial da Comarca de Porto","isPartOf":{"@id":"https:\/\/comarcas.csm.org.pt\/porto\/#website"},"primaryImageOfPage":{"@id":"https:\/\/comarcas.csm.org.pt\/porto\/blog\/2026\/06\/05\/criacao-da-universidade-tecnica-do-porto\/#primaryimage"},"image":{"@id":"https:\/\/comarcas.csm.org.pt\/porto\/blog\/2026\/06\/05\/criacao-da-universidade-tecnica-do-porto\/#primaryimage"},"thumbnailUrl":"https:\/\/comarcas.csm.org.pt\/porto\/wp-content\/uploads\/sites\/22\/2026\/06\/Sem-titulo.png","datePublished":"2026-06-05T12:54:41+00:00","dateModified":"2026-09-01T12:59:41+00:00","breadcrumb":{"@id":"https:\/\/comarcas.csm.org.pt\/porto\/blog\/2026\/06\/05\/criacao-da-universidade-tecnica-do-porto\/#breadcrumb"},"inLanguage":"pt-PT","potentialAction":[{"@type":"ReadAction","target":["https:\/\/comarcas.csm.org.pt\/porto\/blog\/2026\/06\/05\/criacao-da-universidade-tecnica-do-porto\/"]}]},{"@type":"ImageObject","inLanguage":"pt-PT","@id":"https:\/\/comarcas.csm.org.pt\/porto\/blog\/2026\/06\/05\/criacao-da-universidade-tecnica-do-porto\/#primaryimage","url":"https:\/\/comarcas.csm.org.pt\/porto\/wp-content\/uploads\/sites\/22\/2026\/06\/Sem-titulo.png","contentUrl":"https:\/\/comarcas.csm.org.pt\/porto\/wp-content\/uploads\/sites\/22\/2026\/06\/Sem-titulo.png","width":496,"height":499},{"@type":"BreadcrumbList","@id":"https:\/\/comarcas.csm.org.pt\/porto\/blog\/2026\/06\/05\/criacao-da-universidade-tecnica-do-porto\/#breadcrumb","itemListElement":[{"@type":"ListItem","position":1,"name":"In\u00edcio","item":"https:\/\/comarcas.csm.org.pt\/porto\/"},{"@type":"ListItem","position":2,"name":"Cria\u00e7\u00e3o da Universidade T\u00e9cnica do Porto"}]},{"@type":"WebSite","@id":"https:\/\/comarcas.csm.org.pt\/porto\/#website","url":"https:\/\/comarcas.csm.org.pt\/porto\/","name":"Tribunal Judicial da Comarca de Porto","description":"Tribunal Judicial da Comarca do Porto","publisher":{"@id":"https:\/\/comarcas.csm.org.pt\/porto\/#organization"},"potentialAction":[{"@type":"SearchAction","target":{"@type":"EntryPoint","urlTemplate":"https:\/\/comarcas.csm.org.pt\/porto\/?s={search_term_string}"},"query-input":{"@type":"PropertyValueSpecification","valueRequired":true,"valueName":"search_term_string"}}],"inLanguage":"pt-PT"},{"@type":"Organization","@id":"https:\/\/comarcas.csm.org.pt\/porto\/#organization","name":"Tribunal Judicial da Comarca de Porto","url":"https:\/\/comarcas.csm.org.pt\/porto\/","logo":{"@type":"ImageObject","inLanguage":"pt-PT","@id":"https:\/\/comarcas.csm.org.pt\/porto\/#\/schema\/logo\/image\/","url":"https:\/\/comarcas.csm.org.pt\/porto\/wp-content\/uploads\/sites\/22\/2024\/11\/Porto_positivo-horizontal.png","contentUrl":"https:\/\/comarcas.csm.org.pt\/porto\/wp-content\/uploads\/sites\/22\/2024\/11\/Porto_positivo-horizontal.png","width":4811,"height":1215,"caption":"Tribunal Judicial da Comarca de Porto"},"image":{"@id":"https:\/\/comarcas.csm.org.pt\/porto\/#\/schema\/logo\/image\/"}},{"@type":"Person","@id":"https:\/\/comarcas.csm.org.pt\/porto\/#\/schema\/person\/ef56fef4e8b5c106ca0ab5f19448ec61","name":"porto","image":{"@type":"ImageObject","inLanguage":"pt-PT","@id":"https:\/\/comarcas.csm.org.pt\/porto\/#\/schema\/person\/image\/","url":"https:\/\/secure.gravatar.com\/avatar\/0c7d0270c704b771a4d11f8fa662d594ace70c178814288e2d15e1a64c1b5460?s=96&d=mm&r=g","contentUrl":"https:\/\/secure.gravatar.com\/avatar\/0c7d0270c704b771a4d11f8fa662d594ace70c178814288e2d15e1a64c1b5460?s=96&d=mm&r=g","caption":"porto"},"url":"https:\/\/comarcas.csm.org.pt\/porto\/blog\/author\/porto\/"}]}},"_links":{"self":[{"href":"https:\/\/comarcas.csm.org.pt\/porto\/wp-json\/wp\/v2\/posts\/13380","targetHints":{"allow":["GET"]}}],"collection":[{"href":"https:\/\/comarcas.csm.org.pt\/porto\/wp-json\/wp\/v2\/posts"}],"about":[{"href":"https:\/\/comarcas.csm.org.pt\/porto\/wp-json\/wp\/v2\/types\/post"}],"author":[{"embeddable":true,"href":"https:\/\/comarcas.csm.org.pt\/porto\/wp-json\/wp\/v2\/users\/22"}],"replies":[{"embeddable":true,"href":"https:\/\/comarcas.csm.org.pt\/porto\/wp-json\/wp\/v2\/comments?post=13380"}],"version-history":[{"count":2,"href":"https:\/\/comarcas.csm.org.pt\/porto\/wp-json\/wp\/v2\/posts\/13380\/revisions"}],"predecessor-version":[{"id":13383,"href":"https:\/\/comarcas.csm.org.pt\/porto\/wp-json\/wp\/v2\/posts\/13380\/revisions\/13383"}],"wp:featuredmedia":[{"embeddable":true,"href":"https:\/\/comarcas.csm.org.pt\/porto\/wp-json\/wp\/v2\/media\/13382"}],"wp:attachment":[{"href":"https:\/\/comarcas.csm.org.pt\/porto\/wp-json\/wp\/v2\/media?parent=13380"}],"wp:term":[{"taxonomy":"category","embeddable":true,"href":"https:\/\/comarcas.csm.org.pt\/porto\/wp-json\/wp\/v2\/categories?post=13380"},{"taxonomy":"post_tag","embeddable":true,"href":"https:\/\/comarcas.csm.org.pt\/porto\/wp-json\/wp\/v2\/tags?post=13380"}],"curies":[{"name":"wp","href":"https:\/\/api.w.org\/{rel}","templated":true}]}}