{"id":13387,"date":"2026-06-29T13:01:47","date_gmt":"2026-06-29T13:01:47","guid":{"rendered":"https:\/\/comarcas.csm.org.pt\/porto\/?p=13387"},"modified":"2026-09-01T13:03:17","modified_gmt":"2026-09-01T13:03:17","slug":"jantar-de-homenagem-ao-juiz-presidente-cessante-da-comarca-de-viana-do-castelo","status":"publish","type":"post","link":"https:\/\/comarcas.csm.org.pt\/porto\/blog\/2026\/06\/29\/jantar-de-homenagem-ao-juiz-presidente-cessante-da-comarca-de-viana-do-castelo\/","title":{"rendered":"Jantar de Homenagem ao Juiz Presidente cessante da Comarca de Viana do Castelo"},"content":{"rendered":"\n<p>No dia 26 de junho de 2026, a Senhora Juiz Presidente marcou presen\u00e7a no jantar de homenagem ao Senhor Juiz Desembargador, Dr. Jos\u00e9 Lino Alvoeiro, pelo exerc\u00edcio de fun\u00e7\u00f5es enquanto Juiz Presidente do Tribunal Judicial da Comarca de Viana do Castelo.<\/p>\n\n\n\n<p>Link: <a href=\"https:\/\/comarcas.csm.org.pt\/viana-do-castelo\/blog\/2026\/07\/15\/jantar-de-homenagem-ao-sr-dr-juiz-desembargador-jose-lino-alvoeiro\/\">https:\/\/comarcas.csm.org.pt\/viana-do-castelo\/blog\/2026\/07\/15\/jantar-de-homenagem-ao-sr-dr-juiz-desembargador-jose-lino-alvoeiro\/<\/a><\/p>\n\n\n\n<p><\/p>\n","protected":false},"excerpt":{"rendered":"<p>No dia 26 de junho de 2026, a Senhora Juiz Presidente marcou presen\u00e7a no jantar de homenagem ao Senhor Juiz Desembargador, Dr. Jos\u00e9 Lino Alvoeiro, pelo exerc\u00edcio de fun\u00e7\u00f5es enquanto Juiz Presidente do Tribunal Judicial&#8230;<\/p>\n","protected":false},"author":22,"featured_media":0,"comment_status":"closed","ping_status":"open","sticky":false,"template":"","format":"standard","meta":{"_tbt_post_transparent":"","_tbt_post_title":"","_tbt_post_layout":"","_tbt_post_sidebar_id":"","_tbt_post_content_style":"","_tbt_post_vertical_padding":"","_tbt_post_feature":"","_tbt_post_feature_position":"","_tbt_post_header":false,"_tbt_post_footer":false},"categories":[1],"tags":[],"class_list":["post-13387","post","type-post","status-publish","format-standard","hentry","category-geral"],"yoast_head":"<!-- This site is optimized with the Yoast SEO plugin v25.6 - https:\/\/yoast.com\/wordpress\/plugins\/seo\/ -->\n<title>Jantar de Homenagem ao Juiz Presidente cessante da Comarca de Viana do Castelo - Tribunal Judicial da Comarca de Porto<\/title>\n<meta name=\"robots\" content=\"index, follow, max-snippet:-1, max-image-preview:large, max-video-preview:-1\" \/>\n<link rel=\"canonical\" href=\"https:\/\/comarcas.csm.org.pt\/porto\/blog\/2026\/06\/29\/jantar-de-homenagem-ao-juiz-presidente-cessante-da-comarca-de-viana-do-castelo\/\" \/>\n<meta property=\"og:locale\" content=\"pt_PT\" \/>\n<meta property=\"og:type\" content=\"article\" \/>\n<meta property=\"og:title\" content=\"Jantar de Homenagem ao Juiz Presidente cessante da Comarca de Viana do Castelo - Tribunal Judicial da Comarca de Porto\" \/>\n<meta property=\"og:description\" content=\"No dia 26 de junho de 2026, a Senhora Juiz Presidente marcou presen\u00e7a no jantar de homenagem ao Senhor Juiz Desembargador, Dr. Jos\u00e9 Lino Alvoeiro, pelo exerc\u00edcio de fun\u00e7\u00f5es enquanto Juiz Presidente do Tribunal Judicial...\" \/>\n<meta property=\"og:url\" content=\"https:\/\/comarcas.csm.org.pt\/porto\/blog\/2026\/06\/29\/jantar-de-homenagem-ao-juiz-presidente-cessante-da-comarca-de-viana-do-castelo\/\" \/>\n<meta property=\"og:site_name\" content=\"Tribunal Judicial da Comarca de Porto\" \/>\n<meta property=\"article:published_time\" content=\"2026-06-29T13:01:47+00:00\" \/>\n<meta property=\"article:modified_time\" content=\"2026-09-01T13:03:17+00:00\" \/>\n<meta name=\"author\" content=\"porto\" \/>\n<meta name=\"twitter:card\" content=\"summary_large_image\" \/>\n<meta name=\"twitter:label1\" content=\"Escrito por\" \/>\n\t<meta name=\"twitter:data1\" content=\"porto\" \/>\n\t<meta name=\"twitter:label2\" content=\"Tempo estimado de leitura\" \/>\n\t<meta name=\"twitter:data2\" content=\"1 minuto\" \/>\n<script type=\"application\/ld+json\" class=\"yoast-schema-graph\">{\"@context\":\"https:\/\/schema.org\",\"@graph\":[{\"@type\":\"Article\",\"@id\":\"https:\/\/comarcas.csm.org.pt\/porto\/blog\/2026\/06\/29\/jantar-de-homenagem-ao-juiz-presidente-cessante-da-comarca-de-viana-do-castelo\/#article\",\"isPartOf\":{\"@id\":\"https:\/\/comarcas.csm.org.pt\/porto\/blog\/2026\/06\/29\/jantar-de-homenagem-ao-juiz-presidente-cessante-da-comarca-de-viana-do-castelo\/\"},\"author\":{\"name\":\"porto\",\"@id\":\"https:\/\/comarcas.csm.org.pt\/porto\/#\/schema\/person\/ef56fef4e8b5c106ca0ab5f19448ec61\"},\"headline\":\"Jantar de Homenagem ao Juiz Presidente cessante da Comarca de Viana do Castelo\",\"datePublished\":\"2026-06-29T13:01:47+00:00\",\"dateModified\":\"2026-09-01T13:03:17+00:00\",\"mainEntityOfPage\":{\"@id\":\"https:\/\/comarcas.csm.org.pt\/porto\/blog\/2026\/06\/29\/jantar-de-homenagem-ao-juiz-presidente-cessante-da-comarca-de-viana-do-castelo\/\"},\"wordCount\":64,\"publisher\":{\"@id\":\"https:\/\/comarcas.csm.org.pt\/porto\/#organization\"},\"articleSection\":[\"Geral\"],\"inLanguage\":\"pt-PT\"},{\"@type\":\"WebPage\",\"@id\":\"https:\/\/comarcas.csm.org.pt\/porto\/blog\/2026\/06\/29\/jantar-de-homenagem-ao-juiz-presidente-cessante-da-comarca-de-viana-do-castelo\/\",\"url\":\"https:\/\/comarcas.csm.org.pt\/porto\/blog\/2026\/06\/29\/jantar-de-homenagem-ao-juiz-presidente-cessante-da-comarca-de-viana-do-castelo\/\",\"name\":\"Jantar de Homenagem ao Juiz Presidente cessante da Comarca de Viana do Castelo - Tribunal Judicial da Comarca de Porto\",\"isPartOf\":{\"@id\":\"https:\/\/comarcas.csm.org.pt\/porto\/#website\"},\"datePublished\":\"2026-06-29T13:01:47+00:00\",\"dateModified\":\"2026-09-01T13:03:17+00:00\",\"breadcrumb\":{\"@id\":\"https:\/\/comarcas.csm.org.pt\/porto\/blog\/2026\/06\/29\/jantar-de-homenagem-ao-juiz-presidente-cessante-da-comarca-de-viana-do-castelo\/#breadcrumb\"},\"inLanguage\":\"pt-PT\",\"potentialAction\":[{\"@type\":\"ReadAction\",\"target\":[\"https:\/\/comarcas.csm.org.pt\/porto\/blog\/2026\/06\/29\/jantar-de-homenagem-ao-juiz-presidente-cessante-da-comarca-de-viana-do-castelo\/\"]}]},{\"@type\":\"BreadcrumbList\",\"@id\":\"https:\/\/comarcas.csm.org.pt\/porto\/blog\/2026\/06\/29\/jantar-de-homenagem-ao-juiz-presidente-cessante-da-comarca-de-viana-do-castelo\/#breadcrumb\",\"itemListElement\":[{\"@type\":\"ListItem\",\"position\":1,\"name\":\"In\u00edcio\",\"item\":\"https:\/\/comarcas.csm.org.pt\/porto\/\"},{\"@type\":\"ListItem\",\"position\":2,\"name\":\"Jantar de Homenagem ao Juiz Presidente cessante da Comarca de Viana do Castelo\"}]},{\"@type\":\"WebSite\",\"@id\":\"https:\/\/comarcas.csm.org.pt\/porto\/#website\",\"url\":\"https:\/\/comarcas.csm.org.pt\/porto\/\",\"name\":\"Tribunal Judicial da Comarca de Porto\",\"description\":\"Tribunal Judicial da Comarca do Porto\",\"publisher\":{\"@id\":\"https:\/\/comarcas.csm.org.pt\/porto\/#organization\"},\"potentialAction\":[{\"@type\":\"SearchAction\",\"target\":{\"@type\":\"EntryPoint\",\"urlTemplate\":\"https:\/\/comarcas.csm.org.pt\/porto\/?s={search_term_string}\"},\"query-input\":{\"@type\":\"PropertyValueSpecification\",\"valueRequired\":true,\"valueName\":\"search_term_string\"}}],\"inLanguage\":\"pt-PT\"},{\"@type\":\"Organization\",\"@id\":\"https:\/\/comarcas.csm.org.pt\/porto\/#organization\",\"name\":\"Tribunal Judicial da Comarca de Porto\",\"url\":\"https:\/\/comarcas.csm.org.pt\/porto\/\",\"logo\":{\"@type\":\"ImageObject\",\"inLanguage\":\"pt-PT\",\"@id\":\"https:\/\/comarcas.csm.org.pt\/porto\/#\/schema\/logo\/image\/\",\"url\":\"https:\/\/comarcas.csm.org.pt\/porto\/wp-content\/uploads\/sites\/22\/2024\/11\/Porto_positivo-horizontal.png\",\"contentUrl\":\"https:\/\/comarcas.csm.org.pt\/porto\/wp-content\/uploads\/sites\/22\/2024\/11\/Porto_positivo-horizontal.png\",\"width\":4811,\"height\":1215,\"caption\":\"Tribunal Judicial da Comarca de Porto\"},\"image\":{\"@id\":\"https:\/\/comarcas.csm.org.pt\/porto\/#\/schema\/logo\/image\/\"}},{\"@type\":\"Person\",\"@id\":\"https:\/\/comarcas.csm.org.pt\/porto\/#\/schema\/person\/ef56fef4e8b5c106ca0ab5f19448ec61\",\"name\":\"porto\",\"image\":{\"@type\":\"ImageObject\",\"inLanguage\":\"pt-PT\",\"@id\":\"https:\/\/comarcas.csm.org.pt\/porto\/#\/schema\/person\/image\/\",\"url\":\"https:\/\/secure.gravatar.com\/avatar\/0c7d0270c704b771a4d11f8fa662d594ace70c178814288e2d15e1a64c1b5460?s=96&d=mm&r=g\",\"contentUrl\":\"https:\/\/secure.gravatar.com\/avatar\/0c7d0270c704b771a4d11f8fa662d594ace70c178814288e2d15e1a64c1b5460?s=96&d=mm&r=g\",\"caption\":\"porto\"},\"url\":\"https:\/\/comarcas.csm.org.pt\/porto\/blog\/author\/porto\/\"}]}<\/script>\n<!-- \/ Yoast SEO plugin. -->","yoast_head_json":{"title":"Jantar de Homenagem ao Juiz Presidente cessante da Comarca de Viana do Castelo - Tribunal Judicial da Comarca de Porto","robots":{"index":"index","follow":"follow","max-snippet":"max-snippet:-1","max-image-preview":"max-image-preview:large","max-video-preview":"max-video-preview:-1"},"canonical":"https:\/\/comarcas.csm.org.pt\/porto\/blog\/2026\/06\/29\/jantar-de-homenagem-ao-juiz-presidente-cessante-da-comarca-de-viana-do-castelo\/","og_locale":"pt_PT","og_type":"article","og_title":"Jantar de Homenagem ao Juiz Presidente cessante da Comarca de Viana do Castelo - Tribunal Judicial da Comarca de Porto","og_description":"No dia 26 de junho de 2026, a Senhora Juiz Presidente marcou presen\u00e7a no jantar de homenagem ao Senhor Juiz Desembargador, Dr. Jos\u00e9 Lino Alvoeiro, pelo exerc\u00edcio de fun\u00e7\u00f5es enquanto Juiz Presidente do Tribunal Judicial...","og_url":"https:\/\/comarcas.csm.org.pt\/porto\/blog\/2026\/06\/29\/jantar-de-homenagem-ao-juiz-presidente-cessante-da-comarca-de-viana-do-castelo\/","og_site_name":"Tribunal Judicial da Comarca de Porto","article_published_time":"2026-06-29T13:01:47+00:00","article_modified_time":"2026-09-01T13:03:17+00:00","author":"porto","twitter_card":"summary_large_image","twitter_misc":{"Escrito por":"porto","Tempo estimado de leitura":"1 minuto"},"schema":{"@context":"https:\/\/schema.org","@graph":[{"@type":"Article","@id":"https:\/\/comarcas.csm.org.pt\/porto\/blog\/2026\/06\/29\/jantar-de-homenagem-ao-juiz-presidente-cessante-da-comarca-de-viana-do-castelo\/#article","isPartOf":{"@id":"https:\/\/comarcas.csm.org.pt\/porto\/blog\/2026\/06\/29\/jantar-de-homenagem-ao-juiz-presidente-cessante-da-comarca-de-viana-do-castelo\/"},"author":{"name":"porto","@id":"https:\/\/comarcas.csm.org.pt\/porto\/#\/schema\/person\/ef56fef4e8b5c106ca0ab5f19448ec61"},"headline":"Jantar de Homenagem ao Juiz Presidente cessante da Comarca de Viana do Castelo","datePublished":"2026-06-29T13:01:47+00:00","dateModified":"2026-09-01T13:03:17+00:00","mainEntityOfPage":{"@id":"https:\/\/comarcas.csm.org.pt\/porto\/blog\/2026\/06\/29\/jantar-de-homenagem-ao-juiz-presidente-cessante-da-comarca-de-viana-do-castelo\/"},"wordCount":64,"publisher":{"@id":"https:\/\/comarcas.csm.org.pt\/porto\/#organization"},"articleSection":["Geral"],"inLanguage":"pt-PT"},{"@type":"WebPage","@id":"https:\/\/comarcas.csm.org.pt\/porto\/blog\/2026\/06\/29\/jantar-de-homenagem-ao-juiz-presidente-cessante-da-comarca-de-viana-do-castelo\/","url":"https:\/\/comarcas.csm.org.pt\/porto\/blog\/2026\/06\/29\/jantar-de-homenagem-ao-juiz-presidente-cessante-da-comarca-de-viana-do-castelo\/","name":"Jantar de Homenagem ao Juiz Presidente cessante da Comarca de Viana do Castelo - Tribunal Judicial da Comarca de Porto","isPartOf":{"@id":"https:\/\/comarcas.csm.org.pt\/porto\/#website"},"datePublished":"2026-06-29T13:01:47+00:00","dateModified":"2026-09-01T13:03:17+00:00","breadcrumb":{"@id":"https:\/\/comarcas.csm.org.pt\/porto\/blog\/2026\/06\/29\/jantar-de-homenagem-ao-juiz-presidente-cessante-da-comarca-de-viana-do-castelo\/#breadcrumb"},"inLanguage":"pt-PT","potentialAction":[{"@type":"ReadAction","target":["https:\/\/comarcas.csm.org.pt\/porto\/blog\/2026\/06\/29\/jantar-de-homenagem-ao-juiz-presidente-cessante-da-comarca-de-viana-do-castelo\/"]}]},{"@type":"BreadcrumbList","@id":"https:\/\/comarcas.csm.org.pt\/porto\/blog\/2026\/06\/29\/jantar-de-homenagem-ao-juiz-presidente-cessante-da-comarca-de-viana-do-castelo\/#breadcrumb","itemListElement":[{"@type":"ListItem","position":1,"name":"In\u00edcio","item":"https:\/\/comarcas.csm.org.pt\/porto\/"},{"@type":"ListItem","position":2,"name":"Jantar de Homenagem ao Juiz Presidente cessante da Comarca de Viana do Castelo"}]},{"@type":"WebSite","@id":"https:\/\/comarcas.csm.org.pt\/porto\/#website","url":"https:\/\/comarcas.csm.org.pt\/porto\/","name":"Tribunal Judicial da Comarca de Porto","description":"Tribunal Judicial da Comarca do Porto","publisher":{"@id":"https:\/\/comarcas.csm.org.pt\/porto\/#organization"},"potentialAction":[{"@type":"SearchAction","target":{"@type":"EntryPoint","urlTemplate":"https:\/\/comarcas.csm.org.pt\/porto\/?s={search_term_string}"},"query-input":{"@type":"PropertyValueSpecification","valueRequired":true,"valueName":"search_term_string"}}],"inLanguage":"pt-PT"},{"@type":"Organization","@id":"https:\/\/comarcas.csm.org.pt\/porto\/#organization","name":"Tribunal Judicial da Comarca de Porto","url":"https:\/\/comarcas.csm.org.pt\/porto\/","logo":{"@type":"ImageObject","inLanguage":"pt-PT","@id":"https:\/\/comarcas.csm.org.pt\/porto\/#\/schema\/logo\/image\/","url":"https:\/\/comarcas.csm.org.pt\/porto\/wp-content\/uploads\/sites\/22\/2024\/11\/Porto_positivo-horizontal.png","contentUrl":"https:\/\/comarcas.csm.org.pt\/porto\/wp-content\/uploads\/sites\/22\/2024\/11\/Porto_positivo-horizontal.png","width":4811,"height":1215,"caption":"Tribunal Judicial da Comarca de Porto"},"image":{"@id":"https:\/\/comarcas.csm.org.pt\/porto\/#\/schema\/logo\/image\/"}},{"@type":"Person","@id":"https:\/\/comarcas.csm.org.pt\/porto\/#\/schema\/person\/ef56fef4e8b5c106ca0ab5f19448ec61","name":"porto","image":{"@type":"ImageObject","inLanguage":"pt-PT","@id":"https:\/\/comarcas.csm.org.pt\/porto\/#\/schema\/person\/image\/","url":"https:\/\/secure.gravatar.com\/avatar\/0c7d0270c704b771a4d11f8fa662d594ace70c178814288e2d15e1a64c1b5460?s=96&d=mm&r=g","contentUrl":"https:\/\/secure.gravatar.com\/avatar\/0c7d0270c704b771a4d11f8fa662d594ace70c178814288e2d15e1a64c1b5460?s=96&d=mm&r=g","caption":"porto"},"url":"https:\/\/comarcas.csm.org.pt\/porto\/blog\/author\/porto\/"}]}},"_links":{"self":[{"href":"https:\/\/comarcas.csm.org.pt\/porto\/wp-json\/wp\/v2\/posts\/13387","targetHints":{"allow":["GET"]}}],"collection":[{"href":"https:\/\/comarcas.csm.org.pt\/porto\/wp-json\/wp\/v2\/posts"}],"about":[{"href":"https:\/\/comarcas.csm.org.pt\/porto\/wp-json\/wp\/v2\/types\/post"}],"author":[{"embeddable":true,"href":"https:\/\/comarcas.csm.org.pt\/porto\/wp-json\/wp\/v2\/users\/22"}],"replies":[{"embeddable":true,"href":"https:\/\/comarcas.csm.org.pt\/porto\/wp-json\/wp\/v2\/comments?post=13387"}],"version-history":[{"count":1,"href":"https:\/\/comarcas.csm.org.pt\/porto\/wp-json\/wp\/v2\/posts\/13387\/revisions"}],"predecessor-version":[{"id":13388,"href":"https:\/\/comarcas.csm.org.pt\/porto\/wp-json\/wp\/v2\/posts\/13387\/revisions\/13388"}],"wp:attachment":[{"href":"https:\/\/comarcas.csm.org.pt\/porto\/wp-json\/wp\/v2\/media?parent=13387"}],"wp:term":[{"taxonomy":"category","embeddable":true,"href":"https:\/\/comarcas.csm.org.pt\/porto\/wp-json\/wp\/v2\/categories?post=13387"},{"taxonomy":"post_tag","embeddable":true,"href":"https:\/\/comarcas.csm.org.pt\/porto\/wp-json\/wp\/v2\/tags?post=13387"}],"curies":[{"name":"wp","href":"https:\/\/api.w.org\/{rel}","templated":true}]}}