{"id":13389,"date":"2026-07-07T13:03:21","date_gmt":"2026-07-07T13:03:21","guid":{"rendered":"https:\/\/comarcas.csm.org.pt\/porto\/?p=13389"},"modified":"2026-09-01T13:05:38","modified_gmt":"2026-09-01T13:05:38","slug":"sessao-solene-de-comemoracao-dos-40-anos-da-universidade-portucalense","status":"publish","type":"post","link":"https:\/\/comarcas.csm.org.pt\/porto\/blog\/2026\/07\/07\/sessao-solene-de-comemoracao-dos-40-anos-da-universidade-portucalense\/","title":{"rendered":"Sess\u00e3o Solene de comemora\u00e7\u00e3o dos 40 anos da Universidade Portucalense"},"content":{"rendered":"\n<p>No dia 29 de junho de 2026, a Senhora Juiz Presidente esteve presente na Sess\u00e3o Solene de comemora\u00e7\u00e3o dos 40 anos da Universidade Portucalense. A cerim\u00f3nia teve lugar na Aula Magna e contou com a presen\u00e7a do Ministro da Educa\u00e7\u00e3o, Ci\u00eancia e Inova\u00e7\u00e3o, Fernando Alexandre, entre outras personalidades da vida acad\u00e9mica, pol\u00edtica e empresarial.<\/p>\n\n\n\n<p>Link: <a href=\"https:\/\/www.upt.pt\/newsletter\/destaque-principal-junho-2026\/universidade-portucalense-assinala-40-anos-a-honrar-o-passado-e-a-construir-o-futuro\/\">https:\/\/www.upt.pt\/newsletter\/destaque-principal-junho-2026\/universidade-portucalense-assinala-40-anos-a-honrar-o-passado-e-a-construir-o-futuro\/<\/a><\/p>\n\n\n\n<figure class=\"wp-block-gallery has-nested-images columns-default is-cropped wp-block-gallery-1 is-layout-flex wp-block-gallery-is-layout-flex\">\n<figure class=\"wp-block-image size-large\"><img fetchpriority=\"high\" decoding=\"async\" width=\"1024\" height=\"745\" data-id=\"13390\" src=\"https:\/\/comarcas.csm.org.pt\/porto\/wp-content\/uploads\/sites\/22\/2026\/09\/731022962_18568302058071911_2372419537862048197_n-1024x745.jpg\" alt=\"\" class=\"wp-image-13390\" srcset=\"https:\/\/comarcas.csm.org.pt\/porto\/wp-content\/uploads\/sites\/22\/2026\/09\/731022962_18568302058071911_2372419537862048197_n-1024x745.jpg 1024w, https:\/\/comarcas.csm.org.pt\/porto\/wp-content\/uploads\/sites\/22\/2026\/09\/731022962_18568302058071911_2372419537862048197_n-300x218.jpg 300w, https:\/\/comarcas.csm.org.pt\/porto\/wp-content\/uploads\/sites\/22\/2026\/09\/731022962_18568302058071911_2372419537862048197_n-768x559.jpg 768w, https:\/\/comarcas.csm.org.pt\/porto\/wp-content\/uploads\/sites\/22\/2026\/09\/731022962_18568302058071911_2372419537862048197_n.jpg 1440w\" sizes=\"(max-width: 1024px) 100vw, 1024px\" \/><\/figure>\n<\/figure>\n\n\n\n<figure class=\"wp-block-image size-large is-resized\"><img decoding=\"async\" width=\"798\" height=\"364\" src=\"https:\/\/comarcas.csm.org.pt\/porto\/wp-content\/uploads\/sites\/22\/2026\/09\/image-1.png\" alt=\"\" class=\"wp-image-13391\" style=\"width:1236px;height:auto\" srcset=\"https:\/\/comarcas.csm.org.pt\/porto\/wp-content\/uploads\/sites\/22\/2026\/09\/image-1.png 798w, https:\/\/comarcas.csm.org.pt\/porto\/wp-content\/uploads\/sites\/22\/2026\/09\/image-1-300x137.png 300w, https:\/\/comarcas.csm.org.pt\/porto\/wp-content\/uploads\/sites\/22\/2026\/09\/image-1-768x350.png 768w\" sizes=\"(max-width: 798px) 100vw, 798px\" \/><\/figure>\n","protected":false},"excerpt":{"rendered":"<p>No dia 29 de junho de 2026, a Senhora Juiz Presidente esteve presente na Sess\u00e3o Solene de comemora\u00e7\u00e3o dos 40 anos da Universidade Portucalense. A cerim\u00f3nia teve lugar na Aula Magna e contou com a&#8230;<\/p>\n","protected":false},"author":22,"featured_media":13390,"comment_status":"closed","ping_status":"open","sticky":false,"template":"","format":"standard","meta":{"_tbt_post_transparent":"","_tbt_post_title":"","_tbt_post_layout":"","_tbt_post_sidebar_id":"","_tbt_post_content_style":"","_tbt_post_vertical_padding":"","_tbt_post_feature":"","_tbt_post_feature_position":"","_tbt_post_header":false,"_tbt_post_footer":false},"categories":[1],"tags":[],"class_list":["post-13389","post","type-post","status-publish","format-standard","has-post-thumbnail","hentry","category-geral"],"yoast_head":"<!-- This site is optimized with the Yoast SEO plugin v25.6 - https:\/\/yoast.com\/wordpress\/plugins\/seo\/ -->\n<title>Sess\u00e3o Solene de comemora\u00e7\u00e3o dos 40 anos da Universidade Portucalense - Tribunal Judicial da Comarca de Porto<\/title>\n<meta name=\"robots\" content=\"index, follow, max-snippet:-1, max-image-preview:large, max-video-preview:-1\" \/>\n<link rel=\"canonical\" href=\"https:\/\/comarcas.csm.org.pt\/porto\/blog\/2026\/07\/07\/sessao-solene-de-comemoracao-dos-40-anos-da-universidade-portucalense\/\" \/>\n<meta property=\"og:locale\" content=\"pt_PT\" \/>\n<meta property=\"og:type\" content=\"article\" \/>\n<meta property=\"og:title\" content=\"Sess\u00e3o Solene de comemora\u00e7\u00e3o dos 40 anos da Universidade Portucalense - Tribunal Judicial da Comarca de Porto\" \/>\n<meta property=\"og:description\" content=\"No dia 29 de junho de 2026, a Senhora Juiz Presidente esteve presente na Sess\u00e3o Solene de comemora\u00e7\u00e3o dos 40 anos da Universidade Portucalense. A cerim\u00f3nia teve lugar na Aula Magna e contou com a...\" \/>\n<meta property=\"og:url\" content=\"https:\/\/comarcas.csm.org.pt\/porto\/blog\/2026\/07\/07\/sessao-solene-de-comemoracao-dos-40-anos-da-universidade-portucalense\/\" \/>\n<meta property=\"og:site_name\" content=\"Tribunal Judicial da Comarca de Porto\" \/>\n<meta property=\"article:published_time\" content=\"2026-07-07T13:03:21+00:00\" \/>\n<meta property=\"article:modified_time\" content=\"2026-09-01T13:05:38+00:00\" \/>\n<meta property=\"og:image\" content=\"https:\/\/comarcas.csm.org.pt\/porto\/wp-content\/uploads\/sites\/22\/2026\/09\/731022962_18568302058071911_2372419537862048197_n.jpg\" \/>\n\t<meta property=\"og:image:width\" content=\"1440\" \/>\n\t<meta property=\"og:image:height\" content=\"1048\" \/>\n\t<meta property=\"og:image:type\" content=\"image\/jpeg\" \/>\n<meta name=\"author\" content=\"porto\" \/>\n<meta name=\"twitter:card\" content=\"summary_large_image\" \/>\n<meta name=\"twitter:label1\" content=\"Escrito por\" \/>\n\t<meta name=\"twitter:data1\" content=\"porto\" \/>\n\t<meta name=\"twitter:label2\" content=\"Tempo estimado de leitura\" \/>\n\t<meta name=\"twitter:data2\" content=\"1 minuto\" \/>\n<script type=\"application\/ld+json\" class=\"yoast-schema-graph\">{\"@context\":\"https:\/\/schema.org\",\"@graph\":[{\"@type\":\"Article\",\"@id\":\"https:\/\/comarcas.csm.org.pt\/porto\/blog\/2026\/07\/07\/sessao-solene-de-comemoracao-dos-40-anos-da-universidade-portucalense\/#article\",\"isPartOf\":{\"@id\":\"https:\/\/comarcas.csm.org.pt\/porto\/blog\/2026\/07\/07\/sessao-solene-de-comemoracao-dos-40-anos-da-universidade-portucalense\/\"},\"author\":{\"name\":\"porto\",\"@id\":\"https:\/\/comarcas.csm.org.pt\/porto\/#\/schema\/person\/ef56fef4e8b5c106ca0ab5f19448ec61\"},\"headline\":\"Sess\u00e3o Solene de comemora\u00e7\u00e3o dos 40 anos da Universidade Portucalense\",\"datePublished\":\"2026-07-07T13:03:21+00:00\",\"dateModified\":\"2026-09-01T13:05:38+00:00\",\"mainEntityOfPage\":{\"@id\":\"https:\/\/comarcas.csm.org.pt\/porto\/blog\/2026\/07\/07\/sessao-solene-de-comemoracao-dos-40-anos-da-universidade-portucalense\/\"},\"wordCount\":80,\"publisher\":{\"@id\":\"https:\/\/comarcas.csm.org.pt\/porto\/#organization\"},\"image\":{\"@id\":\"https:\/\/comarcas.csm.org.pt\/porto\/blog\/2026\/07\/07\/sessao-solene-de-comemoracao-dos-40-anos-da-universidade-portucalense\/#primaryimage\"},\"thumbnailUrl\":\"https:\/\/comarcas.csm.org.pt\/porto\/wp-content\/uploads\/sites\/22\/2026\/09\/731022962_18568302058071911_2372419537862048197_n.jpg\",\"articleSection\":[\"Geral\"],\"inLanguage\":\"pt-PT\"},{\"@type\":\"WebPage\",\"@id\":\"https:\/\/comarcas.csm.org.pt\/porto\/blog\/2026\/07\/07\/sessao-solene-de-comemoracao-dos-40-anos-da-universidade-portucalense\/\",\"url\":\"https:\/\/comarcas.csm.org.pt\/porto\/blog\/2026\/07\/07\/sessao-solene-de-comemoracao-dos-40-anos-da-universidade-portucalense\/\",\"name\":\"Sess\u00e3o Solene de comemora\u00e7\u00e3o dos 40 anos da Universidade Portucalense - Tribunal Judicial da Comarca de Porto\",\"isPartOf\":{\"@id\":\"https:\/\/comarcas.csm.org.pt\/porto\/#website\"},\"primaryImageOfPage\":{\"@id\":\"https:\/\/comarcas.csm.org.pt\/porto\/blog\/2026\/07\/07\/sessao-solene-de-comemoracao-dos-40-anos-da-universidade-portucalense\/#primaryimage\"},\"image\":{\"@id\":\"https:\/\/comarcas.csm.org.pt\/porto\/blog\/2026\/07\/07\/sessao-solene-de-comemoracao-dos-40-anos-da-universidade-portucalense\/#primaryimage\"},\"thumbnailUrl\":\"https:\/\/comarcas.csm.org.pt\/porto\/wp-content\/uploads\/sites\/22\/2026\/09\/731022962_18568302058071911_2372419537862048197_n.jpg\",\"datePublished\":\"2026-07-07T13:03:21+00:00\",\"dateModified\":\"2026-09-01T13:05:38+00:00\",\"breadcrumb\":{\"@id\":\"https:\/\/comarcas.csm.org.pt\/porto\/blog\/2026\/07\/07\/sessao-solene-de-comemoracao-dos-40-anos-da-universidade-portucalense\/#breadcrumb\"},\"inLanguage\":\"pt-PT\",\"potentialAction\":[{\"@type\":\"ReadAction\",\"target\":[\"https:\/\/comarcas.csm.org.pt\/porto\/blog\/2026\/07\/07\/sessao-solene-de-comemoracao-dos-40-anos-da-universidade-portucalense\/\"]}]},{\"@type\":\"ImageObject\",\"inLanguage\":\"pt-PT\",\"@id\":\"https:\/\/comarcas.csm.org.pt\/porto\/blog\/2026\/07\/07\/sessao-solene-de-comemoracao-dos-40-anos-da-universidade-portucalense\/#primaryimage\",\"url\":\"https:\/\/comarcas.csm.org.pt\/porto\/wp-content\/uploads\/sites\/22\/2026\/09\/731022962_18568302058071911_2372419537862048197_n.jpg\",\"contentUrl\":\"https:\/\/comarcas.csm.org.pt\/porto\/wp-content\/uploads\/sites\/22\/2026\/09\/731022962_18568302058071911_2372419537862048197_n.jpg\",\"width\":1440,\"height\":1048},{\"@type\":\"BreadcrumbList\",\"@id\":\"https:\/\/comarcas.csm.org.pt\/porto\/blog\/2026\/07\/07\/sessao-solene-de-comemoracao-dos-40-anos-da-universidade-portucalense\/#breadcrumb\",\"itemListElement\":[{\"@type\":\"ListItem\",\"position\":1,\"name\":\"In\u00edcio\",\"item\":\"https:\/\/comarcas.csm.org.pt\/porto\/\"},{\"@type\":\"ListItem\",\"position\":2,\"name\":\"Sess\u00e3o Solene de comemora\u00e7\u00e3o dos 40 anos da Universidade Portucalense\"}]},{\"@type\":\"WebSite\",\"@id\":\"https:\/\/comarcas.csm.org.pt\/porto\/#website\",\"url\":\"https:\/\/comarcas.csm.org.pt\/porto\/\",\"name\":\"Tribunal Judicial da Comarca de Porto\",\"description\":\"Tribunal Judicial da Comarca do Porto\",\"publisher\":{\"@id\":\"https:\/\/comarcas.csm.org.pt\/porto\/#organization\"},\"potentialAction\":[{\"@type\":\"SearchAction\",\"target\":{\"@type\":\"EntryPoint\",\"urlTemplate\":\"https:\/\/comarcas.csm.org.pt\/porto\/?s={search_term_string}\"},\"query-input\":{\"@type\":\"PropertyValueSpecification\",\"valueRequired\":true,\"valueName\":\"search_term_string\"}}],\"inLanguage\":\"pt-PT\"},{\"@type\":\"Organization\",\"@id\":\"https:\/\/comarcas.csm.org.pt\/porto\/#organization\",\"name\":\"Tribunal Judicial da Comarca de Porto\",\"url\":\"https:\/\/comarcas.csm.org.pt\/porto\/\",\"logo\":{\"@type\":\"ImageObject\",\"inLanguage\":\"pt-PT\",\"@id\":\"https:\/\/comarcas.csm.org.pt\/porto\/#\/schema\/logo\/image\/\",\"url\":\"https:\/\/comarcas.csm.org.pt\/porto\/wp-content\/uploads\/sites\/22\/2024\/11\/Porto_positivo-horizontal.png\",\"contentUrl\":\"https:\/\/comarcas.csm.org.pt\/porto\/wp-content\/uploads\/sites\/22\/2024\/11\/Porto_positivo-horizontal.png\",\"width\":4811,\"height\":1215,\"caption\":\"Tribunal Judicial da Comarca de Porto\"},\"image\":{\"@id\":\"https:\/\/comarcas.csm.org.pt\/porto\/#\/schema\/logo\/image\/\"}},{\"@type\":\"Person\",\"@id\":\"https:\/\/comarcas.csm.org.pt\/porto\/#\/schema\/person\/ef56fef4e8b5c106ca0ab5f19448ec61\",\"name\":\"porto\",\"image\":{\"@type\":\"ImageObject\",\"inLanguage\":\"pt-PT\",\"@id\":\"https:\/\/comarcas.csm.org.pt\/porto\/#\/schema\/person\/image\/\",\"url\":\"https:\/\/secure.gravatar.com\/avatar\/0c7d0270c704b771a4d11f8fa662d594ace70c178814288e2d15e1a64c1b5460?s=96&d=mm&r=g\",\"contentUrl\":\"https:\/\/secure.gravatar.com\/avatar\/0c7d0270c704b771a4d11f8fa662d594ace70c178814288e2d15e1a64c1b5460?s=96&d=mm&r=g\",\"caption\":\"porto\"},\"url\":\"https:\/\/comarcas.csm.org.pt\/porto\/blog\/author\/porto\/\"}]}<\/script>\n<!-- \/ Yoast SEO plugin. -->","yoast_head_json":{"title":"Sess\u00e3o Solene de comemora\u00e7\u00e3o dos 40 anos da Universidade Portucalense - Tribunal Judicial da Comarca de Porto","robots":{"index":"index","follow":"follow","max-snippet":"max-snippet:-1","max-image-preview":"max-image-preview:large","max-video-preview":"max-video-preview:-1"},"canonical":"https:\/\/comarcas.csm.org.pt\/porto\/blog\/2026\/07\/07\/sessao-solene-de-comemoracao-dos-40-anos-da-universidade-portucalense\/","og_locale":"pt_PT","og_type":"article","og_title":"Sess\u00e3o Solene de comemora\u00e7\u00e3o dos 40 anos da Universidade Portucalense - Tribunal Judicial da Comarca de Porto","og_description":"No dia 29 de junho de 2026, a Senhora Juiz Presidente esteve presente na Sess\u00e3o Solene de comemora\u00e7\u00e3o dos 40 anos da Universidade Portucalense. A cerim\u00f3nia teve lugar na Aula Magna e contou com a...","og_url":"https:\/\/comarcas.csm.org.pt\/porto\/blog\/2026\/07\/07\/sessao-solene-de-comemoracao-dos-40-anos-da-universidade-portucalense\/","og_site_name":"Tribunal Judicial da Comarca de Porto","article_published_time":"2026-07-07T13:03:21+00:00","article_modified_time":"2026-09-01T13:05:38+00:00","og_image":[{"width":1440,"height":1048,"url":"https:\/\/comarcas.csm.org.pt\/porto\/wp-content\/uploads\/sites\/22\/2026\/09\/731022962_18568302058071911_2372419537862048197_n.jpg","type":"image\/jpeg"}],"author":"porto","twitter_card":"summary_large_image","twitter_misc":{"Escrito por":"porto","Tempo estimado de leitura":"1 minuto"},"schema":{"@context":"https:\/\/schema.org","@graph":[{"@type":"Article","@id":"https:\/\/comarcas.csm.org.pt\/porto\/blog\/2026\/07\/07\/sessao-solene-de-comemoracao-dos-40-anos-da-universidade-portucalense\/#article","isPartOf":{"@id":"https:\/\/comarcas.csm.org.pt\/porto\/blog\/2026\/07\/07\/sessao-solene-de-comemoracao-dos-40-anos-da-universidade-portucalense\/"},"author":{"name":"porto","@id":"https:\/\/comarcas.csm.org.pt\/porto\/#\/schema\/person\/ef56fef4e8b5c106ca0ab5f19448ec61"},"headline":"Sess\u00e3o Solene de comemora\u00e7\u00e3o dos 40 anos da Universidade Portucalense","datePublished":"2026-07-07T13:03:21+00:00","dateModified":"2026-09-01T13:05:38+00:00","mainEntityOfPage":{"@id":"https:\/\/comarcas.csm.org.pt\/porto\/blog\/2026\/07\/07\/sessao-solene-de-comemoracao-dos-40-anos-da-universidade-portucalense\/"},"wordCount":80,"publisher":{"@id":"https:\/\/comarcas.csm.org.pt\/porto\/#organization"},"image":{"@id":"https:\/\/comarcas.csm.org.pt\/porto\/blog\/2026\/07\/07\/sessao-solene-de-comemoracao-dos-40-anos-da-universidade-portucalense\/#primaryimage"},"thumbnailUrl":"https:\/\/comarcas.csm.org.pt\/porto\/wp-content\/uploads\/sites\/22\/2026\/09\/731022962_18568302058071911_2372419537862048197_n.jpg","articleSection":["Geral"],"inLanguage":"pt-PT"},{"@type":"WebPage","@id":"https:\/\/comarcas.csm.org.pt\/porto\/blog\/2026\/07\/07\/sessao-solene-de-comemoracao-dos-40-anos-da-universidade-portucalense\/","url":"https:\/\/comarcas.csm.org.pt\/porto\/blog\/2026\/07\/07\/sessao-solene-de-comemoracao-dos-40-anos-da-universidade-portucalense\/","name":"Sess\u00e3o Solene de comemora\u00e7\u00e3o dos 40 anos da Universidade Portucalense - Tribunal Judicial da Comarca de Porto","isPartOf":{"@id":"https:\/\/comarcas.csm.org.pt\/porto\/#website"},"primaryImageOfPage":{"@id":"https:\/\/comarcas.csm.org.pt\/porto\/blog\/2026\/07\/07\/sessao-solene-de-comemoracao-dos-40-anos-da-universidade-portucalense\/#primaryimage"},"image":{"@id":"https:\/\/comarcas.csm.org.pt\/porto\/blog\/2026\/07\/07\/sessao-solene-de-comemoracao-dos-40-anos-da-universidade-portucalense\/#primaryimage"},"thumbnailUrl":"https:\/\/comarcas.csm.org.pt\/porto\/wp-content\/uploads\/sites\/22\/2026\/09\/731022962_18568302058071911_2372419537862048197_n.jpg","datePublished":"2026-07-07T13:03:21+00:00","dateModified":"2026-09-01T13:05:38+00:00","breadcrumb":{"@id":"https:\/\/comarcas.csm.org.pt\/porto\/blog\/2026\/07\/07\/sessao-solene-de-comemoracao-dos-40-anos-da-universidade-portucalense\/#breadcrumb"},"inLanguage":"pt-PT","potentialAction":[{"@type":"ReadAction","target":["https:\/\/comarcas.csm.org.pt\/porto\/blog\/2026\/07\/07\/sessao-solene-de-comemoracao-dos-40-anos-da-universidade-portucalense\/"]}]},{"@type":"ImageObject","inLanguage":"pt-PT","@id":"https:\/\/comarcas.csm.org.pt\/porto\/blog\/2026\/07\/07\/sessao-solene-de-comemoracao-dos-40-anos-da-universidade-portucalense\/#primaryimage","url":"https:\/\/comarcas.csm.org.pt\/porto\/wp-content\/uploads\/sites\/22\/2026\/09\/731022962_18568302058071911_2372419537862048197_n.jpg","contentUrl":"https:\/\/comarcas.csm.org.pt\/porto\/wp-content\/uploads\/sites\/22\/2026\/09\/731022962_18568302058071911_2372419537862048197_n.jpg","width":1440,"height":1048},{"@type":"BreadcrumbList","@id":"https:\/\/comarcas.csm.org.pt\/porto\/blog\/2026\/07\/07\/sessao-solene-de-comemoracao-dos-40-anos-da-universidade-portucalense\/#breadcrumb","itemListElement":[{"@type":"ListItem","position":1,"name":"In\u00edcio","item":"https:\/\/comarcas.csm.org.pt\/porto\/"},{"@type":"ListItem","position":2,"name":"Sess\u00e3o Solene de comemora\u00e7\u00e3o dos 40 anos da Universidade Portucalense"}]},{"@type":"WebSite","@id":"https:\/\/comarcas.csm.org.pt\/porto\/#website","url":"https:\/\/comarcas.csm.org.pt\/porto\/","name":"Tribunal Judicial da Comarca de Porto","description":"Tribunal Judicial da Comarca do Porto","publisher":{"@id":"https:\/\/comarcas.csm.org.pt\/porto\/#organization"},"potentialAction":[{"@type":"SearchAction","target":{"@type":"EntryPoint","urlTemplate":"https:\/\/comarcas.csm.org.pt\/porto\/?s={search_term_string}"},"query-input":{"@type":"PropertyValueSpecification","valueRequired":true,"valueName":"search_term_string"}}],"inLanguage":"pt-PT"},{"@type":"Organization","@id":"https:\/\/comarcas.csm.org.pt\/porto\/#organization","name":"Tribunal Judicial da Comarca de Porto","url":"https:\/\/comarcas.csm.org.pt\/porto\/","logo":{"@type":"ImageObject","inLanguage":"pt-PT","@id":"https:\/\/comarcas.csm.org.pt\/porto\/#\/schema\/logo\/image\/","url":"https:\/\/comarcas.csm.org.pt\/porto\/wp-content\/uploads\/sites\/22\/2024\/11\/Porto_positivo-horizontal.png","contentUrl":"https:\/\/comarcas.csm.org.pt\/porto\/wp-content\/uploads\/sites\/22\/2024\/11\/Porto_positivo-horizontal.png","width":4811,"height":1215,"caption":"Tribunal Judicial da Comarca de Porto"},"image":{"@id":"https:\/\/comarcas.csm.org.pt\/porto\/#\/schema\/logo\/image\/"}},{"@type":"Person","@id":"https:\/\/comarcas.csm.org.pt\/porto\/#\/schema\/person\/ef56fef4e8b5c106ca0ab5f19448ec61","name":"porto","image":{"@type":"ImageObject","inLanguage":"pt-PT","@id":"https:\/\/comarcas.csm.org.pt\/porto\/#\/schema\/person\/image\/","url":"https:\/\/secure.gravatar.com\/avatar\/0c7d0270c704b771a4d11f8fa662d594ace70c178814288e2d15e1a64c1b5460?s=96&d=mm&r=g","contentUrl":"https:\/\/secure.gravatar.com\/avatar\/0c7d0270c704b771a4d11f8fa662d594ace70c178814288e2d15e1a64c1b5460?s=96&d=mm&r=g","caption":"porto"},"url":"https:\/\/comarcas.csm.org.pt\/porto\/blog\/author\/porto\/"}]}},"_links":{"self":[{"href":"https:\/\/comarcas.csm.org.pt\/porto\/wp-json\/wp\/v2\/posts\/13389","targetHints":{"allow":["GET"]}}],"collection":[{"href":"https:\/\/comarcas.csm.org.pt\/porto\/wp-json\/wp\/v2\/posts"}],"about":[{"href":"https:\/\/comarcas.csm.org.pt\/porto\/wp-json\/wp\/v2\/types\/post"}],"author":[{"embeddable":true,"href":"https:\/\/comarcas.csm.org.pt\/porto\/wp-json\/wp\/v2\/users\/22"}],"replies":[{"embeddable":true,"href":"https:\/\/comarcas.csm.org.pt\/porto\/wp-json\/wp\/v2\/comments?post=13389"}],"version-history":[{"count":1,"href":"https:\/\/comarcas.csm.org.pt\/porto\/wp-json\/wp\/v2\/posts\/13389\/revisions"}],"predecessor-version":[{"id":13392,"href":"https:\/\/comarcas.csm.org.pt\/porto\/wp-json\/wp\/v2\/posts\/13389\/revisions\/13392"}],"wp:featuredmedia":[{"embeddable":true,"href":"https:\/\/comarcas.csm.org.pt\/porto\/wp-json\/wp\/v2\/media\/13390"}],"wp:attachment":[{"href":"https:\/\/comarcas.csm.org.pt\/porto\/wp-json\/wp\/v2\/media?parent=13389"}],"wp:term":[{"taxonomy":"category","embeddable":true,"href":"https:\/\/comarcas.csm.org.pt\/porto\/wp-json\/wp\/v2\/categories?post=13389"},{"taxonomy":"post_tag","embeddable":true,"href":"https:\/\/comarcas.csm.org.pt\/porto\/wp-json\/wp\/v2\/tags?post=13389"}],"curies":[{"name":"wp","href":"https:\/\/api.w.org\/{rel}","templated":true}]}}