{"id":13399,"date":"2026-07-14T13:10:59","date_gmt":"2026-07-14T13:10:59","guid":{"rendered":"https:\/\/comarcas.csm.org.pt\/porto\/?p=13399"},"modified":"2026-09-01T13:13:07","modified_gmt":"2026-09-01T13:13:07","slug":"assinatura-de-protocolo-de-estagio-com-faculdade-de-direito-da-universidade-de-coimbra","status":"publish","type":"post","link":"https:\/\/comarcas.csm.org.pt\/porto\/blog\/2026\/07\/14\/assinatura-de-protocolo-de-estagio-com-faculdade-de-direito-da-universidade-de-coimbra\/","title":{"rendered":"Assinatura de protocolo de est\u00e1gio com Faculdade de Direito da Universidade de Coimbra"},"content":{"rendered":"\n<p>No dia 07 de julho de 2026, o Tribunal Judicial da Comarca do Porto celebrou com a Faculdade de Direito da Universidade de Coimbra um Protocolo de Colabora\u00e7\u00e3o, visando a realiza\u00e7\u00e3o de est\u00e1gios curriculares, em contexto profissional, por parte dos alunos do 2\u00ba Ciclo de Estudos em Ci\u00eancias Jur\u00eddico-Forenses dessa Institui\u00e7\u00e3o.<\/p>\n\n\n\n<figure class=\"wp-block-gallery has-nested-images columns-default is-cropped wp-block-gallery-1 is-layout-flex wp-block-gallery-is-layout-flex\">\n<figure class=\"wp-block-image size-large\"><img fetchpriority=\"high\" decoding=\"async\" width=\"1024\" height=\"683\" data-id=\"13401\" src=\"https:\/\/comarcas.csm.org.pt\/porto\/wp-content\/uploads\/sites\/22\/2026\/09\/1-1024x683.jpg\" alt=\"\" class=\"wp-image-13401\" srcset=\"https:\/\/comarcas.csm.org.pt\/porto\/wp-content\/uploads\/sites\/22\/2026\/09\/1-1024x683.jpg 1024w, https:\/\/comarcas.csm.org.pt\/porto\/wp-content\/uploads\/sites\/22\/2026\/09\/1-300x200.jpg 300w, https:\/\/comarcas.csm.org.pt\/porto\/wp-content\/uploads\/sites\/22\/2026\/09\/1-768x512.jpg 768w, https:\/\/comarcas.csm.org.pt\/porto\/wp-content\/uploads\/sites\/22\/2026\/09\/1-1536x1024.jpg 1536w, https:\/\/comarcas.csm.org.pt\/porto\/wp-content\/uploads\/sites\/22\/2026\/09\/1.jpg 2048w\" sizes=\"(max-width: 1024px) 100vw, 1024px\" \/><\/figure>\n\n\n\n<figure class=\"wp-block-image size-large\"><img decoding=\"async\" width=\"1024\" height=\"683\" data-id=\"13402\" src=\"https:\/\/comarcas.csm.org.pt\/porto\/wp-content\/uploads\/sites\/22\/2026\/09\/2-1024x683.jpg\" alt=\"\" class=\"wp-image-13402\" srcset=\"https:\/\/comarcas.csm.org.pt\/porto\/wp-content\/uploads\/sites\/22\/2026\/09\/2-1024x683.jpg 1024w, https:\/\/comarcas.csm.org.pt\/porto\/wp-content\/uploads\/sites\/22\/2026\/09\/2-300x200.jpg 300w, https:\/\/comarcas.csm.org.pt\/porto\/wp-content\/uploads\/sites\/22\/2026\/09\/2-768x512.jpg 768w, https:\/\/comarcas.csm.org.pt\/porto\/wp-content\/uploads\/sites\/22\/2026\/09\/2-1536x1024.jpg 1536w, https:\/\/comarcas.csm.org.pt\/porto\/wp-content\/uploads\/sites\/22\/2026\/09\/2.jpg 2048w\" sizes=\"(max-width: 1024px) 100vw, 1024px\" \/><\/figure>\n\n\n\n<figure class=\"wp-block-image size-large\"><img decoding=\"async\" width=\"2048\" height=\"1365\" data-id=\"13400\" src=\"https:\/\/comarcas.csm.org.pt\/porto\/wp-content\/uploads\/sites\/22\/2026\/09\/3-1024x683.jpg\" alt=\"\" class=\"wp-image-13400\" srcset=\"https:\/\/comarcas.csm.org.pt\/porto\/wp-content\/uploads\/sites\/22\/2026\/09\/3-1024x683.jpg 1024w, https:\/\/comarcas.csm.org.pt\/porto\/wp-content\/uploads\/sites\/22\/2026\/09\/3-300x200.jpg 300w, https:\/\/comarcas.csm.org.pt\/porto\/wp-content\/uploads\/sites\/22\/2026\/09\/3-768x512.jpg 768w, https:\/\/comarcas.csm.org.pt\/porto\/wp-content\/uploads\/sites\/22\/2026\/09\/3-1536x1024.jpg 1536w, https:\/\/comarcas.csm.org.pt\/porto\/wp-content\/uploads\/sites\/22\/2026\/09\/3.jpg 2048w\" sizes=\"(max-width: 2048px) 100vw, 2048px\" \/><\/figure>\n\n\n\n<figure class=\"wp-block-image size-large\"><img loading=\"lazy\" decoding=\"async\" width=\"1024\" height=\"683\" data-id=\"13403\" src=\"https:\/\/comarcas.csm.org.pt\/porto\/wp-content\/uploads\/sites\/22\/2026\/09\/4-1024x683.jpg\" alt=\"\" class=\"wp-image-13403\" srcset=\"https:\/\/comarcas.csm.org.pt\/porto\/wp-content\/uploads\/sites\/22\/2026\/09\/4-1024x683.jpg 1024w, https:\/\/comarcas.csm.org.pt\/porto\/wp-content\/uploads\/sites\/22\/2026\/09\/4-300x200.jpg 300w, https:\/\/comarcas.csm.org.pt\/porto\/wp-content\/uploads\/sites\/22\/2026\/09\/4-768x512.jpg 768w, https:\/\/comarcas.csm.org.pt\/porto\/wp-content\/uploads\/sites\/22\/2026\/09\/4-1536x1024.jpg 1536w, https:\/\/comarcas.csm.org.pt\/porto\/wp-content\/uploads\/sites\/22\/2026\/09\/4.jpg 2048w\" sizes=\"(max-width: 1024px) 100vw, 1024px\" \/><\/figure>\n\n\n\n<figure class=\"wp-block-image size-large\"><img loading=\"lazy\" decoding=\"async\" width=\"1024\" height=\"683\" data-id=\"13404\" src=\"https:\/\/comarcas.csm.org.pt\/porto\/wp-content\/uploads\/sites\/22\/2026\/09\/5-1024x683.jpg\" alt=\"\" class=\"wp-image-13404\" srcset=\"https:\/\/comarcas.csm.org.pt\/porto\/wp-content\/uploads\/sites\/22\/2026\/09\/5-1024x683.jpg 1024w, https:\/\/comarcas.csm.org.pt\/porto\/wp-content\/uploads\/sites\/22\/2026\/09\/5-300x200.jpg 300w, https:\/\/comarcas.csm.org.pt\/porto\/wp-content\/uploads\/sites\/22\/2026\/09\/5-768x512.jpg 768w, https:\/\/comarcas.csm.org.pt\/porto\/wp-content\/uploads\/sites\/22\/2026\/09\/5-1536x1024.jpg 1536w, https:\/\/comarcas.csm.org.pt\/porto\/wp-content\/uploads\/sites\/22\/2026\/09\/5.jpg 2048w\" sizes=\"(max-width: 1024px) 100vw, 1024px\" \/><\/figure>\n\n\n\n<figure class=\"wp-block-image size-large\"><img loading=\"lazy\" decoding=\"async\" width=\"1024\" height=\"683\" data-id=\"13406\" src=\"https:\/\/comarcas.csm.org.pt\/porto\/wp-content\/uploads\/sites\/22\/2026\/09\/7-1024x683.jpg\" alt=\"\" class=\"wp-image-13406\" srcset=\"https:\/\/comarcas.csm.org.pt\/porto\/wp-content\/uploads\/sites\/22\/2026\/09\/7-1024x683.jpg 1024w, https:\/\/comarcas.csm.org.pt\/porto\/wp-content\/uploads\/sites\/22\/2026\/09\/7-300x200.jpg 300w, https:\/\/comarcas.csm.org.pt\/porto\/wp-content\/uploads\/sites\/22\/2026\/09\/7-768x512.jpg 768w, https:\/\/comarcas.csm.org.pt\/porto\/wp-content\/uploads\/sites\/22\/2026\/09\/7-1536x1024.jpg 1536w, https:\/\/comarcas.csm.org.pt\/porto\/wp-content\/uploads\/sites\/22\/2026\/09\/7.jpg 2048w\" sizes=\"(max-width: 1024px) 100vw, 1024px\" \/><\/figure>\n\n\n\n<figure class=\"wp-block-image size-large\"><img loading=\"lazy\" decoding=\"async\" width=\"1024\" height=\"683\" data-id=\"13405\" src=\"https:\/\/comarcas.csm.org.pt\/porto\/wp-content\/uploads\/sites\/22\/2026\/09\/8-1024x683.jpg\" alt=\"\" class=\"wp-image-13405\" srcset=\"https:\/\/comarcas.csm.org.pt\/porto\/wp-content\/uploads\/sites\/22\/2026\/09\/8-1024x683.jpg 1024w, https:\/\/comarcas.csm.org.pt\/porto\/wp-content\/uploads\/sites\/22\/2026\/09\/8-300x200.jpg 300w, https:\/\/comarcas.csm.org.pt\/porto\/wp-content\/uploads\/sites\/22\/2026\/09\/8-768x512.jpg 768w, https:\/\/comarcas.csm.org.pt\/porto\/wp-content\/uploads\/sites\/22\/2026\/09\/8-1536x1024.jpg 1536w, https:\/\/comarcas.csm.org.pt\/porto\/wp-content\/uploads\/sites\/22\/2026\/09\/8.jpg 1872w\" sizes=\"(max-width: 1024px) 100vw, 1024px\" \/><\/figure>\n<\/figure>\n","protected":false},"excerpt":{"rendered":"<p>No dia 07 de julho de 2026, o Tribunal Judicial da Comarca do Porto celebrou com a Faculdade de Direito da Universidade de Coimbra um Protocolo de Colabora\u00e7\u00e3o, visando a realiza\u00e7\u00e3o de est\u00e1gios curriculares, em&#8230;<\/p>\n","protected":false},"author":22,"featured_media":13401,"comment_status":"closed","ping_status":"open","sticky":false,"template":"","format":"standard","meta":{"_tbt_post_transparent":"","_tbt_post_title":"","_tbt_post_layout":"","_tbt_post_sidebar_id":"","_tbt_post_content_style":"","_tbt_post_vertical_padding":"","_tbt_post_feature":"","_tbt_post_feature_position":"","_tbt_post_header":false,"_tbt_post_footer":false},"categories":[1],"tags":[],"class_list":["post-13399","post","type-post","status-publish","format-standard","has-post-thumbnail","hentry","category-geral"],"yoast_head":"<!-- This site is optimized with the Yoast SEO plugin v25.6 - https:\/\/yoast.com\/wordpress\/plugins\/seo\/ -->\n<title>Assinatura de protocolo de est\u00e1gio com Faculdade de Direito da Universidade de Coimbra - Tribunal Judicial da Comarca de Porto<\/title>\n<meta name=\"robots\" content=\"index, follow, max-snippet:-1, max-image-preview:large, max-video-preview:-1\" \/>\n<link rel=\"canonical\" href=\"https:\/\/comarcas.csm.org.pt\/porto\/blog\/2026\/07\/14\/assinatura-de-protocolo-de-estagio-com-faculdade-de-direito-da-universidade-de-coimbra\/\" \/>\n<meta property=\"og:locale\" content=\"pt_PT\" \/>\n<meta property=\"og:type\" content=\"article\" \/>\n<meta property=\"og:title\" content=\"Assinatura de protocolo de est\u00e1gio com Faculdade de Direito da Universidade de Coimbra - Tribunal Judicial da Comarca de Porto\" \/>\n<meta property=\"og:description\" content=\"No dia 07 de julho de 2026, o Tribunal Judicial da Comarca do Porto celebrou com a Faculdade de Direito da Universidade de Coimbra um Protocolo de Colabora\u00e7\u00e3o, visando a realiza\u00e7\u00e3o de est\u00e1gios curriculares, em...\" \/>\n<meta property=\"og:url\" content=\"https:\/\/comarcas.csm.org.pt\/porto\/blog\/2026\/07\/14\/assinatura-de-protocolo-de-estagio-com-faculdade-de-direito-da-universidade-de-coimbra\/\" \/>\n<meta property=\"og:site_name\" content=\"Tribunal Judicial da Comarca de Porto\" \/>\n<meta property=\"article:published_time\" content=\"2026-07-14T13:10:59+00:00\" \/>\n<meta property=\"article:modified_time\" content=\"2026-09-01T13:13:07+00:00\" \/>\n<meta property=\"og:image\" content=\"https:\/\/comarcas.csm.org.pt\/porto\/wp-content\/uploads\/sites\/22\/2026\/09\/1.jpg\" \/>\n\t<meta property=\"og:image:width\" content=\"2048\" \/>\n\t<meta property=\"og:image:height\" content=\"1365\" \/>\n\t<meta property=\"og:image:type\" content=\"image\/jpeg\" \/>\n<meta name=\"author\" content=\"porto\" \/>\n<meta name=\"twitter:card\" content=\"summary_large_image\" \/>\n<meta name=\"twitter:label1\" content=\"Escrito por\" \/>\n\t<meta name=\"twitter:data1\" content=\"porto\" \/>\n\t<meta name=\"twitter:label2\" content=\"Tempo estimado de leitura\" \/>\n\t<meta name=\"twitter:data2\" content=\"2 minutos\" \/>\n<script type=\"application\/ld+json\" class=\"yoast-schema-graph\">{\"@context\":\"https:\/\/schema.org\",\"@graph\":[{\"@type\":\"Article\",\"@id\":\"https:\/\/comarcas.csm.org.pt\/porto\/blog\/2026\/07\/14\/assinatura-de-protocolo-de-estagio-com-faculdade-de-direito-da-universidade-de-coimbra\/#article\",\"isPartOf\":{\"@id\":\"https:\/\/comarcas.csm.org.pt\/porto\/blog\/2026\/07\/14\/assinatura-de-protocolo-de-estagio-com-faculdade-de-direito-da-universidade-de-coimbra\/\"},\"author\":{\"name\":\"porto\",\"@id\":\"https:\/\/comarcas.csm.org.pt\/porto\/#\/schema\/person\/ef56fef4e8b5c106ca0ab5f19448ec61\"},\"headline\":\"Assinatura de protocolo de est\u00e1gio com Faculdade de Direito da Universidade de Coimbra\",\"datePublished\":\"2026-07-14T13:10:59+00:00\",\"dateModified\":\"2026-09-01T13:13:07+00:00\",\"mainEntityOfPage\":{\"@id\":\"https:\/\/comarcas.csm.org.pt\/porto\/blog\/2026\/07\/14\/assinatura-de-protocolo-de-estagio-com-faculdade-de-direito-da-universidade-de-coimbra\/\"},\"wordCount\":68,\"publisher\":{\"@id\":\"https:\/\/comarcas.csm.org.pt\/porto\/#organization\"},\"image\":{\"@id\":\"https:\/\/comarcas.csm.org.pt\/porto\/blog\/2026\/07\/14\/assinatura-de-protocolo-de-estagio-com-faculdade-de-direito-da-universidade-de-coimbra\/#primaryimage\"},\"thumbnailUrl\":\"https:\/\/comarcas.csm.org.pt\/porto\/wp-content\/uploads\/sites\/22\/2026\/09\/1.jpg\",\"articleSection\":[\"Geral\"],\"inLanguage\":\"pt-PT\"},{\"@type\":\"WebPage\",\"@id\":\"https:\/\/comarcas.csm.org.pt\/porto\/blog\/2026\/07\/14\/assinatura-de-protocolo-de-estagio-com-faculdade-de-direito-da-universidade-de-coimbra\/\",\"url\":\"https:\/\/comarcas.csm.org.pt\/porto\/blog\/2026\/07\/14\/assinatura-de-protocolo-de-estagio-com-faculdade-de-direito-da-universidade-de-coimbra\/\",\"name\":\"Assinatura de protocolo de est\u00e1gio com Faculdade de Direito da Universidade de Coimbra - Tribunal Judicial da Comarca de Porto\",\"isPartOf\":{\"@id\":\"https:\/\/comarcas.csm.org.pt\/porto\/#website\"},\"primaryImageOfPage\":{\"@id\":\"https:\/\/comarcas.csm.org.pt\/porto\/blog\/2026\/07\/14\/assinatura-de-protocolo-de-estagio-com-faculdade-de-direito-da-universidade-de-coimbra\/#primaryimage\"},\"image\":{\"@id\":\"https:\/\/comarcas.csm.org.pt\/porto\/blog\/2026\/07\/14\/assinatura-de-protocolo-de-estagio-com-faculdade-de-direito-da-universidade-de-coimbra\/#primaryimage\"},\"thumbnailUrl\":\"https:\/\/comarcas.csm.org.pt\/porto\/wp-content\/uploads\/sites\/22\/2026\/09\/1.jpg\",\"datePublished\":\"2026-07-14T13:10:59+00:00\",\"dateModified\":\"2026-09-01T13:13:07+00:00\",\"breadcrumb\":{\"@id\":\"https:\/\/comarcas.csm.org.pt\/porto\/blog\/2026\/07\/14\/assinatura-de-protocolo-de-estagio-com-faculdade-de-direito-da-universidade-de-coimbra\/#breadcrumb\"},\"inLanguage\":\"pt-PT\",\"potentialAction\":[{\"@type\":\"ReadAction\",\"target\":[\"https:\/\/comarcas.csm.org.pt\/porto\/blog\/2026\/07\/14\/assinatura-de-protocolo-de-estagio-com-faculdade-de-direito-da-universidade-de-coimbra\/\"]}]},{\"@type\":\"ImageObject\",\"inLanguage\":\"pt-PT\",\"@id\":\"https:\/\/comarcas.csm.org.pt\/porto\/blog\/2026\/07\/14\/assinatura-de-protocolo-de-estagio-com-faculdade-de-direito-da-universidade-de-coimbra\/#primaryimage\",\"url\":\"https:\/\/comarcas.csm.org.pt\/porto\/wp-content\/uploads\/sites\/22\/2026\/09\/1.jpg\",\"contentUrl\":\"https:\/\/comarcas.csm.org.pt\/porto\/wp-content\/uploads\/sites\/22\/2026\/09\/1.jpg\",\"width\":2048,\"height\":1365},{\"@type\":\"BreadcrumbList\",\"@id\":\"https:\/\/comarcas.csm.org.pt\/porto\/blog\/2026\/07\/14\/assinatura-de-protocolo-de-estagio-com-faculdade-de-direito-da-universidade-de-coimbra\/#breadcrumb\",\"itemListElement\":[{\"@type\":\"ListItem\",\"position\":1,\"name\":\"In\u00edcio\",\"item\":\"https:\/\/comarcas.csm.org.pt\/porto\/\"},{\"@type\":\"ListItem\",\"position\":2,\"name\":\"Assinatura de protocolo de est\u00e1gio com Faculdade de Direito da Universidade de Coimbra\"}]},{\"@type\":\"WebSite\",\"@id\":\"https:\/\/comarcas.csm.org.pt\/porto\/#website\",\"url\":\"https:\/\/comarcas.csm.org.pt\/porto\/\",\"name\":\"Tribunal Judicial da Comarca de Porto\",\"description\":\"Tribunal Judicial da Comarca do Porto\",\"publisher\":{\"@id\":\"https:\/\/comarcas.csm.org.pt\/porto\/#organization\"},\"potentialAction\":[{\"@type\":\"SearchAction\",\"target\":{\"@type\":\"EntryPoint\",\"urlTemplate\":\"https:\/\/comarcas.csm.org.pt\/porto\/?s={search_term_string}\"},\"query-input\":{\"@type\":\"PropertyValueSpecification\",\"valueRequired\":true,\"valueName\":\"search_term_string\"}}],\"inLanguage\":\"pt-PT\"},{\"@type\":\"Organization\",\"@id\":\"https:\/\/comarcas.csm.org.pt\/porto\/#organization\",\"name\":\"Tribunal Judicial da Comarca de Porto\",\"url\":\"https:\/\/comarcas.csm.org.pt\/porto\/\",\"logo\":{\"@type\":\"ImageObject\",\"inLanguage\":\"pt-PT\",\"@id\":\"https:\/\/comarcas.csm.org.pt\/porto\/#\/schema\/logo\/image\/\",\"url\":\"https:\/\/comarcas.csm.org.pt\/porto\/wp-content\/uploads\/sites\/22\/2024\/11\/Porto_positivo-horizontal.png\",\"contentUrl\":\"https:\/\/comarcas.csm.org.pt\/porto\/wp-content\/uploads\/sites\/22\/2024\/11\/Porto_positivo-horizontal.png\",\"width\":4811,\"height\":1215,\"caption\":\"Tribunal Judicial da Comarca de Porto\"},\"image\":{\"@id\":\"https:\/\/comarcas.csm.org.pt\/porto\/#\/schema\/logo\/image\/\"}},{\"@type\":\"Person\",\"@id\":\"https:\/\/comarcas.csm.org.pt\/porto\/#\/schema\/person\/ef56fef4e8b5c106ca0ab5f19448ec61\",\"name\":\"porto\",\"image\":{\"@type\":\"ImageObject\",\"inLanguage\":\"pt-PT\",\"@id\":\"https:\/\/comarcas.csm.org.pt\/porto\/#\/schema\/person\/image\/\",\"url\":\"https:\/\/secure.gravatar.com\/avatar\/0c7d0270c704b771a4d11f8fa662d594ace70c178814288e2d15e1a64c1b5460?s=96&d=mm&r=g\",\"contentUrl\":\"https:\/\/secure.gravatar.com\/avatar\/0c7d0270c704b771a4d11f8fa662d594ace70c178814288e2d15e1a64c1b5460?s=96&d=mm&r=g\",\"caption\":\"porto\"},\"url\":\"https:\/\/comarcas.csm.org.pt\/porto\/blog\/author\/porto\/\"}]}<\/script>\n<!-- \/ Yoast SEO plugin. -->","yoast_head_json":{"title":"Assinatura de protocolo de est\u00e1gio com Faculdade de Direito da Universidade de Coimbra - Tribunal Judicial da Comarca de Porto","robots":{"index":"index","follow":"follow","max-snippet":"max-snippet:-1","max-image-preview":"max-image-preview:large","max-video-preview":"max-video-preview:-1"},"canonical":"https:\/\/comarcas.csm.org.pt\/porto\/blog\/2026\/07\/14\/assinatura-de-protocolo-de-estagio-com-faculdade-de-direito-da-universidade-de-coimbra\/","og_locale":"pt_PT","og_type":"article","og_title":"Assinatura de protocolo de est\u00e1gio com Faculdade de Direito da Universidade de Coimbra - Tribunal Judicial da Comarca de Porto","og_description":"No dia 07 de julho de 2026, o Tribunal Judicial da Comarca do Porto celebrou com a Faculdade de Direito da Universidade de Coimbra um Protocolo de Colabora\u00e7\u00e3o, visando a realiza\u00e7\u00e3o de est\u00e1gios curriculares, em...","og_url":"https:\/\/comarcas.csm.org.pt\/porto\/blog\/2026\/07\/14\/assinatura-de-protocolo-de-estagio-com-faculdade-de-direito-da-universidade-de-coimbra\/","og_site_name":"Tribunal Judicial da Comarca de Porto","article_published_time":"2026-07-14T13:10:59+00:00","article_modified_time":"2026-09-01T13:13:07+00:00","og_image":[{"width":2048,"height":1365,"url":"https:\/\/comarcas.csm.org.pt\/porto\/wp-content\/uploads\/sites\/22\/2026\/09\/1.jpg","type":"image\/jpeg"}],"author":"porto","twitter_card":"summary_large_image","twitter_misc":{"Escrito por":"porto","Tempo estimado de leitura":"2 minutos"},"schema":{"@context":"https:\/\/schema.org","@graph":[{"@type":"Article","@id":"https:\/\/comarcas.csm.org.pt\/porto\/blog\/2026\/07\/14\/assinatura-de-protocolo-de-estagio-com-faculdade-de-direito-da-universidade-de-coimbra\/#article","isPartOf":{"@id":"https:\/\/comarcas.csm.org.pt\/porto\/blog\/2026\/07\/14\/assinatura-de-protocolo-de-estagio-com-faculdade-de-direito-da-universidade-de-coimbra\/"},"author":{"name":"porto","@id":"https:\/\/comarcas.csm.org.pt\/porto\/#\/schema\/person\/ef56fef4e8b5c106ca0ab5f19448ec61"},"headline":"Assinatura de protocolo de est\u00e1gio com Faculdade de Direito da Universidade de Coimbra","datePublished":"2026-07-14T13:10:59+00:00","dateModified":"2026-09-01T13:13:07+00:00","mainEntityOfPage":{"@id":"https:\/\/comarcas.csm.org.pt\/porto\/blog\/2026\/07\/14\/assinatura-de-protocolo-de-estagio-com-faculdade-de-direito-da-universidade-de-coimbra\/"},"wordCount":68,"publisher":{"@id":"https:\/\/comarcas.csm.org.pt\/porto\/#organization"},"image":{"@id":"https:\/\/comarcas.csm.org.pt\/porto\/blog\/2026\/07\/14\/assinatura-de-protocolo-de-estagio-com-faculdade-de-direito-da-universidade-de-coimbra\/#primaryimage"},"thumbnailUrl":"https:\/\/comarcas.csm.org.pt\/porto\/wp-content\/uploads\/sites\/22\/2026\/09\/1.jpg","articleSection":["Geral"],"inLanguage":"pt-PT"},{"@type":"WebPage","@id":"https:\/\/comarcas.csm.org.pt\/porto\/blog\/2026\/07\/14\/assinatura-de-protocolo-de-estagio-com-faculdade-de-direito-da-universidade-de-coimbra\/","url":"https:\/\/comarcas.csm.org.pt\/porto\/blog\/2026\/07\/14\/assinatura-de-protocolo-de-estagio-com-faculdade-de-direito-da-universidade-de-coimbra\/","name":"Assinatura de protocolo de est\u00e1gio com Faculdade de Direito da Universidade de Coimbra - Tribunal Judicial da Comarca de Porto","isPartOf":{"@id":"https:\/\/comarcas.csm.org.pt\/porto\/#website"},"primaryImageOfPage":{"@id":"https:\/\/comarcas.csm.org.pt\/porto\/blog\/2026\/07\/14\/assinatura-de-protocolo-de-estagio-com-faculdade-de-direito-da-universidade-de-coimbra\/#primaryimage"},"image":{"@id":"https:\/\/comarcas.csm.org.pt\/porto\/blog\/2026\/07\/14\/assinatura-de-protocolo-de-estagio-com-faculdade-de-direito-da-universidade-de-coimbra\/#primaryimage"},"thumbnailUrl":"https:\/\/comarcas.csm.org.pt\/porto\/wp-content\/uploads\/sites\/22\/2026\/09\/1.jpg","datePublished":"2026-07-14T13:10:59+00:00","dateModified":"2026-09-01T13:13:07+00:00","breadcrumb":{"@id":"https:\/\/comarcas.csm.org.pt\/porto\/blog\/2026\/07\/14\/assinatura-de-protocolo-de-estagio-com-faculdade-de-direito-da-universidade-de-coimbra\/#breadcrumb"},"inLanguage":"pt-PT","potentialAction":[{"@type":"ReadAction","target":["https:\/\/comarcas.csm.org.pt\/porto\/blog\/2026\/07\/14\/assinatura-de-protocolo-de-estagio-com-faculdade-de-direito-da-universidade-de-coimbra\/"]}]},{"@type":"ImageObject","inLanguage":"pt-PT","@id":"https:\/\/comarcas.csm.org.pt\/porto\/blog\/2026\/07\/14\/assinatura-de-protocolo-de-estagio-com-faculdade-de-direito-da-universidade-de-coimbra\/#primaryimage","url":"https:\/\/comarcas.csm.org.pt\/porto\/wp-content\/uploads\/sites\/22\/2026\/09\/1.jpg","contentUrl":"https:\/\/comarcas.csm.org.pt\/porto\/wp-content\/uploads\/sites\/22\/2026\/09\/1.jpg","width":2048,"height":1365},{"@type":"BreadcrumbList","@id":"https:\/\/comarcas.csm.org.pt\/porto\/blog\/2026\/07\/14\/assinatura-de-protocolo-de-estagio-com-faculdade-de-direito-da-universidade-de-coimbra\/#breadcrumb","itemListElement":[{"@type":"ListItem","position":1,"name":"In\u00edcio","item":"https:\/\/comarcas.csm.org.pt\/porto\/"},{"@type":"ListItem","position":2,"name":"Assinatura de protocolo de est\u00e1gio com Faculdade de Direito da Universidade de Coimbra"}]},{"@type":"WebSite","@id":"https:\/\/comarcas.csm.org.pt\/porto\/#website","url":"https:\/\/comarcas.csm.org.pt\/porto\/","name":"Tribunal Judicial da Comarca de Porto","description":"Tribunal Judicial da Comarca do Porto","publisher":{"@id":"https:\/\/comarcas.csm.org.pt\/porto\/#organization"},"potentialAction":[{"@type":"SearchAction","target":{"@type":"EntryPoint","urlTemplate":"https:\/\/comarcas.csm.org.pt\/porto\/?s={search_term_string}"},"query-input":{"@type":"PropertyValueSpecification","valueRequired":true,"valueName":"search_term_string"}}],"inLanguage":"pt-PT"},{"@type":"Organization","@id":"https:\/\/comarcas.csm.org.pt\/porto\/#organization","name":"Tribunal Judicial da Comarca de Porto","url":"https:\/\/comarcas.csm.org.pt\/porto\/","logo":{"@type":"ImageObject","inLanguage":"pt-PT","@id":"https:\/\/comarcas.csm.org.pt\/porto\/#\/schema\/logo\/image\/","url":"https:\/\/comarcas.csm.org.pt\/porto\/wp-content\/uploads\/sites\/22\/2024\/11\/Porto_positivo-horizontal.png","contentUrl":"https:\/\/comarcas.csm.org.pt\/porto\/wp-content\/uploads\/sites\/22\/2024\/11\/Porto_positivo-horizontal.png","width":4811,"height":1215,"caption":"Tribunal Judicial da Comarca de Porto"},"image":{"@id":"https:\/\/comarcas.csm.org.pt\/porto\/#\/schema\/logo\/image\/"}},{"@type":"Person","@id":"https:\/\/comarcas.csm.org.pt\/porto\/#\/schema\/person\/ef56fef4e8b5c106ca0ab5f19448ec61","name":"porto","image":{"@type":"ImageObject","inLanguage":"pt-PT","@id":"https:\/\/comarcas.csm.org.pt\/porto\/#\/schema\/person\/image\/","url":"https:\/\/secure.gravatar.com\/avatar\/0c7d0270c704b771a4d11f8fa662d594ace70c178814288e2d15e1a64c1b5460?s=96&d=mm&r=g","contentUrl":"https:\/\/secure.gravatar.com\/avatar\/0c7d0270c704b771a4d11f8fa662d594ace70c178814288e2d15e1a64c1b5460?s=96&d=mm&r=g","caption":"porto"},"url":"https:\/\/comarcas.csm.org.pt\/porto\/blog\/author\/porto\/"}]}},"_links":{"self":[{"href":"https:\/\/comarcas.csm.org.pt\/porto\/wp-json\/wp\/v2\/posts\/13399","targetHints":{"allow":["GET"]}}],"collection":[{"href":"https:\/\/comarcas.csm.org.pt\/porto\/wp-json\/wp\/v2\/posts"}],"about":[{"href":"https:\/\/comarcas.csm.org.pt\/porto\/wp-json\/wp\/v2\/types\/post"}],"author":[{"embeddable":true,"href":"https:\/\/comarcas.csm.org.pt\/porto\/wp-json\/wp\/v2\/users\/22"}],"replies":[{"embeddable":true,"href":"https:\/\/comarcas.csm.org.pt\/porto\/wp-json\/wp\/v2\/comments?post=13399"}],"version-history":[{"count":1,"href":"https:\/\/comarcas.csm.org.pt\/porto\/wp-json\/wp\/v2\/posts\/13399\/revisions"}],"predecessor-version":[{"id":13407,"href":"https:\/\/comarcas.csm.org.pt\/porto\/wp-json\/wp\/v2\/posts\/13399\/revisions\/13407"}],"wp:featuredmedia":[{"embeddable":true,"href":"https:\/\/comarcas.csm.org.pt\/porto\/wp-json\/wp\/v2\/media\/13401"}],"wp:attachment":[{"href":"https:\/\/comarcas.csm.org.pt\/porto\/wp-json\/wp\/v2\/media?parent=13399"}],"wp:term":[{"taxonomy":"category","embeddable":true,"href":"https:\/\/comarcas.csm.org.pt\/porto\/wp-json\/wp\/v2\/categories?post=13399"},{"taxonomy":"post_tag","embeddable":true,"href":"https:\/\/comarcas.csm.org.pt\/porto\/wp-json\/wp\/v2\/tags?post=13399"}],"curies":[{"name":"wp","href":"https:\/\/api.w.org\/{rel}","templated":true}]}}