{"id":11809,"date":"2025-04-02T17:00:00","date_gmt":"2025-04-02T17:00:00","guid":{"rendered":"https:\/\/aveiro.vvr.pt\/?p=11809"},"modified":"2025-05-03T12:29:00","modified_gmt":"2025-05-03T12:29:00","slug":"inauguracao-da-exposicao-abril-mes-da-prevencao-dos-maus-tratos-na-infancia","status":"publish","type":"post","link":"https:\/\/comarcas.csm.org.pt\/santarem\/blog\/2025\/04\/02\/inauguracao-da-exposicao-abril-mes-da-prevencao-dos-maus-tratos-na-infancia\/","title":{"rendered":"Inaugura\u00e7\u00e3o da Exposi\u00e7\u00e3o &#8211; Abril &#8211; M\u00eas da preven\u00e7\u00e3o dos maus-tratos na inf\u00e2ncia"},"content":{"rendered":"\t\t<div data-elementor-type=\"wp-post\" data-elementor-id=\"11809\" class=\"elementor elementor-11809\" data-elementor-post-type=\"post\">\n\t\t\t\t<div class=\"elementor-element elementor-element-5d67a308 e-flex e-con-boxed e-con e-parent\" data-id=\"5d67a308\" data-element_type=\"container\">\n\t\t\t\t\t<div class=\"e-con-inner\">\n\t\t\t\t<div class=\"elementor-element elementor-element-2e9e072a elementor-widget elementor-widget-text-editor\" data-id=\"2e9e072a\" data-element_type=\"widget\" data-widget_type=\"text-editor.default\">\n\t\t\t\t<div class=\"elementor-widget-container\">\n\t\t\t\t\t\t\t\t\t<p>Com a presen\u00e7a da Presidente da CPCJ de Santar\u00e9m, do Presidente do Munic\u00edpio e de profissionais das for\u00e7as de seguran\u00e7a e do foro, foi inaugurada no dia 2.4.2025 a exposi\u00e7\u00e3o de trabalhos patente no \u00e1trio do Pal\u00e1cio da Justi\u00e7a II de Santar\u00e9m, que ao longo do m\u00eas de abril procura sensibilizar a comunidade para o tema da prote\u00e7\u00e3o das crian\u00e7as e envolv\u00ea-la na preven\u00e7\u00e3o do abuso e neglig\u00eancia infantis.<\/p><p>Cabe agradecer aos pequenos artistas e aos professores que tornaram poss\u00edvel a iniciativa e que com a sua criatividade e empenho nos interpelam contra a indiferen\u00e7a.<\/p><p>\u00a0<\/p>\t\t\t\t\t\t\t\t<\/div>\n\t\t\t\t<\/div>\n\t\t\t\t\t<\/div>\n\t\t\t\t<\/div>\n\t\t\t\t<\/div>\n\t\t","protected":false},"excerpt":{"rendered":"<p>Com a presen\u00e7a da Presidente da CPCJ de Santar\u00e9m, do Presidente do Munic\u00edpio e de profissionais das for\u00e7as de seguran\u00e7a e do foro, foi inaugurada no dia 2.4.2025 a exposi\u00e7\u00e3o de trabalhos patente no \u00e1trio&#8230;<\/p>\n","protected":false},"author":2,"featured_media":12515,"comment_status":"closed","ping_status":"open","sticky":false,"template":"","format":"standard","meta":{"_tbt_post_transparent":"","_tbt_post_title":"","_tbt_post_layout":"","_tbt_post_sidebar_id":"","_tbt_post_content_style":"","_tbt_post_vertical_padding":"","_tbt_post_feature":"","_tbt_post_feature_position":"","_tbt_post_header":false,"_tbt_post_footer":false},"categories":[2,1,5],"tags":[],"class_list":["post-11809","post","type-post","status-publish","format-standard","has-post-thumbnail","hentry","category-eventos","category-geral","category-noticias"],"yoast_head":"<!-- This site is optimized with the Yoast SEO plugin v25.6 - https:\/\/yoast.com\/wordpress\/plugins\/seo\/ -->\n<title>Inaugura\u00e7\u00e3o da Exposi\u00e7\u00e3o - Abril - M\u00eas da preven\u00e7\u00e3o dos maus-tratos na inf\u00e2ncia - Tribunal Judicial da Comarca de Santar\u00e9m<\/title>\n<meta name=\"robots\" content=\"index, follow, max-snippet:-1, max-image-preview:large, max-video-preview:-1\" \/>\n<link rel=\"canonical\" href=\"https:\/\/comarcas.csm.org.pt\/santarem\/blog\/2025\/04\/02\/inauguracao-da-exposicao-abril-mes-da-prevencao-dos-maus-tratos-na-infancia\/\" \/>\n<meta property=\"og:locale\" content=\"pt_PT\" \/>\n<meta property=\"og:type\" content=\"article\" \/>\n<meta property=\"og:title\" content=\"Inaugura\u00e7\u00e3o da Exposi\u00e7\u00e3o - Abril - M\u00eas da preven\u00e7\u00e3o dos maus-tratos na inf\u00e2ncia - Tribunal Judicial da Comarca de Santar\u00e9m\" \/>\n<meta property=\"og:description\" content=\"Com a presen\u00e7a da Presidente da CPCJ de Santar\u00e9m, do Presidente do Munic\u00edpio e de profissionais das for\u00e7as de seguran\u00e7a e do foro, foi inaugurada no dia 2.4.2025 a exposi\u00e7\u00e3o de trabalhos patente no \u00e1trio...\" \/>\n<meta property=\"og:url\" content=\"https:\/\/comarcas.csm.org.pt\/santarem\/blog\/2025\/04\/02\/inauguracao-da-exposicao-abril-mes-da-prevencao-dos-maus-tratos-na-infancia\/\" \/>\n<meta property=\"og:site_name\" content=\"Tribunal Judicial da Comarca de Santar\u00e9m\" \/>\n<meta property=\"article:published_time\" content=\"2025-04-02T17:00:00+00:00\" \/>\n<meta property=\"article:modified_time\" content=\"2025-05-03T12:29:00+00:00\" \/>\n<meta property=\"og:image\" content=\"https:\/\/comarcas.csm.org.pt\/santarem\/wp-content\/uploads\/sites\/24\/2024\/09\/Imagem-exposicao-2.jpg\" \/>\n\t<meta property=\"og:image:width\" content=\"900\" \/>\n\t<meta property=\"og:image:height\" content=\"675\" \/>\n\t<meta property=\"og:image:type\" content=\"image\/jpeg\" \/>\n<meta name=\"author\" content=\"Marcos Ribeiro\" \/>\n<meta name=\"twitter:card\" content=\"summary_large_image\" \/>\n<meta name=\"twitter:label1\" content=\"Escrito por\" \/>\n\t<meta name=\"twitter:data1\" content=\"Marcos Ribeiro\" \/>\n\t<meta name=\"twitter:label2\" content=\"Tempo estimado de leitura\" \/>\n\t<meta name=\"twitter:data2\" content=\"1 minuto\" \/>\n<script type=\"application\/ld+json\" class=\"yoast-schema-graph\">{\"@context\":\"https:\/\/schema.org\",\"@graph\":[{\"@type\":\"Article\",\"@id\":\"https:\/\/comarcas.csm.org.pt\/santarem\/blog\/2025\/04\/02\/inauguracao-da-exposicao-abril-mes-da-prevencao-dos-maus-tratos-na-infancia\/#article\",\"isPartOf\":{\"@id\":\"https:\/\/comarcas.csm.org.pt\/santarem\/blog\/2025\/04\/02\/inauguracao-da-exposicao-abril-mes-da-prevencao-dos-maus-tratos-na-infancia\/\"},\"author\":{\"name\":\"Marcos Ribeiro\",\"@id\":\"https:\/\/comarcas.csm.org.pt\/santarem\/#\/schema\/person\/c0cc1b2946fbe1fffb144bcc62ac8cbc\"},\"headline\":\"Inaugura\u00e7\u00e3o da Exposi\u00e7\u00e3o &#8211; Abril &#8211; M\u00eas da preven\u00e7\u00e3o dos maus-tratos na inf\u00e2ncia\",\"datePublished\":\"2025-04-02T17:00:00+00:00\",\"dateModified\":\"2025-05-03T12:29:00+00:00\",\"mainEntityOfPage\":{\"@id\":\"https:\/\/comarcas.csm.org.pt\/santarem\/blog\/2025\/04\/02\/inauguracao-da-exposicao-abril-mes-da-prevencao-dos-maus-tratos-na-infancia\/\"},\"wordCount\":129,\"publisher\":{\"@id\":\"https:\/\/comarcas.csm.org.pt\/santarem\/#organization\"},\"image\":{\"@id\":\"https:\/\/comarcas.csm.org.pt\/santarem\/blog\/2025\/04\/02\/inauguracao-da-exposicao-abril-mes-da-prevencao-dos-maus-tratos-na-infancia\/#primaryimage\"},\"thumbnailUrl\":\"https:\/\/comarcas.csm.org.pt\/santarem\/wp-content\/uploads\/sites\/24\/2024\/09\/Imagem-exposicao-2.jpg\",\"articleSection\":[\"Eventos\",\"Geral\",\"Not\u00edcias\"],\"inLanguage\":\"pt-PT\"},{\"@type\":\"WebPage\",\"@id\":\"https:\/\/comarcas.csm.org.pt\/santarem\/blog\/2025\/04\/02\/inauguracao-da-exposicao-abril-mes-da-prevencao-dos-maus-tratos-na-infancia\/\",\"url\":\"https:\/\/comarcas.csm.org.pt\/santarem\/blog\/2025\/04\/02\/inauguracao-da-exposicao-abril-mes-da-prevencao-dos-maus-tratos-na-infancia\/\",\"name\":\"Inaugura\u00e7\u00e3o da Exposi\u00e7\u00e3o - Abril - M\u00eas da preven\u00e7\u00e3o dos maus-tratos na inf\u00e2ncia - Tribunal Judicial da Comarca de Santar\u00e9m\",\"isPartOf\":{\"@id\":\"https:\/\/comarcas.csm.org.pt\/santarem\/#website\"},\"primaryImageOfPage\":{\"@id\":\"https:\/\/comarcas.csm.org.pt\/santarem\/blog\/2025\/04\/02\/inauguracao-da-exposicao-abril-mes-da-prevencao-dos-maus-tratos-na-infancia\/#primaryimage\"},\"image\":{\"@id\":\"https:\/\/comarcas.csm.org.pt\/santarem\/blog\/2025\/04\/02\/inauguracao-da-exposicao-abril-mes-da-prevencao-dos-maus-tratos-na-infancia\/#primaryimage\"},\"thumbnailUrl\":\"https:\/\/comarcas.csm.org.pt\/santarem\/wp-content\/uploads\/sites\/24\/2024\/09\/Imagem-exposicao-2.jpg\",\"datePublished\":\"2025-04-02T17:00:00+00:00\",\"dateModified\":\"2025-05-03T12:29:00+00:00\",\"breadcrumb\":{\"@id\":\"https:\/\/comarcas.csm.org.pt\/santarem\/blog\/2025\/04\/02\/inauguracao-da-exposicao-abril-mes-da-prevencao-dos-maus-tratos-na-infancia\/#breadcrumb\"},\"inLanguage\":\"pt-PT\",\"potentialAction\":[{\"@type\":\"ReadAction\",\"target\":[\"https:\/\/comarcas.csm.org.pt\/santarem\/blog\/2025\/04\/02\/inauguracao-da-exposicao-abril-mes-da-prevencao-dos-maus-tratos-na-infancia\/\"]}]},{\"@type\":\"ImageObject\",\"inLanguage\":\"pt-PT\",\"@id\":\"https:\/\/comarcas.csm.org.pt\/santarem\/blog\/2025\/04\/02\/inauguracao-da-exposicao-abril-mes-da-prevencao-dos-maus-tratos-na-infancia\/#primaryimage\",\"url\":\"https:\/\/comarcas.csm.org.pt\/santarem\/wp-content\/uploads\/sites\/24\/2024\/09\/Imagem-exposicao-2.jpg\",\"contentUrl\":\"https:\/\/comarcas.csm.org.pt\/santarem\/wp-content\/uploads\/sites\/24\/2024\/09\/Imagem-exposicao-2.jpg\",\"width\":900,\"height\":675},{\"@type\":\"BreadcrumbList\",\"@id\":\"https:\/\/comarcas.csm.org.pt\/santarem\/blog\/2025\/04\/02\/inauguracao-da-exposicao-abril-mes-da-prevencao-dos-maus-tratos-na-infancia\/#breadcrumb\",\"itemListElement\":[{\"@type\":\"ListItem\",\"position\":1,\"name\":\"In\u00edcio\",\"item\":\"https:\/\/comarcas.csm.org.pt\/santarem\/\"},{\"@type\":\"ListItem\",\"position\":2,\"name\":\"Inaugura\u00e7\u00e3o da Exposi\u00e7\u00e3o &#8211; Abril &#8211; M\u00eas da preven\u00e7\u00e3o dos maus-tratos na inf\u00e2ncia\"}]},{\"@type\":\"WebSite\",\"@id\":\"https:\/\/comarcas.csm.org.pt\/santarem\/#website\",\"url\":\"https:\/\/comarcas.csm.org.pt\/santarem\/\",\"name\":\"Tribunal Judicial da Comarca de Santar\u00e9m\",\"description\":\"Tribunal Judicial da Comarca de Santar\u00e9m\",\"publisher\":{\"@id\":\"https:\/\/comarcas.csm.org.pt\/santarem\/#organization\"},\"potentialAction\":[{\"@type\":\"SearchAction\",\"target\":{\"@type\":\"EntryPoint\",\"urlTemplate\":\"https:\/\/comarcas.csm.org.pt\/santarem\/?s={search_term_string}\"},\"query-input\":{\"@type\":\"PropertyValueSpecification\",\"valueRequired\":true,\"valueName\":\"search_term_string\"}}],\"inLanguage\":\"pt-PT\"},{\"@type\":\"Organization\",\"@id\":\"https:\/\/comarcas.csm.org.pt\/santarem\/#organization\",\"name\":\"Tribunal Judicial da Comarca de Santar\u00e9m\",\"url\":\"https:\/\/comarcas.csm.org.pt\/santarem\/\",\"logo\":{\"@type\":\"ImageObject\",\"inLanguage\":\"pt-PT\",\"@id\":\"https:\/\/comarcas.csm.org.pt\/santarem\/#\/schema\/logo\/image\/\",\"url\":\"https:\/\/comarcas.csm.org.pt\/santarem\/wp-content\/uploads\/sites\/24\/2024\/11\/Santarem_positivo-horizontal.png\",\"contentUrl\":\"https:\/\/comarcas.csm.org.pt\/santarem\/wp-content\/uploads\/sites\/24\/2024\/11\/Santarem_positivo-horizontal.png\",\"width\":4842,\"height\":890,\"caption\":\"Tribunal Judicial da Comarca de Santar\u00e9m\"},\"image\":{\"@id\":\"https:\/\/comarcas.csm.org.pt\/santarem\/#\/schema\/logo\/image\/\"}},{\"@type\":\"Person\",\"@id\":\"https:\/\/comarcas.csm.org.pt\/santarem\/#\/schema\/person\/c0cc1b2946fbe1fffb144bcc62ac8cbc\",\"name\":\"Marcos Ribeiro\",\"image\":{\"@type\":\"ImageObject\",\"inLanguage\":\"pt-PT\",\"@id\":\"https:\/\/comarcas.csm.org.pt\/santarem\/#\/schema\/person\/image\/\",\"url\":\"https:\/\/secure.gravatar.com\/avatar\/6afa3eb2e03ae5a0d23392d9af3cf5fa8abcaf205fbe2691c005626640bd1ff1?s=96&d=mm&r=g\",\"contentUrl\":\"https:\/\/secure.gravatar.com\/avatar\/6afa3eb2e03ae5a0d23392d9af3cf5fa8abcaf205fbe2691c005626640bd1ff1?s=96&d=mm&r=g\",\"caption\":\"Marcos Ribeiro\"},\"url\":\"https:\/\/comarcas.csm.org.pt\/santarem\/blog\/author\/admin2\/\"}]}<\/script>\n<!-- \/ Yoast SEO plugin. -->","yoast_head_json":{"title":"Inaugura\u00e7\u00e3o da Exposi\u00e7\u00e3o - Abril - M\u00eas da preven\u00e7\u00e3o dos maus-tratos na inf\u00e2ncia - Tribunal Judicial da Comarca de Santar\u00e9m","robots":{"index":"index","follow":"follow","max-snippet":"max-snippet:-1","max-image-preview":"max-image-preview:large","max-video-preview":"max-video-preview:-1"},"canonical":"https:\/\/comarcas.csm.org.pt\/santarem\/blog\/2025\/04\/02\/inauguracao-da-exposicao-abril-mes-da-prevencao-dos-maus-tratos-na-infancia\/","og_locale":"pt_PT","og_type":"article","og_title":"Inaugura\u00e7\u00e3o da Exposi\u00e7\u00e3o - Abril - M\u00eas da preven\u00e7\u00e3o dos maus-tratos na inf\u00e2ncia - Tribunal Judicial da Comarca de Santar\u00e9m","og_description":"Com a presen\u00e7a da Presidente da CPCJ de Santar\u00e9m, do Presidente do Munic\u00edpio e de profissionais das for\u00e7as de seguran\u00e7a e do foro, foi inaugurada no dia 2.4.2025 a exposi\u00e7\u00e3o de trabalhos patente no \u00e1trio...","og_url":"https:\/\/comarcas.csm.org.pt\/santarem\/blog\/2025\/04\/02\/inauguracao-da-exposicao-abril-mes-da-prevencao-dos-maus-tratos-na-infancia\/","og_site_name":"Tribunal Judicial da Comarca de Santar\u00e9m","article_published_time":"2025-04-02T17:00:00+00:00","article_modified_time":"2025-05-03T12:29:00+00:00","og_image":[{"width":900,"height":675,"url":"https:\/\/comarcas.csm.org.pt\/santarem\/wp-content\/uploads\/sites\/24\/2024\/09\/Imagem-exposicao-2.jpg","type":"image\/jpeg"}],"author":"Marcos Ribeiro","twitter_card":"summary_large_image","twitter_misc":{"Escrito por":"Marcos Ribeiro","Tempo estimado de leitura":"1 minuto"},"schema":{"@context":"https:\/\/schema.org","@graph":[{"@type":"Article","@id":"https:\/\/comarcas.csm.org.pt\/santarem\/blog\/2025\/04\/02\/inauguracao-da-exposicao-abril-mes-da-prevencao-dos-maus-tratos-na-infancia\/#article","isPartOf":{"@id":"https:\/\/comarcas.csm.org.pt\/santarem\/blog\/2025\/04\/02\/inauguracao-da-exposicao-abril-mes-da-prevencao-dos-maus-tratos-na-infancia\/"},"author":{"name":"Marcos Ribeiro","@id":"https:\/\/comarcas.csm.org.pt\/santarem\/#\/schema\/person\/c0cc1b2946fbe1fffb144bcc62ac8cbc"},"headline":"Inaugura\u00e7\u00e3o da Exposi\u00e7\u00e3o &#8211; Abril &#8211; M\u00eas da preven\u00e7\u00e3o dos maus-tratos na inf\u00e2ncia","datePublished":"2025-04-02T17:00:00+00:00","dateModified":"2025-05-03T12:29:00+00:00","mainEntityOfPage":{"@id":"https:\/\/comarcas.csm.org.pt\/santarem\/blog\/2025\/04\/02\/inauguracao-da-exposicao-abril-mes-da-prevencao-dos-maus-tratos-na-infancia\/"},"wordCount":129,"publisher":{"@id":"https:\/\/comarcas.csm.org.pt\/santarem\/#organization"},"image":{"@id":"https:\/\/comarcas.csm.org.pt\/santarem\/blog\/2025\/04\/02\/inauguracao-da-exposicao-abril-mes-da-prevencao-dos-maus-tratos-na-infancia\/#primaryimage"},"thumbnailUrl":"https:\/\/comarcas.csm.org.pt\/santarem\/wp-content\/uploads\/sites\/24\/2024\/09\/Imagem-exposicao-2.jpg","articleSection":["Eventos","Geral","Not\u00edcias"],"inLanguage":"pt-PT"},{"@type":"WebPage","@id":"https:\/\/comarcas.csm.org.pt\/santarem\/blog\/2025\/04\/02\/inauguracao-da-exposicao-abril-mes-da-prevencao-dos-maus-tratos-na-infancia\/","url":"https:\/\/comarcas.csm.org.pt\/santarem\/blog\/2025\/04\/02\/inauguracao-da-exposicao-abril-mes-da-prevencao-dos-maus-tratos-na-infancia\/","name":"Inaugura\u00e7\u00e3o da Exposi\u00e7\u00e3o - Abril - M\u00eas da preven\u00e7\u00e3o dos maus-tratos na inf\u00e2ncia - Tribunal Judicial da Comarca de Santar\u00e9m","isPartOf":{"@id":"https:\/\/comarcas.csm.org.pt\/santarem\/#website"},"primaryImageOfPage":{"@id":"https:\/\/comarcas.csm.org.pt\/santarem\/blog\/2025\/04\/02\/inauguracao-da-exposicao-abril-mes-da-prevencao-dos-maus-tratos-na-infancia\/#primaryimage"},"image":{"@id":"https:\/\/comarcas.csm.org.pt\/santarem\/blog\/2025\/04\/02\/inauguracao-da-exposicao-abril-mes-da-prevencao-dos-maus-tratos-na-infancia\/#primaryimage"},"thumbnailUrl":"https:\/\/comarcas.csm.org.pt\/santarem\/wp-content\/uploads\/sites\/24\/2024\/09\/Imagem-exposicao-2.jpg","datePublished":"2025-04-02T17:00:00+00:00","dateModified":"2025-05-03T12:29:00+00:00","breadcrumb":{"@id":"https:\/\/comarcas.csm.org.pt\/santarem\/blog\/2025\/04\/02\/inauguracao-da-exposicao-abril-mes-da-prevencao-dos-maus-tratos-na-infancia\/#breadcrumb"},"inLanguage":"pt-PT","potentialAction":[{"@type":"ReadAction","target":["https:\/\/comarcas.csm.org.pt\/santarem\/blog\/2025\/04\/02\/inauguracao-da-exposicao-abril-mes-da-prevencao-dos-maus-tratos-na-infancia\/"]}]},{"@type":"ImageObject","inLanguage":"pt-PT","@id":"https:\/\/comarcas.csm.org.pt\/santarem\/blog\/2025\/04\/02\/inauguracao-da-exposicao-abril-mes-da-prevencao-dos-maus-tratos-na-infancia\/#primaryimage","url":"https:\/\/comarcas.csm.org.pt\/santarem\/wp-content\/uploads\/sites\/24\/2024\/09\/Imagem-exposicao-2.jpg","contentUrl":"https:\/\/comarcas.csm.org.pt\/santarem\/wp-content\/uploads\/sites\/24\/2024\/09\/Imagem-exposicao-2.jpg","width":900,"height":675},{"@type":"BreadcrumbList","@id":"https:\/\/comarcas.csm.org.pt\/santarem\/blog\/2025\/04\/02\/inauguracao-da-exposicao-abril-mes-da-prevencao-dos-maus-tratos-na-infancia\/#breadcrumb","itemListElement":[{"@type":"ListItem","position":1,"name":"In\u00edcio","item":"https:\/\/comarcas.csm.org.pt\/santarem\/"},{"@type":"ListItem","position":2,"name":"Inaugura\u00e7\u00e3o da Exposi\u00e7\u00e3o &#8211; Abril &#8211; M\u00eas da preven\u00e7\u00e3o dos maus-tratos na inf\u00e2ncia"}]},{"@type":"WebSite","@id":"https:\/\/comarcas.csm.org.pt\/santarem\/#website","url":"https:\/\/comarcas.csm.org.pt\/santarem\/","name":"Tribunal Judicial da Comarca de Santar\u00e9m","description":"Tribunal Judicial da Comarca de Santar\u00e9m","publisher":{"@id":"https:\/\/comarcas.csm.org.pt\/santarem\/#organization"},"potentialAction":[{"@type":"SearchAction","target":{"@type":"EntryPoint","urlTemplate":"https:\/\/comarcas.csm.org.pt\/santarem\/?s={search_term_string}"},"query-input":{"@type":"PropertyValueSpecification","valueRequired":true,"valueName":"search_term_string"}}],"inLanguage":"pt-PT"},{"@type":"Organization","@id":"https:\/\/comarcas.csm.org.pt\/santarem\/#organization","name":"Tribunal Judicial da Comarca de Santar\u00e9m","url":"https:\/\/comarcas.csm.org.pt\/santarem\/","logo":{"@type":"ImageObject","inLanguage":"pt-PT","@id":"https:\/\/comarcas.csm.org.pt\/santarem\/#\/schema\/logo\/image\/","url":"https:\/\/comarcas.csm.org.pt\/santarem\/wp-content\/uploads\/sites\/24\/2024\/11\/Santarem_positivo-horizontal.png","contentUrl":"https:\/\/comarcas.csm.org.pt\/santarem\/wp-content\/uploads\/sites\/24\/2024\/11\/Santarem_positivo-horizontal.png","width":4842,"height":890,"caption":"Tribunal Judicial da Comarca de Santar\u00e9m"},"image":{"@id":"https:\/\/comarcas.csm.org.pt\/santarem\/#\/schema\/logo\/image\/"}},{"@type":"Person","@id":"https:\/\/comarcas.csm.org.pt\/santarem\/#\/schema\/person\/c0cc1b2946fbe1fffb144bcc62ac8cbc","name":"Marcos Ribeiro","image":{"@type":"ImageObject","inLanguage":"pt-PT","@id":"https:\/\/comarcas.csm.org.pt\/santarem\/#\/schema\/person\/image\/","url":"https:\/\/secure.gravatar.com\/avatar\/6afa3eb2e03ae5a0d23392d9af3cf5fa8abcaf205fbe2691c005626640bd1ff1?s=96&d=mm&r=g","contentUrl":"https:\/\/secure.gravatar.com\/avatar\/6afa3eb2e03ae5a0d23392d9af3cf5fa8abcaf205fbe2691c005626640bd1ff1?s=96&d=mm&r=g","caption":"Marcos Ribeiro"},"url":"https:\/\/comarcas.csm.org.pt\/santarem\/blog\/author\/admin2\/"}]}},"_links":{"self":[{"href":"https:\/\/comarcas.csm.org.pt\/santarem\/wp-json\/wp\/v2\/posts\/11809","targetHints":{"allow":["GET"]}}],"collection":[{"href":"https:\/\/comarcas.csm.org.pt\/santarem\/wp-json\/wp\/v2\/posts"}],"about":[{"href":"https:\/\/comarcas.csm.org.pt\/santarem\/wp-json\/wp\/v2\/types\/post"}],"author":[{"embeddable":true,"href":"https:\/\/comarcas.csm.org.pt\/santarem\/wp-json\/wp\/v2\/users\/2"}],"replies":[{"embeddable":true,"href":"https:\/\/comarcas.csm.org.pt\/santarem\/wp-json\/wp\/v2\/comments?post=11809"}],"version-history":[{"count":23,"href":"https:\/\/comarcas.csm.org.pt\/santarem\/wp-json\/wp\/v2\/posts\/11809\/revisions"}],"predecessor-version":[{"id":12520,"href":"https:\/\/comarcas.csm.org.pt\/santarem\/wp-json\/wp\/v2\/posts\/11809\/revisions\/12520"}],"wp:featuredmedia":[{"embeddable":true,"href":"https:\/\/comarcas.csm.org.pt\/santarem\/wp-json\/wp\/v2\/media\/12515"}],"wp:attachment":[{"href":"https:\/\/comarcas.csm.org.pt\/santarem\/wp-json\/wp\/v2\/media?parent=11809"}],"wp:term":[{"taxonomy":"category","embeddable":true,"href":"https:\/\/comarcas.csm.org.pt\/santarem\/wp-json\/wp\/v2\/categories?post=11809"},{"taxonomy":"post_tag","embeddable":true,"href":"https:\/\/comarcas.csm.org.pt\/santarem\/wp-json\/wp\/v2\/tags?post=11809"}],"curies":[{"name":"wp","href":"https:\/\/api.w.org\/{rel}","templated":true}]}}