{"id":11919,"date":"2025-04-01T09:00:00","date_gmt":"2025-04-01T09:00:00","guid":{"rendered":"https:\/\/comarcas.csm.org.pt\/santarem\/?p=11919"},"modified":"2025-05-03T12:24:00","modified_gmt":"2025-05-03T12:24:00","slug":"abril","status":"publish","type":"post","link":"https:\/\/comarcas.csm.org.pt\/santarem\/blog\/2025\/04\/01\/abril\/","title":{"rendered":"Abril &#8211; M\u00eas da preven\u00e7\u00e3o dos maus-tratos na inf\u00e2ncia"},"content":{"rendered":"\t\t<div data-elementor-type=\"wp-post\" data-elementor-id=\"11919\" class=\"elementor elementor-11919\" data-elementor-post-type=\"post\">\n\t\t\t\t<div class=\"elementor-element elementor-element-5d67a308 e-flex e-con-boxed e-con e-parent\" data-id=\"5d67a308\" data-element_type=\"container\">\n\t\t\t\t\t<div class=\"e-con-inner\">\n\t\t\t\t<div class=\"elementor-element elementor-element-2e9e072a elementor-widget elementor-widget-text-editor\" data-id=\"2e9e072a\" data-element_type=\"widget\" data-widget_type=\"text-editor.default\">\n\t\t\t\t<div class=\"elementor-widget-container\">\n\t\t\t\t\t\t\t\t\t<p>Numa organiza\u00e7\u00e3o conjunta\u00a0da CPCJ de Santar\u00e9m, dos Agrupamentos de Escolas do concelho de Santar\u00e9m e\u00a0do Tribunal Judicial da Comarca de Santar\u00e9m, ao longo do m\u00eas de abril, estar\u00e1 patente ao p\u00fablico, no \u00e1trio do Pal\u00e1cio da Justi\u00e7a II de Santar\u00e9m, sito na Pra\u00e7a do Munic\u00edpio, Ed. Ex-Escola Pr\u00e1tica de Cavalaria, uma exposi\u00e7\u00e3o de trabalhos da autoria dos alunos das escolas do concelho de Santar\u00e9m, subordinada ao tema &#8220;Abril &#8211; M\u00eas da Preven\u00e7\u00e3o dos Maus &#8211; Tratos na Inf\u00e2ncia\u201d.<br \/>\u00a0<br \/><br \/>A exposi\u00e7\u00e3o, que se insere no \u00e2mbito das iniciativas da Campanha La\u00e7o Azul, procura sensibilizar a comunidade para\u00a0o tema da protec\u00e7\u00e3o das crian\u00e7as e envolv\u00ea-la na preven\u00e7\u00e3o do abuso e neglig\u00eancia infantis.<br \/>\u00a0<br \/><br \/>Convidamos todos a visit\u00e1-la!<\/p>\n<p><!-- \/wp:paragraph --><\/p>\n<p><!-- wp:paragraph --><\/p>\n<p><!-- \/wp:paragraph --><\/p>\t\t\t\t\t\t\t\t<\/div>\n\t\t\t\t<\/div>\n\t\t\t\t\t<\/div>\n\t\t\t\t<\/div>\n\t\t\t\t<\/div>\n\t\t","protected":false},"excerpt":{"rendered":"<p>Numa organiza\u00e7\u00e3o conjunta\u00a0da CPCJ de Santar\u00e9m, dos Agrupamentos de Escolas do concelho de Santar\u00e9m e\u00a0do Tribunal Judicial da Comarca de Santar\u00e9m, ao longo do m\u00eas de abril, estar\u00e1 patente ao p\u00fablico, no \u00e1trio do Pal\u00e1cio&#8230;<\/p>\n","protected":false},"author":1,"featured_media":12514,"comment_status":"closed","ping_status":"open","sticky":false,"template":"","format":"standard","meta":{"_tbt_post_transparent":"","_tbt_post_title":"","_tbt_post_layout":"","_tbt_post_sidebar_id":"","_tbt_post_content_style":"","_tbt_post_vertical_padding":"","_tbt_post_feature":"","_tbt_post_feature_position":"","_tbt_post_header":false,"_tbt_post_footer":false},"categories":[2,1,5],"tags":[],"class_list":["post-11919","post","type-post","status-publish","format-standard","has-post-thumbnail","hentry","category-eventos","category-geral","category-noticias"],"yoast_head":"<!-- This site is optimized with the Yoast SEO plugin v25.6 - https:\/\/yoast.com\/wordpress\/plugins\/seo\/ -->\n<title>Abril - M\u00eas da preven\u00e7\u00e3o dos maus-tratos na inf\u00e2ncia - Tribunal Judicial da Comarca de Santar\u00e9m<\/title>\n<meta name=\"robots\" content=\"index, follow, max-snippet:-1, max-image-preview:large, max-video-preview:-1\" \/>\n<link rel=\"canonical\" href=\"https:\/\/comarcas.csm.org.pt\/santarem\/blog\/2025\/04\/01\/abril\/\" \/>\n<meta property=\"og:locale\" content=\"pt_PT\" \/>\n<meta property=\"og:type\" content=\"article\" \/>\n<meta property=\"og:title\" content=\"Abril - M\u00eas da preven\u00e7\u00e3o dos maus-tratos na inf\u00e2ncia - Tribunal Judicial da Comarca de Santar\u00e9m\" \/>\n<meta property=\"og:description\" content=\"Numa organiza\u00e7\u00e3o conjunta\u00a0da CPCJ de Santar\u00e9m, dos Agrupamentos de Escolas do concelho de Santar\u00e9m e\u00a0do Tribunal Judicial da Comarca de Santar\u00e9m, ao longo do m\u00eas de abril, estar\u00e1 patente ao p\u00fablico, no \u00e1trio do Pal\u00e1cio...\" \/>\n<meta property=\"og:url\" content=\"https:\/\/comarcas.csm.org.pt\/santarem\/blog\/2025\/04\/01\/abril\/\" \/>\n<meta property=\"og:site_name\" content=\"Tribunal Judicial da Comarca de Santar\u00e9m\" \/>\n<meta property=\"article:published_time\" content=\"2025-04-01T09:00:00+00:00\" \/>\n<meta property=\"article:modified_time\" content=\"2025-05-03T12:24:00+00:00\" \/>\n<meta property=\"og:image\" content=\"https:\/\/comarcas.csm.org.pt\/santarem\/wp-content\/uploads\/sites\/24\/2025\/04\/Laco-Azul.jpg\" \/>\n\t<meta property=\"og:image:width\" content=\"1600\" \/>\n\t<meta property=\"og:image:height\" content=\"901\" \/>\n\t<meta property=\"og:image:type\" content=\"image\/jpeg\" \/>\n<meta name=\"author\" content=\"admin\" \/>\n<meta name=\"twitter:card\" content=\"summary_large_image\" \/>\n<meta name=\"twitter:label1\" content=\"Escrito por\" \/>\n\t<meta name=\"twitter:data1\" content=\"admin\" \/>\n\t<meta name=\"twitter:label2\" content=\"Tempo estimado de leitura\" \/>\n\t<meta name=\"twitter:data2\" content=\"1 minuto\" \/>\n<script type=\"application\/ld+json\" class=\"yoast-schema-graph\">{\"@context\":\"https:\/\/schema.org\",\"@graph\":[{\"@type\":\"Article\",\"@id\":\"https:\/\/comarcas.csm.org.pt\/santarem\/blog\/2025\/04\/01\/abril\/#article\",\"isPartOf\":{\"@id\":\"https:\/\/comarcas.csm.org.pt\/santarem\/blog\/2025\/04\/01\/abril\/\"},\"author\":{\"name\":\"admin\",\"@id\":\"https:\/\/comarcas.csm.org.pt\/santarem\/#\/schema\/person\/a5f21f7de084677db8d4f3c7e23e7424\"},\"headline\":\"Abril &#8211; M\u00eas da preven\u00e7\u00e3o dos maus-tratos na inf\u00e2ncia\",\"datePublished\":\"2025-04-01T09:00:00+00:00\",\"dateModified\":\"2025-05-03T12:24:00+00:00\",\"mainEntityOfPage\":{\"@id\":\"https:\/\/comarcas.csm.org.pt\/santarem\/blog\/2025\/04\/01\/abril\/\"},\"wordCount\":154,\"publisher\":{\"@id\":\"https:\/\/comarcas.csm.org.pt\/santarem\/#organization\"},\"image\":{\"@id\":\"https:\/\/comarcas.csm.org.pt\/santarem\/blog\/2025\/04\/01\/abril\/#primaryimage\"},\"thumbnailUrl\":\"https:\/\/comarcas.csm.org.pt\/santarem\/wp-content\/uploads\/sites\/24\/2025\/04\/Laco-Azul.jpg\",\"articleSection\":[\"Eventos\",\"Geral\",\"Not\u00edcias\"],\"inLanguage\":\"pt-PT\"},{\"@type\":\"WebPage\",\"@id\":\"https:\/\/comarcas.csm.org.pt\/santarem\/blog\/2025\/04\/01\/abril\/\",\"url\":\"https:\/\/comarcas.csm.org.pt\/santarem\/blog\/2025\/04\/01\/abril\/\",\"name\":\"Abril - M\u00eas da preven\u00e7\u00e3o dos maus-tratos na inf\u00e2ncia - Tribunal Judicial da Comarca de Santar\u00e9m\",\"isPartOf\":{\"@id\":\"https:\/\/comarcas.csm.org.pt\/santarem\/#website\"},\"primaryImageOfPage\":{\"@id\":\"https:\/\/comarcas.csm.org.pt\/santarem\/blog\/2025\/04\/01\/abril\/#primaryimage\"},\"image\":{\"@id\":\"https:\/\/comarcas.csm.org.pt\/santarem\/blog\/2025\/04\/01\/abril\/#primaryimage\"},\"thumbnailUrl\":\"https:\/\/comarcas.csm.org.pt\/santarem\/wp-content\/uploads\/sites\/24\/2025\/04\/Laco-Azul.jpg\",\"datePublished\":\"2025-04-01T09:00:00+00:00\",\"dateModified\":\"2025-05-03T12:24:00+00:00\",\"breadcrumb\":{\"@id\":\"https:\/\/comarcas.csm.org.pt\/santarem\/blog\/2025\/04\/01\/abril\/#breadcrumb\"},\"inLanguage\":\"pt-PT\",\"potentialAction\":[{\"@type\":\"ReadAction\",\"target\":[\"https:\/\/comarcas.csm.org.pt\/santarem\/blog\/2025\/04\/01\/abril\/\"]}]},{\"@type\":\"ImageObject\",\"inLanguage\":\"pt-PT\",\"@id\":\"https:\/\/comarcas.csm.org.pt\/santarem\/blog\/2025\/04\/01\/abril\/#primaryimage\",\"url\":\"https:\/\/comarcas.csm.org.pt\/santarem\/wp-content\/uploads\/sites\/24\/2025\/04\/Laco-Azul.jpg\",\"contentUrl\":\"https:\/\/comarcas.csm.org.pt\/santarem\/wp-content\/uploads\/sites\/24\/2025\/04\/Laco-Azul.jpg\",\"width\":1600,\"height\":901},{\"@type\":\"BreadcrumbList\",\"@id\":\"https:\/\/comarcas.csm.org.pt\/santarem\/blog\/2025\/04\/01\/abril\/#breadcrumb\",\"itemListElement\":[{\"@type\":\"ListItem\",\"position\":1,\"name\":\"In\u00edcio\",\"item\":\"https:\/\/comarcas.csm.org.pt\/santarem\/\"},{\"@type\":\"ListItem\",\"position\":2,\"name\":\"Abril &#8211; M\u00eas da preven\u00e7\u00e3o dos maus-tratos na inf\u00e2ncia\"}]},{\"@type\":\"WebSite\",\"@id\":\"https:\/\/comarcas.csm.org.pt\/santarem\/#website\",\"url\":\"https:\/\/comarcas.csm.org.pt\/santarem\/\",\"name\":\"Tribunal Judicial da Comarca de Santar\u00e9m\",\"description\":\"Tribunal Judicial da Comarca de Santar\u00e9m\",\"publisher\":{\"@id\":\"https:\/\/comarcas.csm.org.pt\/santarem\/#organization\"},\"potentialAction\":[{\"@type\":\"SearchAction\",\"target\":{\"@type\":\"EntryPoint\",\"urlTemplate\":\"https:\/\/comarcas.csm.org.pt\/santarem\/?s={search_term_string}\"},\"query-input\":{\"@type\":\"PropertyValueSpecification\",\"valueRequired\":true,\"valueName\":\"search_term_string\"}}],\"inLanguage\":\"pt-PT\"},{\"@type\":\"Organization\",\"@id\":\"https:\/\/comarcas.csm.org.pt\/santarem\/#organization\",\"name\":\"Tribunal Judicial da Comarca de Santar\u00e9m\",\"url\":\"https:\/\/comarcas.csm.org.pt\/santarem\/\",\"logo\":{\"@type\":\"ImageObject\",\"inLanguage\":\"pt-PT\",\"@id\":\"https:\/\/comarcas.csm.org.pt\/santarem\/#\/schema\/logo\/image\/\",\"url\":\"https:\/\/comarcas.csm.org.pt\/santarem\/wp-content\/uploads\/sites\/24\/2024\/11\/Santarem_positivo-horizontal.png\",\"contentUrl\":\"https:\/\/comarcas.csm.org.pt\/santarem\/wp-content\/uploads\/sites\/24\/2024\/11\/Santarem_positivo-horizontal.png\",\"width\":4842,\"height\":890,\"caption\":\"Tribunal Judicial da Comarca de Santar\u00e9m\"},\"image\":{\"@id\":\"https:\/\/comarcas.csm.org.pt\/santarem\/#\/schema\/logo\/image\/\"}},{\"@type\":\"Person\",\"@id\":\"https:\/\/comarcas.csm.org.pt\/santarem\/#\/schema\/person\/a5f21f7de084677db8d4f3c7e23e7424\",\"name\":\"admin\",\"image\":{\"@type\":\"ImageObject\",\"inLanguage\":\"pt-PT\",\"@id\":\"https:\/\/comarcas.csm.org.pt\/santarem\/#\/schema\/person\/image\/\",\"url\":\"https:\/\/secure.gravatar.com\/avatar\/a6b5486505bf2315a6f3484736100611c62ce49ded6652aba7457653cf4dbfd2?s=96&d=mm&r=g\",\"contentUrl\":\"https:\/\/secure.gravatar.com\/avatar\/a6b5486505bf2315a6f3484736100611c62ce49ded6652aba7457653cf4dbfd2?s=96&d=mm&r=g\",\"caption\":\"admin\"},\"sameAs\":[\"https:\/\/comarcas.csm.org.pt\/\"],\"url\":\"https:\/\/comarcas.csm.org.pt\/santarem\/blog\/author\/admin\/\"}]}<\/script>\n<!-- \/ Yoast SEO plugin. -->","yoast_head_json":{"title":"Abril - M\u00eas da preven\u00e7\u00e3o dos maus-tratos na inf\u00e2ncia - Tribunal Judicial da Comarca de Santar\u00e9m","robots":{"index":"index","follow":"follow","max-snippet":"max-snippet:-1","max-image-preview":"max-image-preview:large","max-video-preview":"max-video-preview:-1"},"canonical":"https:\/\/comarcas.csm.org.pt\/santarem\/blog\/2025\/04\/01\/abril\/","og_locale":"pt_PT","og_type":"article","og_title":"Abril - M\u00eas da preven\u00e7\u00e3o dos maus-tratos na inf\u00e2ncia - Tribunal Judicial da Comarca de Santar\u00e9m","og_description":"Numa organiza\u00e7\u00e3o conjunta\u00a0da CPCJ de Santar\u00e9m, dos Agrupamentos de Escolas do concelho de Santar\u00e9m e\u00a0do Tribunal Judicial da Comarca de Santar\u00e9m, ao longo do m\u00eas de abril, estar\u00e1 patente ao p\u00fablico, no \u00e1trio do Pal\u00e1cio...","og_url":"https:\/\/comarcas.csm.org.pt\/santarem\/blog\/2025\/04\/01\/abril\/","og_site_name":"Tribunal Judicial da Comarca de Santar\u00e9m","article_published_time":"2025-04-01T09:00:00+00:00","article_modified_time":"2025-05-03T12:24:00+00:00","og_image":[{"width":1600,"height":901,"url":"https:\/\/comarcas.csm.org.pt\/santarem\/wp-content\/uploads\/sites\/24\/2025\/04\/Laco-Azul.jpg","type":"image\/jpeg"}],"author":"admin","twitter_card":"summary_large_image","twitter_misc":{"Escrito por":"admin","Tempo estimado de leitura":"1 minuto"},"schema":{"@context":"https:\/\/schema.org","@graph":[{"@type":"Article","@id":"https:\/\/comarcas.csm.org.pt\/santarem\/blog\/2025\/04\/01\/abril\/#article","isPartOf":{"@id":"https:\/\/comarcas.csm.org.pt\/santarem\/blog\/2025\/04\/01\/abril\/"},"author":{"name":"admin","@id":"https:\/\/comarcas.csm.org.pt\/santarem\/#\/schema\/person\/a5f21f7de084677db8d4f3c7e23e7424"},"headline":"Abril &#8211; M\u00eas da preven\u00e7\u00e3o dos maus-tratos na inf\u00e2ncia","datePublished":"2025-04-01T09:00:00+00:00","dateModified":"2025-05-03T12:24:00+00:00","mainEntityOfPage":{"@id":"https:\/\/comarcas.csm.org.pt\/santarem\/blog\/2025\/04\/01\/abril\/"},"wordCount":154,"publisher":{"@id":"https:\/\/comarcas.csm.org.pt\/santarem\/#organization"},"image":{"@id":"https:\/\/comarcas.csm.org.pt\/santarem\/blog\/2025\/04\/01\/abril\/#primaryimage"},"thumbnailUrl":"https:\/\/comarcas.csm.org.pt\/santarem\/wp-content\/uploads\/sites\/24\/2025\/04\/Laco-Azul.jpg","articleSection":["Eventos","Geral","Not\u00edcias"],"inLanguage":"pt-PT"},{"@type":"WebPage","@id":"https:\/\/comarcas.csm.org.pt\/santarem\/blog\/2025\/04\/01\/abril\/","url":"https:\/\/comarcas.csm.org.pt\/santarem\/blog\/2025\/04\/01\/abril\/","name":"Abril - M\u00eas da preven\u00e7\u00e3o dos maus-tratos na inf\u00e2ncia - Tribunal Judicial da Comarca de Santar\u00e9m","isPartOf":{"@id":"https:\/\/comarcas.csm.org.pt\/santarem\/#website"},"primaryImageOfPage":{"@id":"https:\/\/comarcas.csm.org.pt\/santarem\/blog\/2025\/04\/01\/abril\/#primaryimage"},"image":{"@id":"https:\/\/comarcas.csm.org.pt\/santarem\/blog\/2025\/04\/01\/abril\/#primaryimage"},"thumbnailUrl":"https:\/\/comarcas.csm.org.pt\/santarem\/wp-content\/uploads\/sites\/24\/2025\/04\/Laco-Azul.jpg","datePublished":"2025-04-01T09:00:00+00:00","dateModified":"2025-05-03T12:24:00+00:00","breadcrumb":{"@id":"https:\/\/comarcas.csm.org.pt\/santarem\/blog\/2025\/04\/01\/abril\/#breadcrumb"},"inLanguage":"pt-PT","potentialAction":[{"@type":"ReadAction","target":["https:\/\/comarcas.csm.org.pt\/santarem\/blog\/2025\/04\/01\/abril\/"]}]},{"@type":"ImageObject","inLanguage":"pt-PT","@id":"https:\/\/comarcas.csm.org.pt\/santarem\/blog\/2025\/04\/01\/abril\/#primaryimage","url":"https:\/\/comarcas.csm.org.pt\/santarem\/wp-content\/uploads\/sites\/24\/2025\/04\/Laco-Azul.jpg","contentUrl":"https:\/\/comarcas.csm.org.pt\/santarem\/wp-content\/uploads\/sites\/24\/2025\/04\/Laco-Azul.jpg","width":1600,"height":901},{"@type":"BreadcrumbList","@id":"https:\/\/comarcas.csm.org.pt\/santarem\/blog\/2025\/04\/01\/abril\/#breadcrumb","itemListElement":[{"@type":"ListItem","position":1,"name":"In\u00edcio","item":"https:\/\/comarcas.csm.org.pt\/santarem\/"},{"@type":"ListItem","position":2,"name":"Abril &#8211; M\u00eas da preven\u00e7\u00e3o dos maus-tratos na inf\u00e2ncia"}]},{"@type":"WebSite","@id":"https:\/\/comarcas.csm.org.pt\/santarem\/#website","url":"https:\/\/comarcas.csm.org.pt\/santarem\/","name":"Tribunal Judicial da Comarca de Santar\u00e9m","description":"Tribunal Judicial da Comarca de Santar\u00e9m","publisher":{"@id":"https:\/\/comarcas.csm.org.pt\/santarem\/#organization"},"potentialAction":[{"@type":"SearchAction","target":{"@type":"EntryPoint","urlTemplate":"https:\/\/comarcas.csm.org.pt\/santarem\/?s={search_term_string}"},"query-input":{"@type":"PropertyValueSpecification","valueRequired":true,"valueName":"search_term_string"}}],"inLanguage":"pt-PT"},{"@type":"Organization","@id":"https:\/\/comarcas.csm.org.pt\/santarem\/#organization","name":"Tribunal Judicial da Comarca de Santar\u00e9m","url":"https:\/\/comarcas.csm.org.pt\/santarem\/","logo":{"@type":"ImageObject","inLanguage":"pt-PT","@id":"https:\/\/comarcas.csm.org.pt\/santarem\/#\/schema\/logo\/image\/","url":"https:\/\/comarcas.csm.org.pt\/santarem\/wp-content\/uploads\/sites\/24\/2024\/11\/Santarem_positivo-horizontal.png","contentUrl":"https:\/\/comarcas.csm.org.pt\/santarem\/wp-content\/uploads\/sites\/24\/2024\/11\/Santarem_positivo-horizontal.png","width":4842,"height":890,"caption":"Tribunal Judicial da Comarca de Santar\u00e9m"},"image":{"@id":"https:\/\/comarcas.csm.org.pt\/santarem\/#\/schema\/logo\/image\/"}},{"@type":"Person","@id":"https:\/\/comarcas.csm.org.pt\/santarem\/#\/schema\/person\/a5f21f7de084677db8d4f3c7e23e7424","name":"admin","image":{"@type":"ImageObject","inLanguage":"pt-PT","@id":"https:\/\/comarcas.csm.org.pt\/santarem\/#\/schema\/person\/image\/","url":"https:\/\/secure.gravatar.com\/avatar\/a6b5486505bf2315a6f3484736100611c62ce49ded6652aba7457653cf4dbfd2?s=96&d=mm&r=g","contentUrl":"https:\/\/secure.gravatar.com\/avatar\/a6b5486505bf2315a6f3484736100611c62ce49ded6652aba7457653cf4dbfd2?s=96&d=mm&r=g","caption":"admin"},"sameAs":["https:\/\/comarcas.csm.org.pt\/"],"url":"https:\/\/comarcas.csm.org.pt\/santarem\/blog\/author\/admin\/"}]}},"_links":{"self":[{"href":"https:\/\/comarcas.csm.org.pt\/santarem\/wp-json\/wp\/v2\/posts\/11919","targetHints":{"allow":["GET"]}}],"collection":[{"href":"https:\/\/comarcas.csm.org.pt\/santarem\/wp-json\/wp\/v2\/posts"}],"about":[{"href":"https:\/\/comarcas.csm.org.pt\/santarem\/wp-json\/wp\/v2\/types\/post"}],"author":[{"embeddable":true,"href":"https:\/\/comarcas.csm.org.pt\/santarem\/wp-json\/wp\/v2\/users\/1"}],"replies":[{"embeddable":true,"href":"https:\/\/comarcas.csm.org.pt\/santarem\/wp-json\/wp\/v2\/comments?post=11919"}],"version-history":[{"count":9,"href":"https:\/\/comarcas.csm.org.pt\/santarem\/wp-json\/wp\/v2\/posts\/11919\/revisions"}],"predecessor-version":[{"id":12513,"href":"https:\/\/comarcas.csm.org.pt\/santarem\/wp-json\/wp\/v2\/posts\/11919\/revisions\/12513"}],"wp:featuredmedia":[{"embeddable":true,"href":"https:\/\/comarcas.csm.org.pt\/santarem\/wp-json\/wp\/v2\/media\/12514"}],"wp:attachment":[{"href":"https:\/\/comarcas.csm.org.pt\/santarem\/wp-json\/wp\/v2\/media?parent=11919"}],"wp:term":[{"taxonomy":"category","embeddable":true,"href":"https:\/\/comarcas.csm.org.pt\/santarem\/wp-json\/wp\/v2\/categories?post=11919"},{"taxonomy":"post_tag","embeddable":true,"href":"https:\/\/comarcas.csm.org.pt\/santarem\/wp-json\/wp\/v2\/tags?post=11919"}],"curies":[{"name":"wp","href":"https:\/\/api.w.org\/{rel}","templated":true}]}}