{"id":12531,"date":"2025-04-03T17:00:00","date_gmt":"2025-04-03T17:00:00","guid":{"rendered":"https:\/\/comarcas.csm.org.pt\/santarem\/?p=12531"},"modified":"2025-05-23T10:53:51","modified_gmt":"2025-05-23T10:53:51","slug":"visita-da-procuradoria-geral-da-republica-e-regional-de-evora","status":"publish","type":"post","link":"https:\/\/comarcas.csm.org.pt\/santarem\/blog\/2025\/04\/03\/visita-da-procuradoria-geral-da-republica-e-regional-de-evora\/","title":{"rendered":"Visita do Procurador Geral da Rep\u00fablica"},"content":{"rendered":"\t\t<div data-elementor-type=\"wp-post\" data-elementor-id=\"12531\" class=\"elementor elementor-12531\" data-elementor-post-type=\"post\">\n\t\t\t\t<div class=\"elementor-element elementor-element-a36eddb e-grid e-con-full e-con e-parent\" data-id=\"a36eddb\" data-element_type=\"container\">\n\t\t\t\t<div class=\"elementor-element elementor-element-01f3bf3 elementor-widget elementor-widget-text-editor\" data-id=\"01f3bf3\" data-element_type=\"widget\" data-widget_type=\"text-editor.default\">\n\t\t\t\t<div class=\"elementor-widget-container\">\n\t\t\t\t\t\t\t\t\t<h6>No dia 03.04.2025, no \u00e2mbito de uma reuni\u00e3o de trabalho da \u00e1rea do Minist\u00e9rio P\u00fablico, o Tribunal Judicial da Comarca de Santar\u00e9m e o Tribunal da Concorr\u00eancia, Regula\u00e7\u00e3o e Supervis\u00e3o receberam a visita do Procurador-Geral da Rep\u00fablica, Dr. Amadeu Guerra, do Vice Procurador-Geral da Rep\u00fablica, Dr. Paulo Morgado de Carvalho, e do Procurador-Geral Regional de \u00c9vora, Dr. Jos\u00e9 Laia Franco.<\/h6><h6>\u00a0<\/h6><h6>Na cerim\u00f3nia de recep\u00e7\u00e3o e boas-vindas, que decorreu na sala principal do Pal\u00e1cio da Justi\u00e7a I de Santar\u00e9m, e na qual estiveram presentes elementos de todas as profiss\u00f5es do foro e representantes das for\u00e7as de seguran\u00e7a e demais entidades que colaboram no desenvolvimento da atividade judici\u00e1ria, foi ressaltada a invulgar rela\u00e7\u00e3o de proximidade e de coopera\u00e7\u00e3o institucional existente na Comarca de Santar\u00e9m entre todos.<\/h6>\t\t\t\t\t\t\t\t<\/div>\n\t\t\t\t<\/div>\n\t\t\t\t<div class=\"elementor-element elementor-element-8756989 elementor-widget elementor-widget-image\" data-id=\"8756989\" data-element_type=\"widget\" data-widget_type=\"image.default\">\n\t\t\t\t<div class=\"elementor-widget-container\">\n\t\t\t\t\t\t\t\t\t\t\t\t\t\t\t<img fetchpriority=\"high\" decoding=\"async\" width=\"700\" height=\"750\" src=\"https:\/\/comarcas.csm.org.pt\/santarem\/wp-content\/uploads\/sites\/24\/2025\/05\/WhatsApp-Image-2025-04-03-at-14.-1.jpg\" class=\"attachment-large size-large wp-image-12532\" alt=\"\" srcset=\"https:\/\/comarcas.csm.org.pt\/santarem\/wp-content\/uploads\/sites\/24\/2025\/05\/WhatsApp-Image-2025-04-03-at-14.-1.jpg 700w, https:\/\/comarcas.csm.org.pt\/santarem\/wp-content\/uploads\/sites\/24\/2025\/05\/WhatsApp-Image-2025-04-03-at-14.-1-280x300.jpg 280w\" sizes=\"(max-width: 700px) 100vw, 700px\" \/>\t\t\t\t\t\t\t\t\t\t\t\t\t\t\t<\/div>\n\t\t\t\t<\/div>\n\t\t\t\t<\/div>\n\t\t\t\t<\/div>\n\t\t","protected":false},"excerpt":{"rendered":"<p>No dia 03.04.2025, no \u00e2mbito de uma reuni\u00e3o de trabalho da \u00e1rea do Minist\u00e9rio P\u00fablico, o Tribunal Judicial da Comarca de Santar\u00e9m e o Tribunal da Concorr\u00eancia, Regula\u00e7\u00e3o e Supervis\u00e3o receberam a visita do Procurador-Geral&#8230;<\/p>\n","protected":false},"author":24,"featured_media":0,"comment_status":"closed","ping_status":"open","sticky":false,"template":"","format":"standard","meta":{"_tbt_post_transparent":"","_tbt_post_title":"","_tbt_post_layout":"","_tbt_post_sidebar_id":"","_tbt_post_content_style":"","_tbt_post_vertical_padding":"","_tbt_post_feature":"","_tbt_post_feature_position":"","_tbt_post_header":false,"_tbt_post_footer":false},"categories":[2,1,5],"tags":[],"class_list":["post-12531","post","type-post","status-publish","format-standard","hentry","category-eventos","category-geral","category-noticias"],"yoast_head":"<!-- This site is optimized with the Yoast SEO plugin v25.6 - https:\/\/yoast.com\/wordpress\/plugins\/seo\/ -->\n<title>Visita do Procurador Geral da Rep\u00fablica - Tribunal Judicial da Comarca de Santar\u00e9m<\/title>\n<meta name=\"robots\" content=\"index, follow, max-snippet:-1, max-image-preview:large, max-video-preview:-1\" \/>\n<link rel=\"canonical\" href=\"https:\/\/comarcas.csm.org.pt\/santarem\/blog\/2025\/04\/03\/visita-da-procuradoria-geral-da-republica-e-regional-de-evora\/\" \/>\n<meta property=\"og:locale\" content=\"pt_PT\" \/>\n<meta property=\"og:type\" content=\"article\" \/>\n<meta property=\"og:title\" content=\"Visita do Procurador Geral da Rep\u00fablica - Tribunal Judicial da Comarca de Santar\u00e9m\" \/>\n<meta property=\"og:description\" content=\"No dia 03.04.2025, no \u00e2mbito de uma reuni\u00e3o de trabalho da \u00e1rea do Minist\u00e9rio P\u00fablico, o Tribunal Judicial da Comarca de Santar\u00e9m e o Tribunal da Concorr\u00eancia, Regula\u00e7\u00e3o e Supervis\u00e3o receberam a visita do Procurador-Geral...\" \/>\n<meta property=\"og:url\" content=\"https:\/\/comarcas.csm.org.pt\/santarem\/blog\/2025\/04\/03\/visita-da-procuradoria-geral-da-republica-e-regional-de-evora\/\" \/>\n<meta property=\"og:site_name\" content=\"Tribunal Judicial da Comarca de Santar\u00e9m\" \/>\n<meta property=\"article:published_time\" content=\"2025-04-03T17:00:00+00:00\" \/>\n<meta property=\"article:modified_time\" content=\"2025-05-23T10:53:51+00:00\" \/>\n<meta property=\"og:image\" content=\"https:\/\/comarcas.csm.org.pt\/santarem\/wp-content\/uploads\/sites\/24\/2025\/05\/WhatsApp-Image-2025-04-03-at-14.-1.jpg\" \/>\n<meta name=\"author\" content=\"santarem\" \/>\n<meta name=\"twitter:card\" content=\"summary_large_image\" \/>\n<meta name=\"twitter:label1\" content=\"Escrito por\" \/>\n\t<meta name=\"twitter:data1\" content=\"santarem\" \/>\n\t<meta name=\"twitter:label2\" content=\"Tempo estimado de leitura\" \/>\n\t<meta name=\"twitter:data2\" content=\"1 minuto\" \/>\n<script type=\"application\/ld+json\" class=\"yoast-schema-graph\">{\"@context\":\"https:\/\/schema.org\",\"@graph\":[{\"@type\":\"Article\",\"@id\":\"https:\/\/comarcas.csm.org.pt\/santarem\/blog\/2025\/04\/03\/visita-da-procuradoria-geral-da-republica-e-regional-de-evora\/#article\",\"isPartOf\":{\"@id\":\"https:\/\/comarcas.csm.org.pt\/santarem\/blog\/2025\/04\/03\/visita-da-procuradoria-geral-da-republica-e-regional-de-evora\/\"},\"author\":{\"name\":\"santarem\",\"@id\":\"https:\/\/comarcas.csm.org.pt\/santarem\/#\/schema\/person\/5fd90c1542a6b7618d34dc9e9dd201ce\"},\"headline\":\"Visita do Procurador Geral da Rep\u00fablica\",\"datePublished\":\"2025-04-03T17:00:00+00:00\",\"dateModified\":\"2025-05-23T10:53:51+00:00\",\"mainEntityOfPage\":{\"@id\":\"https:\/\/comarcas.csm.org.pt\/santarem\/blog\/2025\/04\/03\/visita-da-procuradoria-geral-da-republica-e-regional-de-evora\/\"},\"wordCount\":151,\"publisher\":{\"@id\":\"https:\/\/comarcas.csm.org.pt\/santarem\/#organization\"},\"image\":{\"@id\":\"https:\/\/comarcas.csm.org.pt\/santarem\/blog\/2025\/04\/03\/visita-da-procuradoria-geral-da-republica-e-regional-de-evora\/#primaryimage\"},\"thumbnailUrl\":\"https:\/\/comarcas.csm.org.pt\/santarem\/wp-content\/uploads\/sites\/24\/2025\/05\/WhatsApp-Image-2025-04-03-at-14.-1.jpg\",\"articleSection\":[\"Eventos\",\"Geral\",\"Not\u00edcias\"],\"inLanguage\":\"pt-PT\"},{\"@type\":\"WebPage\",\"@id\":\"https:\/\/comarcas.csm.org.pt\/santarem\/blog\/2025\/04\/03\/visita-da-procuradoria-geral-da-republica-e-regional-de-evora\/\",\"url\":\"https:\/\/comarcas.csm.org.pt\/santarem\/blog\/2025\/04\/03\/visita-da-procuradoria-geral-da-republica-e-regional-de-evora\/\",\"name\":\"Visita do Procurador Geral da Rep\u00fablica - Tribunal Judicial da Comarca de Santar\u00e9m\",\"isPartOf\":{\"@id\":\"https:\/\/comarcas.csm.org.pt\/santarem\/#website\"},\"primaryImageOfPage\":{\"@id\":\"https:\/\/comarcas.csm.org.pt\/santarem\/blog\/2025\/04\/03\/visita-da-procuradoria-geral-da-republica-e-regional-de-evora\/#primaryimage\"},\"image\":{\"@id\":\"https:\/\/comarcas.csm.org.pt\/santarem\/blog\/2025\/04\/03\/visita-da-procuradoria-geral-da-republica-e-regional-de-evora\/#primaryimage\"},\"thumbnailUrl\":\"https:\/\/comarcas.csm.org.pt\/santarem\/wp-content\/uploads\/sites\/24\/2025\/05\/WhatsApp-Image-2025-04-03-at-14.-1.jpg\",\"datePublished\":\"2025-04-03T17:00:00+00:00\",\"dateModified\":\"2025-05-23T10:53:51+00:00\",\"breadcrumb\":{\"@id\":\"https:\/\/comarcas.csm.org.pt\/santarem\/blog\/2025\/04\/03\/visita-da-procuradoria-geral-da-republica-e-regional-de-evora\/#breadcrumb\"},\"inLanguage\":\"pt-PT\",\"potentialAction\":[{\"@type\":\"ReadAction\",\"target\":[\"https:\/\/comarcas.csm.org.pt\/santarem\/blog\/2025\/04\/03\/visita-da-procuradoria-geral-da-republica-e-regional-de-evora\/\"]}]},{\"@type\":\"ImageObject\",\"inLanguage\":\"pt-PT\",\"@id\":\"https:\/\/comarcas.csm.org.pt\/santarem\/blog\/2025\/04\/03\/visita-da-procuradoria-geral-da-republica-e-regional-de-evora\/#primaryimage\",\"url\":\"https:\/\/comarcas.csm.org.pt\/santarem\/wp-content\/uploads\/sites\/24\/2025\/05\/WhatsApp-Image-2025-04-03-at-14.-1.jpg\",\"contentUrl\":\"https:\/\/comarcas.csm.org.pt\/santarem\/wp-content\/uploads\/sites\/24\/2025\/05\/WhatsApp-Image-2025-04-03-at-14.-1.jpg\",\"width\":700,\"height\":750},{\"@type\":\"BreadcrumbList\",\"@id\":\"https:\/\/comarcas.csm.org.pt\/santarem\/blog\/2025\/04\/03\/visita-da-procuradoria-geral-da-republica-e-regional-de-evora\/#breadcrumb\",\"itemListElement\":[{\"@type\":\"ListItem\",\"position\":1,\"name\":\"In\u00edcio\",\"item\":\"https:\/\/comarcas.csm.org.pt\/santarem\/\"},{\"@type\":\"ListItem\",\"position\":2,\"name\":\"Visita do Procurador Geral da Rep\u00fablica\"}]},{\"@type\":\"WebSite\",\"@id\":\"https:\/\/comarcas.csm.org.pt\/santarem\/#website\",\"url\":\"https:\/\/comarcas.csm.org.pt\/santarem\/\",\"name\":\"Tribunal Judicial da Comarca de Santar\u00e9m\",\"description\":\"Tribunal Judicial da Comarca de Santar\u00e9m\",\"publisher\":{\"@id\":\"https:\/\/comarcas.csm.org.pt\/santarem\/#organization\"},\"potentialAction\":[{\"@type\":\"SearchAction\",\"target\":{\"@type\":\"EntryPoint\",\"urlTemplate\":\"https:\/\/comarcas.csm.org.pt\/santarem\/?s={search_term_string}\"},\"query-input\":{\"@type\":\"PropertyValueSpecification\",\"valueRequired\":true,\"valueName\":\"search_term_string\"}}],\"inLanguage\":\"pt-PT\"},{\"@type\":\"Organization\",\"@id\":\"https:\/\/comarcas.csm.org.pt\/santarem\/#organization\",\"name\":\"Tribunal Judicial da Comarca de Santar\u00e9m\",\"url\":\"https:\/\/comarcas.csm.org.pt\/santarem\/\",\"logo\":{\"@type\":\"ImageObject\",\"inLanguage\":\"pt-PT\",\"@id\":\"https:\/\/comarcas.csm.org.pt\/santarem\/#\/schema\/logo\/image\/\",\"url\":\"https:\/\/comarcas.csm.org.pt\/santarem\/wp-content\/uploads\/sites\/24\/2024\/11\/Santarem_positivo-horizontal.png\",\"contentUrl\":\"https:\/\/comarcas.csm.org.pt\/santarem\/wp-content\/uploads\/sites\/24\/2024\/11\/Santarem_positivo-horizontal.png\",\"width\":4842,\"height\":890,\"caption\":\"Tribunal Judicial da Comarca de Santar\u00e9m\"},\"image\":{\"@id\":\"https:\/\/comarcas.csm.org.pt\/santarem\/#\/schema\/logo\/image\/\"}},{\"@type\":\"Person\",\"@id\":\"https:\/\/comarcas.csm.org.pt\/santarem\/#\/schema\/person\/5fd90c1542a6b7618d34dc9e9dd201ce\",\"name\":\"santarem\",\"image\":{\"@type\":\"ImageObject\",\"inLanguage\":\"pt-PT\",\"@id\":\"https:\/\/comarcas.csm.org.pt\/santarem\/#\/schema\/person\/image\/\",\"url\":\"https:\/\/secure.gravatar.com\/avatar\/8be77e04d594549bae7e8fd797832ba4f022a4b0890c90ff1b3a7c0cd8dfabc0?s=96&d=mm&r=g\",\"contentUrl\":\"https:\/\/secure.gravatar.com\/avatar\/8be77e04d594549bae7e8fd797832ba4f022a4b0890c90ff1b3a7c0cd8dfabc0?s=96&d=mm&r=g\",\"caption\":\"santarem\"},\"url\":\"https:\/\/comarcas.csm.org.pt\/santarem\/blog\/author\/santarem\/\"}]}<\/script>\n<!-- \/ Yoast SEO plugin. -->","yoast_head_json":{"title":"Visita do Procurador Geral da Rep\u00fablica - Tribunal Judicial da Comarca de Santar\u00e9m","robots":{"index":"index","follow":"follow","max-snippet":"max-snippet:-1","max-image-preview":"max-image-preview:large","max-video-preview":"max-video-preview:-1"},"canonical":"https:\/\/comarcas.csm.org.pt\/santarem\/blog\/2025\/04\/03\/visita-da-procuradoria-geral-da-republica-e-regional-de-evora\/","og_locale":"pt_PT","og_type":"article","og_title":"Visita do Procurador Geral da Rep\u00fablica - Tribunal Judicial da Comarca de Santar\u00e9m","og_description":"No dia 03.04.2025, no \u00e2mbito de uma reuni\u00e3o de trabalho da \u00e1rea do Minist\u00e9rio P\u00fablico, o Tribunal Judicial da Comarca de Santar\u00e9m e o Tribunal da Concorr\u00eancia, Regula\u00e7\u00e3o e Supervis\u00e3o receberam a visita do Procurador-Geral...","og_url":"https:\/\/comarcas.csm.org.pt\/santarem\/blog\/2025\/04\/03\/visita-da-procuradoria-geral-da-republica-e-regional-de-evora\/","og_site_name":"Tribunal Judicial da Comarca de Santar\u00e9m","article_published_time":"2025-04-03T17:00:00+00:00","article_modified_time":"2025-05-23T10:53:51+00:00","og_image":[{"url":"https:\/\/comarcas.csm.org.pt\/santarem\/wp-content\/uploads\/sites\/24\/2025\/05\/WhatsApp-Image-2025-04-03-at-14.-1.jpg","type":"","width":"","height":""}],"author":"santarem","twitter_card":"summary_large_image","twitter_misc":{"Escrito por":"santarem","Tempo estimado de leitura":"1 minuto"},"schema":{"@context":"https:\/\/schema.org","@graph":[{"@type":"Article","@id":"https:\/\/comarcas.csm.org.pt\/santarem\/blog\/2025\/04\/03\/visita-da-procuradoria-geral-da-republica-e-regional-de-evora\/#article","isPartOf":{"@id":"https:\/\/comarcas.csm.org.pt\/santarem\/blog\/2025\/04\/03\/visita-da-procuradoria-geral-da-republica-e-regional-de-evora\/"},"author":{"name":"santarem","@id":"https:\/\/comarcas.csm.org.pt\/santarem\/#\/schema\/person\/5fd90c1542a6b7618d34dc9e9dd201ce"},"headline":"Visita do Procurador Geral da Rep\u00fablica","datePublished":"2025-04-03T17:00:00+00:00","dateModified":"2025-05-23T10:53:51+00:00","mainEntityOfPage":{"@id":"https:\/\/comarcas.csm.org.pt\/santarem\/blog\/2025\/04\/03\/visita-da-procuradoria-geral-da-republica-e-regional-de-evora\/"},"wordCount":151,"publisher":{"@id":"https:\/\/comarcas.csm.org.pt\/santarem\/#organization"},"image":{"@id":"https:\/\/comarcas.csm.org.pt\/santarem\/blog\/2025\/04\/03\/visita-da-procuradoria-geral-da-republica-e-regional-de-evora\/#primaryimage"},"thumbnailUrl":"https:\/\/comarcas.csm.org.pt\/santarem\/wp-content\/uploads\/sites\/24\/2025\/05\/WhatsApp-Image-2025-04-03-at-14.-1.jpg","articleSection":["Eventos","Geral","Not\u00edcias"],"inLanguage":"pt-PT"},{"@type":"WebPage","@id":"https:\/\/comarcas.csm.org.pt\/santarem\/blog\/2025\/04\/03\/visita-da-procuradoria-geral-da-republica-e-regional-de-evora\/","url":"https:\/\/comarcas.csm.org.pt\/santarem\/blog\/2025\/04\/03\/visita-da-procuradoria-geral-da-republica-e-regional-de-evora\/","name":"Visita do Procurador Geral da Rep\u00fablica - Tribunal Judicial da Comarca de Santar\u00e9m","isPartOf":{"@id":"https:\/\/comarcas.csm.org.pt\/santarem\/#website"},"primaryImageOfPage":{"@id":"https:\/\/comarcas.csm.org.pt\/santarem\/blog\/2025\/04\/03\/visita-da-procuradoria-geral-da-republica-e-regional-de-evora\/#primaryimage"},"image":{"@id":"https:\/\/comarcas.csm.org.pt\/santarem\/blog\/2025\/04\/03\/visita-da-procuradoria-geral-da-republica-e-regional-de-evora\/#primaryimage"},"thumbnailUrl":"https:\/\/comarcas.csm.org.pt\/santarem\/wp-content\/uploads\/sites\/24\/2025\/05\/WhatsApp-Image-2025-04-03-at-14.-1.jpg","datePublished":"2025-04-03T17:00:00+00:00","dateModified":"2025-05-23T10:53:51+00:00","breadcrumb":{"@id":"https:\/\/comarcas.csm.org.pt\/santarem\/blog\/2025\/04\/03\/visita-da-procuradoria-geral-da-republica-e-regional-de-evora\/#breadcrumb"},"inLanguage":"pt-PT","potentialAction":[{"@type":"ReadAction","target":["https:\/\/comarcas.csm.org.pt\/santarem\/blog\/2025\/04\/03\/visita-da-procuradoria-geral-da-republica-e-regional-de-evora\/"]}]},{"@type":"ImageObject","inLanguage":"pt-PT","@id":"https:\/\/comarcas.csm.org.pt\/santarem\/blog\/2025\/04\/03\/visita-da-procuradoria-geral-da-republica-e-regional-de-evora\/#primaryimage","url":"https:\/\/comarcas.csm.org.pt\/santarem\/wp-content\/uploads\/sites\/24\/2025\/05\/WhatsApp-Image-2025-04-03-at-14.-1.jpg","contentUrl":"https:\/\/comarcas.csm.org.pt\/santarem\/wp-content\/uploads\/sites\/24\/2025\/05\/WhatsApp-Image-2025-04-03-at-14.-1.jpg","width":700,"height":750},{"@type":"BreadcrumbList","@id":"https:\/\/comarcas.csm.org.pt\/santarem\/blog\/2025\/04\/03\/visita-da-procuradoria-geral-da-republica-e-regional-de-evora\/#breadcrumb","itemListElement":[{"@type":"ListItem","position":1,"name":"In\u00edcio","item":"https:\/\/comarcas.csm.org.pt\/santarem\/"},{"@type":"ListItem","position":2,"name":"Visita do Procurador Geral da Rep\u00fablica"}]},{"@type":"WebSite","@id":"https:\/\/comarcas.csm.org.pt\/santarem\/#website","url":"https:\/\/comarcas.csm.org.pt\/santarem\/","name":"Tribunal Judicial da Comarca de Santar\u00e9m","description":"Tribunal Judicial da Comarca de Santar\u00e9m","publisher":{"@id":"https:\/\/comarcas.csm.org.pt\/santarem\/#organization"},"potentialAction":[{"@type":"SearchAction","target":{"@type":"EntryPoint","urlTemplate":"https:\/\/comarcas.csm.org.pt\/santarem\/?s={search_term_string}"},"query-input":{"@type":"PropertyValueSpecification","valueRequired":true,"valueName":"search_term_string"}}],"inLanguage":"pt-PT"},{"@type":"Organization","@id":"https:\/\/comarcas.csm.org.pt\/santarem\/#organization","name":"Tribunal Judicial da Comarca de Santar\u00e9m","url":"https:\/\/comarcas.csm.org.pt\/santarem\/","logo":{"@type":"ImageObject","inLanguage":"pt-PT","@id":"https:\/\/comarcas.csm.org.pt\/santarem\/#\/schema\/logo\/image\/","url":"https:\/\/comarcas.csm.org.pt\/santarem\/wp-content\/uploads\/sites\/24\/2024\/11\/Santarem_positivo-horizontal.png","contentUrl":"https:\/\/comarcas.csm.org.pt\/santarem\/wp-content\/uploads\/sites\/24\/2024\/11\/Santarem_positivo-horizontal.png","width":4842,"height":890,"caption":"Tribunal Judicial da Comarca de Santar\u00e9m"},"image":{"@id":"https:\/\/comarcas.csm.org.pt\/santarem\/#\/schema\/logo\/image\/"}},{"@type":"Person","@id":"https:\/\/comarcas.csm.org.pt\/santarem\/#\/schema\/person\/5fd90c1542a6b7618d34dc9e9dd201ce","name":"santarem","image":{"@type":"ImageObject","inLanguage":"pt-PT","@id":"https:\/\/comarcas.csm.org.pt\/santarem\/#\/schema\/person\/image\/","url":"https:\/\/secure.gravatar.com\/avatar\/8be77e04d594549bae7e8fd797832ba4f022a4b0890c90ff1b3a7c0cd8dfabc0?s=96&d=mm&r=g","contentUrl":"https:\/\/secure.gravatar.com\/avatar\/8be77e04d594549bae7e8fd797832ba4f022a4b0890c90ff1b3a7c0cd8dfabc0?s=96&d=mm&r=g","caption":"santarem"},"url":"https:\/\/comarcas.csm.org.pt\/santarem\/blog\/author\/santarem\/"}]}},"_links":{"self":[{"href":"https:\/\/comarcas.csm.org.pt\/santarem\/wp-json\/wp\/v2\/posts\/12531","targetHints":{"allow":["GET"]}}],"collection":[{"href":"https:\/\/comarcas.csm.org.pt\/santarem\/wp-json\/wp\/v2\/posts"}],"about":[{"href":"https:\/\/comarcas.csm.org.pt\/santarem\/wp-json\/wp\/v2\/types\/post"}],"author":[{"embeddable":true,"href":"https:\/\/comarcas.csm.org.pt\/santarem\/wp-json\/wp\/v2\/users\/24"}],"replies":[{"embeddable":true,"href":"https:\/\/comarcas.csm.org.pt\/santarem\/wp-json\/wp\/v2\/comments?post=12531"}],"version-history":[{"count":11,"href":"https:\/\/comarcas.csm.org.pt\/santarem\/wp-json\/wp\/v2\/posts\/12531\/revisions"}],"predecessor-version":[{"id":12706,"href":"https:\/\/comarcas.csm.org.pt\/santarem\/wp-json\/wp\/v2\/posts\/12531\/revisions\/12706"}],"wp:attachment":[{"href":"https:\/\/comarcas.csm.org.pt\/santarem\/wp-json\/wp\/v2\/media?parent=12531"}],"wp:term":[{"taxonomy":"category","embeddable":true,"href":"https:\/\/comarcas.csm.org.pt\/santarem\/wp-json\/wp\/v2\/categories?post=12531"},{"taxonomy":"post_tag","embeddable":true,"href":"https:\/\/comarcas.csm.org.pt\/santarem\/wp-json\/wp\/v2\/tags?post=12531"}],"curies":[{"name":"wp","href":"https:\/\/api.w.org\/{rel}","templated":true}]}}