{"id":12661,"date":"2025-05-14T10:09:12","date_gmt":"2025-05-14T10:09:12","guid":{"rendered":"https:\/\/comarcas.csm.org.pt\/santarem\/?p=12661"},"modified":"2025-05-14T10:11:50","modified_gmt":"2025-05-14T10:11:50","slug":"jantar-de-homenagem-aos-oficiais-de-justica-e-funcionarios-aposentados","status":"publish","type":"post","link":"https:\/\/comarcas.csm.org.pt\/santarem\/blog\/2025\/05\/14\/jantar-de-homenagem-aos-oficiais-de-justica-e-funcionarios-aposentados\/","title":{"rendered":"Jantar de Homenagem aos Oficiais de Justi\u00e7a e Funcion\u00e1rios Aposentados"},"content":{"rendered":"\t\t<div data-elementor-type=\"wp-post\" data-elementor-id=\"12661\" class=\"elementor elementor-12661\" data-elementor-post-type=\"post\">\n\t\t\t\t<div class=\"elementor-element elementor-element-aaaffb7 e-con-full e-flex e-con e-parent\" data-id=\"aaaffb7\" data-element_type=\"container\">\n\t\t<div class=\"elementor-element elementor-element-d4d81a3 e-con-full e-flex e-con e-child\" data-id=\"d4d81a3\" data-element_type=\"container\">\n\t\t\t\t<div class=\"elementor-element elementor-element-0e9fe9d elementor-widget elementor-widget-image\" data-id=\"0e9fe9d\" data-element_type=\"widget\" data-widget_type=\"image.default\">\n\t\t\t\t<div class=\"elementor-widget-container\">\n\t\t\t\t\t\t\t\t\t\t\t\t\t\t\t<img fetchpriority=\"high\" decoding=\"async\" width=\"1024\" height=\"768\" src=\"https:\/\/comarcas.csm.org.pt\/santarem\/wp-content\/uploads\/sites\/24\/2025\/05\/IMG-20250510-WA0002-1024x768.jpg\" class=\"attachment-large size-large wp-image-12663\" alt=\"\" srcset=\"https:\/\/comarcas.csm.org.pt\/santarem\/wp-content\/uploads\/sites\/24\/2025\/05\/IMG-20250510-WA0002-1024x768.jpg 1024w, https:\/\/comarcas.csm.org.pt\/santarem\/wp-content\/uploads\/sites\/24\/2025\/05\/IMG-20250510-WA0002-300x225.jpg 300w, https:\/\/comarcas.csm.org.pt\/santarem\/wp-content\/uploads\/sites\/24\/2025\/05\/IMG-20250510-WA0002-768x576.jpg 768w, https:\/\/comarcas.csm.org.pt\/santarem\/wp-content\/uploads\/sites\/24\/2025\/05\/IMG-20250510-WA0002-1536x1152.jpg 1536w, https:\/\/comarcas.csm.org.pt\/santarem\/wp-content\/uploads\/sites\/24\/2025\/05\/IMG-20250510-WA0002.jpg 1600w\" sizes=\"(max-width: 1024px) 100vw, 1024px\" \/>\t\t\t\t\t\t\t\t\t\t\t\t\t\t\t<\/div>\n\t\t\t\t<\/div>\n\t\t\t\t<\/div>\n\t\t\t\t<div class=\"elementor-element elementor-element-fed8064 elementor-widget elementor-widget-text-editor\" data-id=\"fed8064\" data-element_type=\"widget\" data-widget_type=\"text-editor.default\">\n\t\t\t\t<div class=\"elementor-widget-container\">\n\t\t\t\t\t\t\t\t\t<p>\u00a0<\/p><p class=\"x_x_elementToProof\"><span data-olk-copy-source=\"MessageBody\">No dia 30 de Abril foi prestada a justa e devida\u00a0homenagem aos Oficiais de Justi\u00e7a e Funcion\u00e1rios do Tribunal Judicial da Comarca de Santar\u00e9m e do Tribunal da Concorr\u00eancia, Regula\u00e7\u00e3o e Supervis\u00e3o que se reformaram nos \u00faltimos dois anos, na qual estiveram presentes muitos dos profissionais que com eles se cruzaram.<\/span><\/p><p class=\"x_x_elementToProof\">Para os homenageados ficam votos de muito sucesso pessoal!<\/p>\t\t\t\t\t\t\t\t<\/div>\n\t\t\t\t<\/div>\n\t\t\t\t<\/div>\n\t\t\t\t<\/div>\n\t\t","protected":false},"excerpt":{"rendered":"<p>No dia 30 de Abril foi prestada a justa e devida\u00a0homenagem aos Oficiais de Justi\u00e7a e Funcion\u00e1rios do Tribunal Judicial da Comarca de Santar\u00e9m e do Tribunal da Concorr\u00eancia, Regula\u00e7\u00e3o e Supervis\u00e3o que se reformaram&#8230;<\/p>\n","protected":false},"author":24,"featured_media":0,"comment_status":"closed","ping_status":"open","sticky":false,"template":"","format":"standard","meta":{"_tbt_post_transparent":"","_tbt_post_title":"","_tbt_post_layout":"","_tbt_post_sidebar_id":"","_tbt_post_content_style":"","_tbt_post_vertical_padding":"","_tbt_post_feature":"","_tbt_post_feature_position":"","_tbt_post_header":false,"_tbt_post_footer":false},"categories":[2,1,5],"tags":[],"class_list":["post-12661","post","type-post","status-publish","format-standard","hentry","category-eventos","category-geral","category-noticias"],"yoast_head":"<!-- This site is optimized with the Yoast SEO plugin v25.6 - https:\/\/yoast.com\/wordpress\/plugins\/seo\/ -->\n<title>Jantar de Homenagem aos Oficiais de Justi\u00e7a e Funcion\u00e1rios Aposentados - Tribunal Judicial da Comarca de Santar\u00e9m<\/title>\n<meta name=\"robots\" content=\"index, follow, max-snippet:-1, max-image-preview:large, max-video-preview:-1\" \/>\n<link rel=\"canonical\" href=\"https:\/\/comarcas.csm.org.pt\/santarem\/blog\/2025\/05\/14\/jantar-de-homenagem-aos-oficiais-de-justica-e-funcionarios-aposentados\/\" \/>\n<meta property=\"og:locale\" content=\"pt_PT\" \/>\n<meta property=\"og:type\" content=\"article\" \/>\n<meta property=\"og:title\" content=\"Jantar de Homenagem aos Oficiais de Justi\u00e7a e Funcion\u00e1rios Aposentados - Tribunal Judicial da Comarca de Santar\u00e9m\" \/>\n<meta property=\"og:description\" content=\"No dia 30 de Abril foi prestada a justa e devida\u00a0homenagem aos Oficiais de Justi\u00e7a e Funcion\u00e1rios do Tribunal Judicial da Comarca de Santar\u00e9m e do Tribunal da Concorr\u00eancia, Regula\u00e7\u00e3o e Supervis\u00e3o que se reformaram...\" \/>\n<meta property=\"og:url\" content=\"https:\/\/comarcas.csm.org.pt\/santarem\/blog\/2025\/05\/14\/jantar-de-homenagem-aos-oficiais-de-justica-e-funcionarios-aposentados\/\" \/>\n<meta property=\"og:site_name\" content=\"Tribunal Judicial da Comarca de Santar\u00e9m\" \/>\n<meta property=\"article:published_time\" content=\"2025-05-14T10:09:12+00:00\" \/>\n<meta property=\"article:modified_time\" content=\"2025-05-14T10:11:50+00:00\" \/>\n<meta property=\"og:image\" content=\"https:\/\/comarcas.csm.org.pt\/santarem\/wp-content\/uploads\/sites\/24\/2025\/05\/IMG-20250510-WA0002-1024x768.jpg\" \/>\n<meta name=\"author\" content=\"santarem\" \/>\n<meta name=\"twitter:card\" content=\"summary_large_image\" \/>\n<meta name=\"twitter:label1\" content=\"Escrito por\" \/>\n\t<meta name=\"twitter:data1\" content=\"santarem\" \/>\n\t<meta name=\"twitter:label2\" content=\"Tempo estimado de leitura\" \/>\n\t<meta name=\"twitter:data2\" content=\"1 minuto\" \/>\n<script type=\"application\/ld+json\" class=\"yoast-schema-graph\">{\"@context\":\"https:\/\/schema.org\",\"@graph\":[{\"@type\":\"Article\",\"@id\":\"https:\/\/comarcas.csm.org.pt\/santarem\/blog\/2025\/05\/14\/jantar-de-homenagem-aos-oficiais-de-justica-e-funcionarios-aposentados\/#article\",\"isPartOf\":{\"@id\":\"https:\/\/comarcas.csm.org.pt\/santarem\/blog\/2025\/05\/14\/jantar-de-homenagem-aos-oficiais-de-justica-e-funcionarios-aposentados\/\"},\"author\":{\"name\":\"santarem\",\"@id\":\"https:\/\/comarcas.csm.org.pt\/santarem\/#\/schema\/person\/5fd90c1542a6b7618d34dc9e9dd201ce\"},\"headline\":\"Jantar de Homenagem aos Oficiais de Justi\u00e7a e Funcion\u00e1rios Aposentados\",\"datePublished\":\"2025-05-14T10:09:12+00:00\",\"dateModified\":\"2025-05-14T10:11:50+00:00\",\"mainEntityOfPage\":{\"@id\":\"https:\/\/comarcas.csm.org.pt\/santarem\/blog\/2025\/05\/14\/jantar-de-homenagem-aos-oficiais-de-justica-e-funcionarios-aposentados\/\"},\"wordCount\":78,\"publisher\":{\"@id\":\"https:\/\/comarcas.csm.org.pt\/santarem\/#organization\"},\"image\":{\"@id\":\"https:\/\/comarcas.csm.org.pt\/santarem\/blog\/2025\/05\/14\/jantar-de-homenagem-aos-oficiais-de-justica-e-funcionarios-aposentados\/#primaryimage\"},\"thumbnailUrl\":\"https:\/\/comarcas.csm.org.pt\/santarem\/wp-content\/uploads\/sites\/24\/2025\/05\/IMG-20250510-WA0002-1024x768.jpg\",\"articleSection\":[\"Eventos\",\"Geral\",\"Not\u00edcias\"],\"inLanguage\":\"pt-PT\"},{\"@type\":\"WebPage\",\"@id\":\"https:\/\/comarcas.csm.org.pt\/santarem\/blog\/2025\/05\/14\/jantar-de-homenagem-aos-oficiais-de-justica-e-funcionarios-aposentados\/\",\"url\":\"https:\/\/comarcas.csm.org.pt\/santarem\/blog\/2025\/05\/14\/jantar-de-homenagem-aos-oficiais-de-justica-e-funcionarios-aposentados\/\",\"name\":\"Jantar de Homenagem aos Oficiais de Justi\u00e7a e Funcion\u00e1rios Aposentados - Tribunal Judicial da Comarca de Santar\u00e9m\",\"isPartOf\":{\"@id\":\"https:\/\/comarcas.csm.org.pt\/santarem\/#website\"},\"primaryImageOfPage\":{\"@id\":\"https:\/\/comarcas.csm.org.pt\/santarem\/blog\/2025\/05\/14\/jantar-de-homenagem-aos-oficiais-de-justica-e-funcionarios-aposentados\/#primaryimage\"},\"image\":{\"@id\":\"https:\/\/comarcas.csm.org.pt\/santarem\/blog\/2025\/05\/14\/jantar-de-homenagem-aos-oficiais-de-justica-e-funcionarios-aposentados\/#primaryimage\"},\"thumbnailUrl\":\"https:\/\/comarcas.csm.org.pt\/santarem\/wp-content\/uploads\/sites\/24\/2025\/05\/IMG-20250510-WA0002-1024x768.jpg\",\"datePublished\":\"2025-05-14T10:09:12+00:00\",\"dateModified\":\"2025-05-14T10:11:50+00:00\",\"breadcrumb\":{\"@id\":\"https:\/\/comarcas.csm.org.pt\/santarem\/blog\/2025\/05\/14\/jantar-de-homenagem-aos-oficiais-de-justica-e-funcionarios-aposentados\/#breadcrumb\"},\"inLanguage\":\"pt-PT\",\"potentialAction\":[{\"@type\":\"ReadAction\",\"target\":[\"https:\/\/comarcas.csm.org.pt\/santarem\/blog\/2025\/05\/14\/jantar-de-homenagem-aos-oficiais-de-justica-e-funcionarios-aposentados\/\"]}]},{\"@type\":\"ImageObject\",\"inLanguage\":\"pt-PT\",\"@id\":\"https:\/\/comarcas.csm.org.pt\/santarem\/blog\/2025\/05\/14\/jantar-de-homenagem-aos-oficiais-de-justica-e-funcionarios-aposentados\/#primaryimage\",\"url\":\"https:\/\/comarcas.csm.org.pt\/santarem\/wp-content\/uploads\/sites\/24\/2025\/05\/IMG-20250510-WA0002.jpg\",\"contentUrl\":\"https:\/\/comarcas.csm.org.pt\/santarem\/wp-content\/uploads\/sites\/24\/2025\/05\/IMG-20250510-WA0002.jpg\",\"width\":1600,\"height\":1200},{\"@type\":\"BreadcrumbList\",\"@id\":\"https:\/\/comarcas.csm.org.pt\/santarem\/blog\/2025\/05\/14\/jantar-de-homenagem-aos-oficiais-de-justica-e-funcionarios-aposentados\/#breadcrumb\",\"itemListElement\":[{\"@type\":\"ListItem\",\"position\":1,\"name\":\"In\u00edcio\",\"item\":\"https:\/\/comarcas.csm.org.pt\/santarem\/\"},{\"@type\":\"ListItem\",\"position\":2,\"name\":\"Jantar de Homenagem aos Oficiais de Justi\u00e7a e Funcion\u00e1rios Aposentados\"}]},{\"@type\":\"WebSite\",\"@id\":\"https:\/\/comarcas.csm.org.pt\/santarem\/#website\",\"url\":\"https:\/\/comarcas.csm.org.pt\/santarem\/\",\"name\":\"Tribunal Judicial da Comarca de Santar\u00e9m\",\"description\":\"Tribunal Judicial da Comarca de Santar\u00e9m\",\"publisher\":{\"@id\":\"https:\/\/comarcas.csm.org.pt\/santarem\/#organization\"},\"potentialAction\":[{\"@type\":\"SearchAction\",\"target\":{\"@type\":\"EntryPoint\",\"urlTemplate\":\"https:\/\/comarcas.csm.org.pt\/santarem\/?s={search_term_string}\"},\"query-input\":{\"@type\":\"PropertyValueSpecification\",\"valueRequired\":true,\"valueName\":\"search_term_string\"}}],\"inLanguage\":\"pt-PT\"},{\"@type\":\"Organization\",\"@id\":\"https:\/\/comarcas.csm.org.pt\/santarem\/#organization\",\"name\":\"Tribunal Judicial da Comarca de Santar\u00e9m\",\"url\":\"https:\/\/comarcas.csm.org.pt\/santarem\/\",\"logo\":{\"@type\":\"ImageObject\",\"inLanguage\":\"pt-PT\",\"@id\":\"https:\/\/comarcas.csm.org.pt\/santarem\/#\/schema\/logo\/image\/\",\"url\":\"https:\/\/comarcas.csm.org.pt\/santarem\/wp-content\/uploads\/sites\/24\/2024\/11\/Santarem_positivo-horizontal.png\",\"contentUrl\":\"https:\/\/comarcas.csm.org.pt\/santarem\/wp-content\/uploads\/sites\/24\/2024\/11\/Santarem_positivo-horizontal.png\",\"width\":4842,\"height\":890,\"caption\":\"Tribunal Judicial da Comarca de Santar\u00e9m\"},\"image\":{\"@id\":\"https:\/\/comarcas.csm.org.pt\/santarem\/#\/schema\/logo\/image\/\"}},{\"@type\":\"Person\",\"@id\":\"https:\/\/comarcas.csm.org.pt\/santarem\/#\/schema\/person\/5fd90c1542a6b7618d34dc9e9dd201ce\",\"name\":\"santarem\",\"image\":{\"@type\":\"ImageObject\",\"inLanguage\":\"pt-PT\",\"@id\":\"https:\/\/comarcas.csm.org.pt\/santarem\/#\/schema\/person\/image\/\",\"url\":\"https:\/\/secure.gravatar.com\/avatar\/8be77e04d594549bae7e8fd797832ba4f022a4b0890c90ff1b3a7c0cd8dfabc0?s=96&d=mm&r=g\",\"contentUrl\":\"https:\/\/secure.gravatar.com\/avatar\/8be77e04d594549bae7e8fd797832ba4f022a4b0890c90ff1b3a7c0cd8dfabc0?s=96&d=mm&r=g\",\"caption\":\"santarem\"},\"url\":\"https:\/\/comarcas.csm.org.pt\/santarem\/blog\/author\/santarem\/\"}]}<\/script>\n<!-- \/ Yoast SEO plugin. -->","yoast_head_json":{"title":"Jantar de Homenagem aos Oficiais de Justi\u00e7a e Funcion\u00e1rios Aposentados - Tribunal Judicial da Comarca de Santar\u00e9m","robots":{"index":"index","follow":"follow","max-snippet":"max-snippet:-1","max-image-preview":"max-image-preview:large","max-video-preview":"max-video-preview:-1"},"canonical":"https:\/\/comarcas.csm.org.pt\/santarem\/blog\/2025\/05\/14\/jantar-de-homenagem-aos-oficiais-de-justica-e-funcionarios-aposentados\/","og_locale":"pt_PT","og_type":"article","og_title":"Jantar de Homenagem aos Oficiais de Justi\u00e7a e Funcion\u00e1rios Aposentados - Tribunal Judicial da Comarca de Santar\u00e9m","og_description":"No dia 30 de Abril foi prestada a justa e devida\u00a0homenagem aos Oficiais de Justi\u00e7a e Funcion\u00e1rios do Tribunal Judicial da Comarca de Santar\u00e9m e do Tribunal da Concorr\u00eancia, Regula\u00e7\u00e3o e Supervis\u00e3o que se reformaram...","og_url":"https:\/\/comarcas.csm.org.pt\/santarem\/blog\/2025\/05\/14\/jantar-de-homenagem-aos-oficiais-de-justica-e-funcionarios-aposentados\/","og_site_name":"Tribunal Judicial da Comarca de Santar\u00e9m","article_published_time":"2025-05-14T10:09:12+00:00","article_modified_time":"2025-05-14T10:11:50+00:00","og_image":[{"url":"https:\/\/comarcas.csm.org.pt\/santarem\/wp-content\/uploads\/sites\/24\/2025\/05\/IMG-20250510-WA0002-1024x768.jpg","type":"","width":"","height":""}],"author":"santarem","twitter_card":"summary_large_image","twitter_misc":{"Escrito por":"santarem","Tempo estimado de leitura":"1 minuto"},"schema":{"@context":"https:\/\/schema.org","@graph":[{"@type":"Article","@id":"https:\/\/comarcas.csm.org.pt\/santarem\/blog\/2025\/05\/14\/jantar-de-homenagem-aos-oficiais-de-justica-e-funcionarios-aposentados\/#article","isPartOf":{"@id":"https:\/\/comarcas.csm.org.pt\/santarem\/blog\/2025\/05\/14\/jantar-de-homenagem-aos-oficiais-de-justica-e-funcionarios-aposentados\/"},"author":{"name":"santarem","@id":"https:\/\/comarcas.csm.org.pt\/santarem\/#\/schema\/person\/5fd90c1542a6b7618d34dc9e9dd201ce"},"headline":"Jantar de Homenagem aos Oficiais de Justi\u00e7a e Funcion\u00e1rios Aposentados","datePublished":"2025-05-14T10:09:12+00:00","dateModified":"2025-05-14T10:11:50+00:00","mainEntityOfPage":{"@id":"https:\/\/comarcas.csm.org.pt\/santarem\/blog\/2025\/05\/14\/jantar-de-homenagem-aos-oficiais-de-justica-e-funcionarios-aposentados\/"},"wordCount":78,"publisher":{"@id":"https:\/\/comarcas.csm.org.pt\/santarem\/#organization"},"image":{"@id":"https:\/\/comarcas.csm.org.pt\/santarem\/blog\/2025\/05\/14\/jantar-de-homenagem-aos-oficiais-de-justica-e-funcionarios-aposentados\/#primaryimage"},"thumbnailUrl":"https:\/\/comarcas.csm.org.pt\/santarem\/wp-content\/uploads\/sites\/24\/2025\/05\/IMG-20250510-WA0002-1024x768.jpg","articleSection":["Eventos","Geral","Not\u00edcias"],"inLanguage":"pt-PT"},{"@type":"WebPage","@id":"https:\/\/comarcas.csm.org.pt\/santarem\/blog\/2025\/05\/14\/jantar-de-homenagem-aos-oficiais-de-justica-e-funcionarios-aposentados\/","url":"https:\/\/comarcas.csm.org.pt\/santarem\/blog\/2025\/05\/14\/jantar-de-homenagem-aos-oficiais-de-justica-e-funcionarios-aposentados\/","name":"Jantar de Homenagem aos Oficiais de Justi\u00e7a e Funcion\u00e1rios Aposentados - Tribunal Judicial da Comarca de Santar\u00e9m","isPartOf":{"@id":"https:\/\/comarcas.csm.org.pt\/santarem\/#website"},"primaryImageOfPage":{"@id":"https:\/\/comarcas.csm.org.pt\/santarem\/blog\/2025\/05\/14\/jantar-de-homenagem-aos-oficiais-de-justica-e-funcionarios-aposentados\/#primaryimage"},"image":{"@id":"https:\/\/comarcas.csm.org.pt\/santarem\/blog\/2025\/05\/14\/jantar-de-homenagem-aos-oficiais-de-justica-e-funcionarios-aposentados\/#primaryimage"},"thumbnailUrl":"https:\/\/comarcas.csm.org.pt\/santarem\/wp-content\/uploads\/sites\/24\/2025\/05\/IMG-20250510-WA0002-1024x768.jpg","datePublished":"2025-05-14T10:09:12+00:00","dateModified":"2025-05-14T10:11:50+00:00","breadcrumb":{"@id":"https:\/\/comarcas.csm.org.pt\/santarem\/blog\/2025\/05\/14\/jantar-de-homenagem-aos-oficiais-de-justica-e-funcionarios-aposentados\/#breadcrumb"},"inLanguage":"pt-PT","potentialAction":[{"@type":"ReadAction","target":["https:\/\/comarcas.csm.org.pt\/santarem\/blog\/2025\/05\/14\/jantar-de-homenagem-aos-oficiais-de-justica-e-funcionarios-aposentados\/"]}]},{"@type":"ImageObject","inLanguage":"pt-PT","@id":"https:\/\/comarcas.csm.org.pt\/santarem\/blog\/2025\/05\/14\/jantar-de-homenagem-aos-oficiais-de-justica-e-funcionarios-aposentados\/#primaryimage","url":"https:\/\/comarcas.csm.org.pt\/santarem\/wp-content\/uploads\/sites\/24\/2025\/05\/IMG-20250510-WA0002.jpg","contentUrl":"https:\/\/comarcas.csm.org.pt\/santarem\/wp-content\/uploads\/sites\/24\/2025\/05\/IMG-20250510-WA0002.jpg","width":1600,"height":1200},{"@type":"BreadcrumbList","@id":"https:\/\/comarcas.csm.org.pt\/santarem\/blog\/2025\/05\/14\/jantar-de-homenagem-aos-oficiais-de-justica-e-funcionarios-aposentados\/#breadcrumb","itemListElement":[{"@type":"ListItem","position":1,"name":"In\u00edcio","item":"https:\/\/comarcas.csm.org.pt\/santarem\/"},{"@type":"ListItem","position":2,"name":"Jantar de Homenagem aos Oficiais de Justi\u00e7a e Funcion\u00e1rios Aposentados"}]},{"@type":"WebSite","@id":"https:\/\/comarcas.csm.org.pt\/santarem\/#website","url":"https:\/\/comarcas.csm.org.pt\/santarem\/","name":"Tribunal Judicial da Comarca de Santar\u00e9m","description":"Tribunal Judicial da Comarca de Santar\u00e9m","publisher":{"@id":"https:\/\/comarcas.csm.org.pt\/santarem\/#organization"},"potentialAction":[{"@type":"SearchAction","target":{"@type":"EntryPoint","urlTemplate":"https:\/\/comarcas.csm.org.pt\/santarem\/?s={search_term_string}"},"query-input":{"@type":"PropertyValueSpecification","valueRequired":true,"valueName":"search_term_string"}}],"inLanguage":"pt-PT"},{"@type":"Organization","@id":"https:\/\/comarcas.csm.org.pt\/santarem\/#organization","name":"Tribunal Judicial da Comarca de Santar\u00e9m","url":"https:\/\/comarcas.csm.org.pt\/santarem\/","logo":{"@type":"ImageObject","inLanguage":"pt-PT","@id":"https:\/\/comarcas.csm.org.pt\/santarem\/#\/schema\/logo\/image\/","url":"https:\/\/comarcas.csm.org.pt\/santarem\/wp-content\/uploads\/sites\/24\/2024\/11\/Santarem_positivo-horizontal.png","contentUrl":"https:\/\/comarcas.csm.org.pt\/santarem\/wp-content\/uploads\/sites\/24\/2024\/11\/Santarem_positivo-horizontal.png","width":4842,"height":890,"caption":"Tribunal Judicial da Comarca de Santar\u00e9m"},"image":{"@id":"https:\/\/comarcas.csm.org.pt\/santarem\/#\/schema\/logo\/image\/"}},{"@type":"Person","@id":"https:\/\/comarcas.csm.org.pt\/santarem\/#\/schema\/person\/5fd90c1542a6b7618d34dc9e9dd201ce","name":"santarem","image":{"@type":"ImageObject","inLanguage":"pt-PT","@id":"https:\/\/comarcas.csm.org.pt\/santarem\/#\/schema\/person\/image\/","url":"https:\/\/secure.gravatar.com\/avatar\/8be77e04d594549bae7e8fd797832ba4f022a4b0890c90ff1b3a7c0cd8dfabc0?s=96&d=mm&r=g","contentUrl":"https:\/\/secure.gravatar.com\/avatar\/8be77e04d594549bae7e8fd797832ba4f022a4b0890c90ff1b3a7c0cd8dfabc0?s=96&d=mm&r=g","caption":"santarem"},"url":"https:\/\/comarcas.csm.org.pt\/santarem\/blog\/author\/santarem\/"}]}},"_links":{"self":[{"href":"https:\/\/comarcas.csm.org.pt\/santarem\/wp-json\/wp\/v2\/posts\/12661","targetHints":{"allow":["GET"]}}],"collection":[{"href":"https:\/\/comarcas.csm.org.pt\/santarem\/wp-json\/wp\/v2\/posts"}],"about":[{"href":"https:\/\/comarcas.csm.org.pt\/santarem\/wp-json\/wp\/v2\/types\/post"}],"author":[{"embeddable":true,"href":"https:\/\/comarcas.csm.org.pt\/santarem\/wp-json\/wp\/v2\/users\/24"}],"replies":[{"embeddable":true,"href":"https:\/\/comarcas.csm.org.pt\/santarem\/wp-json\/wp\/v2\/comments?post=12661"}],"version-history":[{"count":8,"href":"https:\/\/comarcas.csm.org.pt\/santarem\/wp-json\/wp\/v2\/posts\/12661\/revisions"}],"predecessor-version":[{"id":12670,"href":"https:\/\/comarcas.csm.org.pt\/santarem\/wp-json\/wp\/v2\/posts\/12661\/revisions\/12670"}],"wp:attachment":[{"href":"https:\/\/comarcas.csm.org.pt\/santarem\/wp-json\/wp\/v2\/media?parent=12661"}],"wp:term":[{"taxonomy":"category","embeddable":true,"href":"https:\/\/comarcas.csm.org.pt\/santarem\/wp-json\/wp\/v2\/categories?post=12661"},{"taxonomy":"post_tag","embeddable":true,"href":"https:\/\/comarcas.csm.org.pt\/santarem\/wp-json\/wp\/v2\/tags?post=12661"}],"curies":[{"name":"wp","href":"https:\/\/api.w.org\/{rel}","templated":true}]}}