{"id":12964,"date":"2025-05-29T19:00:33","date_gmt":"2025-05-29T19:00:33","guid":{"rendered":"https:\/\/comarcas.csm.org.pt\/santarem\/?p=12964"},"modified":"2025-06-02T09:09:29","modified_gmt":"2025-06-02T09:09:29","slug":"visita-da-presidente-do-conselho-diretivo-do-igfej-a-comarca","status":"publish","type":"post","link":"https:\/\/comarcas.csm.org.pt\/santarem\/blog\/2025\/05\/29\/visita-da-presidente-do-conselho-diretivo-do-igfej-a-comarca\/","title":{"rendered":"Visita da Presidente do Conselho Diretivo do IGFEJ \u00e0 Comarca"},"content":{"rendered":"\t\t<div data-elementor-type=\"wp-post\" data-elementor-id=\"12964\" class=\"elementor elementor-12964\" data-elementor-post-type=\"post\">\n\t\t\t\t<div class=\"elementor-element elementor-element-584f077 e-flex e-con-boxed e-con e-parent\" data-id=\"584f077\" data-element_type=\"container\">\n\t\t\t\t\t<div class=\"e-con-inner\">\n\t\t<div class=\"elementor-element elementor-element-71ebc4c e-con-full e-flex e-con e-child\" data-id=\"71ebc4c\" data-element_type=\"container\">\n\t\t\t\t<div class=\"elementor-element elementor-element-4c9cc98 elementor-widget elementor-widget-text-editor\" data-id=\"4c9cc98\" data-element_type=\"widget\" data-widget_type=\"text-editor.default\">\n\t\t\t\t<div class=\"elementor-widget-container\">\n\t\t\t\t\t\t\t\t\t<p class=\"x_MsoNormal\"><span data-olk-copy-source=\"MessageBody\">No dia 29.05.2025,\u00a0<\/span>a Presidente do Conselho Diretivo do IGFEJ, Dr\u00aa. Ana Lu\u00edsa Machado,\u00a0acompanhada pelas\u00a0Diretoras\u00a0dos\u00a0Departamento de Gest\u00e3o Patrimonial\u00a0e\u00a0de Gest\u00e3o de Empreendimentos\u00a0do referido Instituto, visitou as instala\u00e7\u00f5es do\u00a0Tribunal da Concorr\u00eancia, Regula\u00e7\u00e3o e Supervis\u00e3o\u00a0(TCRS)\u00a0e os n\u00facleos de Santar\u00e9m e Rio Maior do Tribunal Judicial da Comarca de Santar\u00e9m (TJCS).<\/p><p>\u00a0<\/p><p class=\"x_MsoNormal\">Ap\u00f3s p\u00e9riplo pelos Pal\u00e1cios da Justi\u00e7a I e II de Santar\u00e9m, que lhe permitiu constatar as limita\u00e7\u00f5es funcionais e de instala\u00e7\u00e3o dos servi\u00e7os do TJCS e do TCRS a\u00ed sedeados, a Presidente do IGFEJ reuniu com o Conselho de Gest\u00e3o e com o Presidente da C\u00e2mara Municipal de Santar\u00e9m, Dr. Jo\u00e3o Teixeira Leite, no edif\u00edcio destinado ao Pal\u00e1cio de Justi\u00e7a III de Santar\u00e9m.<\/p><p>\u00a0<\/p><p class=\"x_MsoNormal\">Da reuni\u00e3o resultou a confirma\u00e7\u00e3o de que o IGFEJ pretende a afeta\u00e7\u00e3o do edif\u00edcio aos servi\u00e7os judici\u00e1rios instalados em Santar\u00e9m e o delinear das linhas mestras de colabora\u00e7\u00e3o entre o IGFEJ e o Munic\u00edpio para que o Pal\u00e1cio da Justi\u00e7a III de Santar\u00e9m se torne uma realidade a curto prazo.<\/p><p>\u00a0<\/p><p class=\"x_MsoNormal\">Por sua vez, da visita ao Pal\u00e1cio da Justi\u00e7a de Rio Maior, que contou com a presen\u00e7a do Vice-Presidente da C\u00e2mara Municipal de Rio Maior, Eng. Jo\u00e3o Candoso, resultaram: o reconhecimento incontroverso de que a reabilita\u00e7\u00e3o integral do edif\u00edcio \u00e9 uma necessidade e as bases para relan\u00e7ar o processo de requalifica\u00e7\u00e3o do im\u00f3vel de forma colaborativa entre o IGFEJ, o Munic\u00edpio, o IRN e a Comarca de Santar\u00e9m.<\/p><p>\u00a0<\/p><p class=\"x_MsoNormal\">Processo de requalifica\u00e7\u00e3o que se espera d\u00ea frutos a curto\/m\u00e9dio prazo e no qual a Comarca de Santar\u00e9m coloca o seu empenho, tanto na perspetiva da prossecu\u00e7\u00e3o do interesse da boa administra\u00e7\u00e3o da Justi\u00e7a, como no da defesa do patrim\u00f3nio arquitet\u00f3nico judici\u00e1rio e da melhoria da qualidade de vida da popula\u00e7\u00e3o que serve.<\/p>\t\t\t\t\t\t\t\t<\/div>\n\t\t\t\t<\/div>\n\t\t\t\t<\/div>\n\t\t<div class=\"elementor-element elementor-element-36364c3 e-con-full e-flex e-con e-child\" data-id=\"36364c3\" data-element_type=\"container\">\n\t\t<div class=\"elementor-element elementor-element-fb3d737 e-con-full e-flex e-con e-child\" data-id=\"fb3d737\" data-element_type=\"container\">\n\t\t\t\t<div class=\"elementor-element elementor-element-96c76e2 elementor-widget__width-initial elementor-widget elementor-widget-image\" data-id=\"96c76e2\" data-element_type=\"widget\" data-widget_type=\"image.default\">\n\t\t\t\t<div class=\"elementor-widget-container\">\n\t\t\t\t\t\t\t\t\t\t\t\t\t\t\t<img fetchpriority=\"high\" decoding=\"async\" width=\"1024\" height=\"768\" src=\"https:\/\/comarcas.csm.org.pt\/santarem\/wp-content\/uploads\/sites\/24\/2025\/06\/Reuniao-IGFEJ-1024x768.jpeg\" class=\"attachment-large size-large wp-image-12966\" alt=\"\" srcset=\"https:\/\/comarcas.csm.org.pt\/santarem\/wp-content\/uploads\/sites\/24\/2025\/06\/Reuniao-IGFEJ-1024x768.jpeg 1024w, https:\/\/comarcas.csm.org.pt\/santarem\/wp-content\/uploads\/sites\/24\/2025\/06\/Reuniao-IGFEJ-300x225.jpeg 300w, https:\/\/comarcas.csm.org.pt\/santarem\/wp-content\/uploads\/sites\/24\/2025\/06\/Reuniao-IGFEJ-768x576.jpeg 768w, https:\/\/comarcas.csm.org.pt\/santarem\/wp-content\/uploads\/sites\/24\/2025\/06\/Reuniao-IGFEJ-1536x1152.jpeg 1536w, https:\/\/comarcas.csm.org.pt\/santarem\/wp-content\/uploads\/sites\/24\/2025\/06\/Reuniao-IGFEJ.jpeg 1600w\" sizes=\"(max-width: 1024px) 100vw, 1024px\" \/>\t\t\t\t\t\t\t\t\t\t\t\t\t\t\t<\/div>\n\t\t\t\t<\/div>\n\t\t\t\t<\/div>\n\t\t<div class=\"elementor-element elementor-element-27fc0bd e-con-full e-flex e-con e-child\" data-id=\"27fc0bd\" data-element_type=\"container\">\n\t\t\t\t<div class=\"elementor-element elementor-element-c9cbb2d elementor-widget__width-initial elementor-widget elementor-widget-image\" data-id=\"c9cbb2d\" data-element_type=\"widget\" data-widget_type=\"image.default\">\n\t\t\t\t<div class=\"elementor-widget-container\">\n\t\t\t\t\t\t\t\t\t\t\t\t\t\t\t<img decoding=\"async\" width=\"324\" height=\"229\" src=\"https:\/\/comarcas.csm.org.pt\/santarem\/wp-content\/uploads\/sites\/24\/2025\/06\/Palacio-da-Justica-de-Rio-Maior.png\" class=\"attachment-large size-large wp-image-12967\" alt=\"\" srcset=\"https:\/\/comarcas.csm.org.pt\/santarem\/wp-content\/uploads\/sites\/24\/2025\/06\/Palacio-da-Justica-de-Rio-Maior.png 324w, https:\/\/comarcas.csm.org.pt\/santarem\/wp-content\/uploads\/sites\/24\/2025\/06\/Palacio-da-Justica-de-Rio-Maior-300x212.png 300w\" sizes=\"(max-width: 324px) 100vw, 324px\" \/>\t\t\t\t\t\t\t\t\t\t\t\t\t\t\t<\/div>\n\t\t\t\t<\/div>\n\t\t\t\t<\/div>\n\t\t\t\t<\/div>\n\t\t\t\t\t<\/div>\n\t\t\t\t<\/div>\n\t\t\t\t<\/div>\n\t\t","protected":false},"excerpt":{"rendered":"<p>No dia 29.05.2025,\u00a0a Presidente do Conselho Diretivo do IGFEJ, Dr\u00aa. Ana Lu\u00edsa Machado,\u00a0acompanhada pelas\u00a0Diretoras\u00a0dos\u00a0Departamento de Gest\u00e3o Patrimonial\u00a0e\u00a0de Gest\u00e3o de Empreendimentos\u00a0do referido Instituto, visitou as instala\u00e7\u00f5es do\u00a0Tribunal da Concorr\u00eancia, Regula\u00e7\u00e3o e Supervis\u00e3o\u00a0(TCRS)\u00a0e os n\u00facleos de Santar\u00e9m&#8230;<\/p>\n","protected":false},"author":24,"featured_media":0,"comment_status":"closed","ping_status":"open","sticky":false,"template":"","format":"standard","meta":{"_tbt_post_transparent":"","_tbt_post_title":"","_tbt_post_layout":"","_tbt_post_sidebar_id":"","_tbt_post_content_style":"","_tbt_post_vertical_padding":"","_tbt_post_feature":"","_tbt_post_feature_position":"","_tbt_post_header":false,"_tbt_post_footer":false},"categories":[2,1,5],"tags":[],"class_list":["post-12964","post","type-post","status-publish","format-standard","hentry","category-eventos","category-geral","category-noticias"],"yoast_head":"<!-- This site is optimized with the Yoast SEO plugin v25.6 - https:\/\/yoast.com\/wordpress\/plugins\/seo\/ -->\n<title>Visita da Presidente do Conselho Diretivo do IGFEJ \u00e0 Comarca - Tribunal Judicial da Comarca de Santar\u00e9m<\/title>\n<meta name=\"robots\" content=\"index, follow, max-snippet:-1, max-image-preview:large, max-video-preview:-1\" \/>\n<link rel=\"canonical\" href=\"https:\/\/comarcas.csm.org.pt\/santarem\/blog\/2025\/05\/29\/visita-da-presidente-do-conselho-diretivo-do-igfej-a-comarca\/\" \/>\n<meta property=\"og:locale\" content=\"pt_PT\" \/>\n<meta property=\"og:type\" content=\"article\" \/>\n<meta property=\"og:title\" content=\"Visita da Presidente do Conselho Diretivo do IGFEJ \u00e0 Comarca - Tribunal Judicial da Comarca de Santar\u00e9m\" \/>\n<meta property=\"og:description\" content=\"No dia 29.05.2025,\u00a0a Presidente do Conselho Diretivo do IGFEJ, Dr\u00aa. Ana Lu\u00edsa Machado,\u00a0acompanhada pelas\u00a0Diretoras\u00a0dos\u00a0Departamento de Gest\u00e3o Patrimonial\u00a0e\u00a0de Gest\u00e3o de Empreendimentos\u00a0do referido Instituto, visitou as instala\u00e7\u00f5es do\u00a0Tribunal da Concorr\u00eancia, Regula\u00e7\u00e3o e Supervis\u00e3o\u00a0(TCRS)\u00a0e os n\u00facleos de Santar\u00e9m...\" \/>\n<meta property=\"og:url\" content=\"https:\/\/comarcas.csm.org.pt\/santarem\/blog\/2025\/05\/29\/visita-da-presidente-do-conselho-diretivo-do-igfej-a-comarca\/\" \/>\n<meta property=\"og:site_name\" content=\"Tribunal Judicial da Comarca de Santar\u00e9m\" \/>\n<meta property=\"article:published_time\" content=\"2025-05-29T19:00:33+00:00\" \/>\n<meta property=\"article:modified_time\" content=\"2025-06-02T09:09:29+00:00\" \/>\n<meta property=\"og:image\" content=\"https:\/\/comarcas.csm.org.pt\/santarem\/wp-content\/uploads\/sites\/24\/2025\/06\/Reuniao-IGFEJ-1024x768.jpeg\" \/>\n<meta name=\"author\" content=\"santarem\" \/>\n<meta name=\"twitter:card\" content=\"summary_large_image\" \/>\n<meta name=\"twitter:label1\" content=\"Escrito por\" \/>\n\t<meta name=\"twitter:data1\" content=\"santarem\" \/>\n\t<meta name=\"twitter:label2\" content=\"Tempo estimado de leitura\" \/>\n\t<meta name=\"twitter:data2\" content=\"3 minutos\" \/>\n<script type=\"application\/ld+json\" class=\"yoast-schema-graph\">{\"@context\":\"https:\/\/schema.org\",\"@graph\":[{\"@type\":\"Article\",\"@id\":\"https:\/\/comarcas.csm.org.pt\/santarem\/blog\/2025\/05\/29\/visita-da-presidente-do-conselho-diretivo-do-igfej-a-comarca\/#article\",\"isPartOf\":{\"@id\":\"https:\/\/comarcas.csm.org.pt\/santarem\/blog\/2025\/05\/29\/visita-da-presidente-do-conselho-diretivo-do-igfej-a-comarca\/\"},\"author\":{\"name\":\"santarem\",\"@id\":\"https:\/\/comarcas.csm.org.pt\/santarem\/#\/schema\/person\/5fd90c1542a6b7618d34dc9e9dd201ce\"},\"headline\":\"Visita da Presidente do Conselho Diretivo do IGFEJ \u00e0 Comarca\",\"datePublished\":\"2025-05-29T19:00:33+00:00\",\"dateModified\":\"2025-06-02T09:09:29+00:00\",\"mainEntityOfPage\":{\"@id\":\"https:\/\/comarcas.csm.org.pt\/santarem\/blog\/2025\/05\/29\/visita-da-presidente-do-conselho-diretivo-do-igfej-a-comarca\/\"},\"wordCount\":359,\"publisher\":{\"@id\":\"https:\/\/comarcas.csm.org.pt\/santarem\/#organization\"},\"image\":{\"@id\":\"https:\/\/comarcas.csm.org.pt\/santarem\/blog\/2025\/05\/29\/visita-da-presidente-do-conselho-diretivo-do-igfej-a-comarca\/#primaryimage\"},\"thumbnailUrl\":\"https:\/\/comarcas.csm.org.pt\/santarem\/wp-content\/uploads\/sites\/24\/2025\/06\/Reuniao-IGFEJ-1024x768.jpeg\",\"articleSection\":[\"Eventos\",\"Geral\",\"Not\u00edcias\"],\"inLanguage\":\"pt-PT\"},{\"@type\":\"WebPage\",\"@id\":\"https:\/\/comarcas.csm.org.pt\/santarem\/blog\/2025\/05\/29\/visita-da-presidente-do-conselho-diretivo-do-igfej-a-comarca\/\",\"url\":\"https:\/\/comarcas.csm.org.pt\/santarem\/blog\/2025\/05\/29\/visita-da-presidente-do-conselho-diretivo-do-igfej-a-comarca\/\",\"name\":\"Visita da Presidente do Conselho Diretivo do IGFEJ \u00e0 Comarca - Tribunal Judicial da Comarca de Santar\u00e9m\",\"isPartOf\":{\"@id\":\"https:\/\/comarcas.csm.org.pt\/santarem\/#website\"},\"primaryImageOfPage\":{\"@id\":\"https:\/\/comarcas.csm.org.pt\/santarem\/blog\/2025\/05\/29\/visita-da-presidente-do-conselho-diretivo-do-igfej-a-comarca\/#primaryimage\"},\"image\":{\"@id\":\"https:\/\/comarcas.csm.org.pt\/santarem\/blog\/2025\/05\/29\/visita-da-presidente-do-conselho-diretivo-do-igfej-a-comarca\/#primaryimage\"},\"thumbnailUrl\":\"https:\/\/comarcas.csm.org.pt\/santarem\/wp-content\/uploads\/sites\/24\/2025\/06\/Reuniao-IGFEJ-1024x768.jpeg\",\"datePublished\":\"2025-05-29T19:00:33+00:00\",\"dateModified\":\"2025-06-02T09:09:29+00:00\",\"breadcrumb\":{\"@id\":\"https:\/\/comarcas.csm.org.pt\/santarem\/blog\/2025\/05\/29\/visita-da-presidente-do-conselho-diretivo-do-igfej-a-comarca\/#breadcrumb\"},\"inLanguage\":\"pt-PT\",\"potentialAction\":[{\"@type\":\"ReadAction\",\"target\":[\"https:\/\/comarcas.csm.org.pt\/santarem\/blog\/2025\/05\/29\/visita-da-presidente-do-conselho-diretivo-do-igfej-a-comarca\/\"]}]},{\"@type\":\"ImageObject\",\"inLanguage\":\"pt-PT\",\"@id\":\"https:\/\/comarcas.csm.org.pt\/santarem\/blog\/2025\/05\/29\/visita-da-presidente-do-conselho-diretivo-do-igfej-a-comarca\/#primaryimage\",\"url\":\"https:\/\/comarcas.csm.org.pt\/santarem\/wp-content\/uploads\/sites\/24\/2025\/06\/Reuniao-IGFEJ.jpeg\",\"contentUrl\":\"https:\/\/comarcas.csm.org.pt\/santarem\/wp-content\/uploads\/sites\/24\/2025\/06\/Reuniao-IGFEJ.jpeg\",\"width\":1600,\"height\":1200},{\"@type\":\"BreadcrumbList\",\"@id\":\"https:\/\/comarcas.csm.org.pt\/santarem\/blog\/2025\/05\/29\/visita-da-presidente-do-conselho-diretivo-do-igfej-a-comarca\/#breadcrumb\",\"itemListElement\":[{\"@type\":\"ListItem\",\"position\":1,\"name\":\"In\u00edcio\",\"item\":\"https:\/\/comarcas.csm.org.pt\/santarem\/\"},{\"@type\":\"ListItem\",\"position\":2,\"name\":\"Visita da Presidente do Conselho Diretivo do IGFEJ \u00e0 Comarca\"}]},{\"@type\":\"WebSite\",\"@id\":\"https:\/\/comarcas.csm.org.pt\/santarem\/#website\",\"url\":\"https:\/\/comarcas.csm.org.pt\/santarem\/\",\"name\":\"Tribunal Judicial da Comarca de Santar\u00e9m\",\"description\":\"Tribunal Judicial da Comarca de Santar\u00e9m\",\"publisher\":{\"@id\":\"https:\/\/comarcas.csm.org.pt\/santarem\/#organization\"},\"potentialAction\":[{\"@type\":\"SearchAction\",\"target\":{\"@type\":\"EntryPoint\",\"urlTemplate\":\"https:\/\/comarcas.csm.org.pt\/santarem\/?s={search_term_string}\"},\"query-input\":{\"@type\":\"PropertyValueSpecification\",\"valueRequired\":true,\"valueName\":\"search_term_string\"}}],\"inLanguage\":\"pt-PT\"},{\"@type\":\"Organization\",\"@id\":\"https:\/\/comarcas.csm.org.pt\/santarem\/#organization\",\"name\":\"Tribunal Judicial da Comarca de Santar\u00e9m\",\"url\":\"https:\/\/comarcas.csm.org.pt\/santarem\/\",\"logo\":{\"@type\":\"ImageObject\",\"inLanguage\":\"pt-PT\",\"@id\":\"https:\/\/comarcas.csm.org.pt\/santarem\/#\/schema\/logo\/image\/\",\"url\":\"https:\/\/comarcas.csm.org.pt\/santarem\/wp-content\/uploads\/sites\/24\/2024\/11\/Santarem_positivo-horizontal.png\",\"contentUrl\":\"https:\/\/comarcas.csm.org.pt\/santarem\/wp-content\/uploads\/sites\/24\/2024\/11\/Santarem_positivo-horizontal.png\",\"width\":4842,\"height\":890,\"caption\":\"Tribunal Judicial da Comarca de Santar\u00e9m\"},\"image\":{\"@id\":\"https:\/\/comarcas.csm.org.pt\/santarem\/#\/schema\/logo\/image\/\"}},{\"@type\":\"Person\",\"@id\":\"https:\/\/comarcas.csm.org.pt\/santarem\/#\/schema\/person\/5fd90c1542a6b7618d34dc9e9dd201ce\",\"name\":\"santarem\",\"image\":{\"@type\":\"ImageObject\",\"inLanguage\":\"pt-PT\",\"@id\":\"https:\/\/comarcas.csm.org.pt\/santarem\/#\/schema\/person\/image\/\",\"url\":\"https:\/\/secure.gravatar.com\/avatar\/8be77e04d594549bae7e8fd797832ba4f022a4b0890c90ff1b3a7c0cd8dfabc0?s=96&d=mm&r=g\",\"contentUrl\":\"https:\/\/secure.gravatar.com\/avatar\/8be77e04d594549bae7e8fd797832ba4f022a4b0890c90ff1b3a7c0cd8dfabc0?s=96&d=mm&r=g\",\"caption\":\"santarem\"},\"url\":\"https:\/\/comarcas.csm.org.pt\/santarem\/blog\/author\/santarem\/\"}]}<\/script>\n<!-- \/ Yoast SEO plugin. -->","yoast_head_json":{"title":"Visita da Presidente do Conselho Diretivo do IGFEJ \u00e0 Comarca - Tribunal Judicial da Comarca de Santar\u00e9m","robots":{"index":"index","follow":"follow","max-snippet":"max-snippet:-1","max-image-preview":"max-image-preview:large","max-video-preview":"max-video-preview:-1"},"canonical":"https:\/\/comarcas.csm.org.pt\/santarem\/blog\/2025\/05\/29\/visita-da-presidente-do-conselho-diretivo-do-igfej-a-comarca\/","og_locale":"pt_PT","og_type":"article","og_title":"Visita da Presidente do Conselho Diretivo do IGFEJ \u00e0 Comarca - Tribunal Judicial da Comarca de Santar\u00e9m","og_description":"No dia 29.05.2025,\u00a0a Presidente do Conselho Diretivo do IGFEJ, Dr\u00aa. Ana Lu\u00edsa Machado,\u00a0acompanhada pelas\u00a0Diretoras\u00a0dos\u00a0Departamento de Gest\u00e3o Patrimonial\u00a0e\u00a0de Gest\u00e3o de Empreendimentos\u00a0do referido Instituto, visitou as instala\u00e7\u00f5es do\u00a0Tribunal da Concorr\u00eancia, Regula\u00e7\u00e3o e Supervis\u00e3o\u00a0(TCRS)\u00a0e os n\u00facleos de Santar\u00e9m...","og_url":"https:\/\/comarcas.csm.org.pt\/santarem\/blog\/2025\/05\/29\/visita-da-presidente-do-conselho-diretivo-do-igfej-a-comarca\/","og_site_name":"Tribunal Judicial da Comarca de Santar\u00e9m","article_published_time":"2025-05-29T19:00:33+00:00","article_modified_time":"2025-06-02T09:09:29+00:00","og_image":[{"url":"https:\/\/comarcas.csm.org.pt\/santarem\/wp-content\/uploads\/sites\/24\/2025\/06\/Reuniao-IGFEJ-1024x768.jpeg","type":"","width":"","height":""}],"author":"santarem","twitter_card":"summary_large_image","twitter_misc":{"Escrito por":"santarem","Tempo estimado de leitura":"3 minutos"},"schema":{"@context":"https:\/\/schema.org","@graph":[{"@type":"Article","@id":"https:\/\/comarcas.csm.org.pt\/santarem\/blog\/2025\/05\/29\/visita-da-presidente-do-conselho-diretivo-do-igfej-a-comarca\/#article","isPartOf":{"@id":"https:\/\/comarcas.csm.org.pt\/santarem\/blog\/2025\/05\/29\/visita-da-presidente-do-conselho-diretivo-do-igfej-a-comarca\/"},"author":{"name":"santarem","@id":"https:\/\/comarcas.csm.org.pt\/santarem\/#\/schema\/person\/5fd90c1542a6b7618d34dc9e9dd201ce"},"headline":"Visita da Presidente do Conselho Diretivo do IGFEJ \u00e0 Comarca","datePublished":"2025-05-29T19:00:33+00:00","dateModified":"2025-06-02T09:09:29+00:00","mainEntityOfPage":{"@id":"https:\/\/comarcas.csm.org.pt\/santarem\/blog\/2025\/05\/29\/visita-da-presidente-do-conselho-diretivo-do-igfej-a-comarca\/"},"wordCount":359,"publisher":{"@id":"https:\/\/comarcas.csm.org.pt\/santarem\/#organization"},"image":{"@id":"https:\/\/comarcas.csm.org.pt\/santarem\/blog\/2025\/05\/29\/visita-da-presidente-do-conselho-diretivo-do-igfej-a-comarca\/#primaryimage"},"thumbnailUrl":"https:\/\/comarcas.csm.org.pt\/santarem\/wp-content\/uploads\/sites\/24\/2025\/06\/Reuniao-IGFEJ-1024x768.jpeg","articleSection":["Eventos","Geral","Not\u00edcias"],"inLanguage":"pt-PT"},{"@type":"WebPage","@id":"https:\/\/comarcas.csm.org.pt\/santarem\/blog\/2025\/05\/29\/visita-da-presidente-do-conselho-diretivo-do-igfej-a-comarca\/","url":"https:\/\/comarcas.csm.org.pt\/santarem\/blog\/2025\/05\/29\/visita-da-presidente-do-conselho-diretivo-do-igfej-a-comarca\/","name":"Visita da Presidente do Conselho Diretivo do IGFEJ \u00e0 Comarca - Tribunal Judicial da Comarca de Santar\u00e9m","isPartOf":{"@id":"https:\/\/comarcas.csm.org.pt\/santarem\/#website"},"primaryImageOfPage":{"@id":"https:\/\/comarcas.csm.org.pt\/santarem\/blog\/2025\/05\/29\/visita-da-presidente-do-conselho-diretivo-do-igfej-a-comarca\/#primaryimage"},"image":{"@id":"https:\/\/comarcas.csm.org.pt\/santarem\/blog\/2025\/05\/29\/visita-da-presidente-do-conselho-diretivo-do-igfej-a-comarca\/#primaryimage"},"thumbnailUrl":"https:\/\/comarcas.csm.org.pt\/santarem\/wp-content\/uploads\/sites\/24\/2025\/06\/Reuniao-IGFEJ-1024x768.jpeg","datePublished":"2025-05-29T19:00:33+00:00","dateModified":"2025-06-02T09:09:29+00:00","breadcrumb":{"@id":"https:\/\/comarcas.csm.org.pt\/santarem\/blog\/2025\/05\/29\/visita-da-presidente-do-conselho-diretivo-do-igfej-a-comarca\/#breadcrumb"},"inLanguage":"pt-PT","potentialAction":[{"@type":"ReadAction","target":["https:\/\/comarcas.csm.org.pt\/santarem\/blog\/2025\/05\/29\/visita-da-presidente-do-conselho-diretivo-do-igfej-a-comarca\/"]}]},{"@type":"ImageObject","inLanguage":"pt-PT","@id":"https:\/\/comarcas.csm.org.pt\/santarem\/blog\/2025\/05\/29\/visita-da-presidente-do-conselho-diretivo-do-igfej-a-comarca\/#primaryimage","url":"https:\/\/comarcas.csm.org.pt\/santarem\/wp-content\/uploads\/sites\/24\/2025\/06\/Reuniao-IGFEJ.jpeg","contentUrl":"https:\/\/comarcas.csm.org.pt\/santarem\/wp-content\/uploads\/sites\/24\/2025\/06\/Reuniao-IGFEJ.jpeg","width":1600,"height":1200},{"@type":"BreadcrumbList","@id":"https:\/\/comarcas.csm.org.pt\/santarem\/blog\/2025\/05\/29\/visita-da-presidente-do-conselho-diretivo-do-igfej-a-comarca\/#breadcrumb","itemListElement":[{"@type":"ListItem","position":1,"name":"In\u00edcio","item":"https:\/\/comarcas.csm.org.pt\/santarem\/"},{"@type":"ListItem","position":2,"name":"Visita da Presidente do Conselho Diretivo do IGFEJ \u00e0 Comarca"}]},{"@type":"WebSite","@id":"https:\/\/comarcas.csm.org.pt\/santarem\/#website","url":"https:\/\/comarcas.csm.org.pt\/santarem\/","name":"Tribunal Judicial da Comarca de Santar\u00e9m","description":"Tribunal Judicial da Comarca de Santar\u00e9m","publisher":{"@id":"https:\/\/comarcas.csm.org.pt\/santarem\/#organization"},"potentialAction":[{"@type":"SearchAction","target":{"@type":"EntryPoint","urlTemplate":"https:\/\/comarcas.csm.org.pt\/santarem\/?s={search_term_string}"},"query-input":{"@type":"PropertyValueSpecification","valueRequired":true,"valueName":"search_term_string"}}],"inLanguage":"pt-PT"},{"@type":"Organization","@id":"https:\/\/comarcas.csm.org.pt\/santarem\/#organization","name":"Tribunal Judicial da Comarca de Santar\u00e9m","url":"https:\/\/comarcas.csm.org.pt\/santarem\/","logo":{"@type":"ImageObject","inLanguage":"pt-PT","@id":"https:\/\/comarcas.csm.org.pt\/santarem\/#\/schema\/logo\/image\/","url":"https:\/\/comarcas.csm.org.pt\/santarem\/wp-content\/uploads\/sites\/24\/2024\/11\/Santarem_positivo-horizontal.png","contentUrl":"https:\/\/comarcas.csm.org.pt\/santarem\/wp-content\/uploads\/sites\/24\/2024\/11\/Santarem_positivo-horizontal.png","width":4842,"height":890,"caption":"Tribunal Judicial da Comarca de Santar\u00e9m"},"image":{"@id":"https:\/\/comarcas.csm.org.pt\/santarem\/#\/schema\/logo\/image\/"}},{"@type":"Person","@id":"https:\/\/comarcas.csm.org.pt\/santarem\/#\/schema\/person\/5fd90c1542a6b7618d34dc9e9dd201ce","name":"santarem","image":{"@type":"ImageObject","inLanguage":"pt-PT","@id":"https:\/\/comarcas.csm.org.pt\/santarem\/#\/schema\/person\/image\/","url":"https:\/\/secure.gravatar.com\/avatar\/8be77e04d594549bae7e8fd797832ba4f022a4b0890c90ff1b3a7c0cd8dfabc0?s=96&d=mm&r=g","contentUrl":"https:\/\/secure.gravatar.com\/avatar\/8be77e04d594549bae7e8fd797832ba4f022a4b0890c90ff1b3a7c0cd8dfabc0?s=96&d=mm&r=g","caption":"santarem"},"url":"https:\/\/comarcas.csm.org.pt\/santarem\/blog\/author\/santarem\/"}]}},"_links":{"self":[{"href":"https:\/\/comarcas.csm.org.pt\/santarem\/wp-json\/wp\/v2\/posts\/12964","targetHints":{"allow":["GET"]}}],"collection":[{"href":"https:\/\/comarcas.csm.org.pt\/santarem\/wp-json\/wp\/v2\/posts"}],"about":[{"href":"https:\/\/comarcas.csm.org.pt\/santarem\/wp-json\/wp\/v2\/types\/post"}],"author":[{"embeddable":true,"href":"https:\/\/comarcas.csm.org.pt\/santarem\/wp-json\/wp\/v2\/users\/24"}],"replies":[{"embeddable":true,"href":"https:\/\/comarcas.csm.org.pt\/santarem\/wp-json\/wp\/v2\/comments?post=12964"}],"version-history":[{"count":19,"href":"https:\/\/comarcas.csm.org.pt\/santarem\/wp-json\/wp\/v2\/posts\/12964\/revisions"}],"predecessor-version":[{"id":12985,"href":"https:\/\/comarcas.csm.org.pt\/santarem\/wp-json\/wp\/v2\/posts\/12964\/revisions\/12985"}],"wp:attachment":[{"href":"https:\/\/comarcas.csm.org.pt\/santarem\/wp-json\/wp\/v2\/media?parent=12964"}],"wp:term":[{"taxonomy":"category","embeddable":true,"href":"https:\/\/comarcas.csm.org.pt\/santarem\/wp-json\/wp\/v2\/categories?post=12964"},{"taxonomy":"post_tag","embeddable":true,"href":"https:\/\/comarcas.csm.org.pt\/santarem\/wp-json\/wp\/v2\/tags?post=12964"}],"curies":[{"name":"wp","href":"https:\/\/api.w.org\/{rel}","templated":true}]}}