{"id":13093,"date":"2025-06-30T13:00:00","date_gmt":"2025-06-30T16:00:00","guid":{"rendered":"https:\/\/comarcas.csm.org.pt\/santarem\/?p=13093"},"modified":"2025-07-08T08:20:53","modified_gmt":"2025-07-08T11:20:53","slug":"santarem-no-centro-do-debate-sobre-os-desafios-do-direito-da-concorrencia","status":"publish","type":"post","link":"https:\/\/comarcas.csm.org.pt\/santarem\/blog\/2025\/06\/30\/santarem-no-centro-do-debate-sobre-os-desafios-do-direito-da-concorrencia\/","title":{"rendered":"Santar\u00e9m no centro do\u00a0debate sobre os\u00a0desafios do direito da concorr\u00eancia"},"content":{"rendered":"\t\t<div data-elementor-type=\"wp-post\" data-elementor-id=\"13093\" class=\"elementor elementor-13093\" data-elementor-post-type=\"post\">\n\t\t\t\t<div class=\"elementor-element elementor-element-f8391c2 e-flex e-con-boxed e-con e-parent\" data-id=\"f8391c2\" data-element_type=\"container\">\n\t\t\t\t\t<div class=\"e-con-inner\">\n\t\t\t\t<div class=\"elementor-element elementor-element-36945fb elementor-widget elementor-widget-text-editor\" data-id=\"36945fb\" data-element_type=\"widget\" data-widget_type=\"text-editor.default\">\n\t\t\t\t<div class=\"elementor-widget-container\">\n\t\t\t\t\t\t\t\t\t<p class=\"x_MsoNormal\"><span data-olk-copy-source=\"MessageBody\">A cidade\u00a0<span class=\"markhl714h4wn\" data-markjs=\"true\" data-ogac=\"\" data-ogab=\"\" data-ogsc=\"\" data-ogsb=\"\">de<\/span>\u00a0Santar\u00e9m acolheu o 23.\u00ba Encontro Anual da Associa\u00e7\u00e3o Europeia\u00a0<span class=\"markhl714h4wn\" data-markjs=\"true\" data-ogac=\"\" data-ogab=\"\" data-ogsc=\"\" data-ogsb=\"\">de<\/span>\u00a0Ju\u00edzes\u00a0<span class=\"markhl714h4wn\" data-markjs=\"true\" data-ogac=\"\" data-ogab=\"\" data-ogsc=\"\" data-ogsb=\"\">de<\/span>\u00a0Direito da Concorr\u00eancia (AECLJ), entre os dias 26 e 28\u00a0<span class=\"markhl714h4wn\" data-markjs=\"true\" data-ogac=\"\" data-ogab=\"\" data-ogsc=\"\" data-ogsb=\"\">de<\/span>\u00a0junho. Esta foi a primeira vez que o evento se realizou em Portugal, e fora\u00a0<span class=\"markhl714h4wn\" data-markjs=\"true\" data-ogac=\"\" data-ogab=\"\" data-ogsc=\"\" data-ogsb=\"\">de<\/span>\u00a0uma capital europeia, reunindo\u00a0<span class=\"markhl714h4wn\" data-markjs=\"true\" data-ogac=\"\" data-ogab=\"\" data-ogsc=\"\" data-ogsb=\"\">de<\/span>zenas\u00a0<span class=\"markhl714h4wn\" data-markjs=\"true\" data-ogac=\"\" data-ogab=\"\" data-ogsc=\"\" data-ogsb=\"\">de<\/span>\u00a0ju\u00edzes, especialistas e representantes\u00a0<span class=\"markhl714h4wn\" data-markjs=\"true\" data-ogac=\"\" data-ogab=\"\" data-ogsc=\"\" data-ogsb=\"\">de<\/span>\u00a0institui\u00e7\u00f5es nacionais e internacionais num\u00a0<span class=\"markhl714h4wn\" data-markjs=\"true\" data-ogac=\"\" data-ogab=\"\" data-ogsc=\"\" data-ogsb=\"\">de<\/span>bate sobre os\u00a0<span class=\"markhl714h4wn\" data-markjs=\"true\" data-ogac=\"\" data-ogab=\"\" data-ogsc=\"\" data-ogsb=\"\">de<\/span>safios atuais do direito da concorr\u00eancia.<\/span><\/p>\n<p class=\"x_MsoNormal\">A sess\u00e3o\u00a0<span class=\"markhl714h4wn\" data-markjs=\"true\" data-ogac=\"\" data-ogab=\"\" data-ogsc=\"\" data-ogsb=\"\">de<\/span>\u00a0abertura teve lugar no dia 26\u00a0<span class=\"markhl714h4wn\" data-markjs=\"true\" data-ogac=\"\" data-ogab=\"\" data-ogsc=\"\" data-ogsb=\"\">de<\/span>\u00a0junho, com interven\u00e7\u00f5es da juiz presidente do Tribunal Judicial da Comarca\u00a0<span class=\"markhl714h4wn\" data-markjs=\"true\" data-ogac=\"\" data-ogab=\"\" data-ogsc=\"\" data-ogsb=\"\">de<\/span>\u00a0Santar\u00e9m, Susana Fontinha, e do presidente do Supremo Tribunal\u00a0<span class=\"markhl714h4wn\" data-markjs=\"true\" data-ogac=\"\" data-ogab=\"\" data-ogsc=\"\" data-ogsb=\"\">de<\/span>\u00a0Justi\u00e7a e do Conselho Superior da Magistratura, juiz conselheiro Jo\u00e3o Cura Mariano.<\/p>\n<p class=\"x_MsoNormal\">Susana Fontinha\u00a0<span class=\"markhl714h4wn\" data-markjs=\"true\" data-ogac=\"\" data-ogab=\"\" data-ogsc=\"\" data-ogsb=\"\">de<\/span>stacou o simbolismo\u00a0<span class=\"markhl714h4wn\" data-markjs=\"true\" data-ogac=\"\" data-ogab=\"\" data-ogsc=\"\" data-ogsb=\"\">de<\/span>\u00a0acolher o encontro em Santar\u00e9m, sublinhando que a organiza\u00e7\u00e3o\u00a0<span class=\"markhl714h4wn\" data-markjs=\"true\" data-ogac=\"\" data-ogab=\"\" data-ogsc=\"\" data-ogsb=\"\">de<\/span>\u00a0um evento\u00a0<span class=\"markhl714h4wn\" data-markjs=\"true\" data-ogac=\"\" data-ogab=\"\" data-ogsc=\"\" data-ogsb=\"\">de<\/span>sta dimens\u00e3o, por um tribunal sem autonomia financeira ou administrativa, s\u00f3 foi poss\u00edvel gra\u00e7as \u00e0 colabora\u00e7\u00e3o institucional. Expressou publicamente o agradecimento \u00e0 C\u00e2mara Municipal\u00a0<span class=\"markhl714h4wn\" data-markjs=\"true\" data-ogac=\"\" data-ogab=\"\" data-ogsc=\"\" data-ogsb=\"\">de<\/span>\u00a0Santar\u00e9m, \u00e0 Autoridade da Concorr\u00eancia, ao Conselho Superior da Magistratura, \u00e0 Dire\u00e7\u00e3o-Geral da Administra\u00e7\u00e3o da Justi\u00e7a e ao Turismo\u00a0<span class=\"markhl714h4wn\" data-markjs=\"true\" data-ogac=\"\" data-ogab=\"\" data-ogsc=\"\" data-ogsb=\"\">de<\/span>\u00a0Portugal. Sublinhou ainda a import\u00e2ncia do di\u00e1logo jur\u00eddico transnacional, afirmando que, num mundo cada vez mais interligado, a troca\u00a0<span class=\"markhl714h4wn\" data-markjs=\"true\" data-ogac=\"\" data-ogab=\"\" data-ogsc=\"\" data-ogsb=\"\">de<\/span>\u00a0experi\u00eancias e conhecimentos jur\u00eddicos n\u00e3o \u00e9 apenas ben\u00e9fica, mas essencial.<\/p>\n<p class=\"x_MsoNormal\">Tamb\u00e9m o presidente do STJ e do CSM real\u00e7ou a import\u00e2ncia da coopera\u00e7\u00e3o europeia em mat\u00e9ria\u00a0<span class=\"markhl714h4wn\" data-markjs=\"true\" data-ogac=\"\" data-ogab=\"\" data-ogsc=\"\" data-ogsb=\"\">de<\/span>\u00a0direito da concorr\u00eancia e a relev\u00e2ncia da realiza\u00e7\u00e3o\u00a0<span class=\"markhl714h4wn\" data-markjs=\"true\" data-ogac=\"\" data-ogab=\"\" data-ogsc=\"\" data-ogsb=\"\">de<\/span>ste encontro em Portugal, no ano em que se assinala quase uma d\u00e9cada sobre a cria\u00e7\u00e3o do Tribunal da Concorr\u00eancia, Regula\u00e7\u00e3o e Supervis\u00e3o (TCRS). Considerou que este tipo\u00a0<span class=\"markhl714h4wn\" data-markjs=\"true\" data-ogac=\"\" data-ogab=\"\" data-ogsc=\"\" data-ogsb=\"\">de<\/span>\u00a0iniciativas refor\u00e7a o papel dos tribunais especializados e contribui para a aplica\u00e7\u00e3o uniforme das normas europeias.<\/p>\n<p class=\"x_MsoNormal\">Durante esta sess\u00e3o foi ainda apresentado o livro comemorativo promovido pelo CSM, com o t\u00edtulo O\u00a0<i>Direito da Concorr\u00eancia e o Tribunal da Concorr\u00eancia, Regula\u00e7\u00e3o e Supervis\u00e3o \u2013 Passado, Presente e Futuro<\/i>, que re\u00fane contributos\u00a0<span class=\"markhl714h4wn\" data-markjs=\"true\" data-ogac=\"\" data-ogab=\"\" data-ogsc=\"\" data-ogsb=\"\">de<\/span>\u00a0diversas figuras nacionais sobre a evolu\u00e7\u00e3o, o impacto e os\u00a0<span class=\"markhl714h4wn\" data-markjs=\"true\" data-ogac=\"\" data-ogab=\"\" data-ogsc=\"\" data-ogsb=\"\">de<\/span>safios do TCRS no sistema judicial portugu\u00eas.<\/p>\n<p class=\"x_MsoNormal\">A confer\u00eancia principal do encontro teve lugar no dia 27\u00a0<span class=\"markhl714h4wn\" data-markjs=\"true\" data-ogac=\"\" data-ogab=\"\" data-ogsc=\"\" data-ogsb=\"\">de<\/span>\u00a0junho e contou com a interven\u00e7\u00e3o do vice-presidente do CSM, juiz conselheiro Lu\u00eds Azevedo Mendes. Na sua comunica\u00e7\u00e3o,\u00a0<span class=\"markhl714h4wn\" data-markjs=\"true\" data-ogac=\"\" data-ogab=\"\" data-ogsc=\"\" data-ogsb=\"\">de<\/span>stacou que a concorr\u00eancia \u00e9 um pilar fundamental do direito econ\u00f3mico europeu e que o Tribunal da Concorr\u00eancia, Regula\u00e7\u00e3o e Supervis\u00e3o tem um papel central na sua aplica\u00e7\u00e3o, promovendo mercados mais transparentes e protegendo os direitos dos consumidores.<\/p>\n<p class=\"x_MsoNormal\">Sublinhou tamb\u00e9m que o CSM est\u00e1 atento aos\u00a0<span class=\"markhl714h4wn\" data-markjs=\"true\" data-ogac=\"\" data-ogab=\"\" data-ogsc=\"\" data-ogsb=\"\">de<\/span>safios que este tribunal enfrenta, como a especializa\u00e7\u00e3o cont\u00ednua dos ju\u00edzes, a transforma\u00e7\u00e3o digital e a complexidade crescente das mat\u00e9rias.\u00a0<span class=\"markhl714h4wn\" data-markjs=\"true\" data-ogac=\"\" data-ogab=\"\" data-ogsc=\"\" data-ogsb=\"\">De<\/span>fendeu que os tribunais especializados\u00a0<span class=\"markhl714h4wn\" data-markjs=\"true\" data-ogac=\"\" data-ogab=\"\" data-ogsc=\"\" data-ogsb=\"\">de<\/span>vem dispor dos meios adequados para acompanhar a evolu\u00e7\u00e3o dos mercados e real\u00e7ou a import\u00e2ncia\u00a0<span class=\"markhl714h4wn\" data-markjs=\"true\" data-ogac=\"\" data-ogab=\"\" data-ogsc=\"\" data-ogsb=\"\">de<\/span>\u00a0iniciativas como esta, promovidas por redes internacionais como a AECLJ, no refor\u00e7o da forma\u00e7\u00e3o e do di\u00e1logo judicial europeu.<\/p>\n<p class=\"x_MsoNormal\">O programa do encontro incluiu quatro sess\u00f5es tem\u00e1ticas com a participa\u00e7\u00e3o\u00a0<span class=\"markhl714h4wn\" data-markjs=\"true\" data-ogac=\"\" data-ogab=\"\" data-ogsc=\"\" data-ogsb=\"\">de<\/span>\u00a0ju\u00edzes do Tribunal Geral da Uni\u00e3o Europeia, da Comiss\u00e3o Europeia,\u00a0<span class=\"markhl714h4wn\" data-markjs=\"true\" data-ogac=\"\" data-ogab=\"\" data-ogsc=\"\" data-ogsb=\"\">de<\/span>\u00a0tribunais nacionais e\u00a0<span class=\"markhl714h4wn\" data-markjs=\"true\" data-ogac=\"\" data-ogab=\"\" data-ogsc=\"\" data-ogsb=\"\">de<\/span>\u00a0autoridades da concorr\u00eancia\u00a0<span class=\"markhl714h4wn\" data-markjs=\"true\" data-ogac=\"\" data-ogab=\"\" data-ogsc=\"\" data-ogsb=\"\">de<\/span>\u00a0diversos Estados-Membros, bem como momentos\u00a0<span class=\"markhl714h4wn\" data-markjs=\"true\" data-ogac=\"\" data-ogab=\"\" data-ogsc=\"\" data-ogsb=\"\">de<\/span>\u00a0trabalho restrito, sess\u00f5es\u00a0<span class=\"markhl714h4wn\" data-markjs=\"true\" data-ogac=\"\" data-ogab=\"\" data-ogsc=\"\" data-ogsb=\"\">de<\/span>\u00a0atualiza\u00e7\u00e3o e atividades culturais.<\/p>\n<p class=\"x_MsoNormal\">A realiza\u00e7\u00e3o\u00a0<span class=\"markhl714h4wn\" data-markjs=\"true\" data-ogac=\"\" data-ogab=\"\" data-ogsc=\"\" data-ogsb=\"\">de<\/span>ste encontro resulta\u00a0<span class=\"markhl714h4wn\" data-markjs=\"true\" data-ogac=\"\" data-ogab=\"\" data-ogsc=\"\" data-ogsb=\"\">de<\/span>\u00a0uma articula\u00e7\u00e3o estreita entre o Tribunal da Concorr\u00eancia, Regula\u00e7\u00e3o e Supervis\u00e3o, o Tribunal Judicial da Comarca\u00a0<span class=\"markhl714h4wn\" data-markjs=\"true\" data-ogac=\"\" data-ogab=\"\" data-ogsc=\"\" data-ogsb=\"\">de<\/span>\u00a0Santar\u00e9m, o Conselho Superior da Magistratura e a AECLJ, com o apoio da C\u00e2mara Municipal\u00a0<span class=\"markhl714h4wn\" data-markjs=\"true\" data-ogac=\"\" data-ogab=\"\" data-ogsc=\"\" data-ogsb=\"\">de<\/span>\u00a0Santar\u00e9m, do Turismo\u00a0<span class=\"markhl714h4wn\" data-markjs=\"true\" data-ogac=\"\" data-ogab=\"\" data-ogsc=\"\" data-ogsb=\"\">de<\/span>\u00a0Portugal, entre outras entidades.<\/p>\n<p>\u00a0<\/p>\t\t\t\t\t\t\t\t<\/div>\n\t\t\t\t<\/div>\n\t\t\t\t\t<\/div>\n\t\t\t\t<\/div>\n\t\t<div class=\"elementor-element elementor-element-43a49fe e-grid e-con-boxed e-con e-parent\" data-id=\"43a49fe\" data-element_type=\"container\">\n\t\t\t\t\t<div class=\"e-con-inner\">\n\t\t\t\t<div class=\"elementor-element elementor-element-44f50ff elementor-widget elementor-widget-image\" data-id=\"44f50ff\" data-element_type=\"widget\" data-widget_type=\"image.default\">\n\t\t\t\t<div class=\"elementor-widget-container\">\n\t\t\t\t\t\t\t\t\t\t\t\t\t\t\t<img fetchpriority=\"high\" decoding=\"async\" width=\"1024\" height=\"576\" src=\"https:\/\/comarcas.csm.org.pt\/santarem\/wp-content\/uploads\/sites\/24\/2025\/07\/202506_concorrencia_Santarem2-1024x576.jpg\" class=\"attachment-large size-large wp-image-13096\" alt=\"\" srcset=\"https:\/\/comarcas.csm.org.pt\/santarem\/wp-content\/uploads\/sites\/24\/2025\/07\/202506_concorrencia_Santarem2-1024x576.jpg 1024w, https:\/\/comarcas.csm.org.pt\/santarem\/wp-content\/uploads\/sites\/24\/2025\/07\/202506_concorrencia_Santarem2-300x169.jpg 300w, https:\/\/comarcas.csm.org.pt\/santarem\/wp-content\/uploads\/sites\/24\/2025\/07\/202506_concorrencia_Santarem2-768x432.jpg 768w, https:\/\/comarcas.csm.org.pt\/santarem\/wp-content\/uploads\/sites\/24\/2025\/07\/202506_concorrencia_Santarem2-1536x864.jpg 1536w, https:\/\/comarcas.csm.org.pt\/santarem\/wp-content\/uploads\/sites\/24\/2025\/07\/202506_concorrencia_Santarem2-2048x1153.jpg 2048w\" sizes=\"(max-width: 1024px) 100vw, 1024px\" \/>\t\t\t\t\t\t\t\t\t\t\t\t\t\t\t<\/div>\n\t\t\t\t<\/div>\n\t\t\t\t<div class=\"elementor-element elementor-element-40c6d28 elementor-widget elementor-widget-image\" data-id=\"40c6d28\" data-element_type=\"widget\" data-widget_type=\"image.default\">\n\t\t\t\t<div class=\"elementor-widget-container\">\n\t\t\t\t\t\t\t\t\t\t\t\t\t\t\t<img decoding=\"async\" width=\"1024\" height=\"576\" src=\"https:\/\/comarcas.csm.org.pt\/santarem\/wp-content\/uploads\/sites\/24\/2025\/07\/202506_concorrencia_Santarem1-1024x576.jpg\" class=\"attachment-large size-large wp-image-13095\" alt=\"\" srcset=\"https:\/\/comarcas.csm.org.pt\/santarem\/wp-content\/uploads\/sites\/24\/2025\/07\/202506_concorrencia_Santarem1-1024x576.jpg 1024w, https:\/\/comarcas.csm.org.pt\/santarem\/wp-content\/uploads\/sites\/24\/2025\/07\/202506_concorrencia_Santarem1-300x169.jpg 300w, https:\/\/comarcas.csm.org.pt\/santarem\/wp-content\/uploads\/sites\/24\/2025\/07\/202506_concorrencia_Santarem1-768x432.jpg 768w, https:\/\/comarcas.csm.org.pt\/santarem\/wp-content\/uploads\/sites\/24\/2025\/07\/202506_concorrencia_Santarem1-1536x864.jpg 1536w, https:\/\/comarcas.csm.org.pt\/santarem\/wp-content\/uploads\/sites\/24\/2025\/07\/202506_concorrencia_Santarem1-2048x1152.jpg 2048w\" sizes=\"(max-width: 1024px) 100vw, 1024px\" \/>\t\t\t\t\t\t\t\t\t\t\t\t\t\t\t<\/div>\n\t\t\t\t<\/div>\n\t\t\t\t<div class=\"elementor-element elementor-element-1e0d2a3 elementor-widget elementor-widget-image\" data-id=\"1e0d2a3\" data-element_type=\"widget\" data-widget_type=\"image.default\">\n\t\t\t\t<div class=\"elementor-widget-container\">\n\t\t\t\t\t\t\t\t\t\t\t\t\t\t\t<img decoding=\"async\" width=\"1024\" height=\"576\" src=\"https:\/\/comarcas.csm.org.pt\/santarem\/wp-content\/uploads\/sites\/24\/2025\/07\/202506_concorrencia_Santarem3-1024x576.jpg\" class=\"attachment-large size-large wp-image-13097\" alt=\"\" srcset=\"https:\/\/comarcas.csm.org.pt\/santarem\/wp-content\/uploads\/sites\/24\/2025\/07\/202506_concorrencia_Santarem3-1024x576.jpg 1024w, https:\/\/comarcas.csm.org.pt\/santarem\/wp-content\/uploads\/sites\/24\/2025\/07\/202506_concorrencia_Santarem3-300x169.jpg 300w, https:\/\/comarcas.csm.org.pt\/santarem\/wp-content\/uploads\/sites\/24\/2025\/07\/202506_concorrencia_Santarem3-768x432.jpg 768w, https:\/\/comarcas.csm.org.pt\/santarem\/wp-content\/uploads\/sites\/24\/2025\/07\/202506_concorrencia_Santarem3-1536x864.jpg 1536w, https:\/\/comarcas.csm.org.pt\/santarem\/wp-content\/uploads\/sites\/24\/2025\/07\/202506_concorrencia_Santarem3-2048x1152.jpg 2048w\" sizes=\"(max-width: 1024px) 100vw, 1024px\" \/>\t\t\t\t\t\t\t\t\t\t\t\t\t\t\t<\/div>\n\t\t\t\t<\/div>\n\t\t\t\t<div class=\"elementor-element elementor-element-0482f0b elementor-widget elementor-widget-image\" data-id=\"0482f0b\" data-element_type=\"widget\" data-widget_type=\"image.default\">\n\t\t\t\t<div class=\"elementor-widget-container\">\n\t\t\t\t\t\t\t\t\t\t\t\t\t\t\t<img loading=\"lazy\" decoding=\"async\" width=\"1024\" height=\"576\" src=\"https:\/\/comarcas.csm.org.pt\/santarem\/wp-content\/uploads\/sites\/24\/2025\/07\/202506_concorrencia_Santarem4-1024x576.jpg\" class=\"attachment-large size-large wp-image-13098\" alt=\"\" srcset=\"https:\/\/comarcas.csm.org.pt\/santarem\/wp-content\/uploads\/sites\/24\/2025\/07\/202506_concorrencia_Santarem4-1024x576.jpg 1024w, https:\/\/comarcas.csm.org.pt\/santarem\/wp-content\/uploads\/sites\/24\/2025\/07\/202506_concorrencia_Santarem4-300x169.jpg 300w, https:\/\/comarcas.csm.org.pt\/santarem\/wp-content\/uploads\/sites\/24\/2025\/07\/202506_concorrencia_Santarem4-768x432.jpg 768w, https:\/\/comarcas.csm.org.pt\/santarem\/wp-content\/uploads\/sites\/24\/2025\/07\/202506_concorrencia_Santarem4-1536x864.jpg 1536w, https:\/\/comarcas.csm.org.pt\/santarem\/wp-content\/uploads\/sites\/24\/2025\/07\/202506_concorrencia_Santarem4-2048x1152.jpg 2048w\" sizes=\"(max-width: 1024px) 100vw, 1024px\" \/>\t\t\t\t\t\t\t\t\t\t\t\t\t\t\t<\/div>\n\t\t\t\t<\/div>\n\t\t\t\t<div class=\"elementor-element elementor-element-26acaa7 elementor-widget elementor-widget-image\" data-id=\"26acaa7\" data-element_type=\"widget\" data-widget_type=\"image.default\">\n\t\t\t\t<div class=\"elementor-widget-container\">\n\t\t\t\t\t\t\t\t\t\t\t\t\t\t\t<img loading=\"lazy\" decoding=\"async\" width=\"1024\" height=\"576\" src=\"https:\/\/comarcas.csm.org.pt\/santarem\/wp-content\/uploads\/sites\/24\/2025\/07\/202506_concorrencia_Santarem6-1024x576.jpg\" class=\"attachment-large size-large wp-image-13100\" alt=\"\" srcset=\"https:\/\/comarcas.csm.org.pt\/santarem\/wp-content\/uploads\/sites\/24\/2025\/07\/202506_concorrencia_Santarem6-1024x576.jpg 1024w, https:\/\/comarcas.csm.org.pt\/santarem\/wp-content\/uploads\/sites\/24\/2025\/07\/202506_concorrencia_Santarem6-300x169.jpg 300w, https:\/\/comarcas.csm.org.pt\/santarem\/wp-content\/uploads\/sites\/24\/2025\/07\/202506_concorrencia_Santarem6-768x432.jpg 768w, https:\/\/comarcas.csm.org.pt\/santarem\/wp-content\/uploads\/sites\/24\/2025\/07\/202506_concorrencia_Santarem6-1536x864.jpg 1536w, https:\/\/comarcas.csm.org.pt\/santarem\/wp-content\/uploads\/sites\/24\/2025\/07\/202506_concorrencia_Santarem6-2048x1152.jpg 2048w\" sizes=\"(max-width: 1024px) 100vw, 1024px\" \/>\t\t\t\t\t\t\t\t\t\t\t\t\t\t\t<\/div>\n\t\t\t\t<\/div>\n\t\t\t\t<div class=\"elementor-element elementor-element-4e2c30d elementor-widget elementor-widget-image\" data-id=\"4e2c30d\" data-element_type=\"widget\" data-widget_type=\"image.default\">\n\t\t\t\t<div class=\"elementor-widget-container\">\n\t\t\t\t\t\t\t\t\t\t\t\t\t\t\t<img loading=\"lazy\" decoding=\"async\" width=\"1024\" height=\"576\" src=\"https:\/\/comarcas.csm.org.pt\/santarem\/wp-content\/uploads\/sites\/24\/2025\/07\/202506_concorrencia_Santarem7-1024x576.jpg\" class=\"attachment-large size-large wp-image-13101\" alt=\"\" srcset=\"https:\/\/comarcas.csm.org.pt\/santarem\/wp-content\/uploads\/sites\/24\/2025\/07\/202506_concorrencia_Santarem7-1024x576.jpg 1024w, https:\/\/comarcas.csm.org.pt\/santarem\/wp-content\/uploads\/sites\/24\/2025\/07\/202506_concorrencia_Santarem7-300x169.jpg 300w, https:\/\/comarcas.csm.org.pt\/santarem\/wp-content\/uploads\/sites\/24\/2025\/07\/202506_concorrencia_Santarem7-768x432.jpg 768w, https:\/\/comarcas.csm.org.pt\/santarem\/wp-content\/uploads\/sites\/24\/2025\/07\/202506_concorrencia_Santarem7-1536x864.jpg 1536w, https:\/\/comarcas.csm.org.pt\/santarem\/wp-content\/uploads\/sites\/24\/2025\/07\/202506_concorrencia_Santarem7-2048x1152.jpg 2048w\" sizes=\"(max-width: 1024px) 100vw, 1024px\" \/>\t\t\t\t\t\t\t\t\t\t\t\t\t\t\t<\/div>\n\t\t\t\t<\/div>\n\t\t\t\t\t<\/div>\n\t\t\t\t<\/div>\n\t\t\t\t<\/div>\n\t\t","protected":false},"excerpt":{"rendered":"<p>A cidade\u00a0de\u00a0Santar\u00e9m acolheu o 23.\u00ba Encontro Anual da Associa\u00e7\u00e3o Europeia\u00a0de\u00a0Ju\u00edzes\u00a0de\u00a0Direito da Concorr\u00eancia (AECLJ), entre os dias 26 e 28\u00a0de\u00a0junho. Esta foi a primeira vez que o evento se realizou em Portugal, e fora\u00a0de\u00a0uma capital europeia,&#8230;<\/p>\n","protected":false},"author":24,"featured_media":13117,"comment_status":"closed","ping_status":"open","sticky":false,"template":"","format":"standard","meta":{"_tbt_post_transparent":"","_tbt_post_title":"","_tbt_post_layout":"","_tbt_post_sidebar_id":"","_tbt_post_content_style":"","_tbt_post_vertical_padding":"","_tbt_post_feature":"","_tbt_post_feature_position":"","_tbt_post_header":false,"_tbt_post_footer":false},"categories":[2,1,5],"tags":[],"class_list":["post-13093","post","type-post","status-publish","format-standard","has-post-thumbnail","hentry","category-eventos","category-geral","category-noticias"],"yoast_head":"<!-- This site is optimized with the Yoast SEO plugin v25.6 - https:\/\/yoast.com\/wordpress\/plugins\/seo\/ -->\n<title>Santar\u00e9m no centro do\u00a0debate sobre os\u00a0desafios do direito da concorr\u00eancia - Tribunal Judicial da Comarca de Santar\u00e9m<\/title>\n<meta name=\"robots\" content=\"index, follow, max-snippet:-1, max-image-preview:large, max-video-preview:-1\" \/>\n<link rel=\"canonical\" href=\"https:\/\/comarcas.csm.org.pt\/santarem\/blog\/2025\/06\/30\/santarem-no-centro-do-debate-sobre-os-desafios-do-direito-da-concorrencia\/\" \/>\n<meta property=\"og:locale\" content=\"pt_PT\" \/>\n<meta property=\"og:type\" content=\"article\" \/>\n<meta property=\"og:title\" content=\"Santar\u00e9m no centro do\u00a0debate sobre os\u00a0desafios do direito da concorr\u00eancia - Tribunal Judicial da Comarca de Santar\u00e9m\" \/>\n<meta property=\"og:description\" content=\"A cidade\u00a0de\u00a0Santar\u00e9m acolheu o 23.\u00ba Encontro Anual da Associa\u00e7\u00e3o Europeia\u00a0de\u00a0Ju\u00edzes\u00a0de\u00a0Direito da Concorr\u00eancia (AECLJ), entre os dias 26 e 28\u00a0de\u00a0junho. Esta foi a primeira vez que o evento se realizou em Portugal, e fora\u00a0de\u00a0uma capital europeia,...\" \/>\n<meta property=\"og:url\" content=\"https:\/\/comarcas.csm.org.pt\/santarem\/blog\/2025\/06\/30\/santarem-no-centro-do-debate-sobre-os-desafios-do-direito-da-concorrencia\/\" \/>\n<meta property=\"og:site_name\" content=\"Tribunal Judicial da Comarca de Santar\u00e9m\" \/>\n<meta property=\"article:published_time\" content=\"2025-06-30T16:00:00+00:00\" \/>\n<meta property=\"article:modified_time\" content=\"2025-07-08T11:20:53+00:00\" \/>\n<meta property=\"og:image\" content=\"https:\/\/comarcas.csm.org.pt\/santarem\/wp-content\/uploads\/sites\/24\/2025\/06\/IMG_9308-scaled.jpg\" \/>\n\t<meta property=\"og:image:width\" content=\"2560\" \/>\n\t<meta property=\"og:image:height\" content=\"1724\" \/>\n\t<meta property=\"og:image:type\" content=\"image\/jpeg\" \/>\n<meta name=\"author\" content=\"santarem\" \/>\n<meta name=\"twitter:card\" content=\"summary_large_image\" \/>\n<meta name=\"twitter:label1\" content=\"Escrito por\" \/>\n\t<meta name=\"twitter:data1\" content=\"santarem\" \/>\n\t<meta name=\"twitter:label2\" content=\"Tempo estimado de leitura\" \/>\n\t<meta name=\"twitter:data2\" content=\"5 minutos\" \/>\n<script type=\"application\/ld+json\" class=\"yoast-schema-graph\">{\"@context\":\"https:\/\/schema.org\",\"@graph\":[{\"@type\":\"Article\",\"@id\":\"https:\/\/comarcas.csm.org.pt\/santarem\/blog\/2025\/06\/30\/santarem-no-centro-do-debate-sobre-os-desafios-do-direito-da-concorrencia\/#article\",\"isPartOf\":{\"@id\":\"https:\/\/comarcas.csm.org.pt\/santarem\/blog\/2025\/06\/30\/santarem-no-centro-do-debate-sobre-os-desafios-do-direito-da-concorrencia\/\"},\"author\":{\"name\":\"santarem\",\"@id\":\"https:\/\/comarcas.csm.org.pt\/santarem\/#\/schema\/person\/5fd90c1542a6b7618d34dc9e9dd201ce\"},\"headline\":\"Santar\u00e9m no centro do\u00a0debate sobre os\u00a0desafios do direito da concorr\u00eancia\",\"datePublished\":\"2025-06-30T16:00:00+00:00\",\"dateModified\":\"2025-07-08T11:20:53+00:00\",\"mainEntityOfPage\":{\"@id\":\"https:\/\/comarcas.csm.org.pt\/santarem\/blog\/2025\/06\/30\/santarem-no-centro-do-debate-sobre-os-desafios-do-direito-da-concorrencia\/\"},\"wordCount\":650,\"publisher\":{\"@id\":\"https:\/\/comarcas.csm.org.pt\/santarem\/#organization\"},\"image\":{\"@id\":\"https:\/\/comarcas.csm.org.pt\/santarem\/blog\/2025\/06\/30\/santarem-no-centro-do-debate-sobre-os-desafios-do-direito-da-concorrencia\/#primaryimage\"},\"thumbnailUrl\":\"https:\/\/comarcas.csm.org.pt\/santarem\/wp-content\/uploads\/sites\/24\/2025\/06\/IMG_9308-scaled.jpg\",\"articleSection\":[\"Eventos\",\"Geral\",\"Not\u00edcias\"],\"inLanguage\":\"pt-PT\"},{\"@type\":\"WebPage\",\"@id\":\"https:\/\/comarcas.csm.org.pt\/santarem\/blog\/2025\/06\/30\/santarem-no-centro-do-debate-sobre-os-desafios-do-direito-da-concorrencia\/\",\"url\":\"https:\/\/comarcas.csm.org.pt\/santarem\/blog\/2025\/06\/30\/santarem-no-centro-do-debate-sobre-os-desafios-do-direito-da-concorrencia\/\",\"name\":\"Santar\u00e9m no centro do\u00a0debate sobre os\u00a0desafios do direito da concorr\u00eancia - Tribunal Judicial da Comarca de Santar\u00e9m\",\"isPartOf\":{\"@id\":\"https:\/\/comarcas.csm.org.pt\/santarem\/#website\"},\"primaryImageOfPage\":{\"@id\":\"https:\/\/comarcas.csm.org.pt\/santarem\/blog\/2025\/06\/30\/santarem-no-centro-do-debate-sobre-os-desafios-do-direito-da-concorrencia\/#primaryimage\"},\"image\":{\"@id\":\"https:\/\/comarcas.csm.org.pt\/santarem\/blog\/2025\/06\/30\/santarem-no-centro-do-debate-sobre-os-desafios-do-direito-da-concorrencia\/#primaryimage\"},\"thumbnailUrl\":\"https:\/\/comarcas.csm.org.pt\/santarem\/wp-content\/uploads\/sites\/24\/2025\/06\/IMG_9308-scaled.jpg\",\"datePublished\":\"2025-06-30T16:00:00+00:00\",\"dateModified\":\"2025-07-08T11:20:53+00:00\",\"breadcrumb\":{\"@id\":\"https:\/\/comarcas.csm.org.pt\/santarem\/blog\/2025\/06\/30\/santarem-no-centro-do-debate-sobre-os-desafios-do-direito-da-concorrencia\/#breadcrumb\"},\"inLanguage\":\"pt-PT\",\"potentialAction\":[{\"@type\":\"ReadAction\",\"target\":[\"https:\/\/comarcas.csm.org.pt\/santarem\/blog\/2025\/06\/30\/santarem-no-centro-do-debate-sobre-os-desafios-do-direito-da-concorrencia\/\"]}]},{\"@type\":\"ImageObject\",\"inLanguage\":\"pt-PT\",\"@id\":\"https:\/\/comarcas.csm.org.pt\/santarem\/blog\/2025\/06\/30\/santarem-no-centro-do-debate-sobre-os-desafios-do-direito-da-concorrencia\/#primaryimage\",\"url\":\"https:\/\/comarcas.csm.org.pt\/santarem\/wp-content\/uploads\/sites\/24\/2025\/06\/IMG_9308-scaled.jpg\",\"contentUrl\":\"https:\/\/comarcas.csm.org.pt\/santarem\/wp-content\/uploads\/sites\/24\/2025\/06\/IMG_9308-scaled.jpg\",\"width\":2560,\"height\":1724},{\"@type\":\"BreadcrumbList\",\"@id\":\"https:\/\/comarcas.csm.org.pt\/santarem\/blog\/2025\/06\/30\/santarem-no-centro-do-debate-sobre-os-desafios-do-direito-da-concorrencia\/#breadcrumb\",\"itemListElement\":[{\"@type\":\"ListItem\",\"position\":1,\"name\":\"In\u00edcio\",\"item\":\"https:\/\/comarcas.csm.org.pt\/santarem\/\"},{\"@type\":\"ListItem\",\"position\":2,\"name\":\"Santar\u00e9m no centro do\u00a0debate sobre os\u00a0desafios do direito da concorr\u00eancia\"}]},{\"@type\":\"WebSite\",\"@id\":\"https:\/\/comarcas.csm.org.pt\/santarem\/#website\",\"url\":\"https:\/\/comarcas.csm.org.pt\/santarem\/\",\"name\":\"Tribunal Judicial da Comarca de Santar\u00e9m\",\"description\":\"Tribunal Judicial da Comarca de Santar\u00e9m\",\"publisher\":{\"@id\":\"https:\/\/comarcas.csm.org.pt\/santarem\/#organization\"},\"potentialAction\":[{\"@type\":\"SearchAction\",\"target\":{\"@type\":\"EntryPoint\",\"urlTemplate\":\"https:\/\/comarcas.csm.org.pt\/santarem\/?s={search_term_string}\"},\"query-input\":{\"@type\":\"PropertyValueSpecification\",\"valueRequired\":true,\"valueName\":\"search_term_string\"}}],\"inLanguage\":\"pt-PT\"},{\"@type\":\"Organization\",\"@id\":\"https:\/\/comarcas.csm.org.pt\/santarem\/#organization\",\"name\":\"Tribunal Judicial da Comarca de Santar\u00e9m\",\"url\":\"https:\/\/comarcas.csm.org.pt\/santarem\/\",\"logo\":{\"@type\":\"ImageObject\",\"inLanguage\":\"pt-PT\",\"@id\":\"https:\/\/comarcas.csm.org.pt\/santarem\/#\/schema\/logo\/image\/\",\"url\":\"https:\/\/comarcas.csm.org.pt\/santarem\/wp-content\/uploads\/sites\/24\/2024\/11\/Santarem_positivo-horizontal.png\",\"contentUrl\":\"https:\/\/comarcas.csm.org.pt\/santarem\/wp-content\/uploads\/sites\/24\/2024\/11\/Santarem_positivo-horizontal.png\",\"width\":4842,\"height\":890,\"caption\":\"Tribunal Judicial da Comarca de Santar\u00e9m\"},\"image\":{\"@id\":\"https:\/\/comarcas.csm.org.pt\/santarem\/#\/schema\/logo\/image\/\"}},{\"@type\":\"Person\",\"@id\":\"https:\/\/comarcas.csm.org.pt\/santarem\/#\/schema\/person\/5fd90c1542a6b7618d34dc9e9dd201ce\",\"name\":\"santarem\",\"image\":{\"@type\":\"ImageObject\",\"inLanguage\":\"pt-PT\",\"@id\":\"https:\/\/comarcas.csm.org.pt\/santarem\/#\/schema\/person\/image\/\",\"url\":\"https:\/\/secure.gravatar.com\/avatar\/8be77e04d594549bae7e8fd797832ba4f022a4b0890c90ff1b3a7c0cd8dfabc0?s=96&d=mm&r=g\",\"contentUrl\":\"https:\/\/secure.gravatar.com\/avatar\/8be77e04d594549bae7e8fd797832ba4f022a4b0890c90ff1b3a7c0cd8dfabc0?s=96&d=mm&r=g\",\"caption\":\"santarem\"},\"url\":\"https:\/\/comarcas.csm.org.pt\/santarem\/blog\/author\/santarem\/\"}]}<\/script>\n<!-- \/ Yoast SEO plugin. -->","yoast_head_json":{"title":"Santar\u00e9m no centro do\u00a0debate sobre os\u00a0desafios do direito da concorr\u00eancia - Tribunal Judicial da Comarca de Santar\u00e9m","robots":{"index":"index","follow":"follow","max-snippet":"max-snippet:-1","max-image-preview":"max-image-preview:large","max-video-preview":"max-video-preview:-1"},"canonical":"https:\/\/comarcas.csm.org.pt\/santarem\/blog\/2025\/06\/30\/santarem-no-centro-do-debate-sobre-os-desafios-do-direito-da-concorrencia\/","og_locale":"pt_PT","og_type":"article","og_title":"Santar\u00e9m no centro do\u00a0debate sobre os\u00a0desafios do direito da concorr\u00eancia - Tribunal Judicial da Comarca de Santar\u00e9m","og_description":"A cidade\u00a0de\u00a0Santar\u00e9m acolheu o 23.\u00ba Encontro Anual da Associa\u00e7\u00e3o Europeia\u00a0de\u00a0Ju\u00edzes\u00a0de\u00a0Direito da Concorr\u00eancia (AECLJ), entre os dias 26 e 28\u00a0de\u00a0junho. Esta foi a primeira vez que o evento se realizou em Portugal, e fora\u00a0de\u00a0uma capital europeia,...","og_url":"https:\/\/comarcas.csm.org.pt\/santarem\/blog\/2025\/06\/30\/santarem-no-centro-do-debate-sobre-os-desafios-do-direito-da-concorrencia\/","og_site_name":"Tribunal Judicial da Comarca de Santar\u00e9m","article_published_time":"2025-06-30T16:00:00+00:00","article_modified_time":"2025-07-08T11:20:53+00:00","og_image":[{"width":2560,"height":1724,"url":"https:\/\/comarcas.csm.org.pt\/santarem\/wp-content\/uploads\/sites\/24\/2025\/06\/IMG_9308-scaled.jpg","type":"image\/jpeg"}],"author":"santarem","twitter_card":"summary_large_image","twitter_misc":{"Escrito por":"santarem","Tempo estimado de leitura":"5 minutos"},"schema":{"@context":"https:\/\/schema.org","@graph":[{"@type":"Article","@id":"https:\/\/comarcas.csm.org.pt\/santarem\/blog\/2025\/06\/30\/santarem-no-centro-do-debate-sobre-os-desafios-do-direito-da-concorrencia\/#article","isPartOf":{"@id":"https:\/\/comarcas.csm.org.pt\/santarem\/blog\/2025\/06\/30\/santarem-no-centro-do-debate-sobre-os-desafios-do-direito-da-concorrencia\/"},"author":{"name":"santarem","@id":"https:\/\/comarcas.csm.org.pt\/santarem\/#\/schema\/person\/5fd90c1542a6b7618d34dc9e9dd201ce"},"headline":"Santar\u00e9m no centro do\u00a0debate sobre os\u00a0desafios do direito da concorr\u00eancia","datePublished":"2025-06-30T16:00:00+00:00","dateModified":"2025-07-08T11:20:53+00:00","mainEntityOfPage":{"@id":"https:\/\/comarcas.csm.org.pt\/santarem\/blog\/2025\/06\/30\/santarem-no-centro-do-debate-sobre-os-desafios-do-direito-da-concorrencia\/"},"wordCount":650,"publisher":{"@id":"https:\/\/comarcas.csm.org.pt\/santarem\/#organization"},"image":{"@id":"https:\/\/comarcas.csm.org.pt\/santarem\/blog\/2025\/06\/30\/santarem-no-centro-do-debate-sobre-os-desafios-do-direito-da-concorrencia\/#primaryimage"},"thumbnailUrl":"https:\/\/comarcas.csm.org.pt\/santarem\/wp-content\/uploads\/sites\/24\/2025\/06\/IMG_9308-scaled.jpg","articleSection":["Eventos","Geral","Not\u00edcias"],"inLanguage":"pt-PT"},{"@type":"WebPage","@id":"https:\/\/comarcas.csm.org.pt\/santarem\/blog\/2025\/06\/30\/santarem-no-centro-do-debate-sobre-os-desafios-do-direito-da-concorrencia\/","url":"https:\/\/comarcas.csm.org.pt\/santarem\/blog\/2025\/06\/30\/santarem-no-centro-do-debate-sobre-os-desafios-do-direito-da-concorrencia\/","name":"Santar\u00e9m no centro do\u00a0debate sobre os\u00a0desafios do direito da concorr\u00eancia - Tribunal Judicial da Comarca de Santar\u00e9m","isPartOf":{"@id":"https:\/\/comarcas.csm.org.pt\/santarem\/#website"},"primaryImageOfPage":{"@id":"https:\/\/comarcas.csm.org.pt\/santarem\/blog\/2025\/06\/30\/santarem-no-centro-do-debate-sobre-os-desafios-do-direito-da-concorrencia\/#primaryimage"},"image":{"@id":"https:\/\/comarcas.csm.org.pt\/santarem\/blog\/2025\/06\/30\/santarem-no-centro-do-debate-sobre-os-desafios-do-direito-da-concorrencia\/#primaryimage"},"thumbnailUrl":"https:\/\/comarcas.csm.org.pt\/santarem\/wp-content\/uploads\/sites\/24\/2025\/06\/IMG_9308-scaled.jpg","datePublished":"2025-06-30T16:00:00+00:00","dateModified":"2025-07-08T11:20:53+00:00","breadcrumb":{"@id":"https:\/\/comarcas.csm.org.pt\/santarem\/blog\/2025\/06\/30\/santarem-no-centro-do-debate-sobre-os-desafios-do-direito-da-concorrencia\/#breadcrumb"},"inLanguage":"pt-PT","potentialAction":[{"@type":"ReadAction","target":["https:\/\/comarcas.csm.org.pt\/santarem\/blog\/2025\/06\/30\/santarem-no-centro-do-debate-sobre-os-desafios-do-direito-da-concorrencia\/"]}]},{"@type":"ImageObject","inLanguage":"pt-PT","@id":"https:\/\/comarcas.csm.org.pt\/santarem\/blog\/2025\/06\/30\/santarem-no-centro-do-debate-sobre-os-desafios-do-direito-da-concorrencia\/#primaryimage","url":"https:\/\/comarcas.csm.org.pt\/santarem\/wp-content\/uploads\/sites\/24\/2025\/06\/IMG_9308-scaled.jpg","contentUrl":"https:\/\/comarcas.csm.org.pt\/santarem\/wp-content\/uploads\/sites\/24\/2025\/06\/IMG_9308-scaled.jpg","width":2560,"height":1724},{"@type":"BreadcrumbList","@id":"https:\/\/comarcas.csm.org.pt\/santarem\/blog\/2025\/06\/30\/santarem-no-centro-do-debate-sobre-os-desafios-do-direito-da-concorrencia\/#breadcrumb","itemListElement":[{"@type":"ListItem","position":1,"name":"In\u00edcio","item":"https:\/\/comarcas.csm.org.pt\/santarem\/"},{"@type":"ListItem","position":2,"name":"Santar\u00e9m no centro do\u00a0debate sobre os\u00a0desafios do direito da concorr\u00eancia"}]},{"@type":"WebSite","@id":"https:\/\/comarcas.csm.org.pt\/santarem\/#website","url":"https:\/\/comarcas.csm.org.pt\/santarem\/","name":"Tribunal Judicial da Comarca de Santar\u00e9m","description":"Tribunal Judicial da Comarca de Santar\u00e9m","publisher":{"@id":"https:\/\/comarcas.csm.org.pt\/santarem\/#organization"},"potentialAction":[{"@type":"SearchAction","target":{"@type":"EntryPoint","urlTemplate":"https:\/\/comarcas.csm.org.pt\/santarem\/?s={search_term_string}"},"query-input":{"@type":"PropertyValueSpecification","valueRequired":true,"valueName":"search_term_string"}}],"inLanguage":"pt-PT"},{"@type":"Organization","@id":"https:\/\/comarcas.csm.org.pt\/santarem\/#organization","name":"Tribunal Judicial da Comarca de Santar\u00e9m","url":"https:\/\/comarcas.csm.org.pt\/santarem\/","logo":{"@type":"ImageObject","inLanguage":"pt-PT","@id":"https:\/\/comarcas.csm.org.pt\/santarem\/#\/schema\/logo\/image\/","url":"https:\/\/comarcas.csm.org.pt\/santarem\/wp-content\/uploads\/sites\/24\/2024\/11\/Santarem_positivo-horizontal.png","contentUrl":"https:\/\/comarcas.csm.org.pt\/santarem\/wp-content\/uploads\/sites\/24\/2024\/11\/Santarem_positivo-horizontal.png","width":4842,"height":890,"caption":"Tribunal Judicial da Comarca de Santar\u00e9m"},"image":{"@id":"https:\/\/comarcas.csm.org.pt\/santarem\/#\/schema\/logo\/image\/"}},{"@type":"Person","@id":"https:\/\/comarcas.csm.org.pt\/santarem\/#\/schema\/person\/5fd90c1542a6b7618d34dc9e9dd201ce","name":"santarem","image":{"@type":"ImageObject","inLanguage":"pt-PT","@id":"https:\/\/comarcas.csm.org.pt\/santarem\/#\/schema\/person\/image\/","url":"https:\/\/secure.gravatar.com\/avatar\/8be77e04d594549bae7e8fd797832ba4f022a4b0890c90ff1b3a7c0cd8dfabc0?s=96&d=mm&r=g","contentUrl":"https:\/\/secure.gravatar.com\/avatar\/8be77e04d594549bae7e8fd797832ba4f022a4b0890c90ff1b3a7c0cd8dfabc0?s=96&d=mm&r=g","caption":"santarem"},"url":"https:\/\/comarcas.csm.org.pt\/santarem\/blog\/author\/santarem\/"}]}},"_links":{"self":[{"href":"https:\/\/comarcas.csm.org.pt\/santarem\/wp-json\/wp\/v2\/posts\/13093","targetHints":{"allow":["GET"]}}],"collection":[{"href":"https:\/\/comarcas.csm.org.pt\/santarem\/wp-json\/wp\/v2\/posts"}],"about":[{"href":"https:\/\/comarcas.csm.org.pt\/santarem\/wp-json\/wp\/v2\/types\/post"}],"author":[{"embeddable":true,"href":"https:\/\/comarcas.csm.org.pt\/santarem\/wp-json\/wp\/v2\/users\/24"}],"replies":[{"embeddable":true,"href":"https:\/\/comarcas.csm.org.pt\/santarem\/wp-json\/wp\/v2\/comments?post=13093"}],"version-history":[{"count":20,"href":"https:\/\/comarcas.csm.org.pt\/santarem\/wp-json\/wp\/v2\/posts\/13093\/revisions"}],"predecessor-version":[{"id":13121,"href":"https:\/\/comarcas.csm.org.pt\/santarem\/wp-json\/wp\/v2\/posts\/13093\/revisions\/13121"}],"wp:featuredmedia":[{"embeddable":true,"href":"https:\/\/comarcas.csm.org.pt\/santarem\/wp-json\/wp\/v2\/media\/13117"}],"wp:attachment":[{"href":"https:\/\/comarcas.csm.org.pt\/santarem\/wp-json\/wp\/v2\/media?parent=13093"}],"wp:term":[{"taxonomy":"category","embeddable":true,"href":"https:\/\/comarcas.csm.org.pt\/santarem\/wp-json\/wp\/v2\/categories?post=13093"},{"taxonomy":"post_tag","embeddable":true,"href":"https:\/\/comarcas.csm.org.pt\/santarem\/wp-json\/wp\/v2\/tags?post=13093"}],"curies":[{"name":"wp","href":"https:\/\/api.w.org\/{rel}","templated":true}]}}