{"id":13473,"date":"2025-09-26T14:27:42","date_gmt":"2025-09-26T17:27:42","guid":{"rendered":"https:\/\/comarcas.csm.org.pt\/santarem\/?p=13473"},"modified":"2025-10-20T10:08:08","modified_gmt":"2025-10-20T13:08:08","slug":"jornadas-europeias-do-patrimonio-rio-maior","status":"publish","type":"post","link":"https:\/\/comarcas.csm.org.pt\/santarem\/blog\/2025\/09\/26\/jornadas-europeias-do-patrimonio-rio-maior\/","title":{"rendered":"Jornadas Europeias do Patrim\u00f3nio | Rio Maior"},"content":{"rendered":"\t\t<div data-elementor-type=\"wp-post\" data-elementor-id=\"13473\" class=\"elementor elementor-13473\" data-elementor-post-type=\"post\">\n\t\t\t\t<div class=\"elementor-element elementor-element-c28f019 e-flex e-con-boxed e-con e-parent\" data-id=\"c28f019\" data-element_type=\"container\">\n\t\t\t\t\t<div class=\"e-con-inner\">\n\t\t<div class=\"elementor-element elementor-element-a868541 e-con-full e-flex e-con e-child\" data-id=\"a868541\" data-element_type=\"container\">\n\t\t\t\t<div class=\"elementor-element elementor-element-ff98d54 elementor-widget elementor-widget-text-editor\" data-id=\"ff98d54\" data-element_type=\"widget\" data-widget_type=\"text-editor.default\">\n\t\t\t\t<div class=\"elementor-widget-container\">\n\t\t\t\t\t\t\t\t\t<p>\u00a0<\/p>\n<p class=\"x_xxmsonormal\">No passado dia 26 de setembro de 2025, realizou-se no Pal\u00e1cio da Justi\u00e7a de\u00a0Rio\u00a0Maior\u00a0a confer\u00eancia &#8220;Afirma\u00e7\u00e3o da Arquitetura Moderna em Portugal: os Arquitetos e as Obras&#8221;, organizada pelo Clube UNESCO para o Patrim\u00f3nio Cultural e pela EICEL1920, Associa\u00e7\u00e3o para a Defesa do Patrim\u00f3nio.<\/p>\n<p class=\"x_xxmsonormal\">Ap\u00f3s a abertura do evento, que contou com um momento musical a cargo do Grupo de Coral Canto Rio, da Associa\u00e7\u00e3o Cultural do Concelho de Rio Maior, foi lecionada uma aula p\u00fablica pelo Arquiteto Jos\u00e9 Manuel Fernandes, Professor Catedr\u00e1tico de Hist\u00f3ria da Arquitetura e Urbanismo da Faculdade de Arquitetura da Universidade de Lisboa, a qual foi assistida por alunos de turmas do ensino secund\u00e1rio e da Universidade S\u00e9nior de Rio Maior, respetivos docentes, representantes da autarquia e de \u00a0institui\u00e7\u00f5es convidadas\u00a0e muito p\u00fablico.<\/p>\n<p class=\"x_xxmsonormal\">Na sua prelec\u00e7\u00e3o, o Prof. Jos\u00e9 Manuel Fernandes evidenciou o facto do edif\u00edcio do Pal\u00e1cio da Justi\u00e7a de Rio Maior se manter praticamente intacto na sua originalidade arquitet\u00f3nica e com as solu\u00e7\u00f5es funcionais desenhadas pelo arquiteto Sebasti\u00e3o Formosinho Sanches preservadas e sinalizou enfaticamente a necessidade de reabilita\u00e7\u00e3o e preserva\u00e7\u00e3o do edif\u00edcio, que considera uma obra \u00fanica da arquitetura, tal como pode ser apreciado pelos presentes no decurso da visita guiada que culminou a iniciativa.\u00a0<\/p>\n<p class=\"x_xxmsonormal\">A Gest\u00e3o da Comarca de Santar\u00e9m associou-se ao evento com a finalidade de proporcionar \u00e0 comunidade uma diferente observa\u00e7\u00e3o do judici\u00e1rio e de refor\u00e7ar a necessidade do envolvimento coletivo na preserva\u00e7\u00e3o do patrim\u00f3nio arquitet\u00f3nico e art\u00edstico dos tribunais e na dota\u00e7\u00e3o dos espa\u00e7os da justi\u00e7a de condi\u00e7\u00f5es condignas para quem neles trabalha e para quem a eles acede.<\/p>\t\t\t\t\t\t\t\t<\/div>\n\t\t\t\t<\/div>\n\t\t\t\t<\/div>\n\t\t<div class=\"elementor-element elementor-element-ecb6430 e-con-full e-flex e-con e-child\" data-id=\"ecb6430\" data-element_type=\"container\">\n\t\t<div class=\"elementor-element elementor-element-2587f0c e-con-full e-flex e-con e-child\" data-id=\"2587f0c\" data-element_type=\"container\">\n\t\t\t\t<div class=\"elementor-element elementor-element-27557a7 elementor-widget elementor-widget-image\" data-id=\"27557a7\" data-element_type=\"widget\" data-widget_type=\"image.default\">\n\t\t\t\t<div class=\"elementor-widget-container\">\n\t\t\t\t\t\t\t\t\t\t\t\t\t\t\t<img fetchpriority=\"high\" decoding=\"async\" width=\"1024\" height=\"768\" src=\"https:\/\/comarcas.csm.org.pt\/santarem\/wp-content\/uploads\/sites\/24\/2025\/10\/Foto-jornadas-patrimonio-RMR-30-1024x768.jpeg\" class=\"attachment-large size-large wp-image-13476\" alt=\"\" srcset=\"https:\/\/comarcas.csm.org.pt\/santarem\/wp-content\/uploads\/sites\/24\/2025\/10\/Foto-jornadas-patrimonio-RMR-30-1024x768.jpeg 1024w, https:\/\/comarcas.csm.org.pt\/santarem\/wp-content\/uploads\/sites\/24\/2025\/10\/Foto-jornadas-patrimonio-RMR-30-300x225.jpeg 300w, https:\/\/comarcas.csm.org.pt\/santarem\/wp-content\/uploads\/sites\/24\/2025\/10\/Foto-jornadas-patrimonio-RMR-30-768x576.jpeg 768w, https:\/\/comarcas.csm.org.pt\/santarem\/wp-content\/uploads\/sites\/24\/2025\/10\/Foto-jornadas-patrimonio-RMR-30-1536x1152.jpeg 1536w, https:\/\/comarcas.csm.org.pt\/santarem\/wp-content\/uploads\/sites\/24\/2025\/10\/Foto-jornadas-patrimonio-RMR-30.jpeg 1600w\" sizes=\"(max-width: 1024px) 100vw, 1024px\" \/>\t\t\t\t\t\t\t\t\t\t\t\t\t\t\t<\/div>\n\t\t\t\t<\/div>\n\t\t\t\t<\/div>\n\t\t<div class=\"elementor-element elementor-element-b38758f e-con-full e-flex e-con e-child\" data-id=\"b38758f\" data-element_type=\"container\">\n\t\t\t\t<div class=\"elementor-element elementor-element-7bbf1d1 elementor-widget elementor-widget-image\" data-id=\"7bbf1d1\" data-element_type=\"widget\" data-widget_type=\"image.default\">\n\t\t\t\t<div class=\"elementor-widget-container\">\n\t\t\t\t\t\t\t\t\t\t\t\t\t\t\t<img decoding=\"async\" width=\"900\" height=\"800\" src=\"https:\/\/comarcas.csm.org.pt\/santarem\/wp-content\/uploads\/sites\/24\/2025\/10\/74.jpg\" class=\"attachment-large size-large wp-image-13487\" alt=\"\" srcset=\"https:\/\/comarcas.csm.org.pt\/santarem\/wp-content\/uploads\/sites\/24\/2025\/10\/74.jpg 900w, https:\/\/comarcas.csm.org.pt\/santarem\/wp-content\/uploads\/sites\/24\/2025\/10\/74-300x267.jpg 300w, https:\/\/comarcas.csm.org.pt\/santarem\/wp-content\/uploads\/sites\/24\/2025\/10\/74-768x683.jpg 768w\" sizes=\"(max-width: 900px) 100vw, 900px\" \/>\t\t\t\t\t\t\t\t\t\t\t\t\t\t\t<\/div>\n\t\t\t\t<\/div>\n\t\t\t\t<\/div>\n\t\t\t\t<\/div>\n\t\t\t\t\t<\/div>\n\t\t\t\t<\/div>\n\t\t\t\t<\/div>\n\t\t","protected":false},"excerpt":{"rendered":"<p>\u00a0 No passado dia 26 de setembro de 2025, realizou-se no Pal\u00e1cio da Justi\u00e7a de\u00a0Rio\u00a0Maior\u00a0a confer\u00eancia &#8220;Afirma\u00e7\u00e3o da Arquitetura Moderna em Portugal: os Arquitetos e as Obras&#8221;, organizada pelo Clube UNESCO para o Patrim\u00f3nio Cultural&#8230;<\/p>\n","protected":false},"author":24,"featured_media":13474,"comment_status":"closed","ping_status":"open","sticky":false,"template":"","format":"standard","meta":{"_tbt_post_transparent":"","_tbt_post_title":"","_tbt_post_layout":"","_tbt_post_sidebar_id":"","_tbt_post_content_style":"","_tbt_post_vertical_padding":"","_tbt_post_feature":"","_tbt_post_feature_position":"","_tbt_post_header":false,"_tbt_post_footer":false},"categories":[2,1,5],"tags":[],"class_list":["post-13473","post","type-post","status-publish","format-standard","has-post-thumbnail","hentry","category-eventos","category-geral","category-noticias"],"yoast_head":"<!-- This site is optimized with the Yoast SEO plugin v25.6 - https:\/\/yoast.com\/wordpress\/plugins\/seo\/ -->\n<title>Jornadas Europeias do Patrim\u00f3nio | Rio Maior - Tribunal Judicial da Comarca de Santar\u00e9m<\/title>\n<meta name=\"robots\" content=\"index, follow, max-snippet:-1, max-image-preview:large, max-video-preview:-1\" \/>\n<link rel=\"canonical\" href=\"https:\/\/comarcas.csm.org.pt\/santarem\/blog\/2025\/09\/26\/jornadas-europeias-do-patrimonio-rio-maior\/\" \/>\n<meta property=\"og:locale\" content=\"pt_PT\" \/>\n<meta property=\"og:type\" content=\"article\" \/>\n<meta property=\"og:title\" content=\"Jornadas Europeias do Patrim\u00f3nio | Rio Maior - Tribunal Judicial da Comarca de Santar\u00e9m\" \/>\n<meta property=\"og:description\" content=\"\u00a0 No passado dia 26 de setembro de 2025, realizou-se no Pal\u00e1cio da Justi\u00e7a de\u00a0Rio\u00a0Maior\u00a0a confer\u00eancia &#8220;Afirma\u00e7\u00e3o da Arquitetura Moderna em Portugal: os Arquitetos e as Obras&#8221;, organizada pelo Clube UNESCO para o Patrim\u00f3nio Cultural...\" \/>\n<meta property=\"og:url\" content=\"https:\/\/comarcas.csm.org.pt\/santarem\/blog\/2025\/09\/26\/jornadas-europeias-do-patrimonio-rio-maior\/\" \/>\n<meta property=\"og:site_name\" content=\"Tribunal Judicial da Comarca de Santar\u00e9m\" \/>\n<meta property=\"article:published_time\" content=\"2025-09-26T17:27:42+00:00\" \/>\n<meta property=\"article:modified_time\" content=\"2025-10-20T13:08:08+00:00\" \/>\n<meta property=\"og:image\" content=\"https:\/\/comarcas.csm.org.pt\/santarem\/wp-content\/uploads\/sites\/24\/2025\/10\/Foto-jornadas-patrimonio-RMR-8.jpeg\" \/>\n\t<meta property=\"og:image:width\" content=\"1600\" \/>\n\t<meta property=\"og:image:height\" content=\"1200\" \/>\n\t<meta property=\"og:image:type\" content=\"image\/jpeg\" \/>\n<meta name=\"author\" content=\"santarem\" \/>\n<meta name=\"twitter:card\" content=\"summary_large_image\" \/>\n<meta name=\"twitter:label1\" content=\"Escrito por\" \/>\n\t<meta name=\"twitter:data1\" content=\"santarem\" \/>\n\t<meta name=\"twitter:label2\" content=\"Tempo estimado de leitura\" \/>\n\t<meta name=\"twitter:data2\" content=\"3 minutos\" \/>\n<script type=\"application\/ld+json\" class=\"yoast-schema-graph\">{\"@context\":\"https:\/\/schema.org\",\"@graph\":[{\"@type\":\"Article\",\"@id\":\"https:\/\/comarcas.csm.org.pt\/santarem\/blog\/2025\/09\/26\/jornadas-europeias-do-patrimonio-rio-maior\/#article\",\"isPartOf\":{\"@id\":\"https:\/\/comarcas.csm.org.pt\/santarem\/blog\/2025\/09\/26\/jornadas-europeias-do-patrimonio-rio-maior\/\"},\"author\":{\"name\":\"santarem\",\"@id\":\"https:\/\/comarcas.csm.org.pt\/santarem\/#\/schema\/person\/5fd90c1542a6b7618d34dc9e9dd201ce\"},\"headline\":\"Jornadas Europeias do Patrim\u00f3nio | Rio Maior\",\"datePublished\":\"2025-09-26T17:27:42+00:00\",\"dateModified\":\"2025-10-20T13:08:08+00:00\",\"mainEntityOfPage\":{\"@id\":\"https:\/\/comarcas.csm.org.pt\/santarem\/blog\/2025\/09\/26\/jornadas-europeias-do-patrimonio-rio-maior\/\"},\"wordCount\":304,\"publisher\":{\"@id\":\"https:\/\/comarcas.csm.org.pt\/santarem\/#organization\"},\"image\":{\"@id\":\"https:\/\/comarcas.csm.org.pt\/santarem\/blog\/2025\/09\/26\/jornadas-europeias-do-patrimonio-rio-maior\/#primaryimage\"},\"thumbnailUrl\":\"https:\/\/comarcas.csm.org.pt\/santarem\/wp-content\/uploads\/sites\/24\/2025\/10\/Foto-jornadas-patrimonio-RMR-8.jpeg\",\"articleSection\":[\"Eventos\",\"Geral\",\"Not\u00edcias\"],\"inLanguage\":\"pt-PT\"},{\"@type\":\"WebPage\",\"@id\":\"https:\/\/comarcas.csm.org.pt\/santarem\/blog\/2025\/09\/26\/jornadas-europeias-do-patrimonio-rio-maior\/\",\"url\":\"https:\/\/comarcas.csm.org.pt\/santarem\/blog\/2025\/09\/26\/jornadas-europeias-do-patrimonio-rio-maior\/\",\"name\":\"Jornadas Europeias do Patrim\u00f3nio | Rio Maior - Tribunal Judicial da Comarca de Santar\u00e9m\",\"isPartOf\":{\"@id\":\"https:\/\/comarcas.csm.org.pt\/santarem\/#website\"},\"primaryImageOfPage\":{\"@id\":\"https:\/\/comarcas.csm.org.pt\/santarem\/blog\/2025\/09\/26\/jornadas-europeias-do-patrimonio-rio-maior\/#primaryimage\"},\"image\":{\"@id\":\"https:\/\/comarcas.csm.org.pt\/santarem\/blog\/2025\/09\/26\/jornadas-europeias-do-patrimonio-rio-maior\/#primaryimage\"},\"thumbnailUrl\":\"https:\/\/comarcas.csm.org.pt\/santarem\/wp-content\/uploads\/sites\/24\/2025\/10\/Foto-jornadas-patrimonio-RMR-8.jpeg\",\"datePublished\":\"2025-09-26T17:27:42+00:00\",\"dateModified\":\"2025-10-20T13:08:08+00:00\",\"breadcrumb\":{\"@id\":\"https:\/\/comarcas.csm.org.pt\/santarem\/blog\/2025\/09\/26\/jornadas-europeias-do-patrimonio-rio-maior\/#breadcrumb\"},\"inLanguage\":\"pt-PT\",\"potentialAction\":[{\"@type\":\"ReadAction\",\"target\":[\"https:\/\/comarcas.csm.org.pt\/santarem\/blog\/2025\/09\/26\/jornadas-europeias-do-patrimonio-rio-maior\/\"]}]},{\"@type\":\"ImageObject\",\"inLanguage\":\"pt-PT\",\"@id\":\"https:\/\/comarcas.csm.org.pt\/santarem\/blog\/2025\/09\/26\/jornadas-europeias-do-patrimonio-rio-maior\/#primaryimage\",\"url\":\"https:\/\/comarcas.csm.org.pt\/santarem\/wp-content\/uploads\/sites\/24\/2025\/10\/Foto-jornadas-patrimonio-RMR-8.jpeg\",\"contentUrl\":\"https:\/\/comarcas.csm.org.pt\/santarem\/wp-content\/uploads\/sites\/24\/2025\/10\/Foto-jornadas-patrimonio-RMR-8.jpeg\",\"width\":1600,\"height\":1200},{\"@type\":\"BreadcrumbList\",\"@id\":\"https:\/\/comarcas.csm.org.pt\/santarem\/blog\/2025\/09\/26\/jornadas-europeias-do-patrimonio-rio-maior\/#breadcrumb\",\"itemListElement\":[{\"@type\":\"ListItem\",\"position\":1,\"name\":\"In\u00edcio\",\"item\":\"https:\/\/comarcas.csm.org.pt\/santarem\/\"},{\"@type\":\"ListItem\",\"position\":2,\"name\":\"Jornadas Europeias do Patrim\u00f3nio | Rio Maior\"}]},{\"@type\":\"WebSite\",\"@id\":\"https:\/\/comarcas.csm.org.pt\/santarem\/#website\",\"url\":\"https:\/\/comarcas.csm.org.pt\/santarem\/\",\"name\":\"Tribunal Judicial da Comarca de Santar\u00e9m\",\"description\":\"Tribunal Judicial da Comarca de Santar\u00e9m\",\"publisher\":{\"@id\":\"https:\/\/comarcas.csm.org.pt\/santarem\/#organization\"},\"potentialAction\":[{\"@type\":\"SearchAction\",\"target\":{\"@type\":\"EntryPoint\",\"urlTemplate\":\"https:\/\/comarcas.csm.org.pt\/santarem\/?s={search_term_string}\"},\"query-input\":{\"@type\":\"PropertyValueSpecification\",\"valueRequired\":true,\"valueName\":\"search_term_string\"}}],\"inLanguage\":\"pt-PT\"},{\"@type\":\"Organization\",\"@id\":\"https:\/\/comarcas.csm.org.pt\/santarem\/#organization\",\"name\":\"Tribunal Judicial da Comarca de Santar\u00e9m\",\"url\":\"https:\/\/comarcas.csm.org.pt\/santarem\/\",\"logo\":{\"@type\":\"ImageObject\",\"inLanguage\":\"pt-PT\",\"@id\":\"https:\/\/comarcas.csm.org.pt\/santarem\/#\/schema\/logo\/image\/\",\"url\":\"https:\/\/comarcas.csm.org.pt\/santarem\/wp-content\/uploads\/sites\/24\/2024\/11\/Santarem_positivo-horizontal.png\",\"contentUrl\":\"https:\/\/comarcas.csm.org.pt\/santarem\/wp-content\/uploads\/sites\/24\/2024\/11\/Santarem_positivo-horizontal.png\",\"width\":4842,\"height\":890,\"caption\":\"Tribunal Judicial da Comarca de Santar\u00e9m\"},\"image\":{\"@id\":\"https:\/\/comarcas.csm.org.pt\/santarem\/#\/schema\/logo\/image\/\"}},{\"@type\":\"Person\",\"@id\":\"https:\/\/comarcas.csm.org.pt\/santarem\/#\/schema\/person\/5fd90c1542a6b7618d34dc9e9dd201ce\",\"name\":\"santarem\",\"image\":{\"@type\":\"ImageObject\",\"inLanguage\":\"pt-PT\",\"@id\":\"https:\/\/comarcas.csm.org.pt\/santarem\/#\/schema\/person\/image\/\",\"url\":\"https:\/\/secure.gravatar.com\/avatar\/8be77e04d594549bae7e8fd797832ba4f022a4b0890c90ff1b3a7c0cd8dfabc0?s=96&d=mm&r=g\",\"contentUrl\":\"https:\/\/secure.gravatar.com\/avatar\/8be77e04d594549bae7e8fd797832ba4f022a4b0890c90ff1b3a7c0cd8dfabc0?s=96&d=mm&r=g\",\"caption\":\"santarem\"},\"url\":\"https:\/\/comarcas.csm.org.pt\/santarem\/blog\/author\/santarem\/\"}]}<\/script>\n<!-- \/ Yoast SEO plugin. -->","yoast_head_json":{"title":"Jornadas Europeias do Patrim\u00f3nio | Rio Maior - Tribunal Judicial da Comarca de Santar\u00e9m","robots":{"index":"index","follow":"follow","max-snippet":"max-snippet:-1","max-image-preview":"max-image-preview:large","max-video-preview":"max-video-preview:-1"},"canonical":"https:\/\/comarcas.csm.org.pt\/santarem\/blog\/2025\/09\/26\/jornadas-europeias-do-patrimonio-rio-maior\/","og_locale":"pt_PT","og_type":"article","og_title":"Jornadas Europeias do Patrim\u00f3nio | Rio Maior - Tribunal Judicial da Comarca de Santar\u00e9m","og_description":"\u00a0 No passado dia 26 de setembro de 2025, realizou-se no Pal\u00e1cio da Justi\u00e7a de\u00a0Rio\u00a0Maior\u00a0a confer\u00eancia &#8220;Afirma\u00e7\u00e3o da Arquitetura Moderna em Portugal: os Arquitetos e as Obras&#8221;, organizada pelo Clube UNESCO para o Patrim\u00f3nio Cultural...","og_url":"https:\/\/comarcas.csm.org.pt\/santarem\/blog\/2025\/09\/26\/jornadas-europeias-do-patrimonio-rio-maior\/","og_site_name":"Tribunal Judicial da Comarca de Santar\u00e9m","article_published_time":"2025-09-26T17:27:42+00:00","article_modified_time":"2025-10-20T13:08:08+00:00","og_image":[{"width":1600,"height":1200,"url":"https:\/\/comarcas.csm.org.pt\/santarem\/wp-content\/uploads\/sites\/24\/2025\/10\/Foto-jornadas-patrimonio-RMR-8.jpeg","type":"image\/jpeg"}],"author":"santarem","twitter_card":"summary_large_image","twitter_misc":{"Escrito por":"santarem","Tempo estimado de leitura":"3 minutos"},"schema":{"@context":"https:\/\/schema.org","@graph":[{"@type":"Article","@id":"https:\/\/comarcas.csm.org.pt\/santarem\/blog\/2025\/09\/26\/jornadas-europeias-do-patrimonio-rio-maior\/#article","isPartOf":{"@id":"https:\/\/comarcas.csm.org.pt\/santarem\/blog\/2025\/09\/26\/jornadas-europeias-do-patrimonio-rio-maior\/"},"author":{"name":"santarem","@id":"https:\/\/comarcas.csm.org.pt\/santarem\/#\/schema\/person\/5fd90c1542a6b7618d34dc9e9dd201ce"},"headline":"Jornadas Europeias do Patrim\u00f3nio | Rio Maior","datePublished":"2025-09-26T17:27:42+00:00","dateModified":"2025-10-20T13:08:08+00:00","mainEntityOfPage":{"@id":"https:\/\/comarcas.csm.org.pt\/santarem\/blog\/2025\/09\/26\/jornadas-europeias-do-patrimonio-rio-maior\/"},"wordCount":304,"publisher":{"@id":"https:\/\/comarcas.csm.org.pt\/santarem\/#organization"},"image":{"@id":"https:\/\/comarcas.csm.org.pt\/santarem\/blog\/2025\/09\/26\/jornadas-europeias-do-patrimonio-rio-maior\/#primaryimage"},"thumbnailUrl":"https:\/\/comarcas.csm.org.pt\/santarem\/wp-content\/uploads\/sites\/24\/2025\/10\/Foto-jornadas-patrimonio-RMR-8.jpeg","articleSection":["Eventos","Geral","Not\u00edcias"],"inLanguage":"pt-PT"},{"@type":"WebPage","@id":"https:\/\/comarcas.csm.org.pt\/santarem\/blog\/2025\/09\/26\/jornadas-europeias-do-patrimonio-rio-maior\/","url":"https:\/\/comarcas.csm.org.pt\/santarem\/blog\/2025\/09\/26\/jornadas-europeias-do-patrimonio-rio-maior\/","name":"Jornadas Europeias do Patrim\u00f3nio | Rio Maior - Tribunal Judicial da Comarca de Santar\u00e9m","isPartOf":{"@id":"https:\/\/comarcas.csm.org.pt\/santarem\/#website"},"primaryImageOfPage":{"@id":"https:\/\/comarcas.csm.org.pt\/santarem\/blog\/2025\/09\/26\/jornadas-europeias-do-patrimonio-rio-maior\/#primaryimage"},"image":{"@id":"https:\/\/comarcas.csm.org.pt\/santarem\/blog\/2025\/09\/26\/jornadas-europeias-do-patrimonio-rio-maior\/#primaryimage"},"thumbnailUrl":"https:\/\/comarcas.csm.org.pt\/santarem\/wp-content\/uploads\/sites\/24\/2025\/10\/Foto-jornadas-patrimonio-RMR-8.jpeg","datePublished":"2025-09-26T17:27:42+00:00","dateModified":"2025-10-20T13:08:08+00:00","breadcrumb":{"@id":"https:\/\/comarcas.csm.org.pt\/santarem\/blog\/2025\/09\/26\/jornadas-europeias-do-patrimonio-rio-maior\/#breadcrumb"},"inLanguage":"pt-PT","potentialAction":[{"@type":"ReadAction","target":["https:\/\/comarcas.csm.org.pt\/santarem\/blog\/2025\/09\/26\/jornadas-europeias-do-patrimonio-rio-maior\/"]}]},{"@type":"ImageObject","inLanguage":"pt-PT","@id":"https:\/\/comarcas.csm.org.pt\/santarem\/blog\/2025\/09\/26\/jornadas-europeias-do-patrimonio-rio-maior\/#primaryimage","url":"https:\/\/comarcas.csm.org.pt\/santarem\/wp-content\/uploads\/sites\/24\/2025\/10\/Foto-jornadas-patrimonio-RMR-8.jpeg","contentUrl":"https:\/\/comarcas.csm.org.pt\/santarem\/wp-content\/uploads\/sites\/24\/2025\/10\/Foto-jornadas-patrimonio-RMR-8.jpeg","width":1600,"height":1200},{"@type":"BreadcrumbList","@id":"https:\/\/comarcas.csm.org.pt\/santarem\/blog\/2025\/09\/26\/jornadas-europeias-do-patrimonio-rio-maior\/#breadcrumb","itemListElement":[{"@type":"ListItem","position":1,"name":"In\u00edcio","item":"https:\/\/comarcas.csm.org.pt\/santarem\/"},{"@type":"ListItem","position":2,"name":"Jornadas Europeias do Patrim\u00f3nio | Rio Maior"}]},{"@type":"WebSite","@id":"https:\/\/comarcas.csm.org.pt\/santarem\/#website","url":"https:\/\/comarcas.csm.org.pt\/santarem\/","name":"Tribunal Judicial da Comarca de Santar\u00e9m","description":"Tribunal Judicial da Comarca de Santar\u00e9m","publisher":{"@id":"https:\/\/comarcas.csm.org.pt\/santarem\/#organization"},"potentialAction":[{"@type":"SearchAction","target":{"@type":"EntryPoint","urlTemplate":"https:\/\/comarcas.csm.org.pt\/santarem\/?s={search_term_string}"},"query-input":{"@type":"PropertyValueSpecification","valueRequired":true,"valueName":"search_term_string"}}],"inLanguage":"pt-PT"},{"@type":"Organization","@id":"https:\/\/comarcas.csm.org.pt\/santarem\/#organization","name":"Tribunal Judicial da Comarca de Santar\u00e9m","url":"https:\/\/comarcas.csm.org.pt\/santarem\/","logo":{"@type":"ImageObject","inLanguage":"pt-PT","@id":"https:\/\/comarcas.csm.org.pt\/santarem\/#\/schema\/logo\/image\/","url":"https:\/\/comarcas.csm.org.pt\/santarem\/wp-content\/uploads\/sites\/24\/2024\/11\/Santarem_positivo-horizontal.png","contentUrl":"https:\/\/comarcas.csm.org.pt\/santarem\/wp-content\/uploads\/sites\/24\/2024\/11\/Santarem_positivo-horizontal.png","width":4842,"height":890,"caption":"Tribunal Judicial da Comarca de Santar\u00e9m"},"image":{"@id":"https:\/\/comarcas.csm.org.pt\/santarem\/#\/schema\/logo\/image\/"}},{"@type":"Person","@id":"https:\/\/comarcas.csm.org.pt\/santarem\/#\/schema\/person\/5fd90c1542a6b7618d34dc9e9dd201ce","name":"santarem","image":{"@type":"ImageObject","inLanguage":"pt-PT","@id":"https:\/\/comarcas.csm.org.pt\/santarem\/#\/schema\/person\/image\/","url":"https:\/\/secure.gravatar.com\/avatar\/8be77e04d594549bae7e8fd797832ba4f022a4b0890c90ff1b3a7c0cd8dfabc0?s=96&d=mm&r=g","contentUrl":"https:\/\/secure.gravatar.com\/avatar\/8be77e04d594549bae7e8fd797832ba4f022a4b0890c90ff1b3a7c0cd8dfabc0?s=96&d=mm&r=g","caption":"santarem"},"url":"https:\/\/comarcas.csm.org.pt\/santarem\/blog\/author\/santarem\/"}]}},"_links":{"self":[{"href":"https:\/\/comarcas.csm.org.pt\/santarem\/wp-json\/wp\/v2\/posts\/13473","targetHints":{"allow":["GET"]}}],"collection":[{"href":"https:\/\/comarcas.csm.org.pt\/santarem\/wp-json\/wp\/v2\/posts"}],"about":[{"href":"https:\/\/comarcas.csm.org.pt\/santarem\/wp-json\/wp\/v2\/types\/post"}],"author":[{"embeddable":true,"href":"https:\/\/comarcas.csm.org.pt\/santarem\/wp-json\/wp\/v2\/users\/24"}],"replies":[{"embeddable":true,"href":"https:\/\/comarcas.csm.org.pt\/santarem\/wp-json\/wp\/v2\/comments?post=13473"}],"version-history":[{"count":11,"href":"https:\/\/comarcas.csm.org.pt\/santarem\/wp-json\/wp\/v2\/posts\/13473\/revisions"}],"predecessor-version":[{"id":13490,"href":"https:\/\/comarcas.csm.org.pt\/santarem\/wp-json\/wp\/v2\/posts\/13473\/revisions\/13490"}],"wp:featuredmedia":[{"embeddable":true,"href":"https:\/\/comarcas.csm.org.pt\/santarem\/wp-json\/wp\/v2\/media\/13474"}],"wp:attachment":[{"href":"https:\/\/comarcas.csm.org.pt\/santarem\/wp-json\/wp\/v2\/media?parent=13473"}],"wp:term":[{"taxonomy":"category","embeddable":true,"href":"https:\/\/comarcas.csm.org.pt\/santarem\/wp-json\/wp\/v2\/categories?post=13473"},{"taxonomy":"post_tag","embeddable":true,"href":"https:\/\/comarcas.csm.org.pt\/santarem\/wp-json\/wp\/v2\/tags?post=13473"}],"curies":[{"name":"wp","href":"https:\/\/api.w.org\/{rel}","templated":true}]}}