{"id":13510,"date":"2025-10-22T10:59:10","date_gmt":"2025-10-22T13:59:10","guid":{"rendered":"https:\/\/comarcas.csm.org.pt\/santarem\/?p=13510"},"modified":"2025-10-22T11:03:18","modified_gmt":"2025-10-22T14:03:18","slug":"visita-iefp-centro-de-formacao-profissional-de-santarem-salvaterra-de-magos","status":"publish","type":"post","link":"https:\/\/comarcas.csm.org.pt\/santarem\/blog\/2025\/10\/22\/visita-iefp-centro-de-formacao-profissional-de-santarem-salvaterra-de-magos\/","title":{"rendered":"Visita IEFP &#8211; Centro de Forma\u00e7\u00e3o Profissional de Santar\u00e9m &#8211; Salvaterra de Magos"},"content":{"rendered":"\t\t<div data-elementor-type=\"wp-post\" data-elementor-id=\"13510\" class=\"elementor elementor-13510\" data-elementor-post-type=\"post\">\n\t\t\t\t<div class=\"elementor-element elementor-element-1180abd e-flex e-con-boxed e-con e-parent\" data-id=\"1180abd\" data-element_type=\"container\">\n\t\t\t\t\t<div class=\"e-con-inner\">\n\t\t<div class=\"elementor-element elementor-element-db774a4 e-con-full e-flex e-con e-child\" data-id=\"db774a4\" data-element_type=\"container\">\n\t\t\t\t<div class=\"elementor-element elementor-element-545e91c elementor-widget elementor-widget-text-editor\" data-id=\"545e91c\" data-element_type=\"widget\" data-widget_type=\"text-editor.default\">\n\t\t\t\t<div class=\"elementor-widget-container\">\n\t\t\t\t\t\t\t\t\t<div><p>No passado dia 15 de outubro de 2025, em mais um momento de abertura da Comarca de Santar\u00e9m \u00e0 comunidade, no \u00e2mbito da disciplina de Cidadania, o tribunal acolheu 15 alunos do curso de T\u00e9cnico de A\u00e7\u00e3o Educativa ministrado pelo IEFP &#8211; Centro de Forma\u00e7\u00e3o Profissional de Santar\u00e9m &#8211; Salvaterra de Magos, no Pal\u00e1cio da Justi\u00e7a I de Santar\u00e9m.<\/p><p>\u00a0<\/p><\/div><div><p>Os formandos puderam assistir a parte de uma audi\u00eancia de julgamento, em processo coletivo, seguindo-se uma pequena visita guiada ao Pal\u00e1cio da Justi\u00e7a onde se falou da sua hist\u00f3ria, da organiza\u00e7\u00e3o judici\u00e1ria e do servi\u00e7o de justi\u00e7a que \u00e9 prestado pelos tribunais.<\/p><p>\u00a0<\/p><\/div><div><p>A curiosidade, o interesse demonstrado e o desconhecimento do Judici\u00e1rio justificam que a Comarca de Santar\u00e9m continue a acolher e apoiar estas iniciativas.<\/p><\/div>\t\t\t\t\t\t\t\t<\/div>\n\t\t\t\t<\/div>\n\t\t\t\t<\/div>\n\t\t<div class=\"elementor-element elementor-element-dbd0aa2 e-con-full e-flex e-con e-child\" data-id=\"dbd0aa2\" data-element_type=\"container\">\n\t\t\t\t<div class=\"elementor-element elementor-element-54b6364 elementor-widget elementor-widget-image\" data-id=\"54b6364\" data-element_type=\"widget\" data-widget_type=\"image.default\">\n\t\t\t\t<div class=\"elementor-widget-container\">\n\t\t\t\t\t\t\t\t\t\t\t\t\t\t\t<img fetchpriority=\"high\" decoding=\"async\" width=\"800\" height=\"600\" src=\"https:\/\/comarcas.csm.org.pt\/santarem\/wp-content\/uploads\/sites\/24\/2025\/10\/Foto-IEFP.jpg\" class=\"attachment-large size-large wp-image-13509\" alt=\"\" srcset=\"https:\/\/comarcas.csm.org.pt\/santarem\/wp-content\/uploads\/sites\/24\/2025\/10\/Foto-IEFP.jpg 800w, https:\/\/comarcas.csm.org.pt\/santarem\/wp-content\/uploads\/sites\/24\/2025\/10\/Foto-IEFP-300x225.jpg 300w, https:\/\/comarcas.csm.org.pt\/santarem\/wp-content\/uploads\/sites\/24\/2025\/10\/Foto-IEFP-768x576.jpg 768w\" sizes=\"(max-width: 800px) 100vw, 800px\" \/>\t\t\t\t\t\t\t\t\t\t\t\t\t\t\t<\/div>\n\t\t\t\t<\/div>\n\t\t\t\t<\/div>\n\t\t\t\t\t<\/div>\n\t\t\t\t<\/div>\n\t\t\t\t<\/div>\n\t\t","protected":false},"excerpt":{"rendered":"<p>No passado dia 15 de outubro de 2025, em mais um momento de abertura da Comarca de Santar\u00e9m \u00e0 comunidade, no \u00e2mbito da disciplina de Cidadania, o tribunal acolheu 15 alunos do curso de T\u00e9cnico&#8230;<\/p>\n","protected":false},"author":24,"featured_media":13509,"comment_status":"closed","ping_status":"open","sticky":false,"template":"","format":"standard","meta":{"_tbt_post_transparent":"","_tbt_post_title":"","_tbt_post_layout":"","_tbt_post_sidebar_id":"","_tbt_post_content_style":"","_tbt_post_vertical_padding":"","_tbt_post_feature":"","_tbt_post_feature_position":"","_tbt_post_header":false,"_tbt_post_footer":false},"categories":[1],"tags":[],"class_list":["post-13510","post","type-post","status-publish","format-standard","has-post-thumbnail","hentry","category-geral"],"yoast_head":"<!-- This site is optimized with the Yoast SEO plugin v25.6 - https:\/\/yoast.com\/wordpress\/plugins\/seo\/ -->\n<title>Visita IEFP - Centro de Forma\u00e7\u00e3o Profissional de Santar\u00e9m - Salvaterra de Magos - Tribunal Judicial da Comarca de Santar\u00e9m<\/title>\n<meta name=\"robots\" content=\"index, follow, max-snippet:-1, max-image-preview:large, max-video-preview:-1\" \/>\n<link rel=\"canonical\" href=\"https:\/\/comarcas.csm.org.pt\/santarem\/blog\/2025\/10\/22\/visita-iefp-centro-de-formacao-profissional-de-santarem-salvaterra-de-magos\/\" \/>\n<meta property=\"og:locale\" content=\"pt_PT\" \/>\n<meta property=\"og:type\" content=\"article\" \/>\n<meta property=\"og:title\" content=\"Visita IEFP - Centro de Forma\u00e7\u00e3o Profissional de Santar\u00e9m - Salvaterra de Magos - Tribunal Judicial da Comarca de Santar\u00e9m\" \/>\n<meta property=\"og:description\" content=\"No passado dia 15 de outubro de 2025, em mais um momento de abertura da Comarca de Santar\u00e9m \u00e0 comunidade, no \u00e2mbito da disciplina de Cidadania, o tribunal acolheu 15 alunos do curso de T\u00e9cnico...\" \/>\n<meta property=\"og:url\" content=\"https:\/\/comarcas.csm.org.pt\/santarem\/blog\/2025\/10\/22\/visita-iefp-centro-de-formacao-profissional-de-santarem-salvaterra-de-magos\/\" \/>\n<meta property=\"og:site_name\" content=\"Tribunal Judicial da Comarca de Santar\u00e9m\" \/>\n<meta property=\"article:published_time\" content=\"2025-10-22T13:59:10+00:00\" \/>\n<meta property=\"article:modified_time\" content=\"2025-10-22T14:03:18+00:00\" \/>\n<meta property=\"og:image\" content=\"https:\/\/comarcas.csm.org.pt\/santarem\/wp-content\/uploads\/sites\/24\/2025\/10\/Foto-IEFP.jpg\" \/>\n\t<meta property=\"og:image:width\" content=\"800\" \/>\n\t<meta property=\"og:image:height\" content=\"600\" \/>\n\t<meta property=\"og:image:type\" content=\"image\/jpeg\" \/>\n<meta name=\"author\" content=\"santarem\" \/>\n<meta name=\"twitter:card\" content=\"summary_large_image\" \/>\n<meta name=\"twitter:label1\" content=\"Escrito por\" \/>\n\t<meta name=\"twitter:data1\" content=\"santarem\" \/>\n\t<meta name=\"twitter:label2\" content=\"Tempo estimado de leitura\" \/>\n\t<meta name=\"twitter:data2\" content=\"1 minuto\" \/>\n<script type=\"application\/ld+json\" class=\"yoast-schema-graph\">{\"@context\":\"https:\/\/schema.org\",\"@graph\":[{\"@type\":\"Article\",\"@id\":\"https:\/\/comarcas.csm.org.pt\/santarem\/blog\/2025\/10\/22\/visita-iefp-centro-de-formacao-profissional-de-santarem-salvaterra-de-magos\/#article\",\"isPartOf\":{\"@id\":\"https:\/\/comarcas.csm.org.pt\/santarem\/blog\/2025\/10\/22\/visita-iefp-centro-de-formacao-profissional-de-santarem-salvaterra-de-magos\/\"},\"author\":{\"name\":\"santarem\",\"@id\":\"https:\/\/comarcas.csm.org.pt\/santarem\/#\/schema\/person\/5fd90c1542a6b7618d34dc9e9dd201ce\"},\"headline\":\"Visita IEFP &#8211; Centro de Forma\u00e7\u00e3o Profissional de Santar\u00e9m &#8211; Salvaterra de Magos\",\"datePublished\":\"2025-10-22T13:59:10+00:00\",\"dateModified\":\"2025-10-22T14:03:18+00:00\",\"mainEntityOfPage\":{\"@id\":\"https:\/\/comarcas.csm.org.pt\/santarem\/blog\/2025\/10\/22\/visita-iefp-centro-de-formacao-profissional-de-santarem-salvaterra-de-magos\/\"},\"wordCount\":152,\"publisher\":{\"@id\":\"https:\/\/comarcas.csm.org.pt\/santarem\/#organization\"},\"image\":{\"@id\":\"https:\/\/comarcas.csm.org.pt\/santarem\/blog\/2025\/10\/22\/visita-iefp-centro-de-formacao-profissional-de-santarem-salvaterra-de-magos\/#primaryimage\"},\"thumbnailUrl\":\"https:\/\/comarcas.csm.org.pt\/santarem\/wp-content\/uploads\/sites\/24\/2025\/10\/Foto-IEFP.jpg\",\"articleSection\":[\"Geral\"],\"inLanguage\":\"pt-PT\"},{\"@type\":\"WebPage\",\"@id\":\"https:\/\/comarcas.csm.org.pt\/santarem\/blog\/2025\/10\/22\/visita-iefp-centro-de-formacao-profissional-de-santarem-salvaterra-de-magos\/\",\"url\":\"https:\/\/comarcas.csm.org.pt\/santarem\/blog\/2025\/10\/22\/visita-iefp-centro-de-formacao-profissional-de-santarem-salvaterra-de-magos\/\",\"name\":\"Visita IEFP - Centro de Forma\u00e7\u00e3o Profissional de Santar\u00e9m - Salvaterra de Magos - Tribunal Judicial da Comarca de Santar\u00e9m\",\"isPartOf\":{\"@id\":\"https:\/\/comarcas.csm.org.pt\/santarem\/#website\"},\"primaryImageOfPage\":{\"@id\":\"https:\/\/comarcas.csm.org.pt\/santarem\/blog\/2025\/10\/22\/visita-iefp-centro-de-formacao-profissional-de-santarem-salvaterra-de-magos\/#primaryimage\"},\"image\":{\"@id\":\"https:\/\/comarcas.csm.org.pt\/santarem\/blog\/2025\/10\/22\/visita-iefp-centro-de-formacao-profissional-de-santarem-salvaterra-de-magos\/#primaryimage\"},\"thumbnailUrl\":\"https:\/\/comarcas.csm.org.pt\/santarem\/wp-content\/uploads\/sites\/24\/2025\/10\/Foto-IEFP.jpg\",\"datePublished\":\"2025-10-22T13:59:10+00:00\",\"dateModified\":\"2025-10-22T14:03:18+00:00\",\"breadcrumb\":{\"@id\":\"https:\/\/comarcas.csm.org.pt\/santarem\/blog\/2025\/10\/22\/visita-iefp-centro-de-formacao-profissional-de-santarem-salvaterra-de-magos\/#breadcrumb\"},\"inLanguage\":\"pt-PT\",\"potentialAction\":[{\"@type\":\"ReadAction\",\"target\":[\"https:\/\/comarcas.csm.org.pt\/santarem\/blog\/2025\/10\/22\/visita-iefp-centro-de-formacao-profissional-de-santarem-salvaterra-de-magos\/\"]}]},{\"@type\":\"ImageObject\",\"inLanguage\":\"pt-PT\",\"@id\":\"https:\/\/comarcas.csm.org.pt\/santarem\/blog\/2025\/10\/22\/visita-iefp-centro-de-formacao-profissional-de-santarem-salvaterra-de-magos\/#primaryimage\",\"url\":\"https:\/\/comarcas.csm.org.pt\/santarem\/wp-content\/uploads\/sites\/24\/2025\/10\/Foto-IEFP.jpg\",\"contentUrl\":\"https:\/\/comarcas.csm.org.pt\/santarem\/wp-content\/uploads\/sites\/24\/2025\/10\/Foto-IEFP.jpg\",\"width\":800,\"height\":600},{\"@type\":\"BreadcrumbList\",\"@id\":\"https:\/\/comarcas.csm.org.pt\/santarem\/blog\/2025\/10\/22\/visita-iefp-centro-de-formacao-profissional-de-santarem-salvaterra-de-magos\/#breadcrumb\",\"itemListElement\":[{\"@type\":\"ListItem\",\"position\":1,\"name\":\"In\u00edcio\",\"item\":\"https:\/\/comarcas.csm.org.pt\/santarem\/\"},{\"@type\":\"ListItem\",\"position\":2,\"name\":\"Visita IEFP &#8211; Centro de Forma\u00e7\u00e3o Profissional de Santar\u00e9m &#8211; Salvaterra de Magos\"}]},{\"@type\":\"WebSite\",\"@id\":\"https:\/\/comarcas.csm.org.pt\/santarem\/#website\",\"url\":\"https:\/\/comarcas.csm.org.pt\/santarem\/\",\"name\":\"Tribunal Judicial da Comarca de Santar\u00e9m\",\"description\":\"Tribunal Judicial da Comarca de Santar\u00e9m\",\"publisher\":{\"@id\":\"https:\/\/comarcas.csm.org.pt\/santarem\/#organization\"},\"potentialAction\":[{\"@type\":\"SearchAction\",\"target\":{\"@type\":\"EntryPoint\",\"urlTemplate\":\"https:\/\/comarcas.csm.org.pt\/santarem\/?s={search_term_string}\"},\"query-input\":{\"@type\":\"PropertyValueSpecification\",\"valueRequired\":true,\"valueName\":\"search_term_string\"}}],\"inLanguage\":\"pt-PT\"},{\"@type\":\"Organization\",\"@id\":\"https:\/\/comarcas.csm.org.pt\/santarem\/#organization\",\"name\":\"Tribunal Judicial da Comarca de Santar\u00e9m\",\"url\":\"https:\/\/comarcas.csm.org.pt\/santarem\/\",\"logo\":{\"@type\":\"ImageObject\",\"inLanguage\":\"pt-PT\",\"@id\":\"https:\/\/comarcas.csm.org.pt\/santarem\/#\/schema\/logo\/image\/\",\"url\":\"https:\/\/comarcas.csm.org.pt\/santarem\/wp-content\/uploads\/sites\/24\/2024\/11\/Santarem_positivo-horizontal.png\",\"contentUrl\":\"https:\/\/comarcas.csm.org.pt\/santarem\/wp-content\/uploads\/sites\/24\/2024\/11\/Santarem_positivo-horizontal.png\",\"width\":4842,\"height\":890,\"caption\":\"Tribunal Judicial da Comarca de Santar\u00e9m\"},\"image\":{\"@id\":\"https:\/\/comarcas.csm.org.pt\/santarem\/#\/schema\/logo\/image\/\"}},{\"@type\":\"Person\",\"@id\":\"https:\/\/comarcas.csm.org.pt\/santarem\/#\/schema\/person\/5fd90c1542a6b7618d34dc9e9dd201ce\",\"name\":\"santarem\",\"image\":{\"@type\":\"ImageObject\",\"inLanguage\":\"pt-PT\",\"@id\":\"https:\/\/comarcas.csm.org.pt\/santarem\/#\/schema\/person\/image\/\",\"url\":\"https:\/\/secure.gravatar.com\/avatar\/8be77e04d594549bae7e8fd797832ba4f022a4b0890c90ff1b3a7c0cd8dfabc0?s=96&d=mm&r=g\",\"contentUrl\":\"https:\/\/secure.gravatar.com\/avatar\/8be77e04d594549bae7e8fd797832ba4f022a4b0890c90ff1b3a7c0cd8dfabc0?s=96&d=mm&r=g\",\"caption\":\"santarem\"},\"url\":\"https:\/\/comarcas.csm.org.pt\/santarem\/blog\/author\/santarem\/\"}]}<\/script>\n<!-- \/ Yoast SEO plugin. -->","yoast_head_json":{"title":"Visita IEFP - Centro de Forma\u00e7\u00e3o Profissional de Santar\u00e9m - Salvaterra de Magos - Tribunal Judicial da Comarca de Santar\u00e9m","robots":{"index":"index","follow":"follow","max-snippet":"max-snippet:-1","max-image-preview":"max-image-preview:large","max-video-preview":"max-video-preview:-1"},"canonical":"https:\/\/comarcas.csm.org.pt\/santarem\/blog\/2025\/10\/22\/visita-iefp-centro-de-formacao-profissional-de-santarem-salvaterra-de-magos\/","og_locale":"pt_PT","og_type":"article","og_title":"Visita IEFP - Centro de Forma\u00e7\u00e3o Profissional de Santar\u00e9m - Salvaterra de Magos - Tribunal Judicial da Comarca de Santar\u00e9m","og_description":"No passado dia 15 de outubro de 2025, em mais um momento de abertura da Comarca de Santar\u00e9m \u00e0 comunidade, no \u00e2mbito da disciplina de Cidadania, o tribunal acolheu 15 alunos do curso de T\u00e9cnico...","og_url":"https:\/\/comarcas.csm.org.pt\/santarem\/blog\/2025\/10\/22\/visita-iefp-centro-de-formacao-profissional-de-santarem-salvaterra-de-magos\/","og_site_name":"Tribunal Judicial da Comarca de Santar\u00e9m","article_published_time":"2025-10-22T13:59:10+00:00","article_modified_time":"2025-10-22T14:03:18+00:00","og_image":[{"width":800,"height":600,"url":"https:\/\/comarcas.csm.org.pt\/santarem\/wp-content\/uploads\/sites\/24\/2025\/10\/Foto-IEFP.jpg","type":"image\/jpeg"}],"author":"santarem","twitter_card":"summary_large_image","twitter_misc":{"Escrito por":"santarem","Tempo estimado de leitura":"1 minuto"},"schema":{"@context":"https:\/\/schema.org","@graph":[{"@type":"Article","@id":"https:\/\/comarcas.csm.org.pt\/santarem\/blog\/2025\/10\/22\/visita-iefp-centro-de-formacao-profissional-de-santarem-salvaterra-de-magos\/#article","isPartOf":{"@id":"https:\/\/comarcas.csm.org.pt\/santarem\/blog\/2025\/10\/22\/visita-iefp-centro-de-formacao-profissional-de-santarem-salvaterra-de-magos\/"},"author":{"name":"santarem","@id":"https:\/\/comarcas.csm.org.pt\/santarem\/#\/schema\/person\/5fd90c1542a6b7618d34dc9e9dd201ce"},"headline":"Visita IEFP &#8211; Centro de Forma\u00e7\u00e3o Profissional de Santar\u00e9m &#8211; Salvaterra de Magos","datePublished":"2025-10-22T13:59:10+00:00","dateModified":"2025-10-22T14:03:18+00:00","mainEntityOfPage":{"@id":"https:\/\/comarcas.csm.org.pt\/santarem\/blog\/2025\/10\/22\/visita-iefp-centro-de-formacao-profissional-de-santarem-salvaterra-de-magos\/"},"wordCount":152,"publisher":{"@id":"https:\/\/comarcas.csm.org.pt\/santarem\/#organization"},"image":{"@id":"https:\/\/comarcas.csm.org.pt\/santarem\/blog\/2025\/10\/22\/visita-iefp-centro-de-formacao-profissional-de-santarem-salvaterra-de-magos\/#primaryimage"},"thumbnailUrl":"https:\/\/comarcas.csm.org.pt\/santarem\/wp-content\/uploads\/sites\/24\/2025\/10\/Foto-IEFP.jpg","articleSection":["Geral"],"inLanguage":"pt-PT"},{"@type":"WebPage","@id":"https:\/\/comarcas.csm.org.pt\/santarem\/blog\/2025\/10\/22\/visita-iefp-centro-de-formacao-profissional-de-santarem-salvaterra-de-magos\/","url":"https:\/\/comarcas.csm.org.pt\/santarem\/blog\/2025\/10\/22\/visita-iefp-centro-de-formacao-profissional-de-santarem-salvaterra-de-magos\/","name":"Visita IEFP - Centro de Forma\u00e7\u00e3o Profissional de Santar\u00e9m - Salvaterra de Magos - Tribunal Judicial da Comarca de Santar\u00e9m","isPartOf":{"@id":"https:\/\/comarcas.csm.org.pt\/santarem\/#website"},"primaryImageOfPage":{"@id":"https:\/\/comarcas.csm.org.pt\/santarem\/blog\/2025\/10\/22\/visita-iefp-centro-de-formacao-profissional-de-santarem-salvaterra-de-magos\/#primaryimage"},"image":{"@id":"https:\/\/comarcas.csm.org.pt\/santarem\/blog\/2025\/10\/22\/visita-iefp-centro-de-formacao-profissional-de-santarem-salvaterra-de-magos\/#primaryimage"},"thumbnailUrl":"https:\/\/comarcas.csm.org.pt\/santarem\/wp-content\/uploads\/sites\/24\/2025\/10\/Foto-IEFP.jpg","datePublished":"2025-10-22T13:59:10+00:00","dateModified":"2025-10-22T14:03:18+00:00","breadcrumb":{"@id":"https:\/\/comarcas.csm.org.pt\/santarem\/blog\/2025\/10\/22\/visita-iefp-centro-de-formacao-profissional-de-santarem-salvaterra-de-magos\/#breadcrumb"},"inLanguage":"pt-PT","potentialAction":[{"@type":"ReadAction","target":["https:\/\/comarcas.csm.org.pt\/santarem\/blog\/2025\/10\/22\/visita-iefp-centro-de-formacao-profissional-de-santarem-salvaterra-de-magos\/"]}]},{"@type":"ImageObject","inLanguage":"pt-PT","@id":"https:\/\/comarcas.csm.org.pt\/santarem\/blog\/2025\/10\/22\/visita-iefp-centro-de-formacao-profissional-de-santarem-salvaterra-de-magos\/#primaryimage","url":"https:\/\/comarcas.csm.org.pt\/santarem\/wp-content\/uploads\/sites\/24\/2025\/10\/Foto-IEFP.jpg","contentUrl":"https:\/\/comarcas.csm.org.pt\/santarem\/wp-content\/uploads\/sites\/24\/2025\/10\/Foto-IEFP.jpg","width":800,"height":600},{"@type":"BreadcrumbList","@id":"https:\/\/comarcas.csm.org.pt\/santarem\/blog\/2025\/10\/22\/visita-iefp-centro-de-formacao-profissional-de-santarem-salvaterra-de-magos\/#breadcrumb","itemListElement":[{"@type":"ListItem","position":1,"name":"In\u00edcio","item":"https:\/\/comarcas.csm.org.pt\/santarem\/"},{"@type":"ListItem","position":2,"name":"Visita IEFP &#8211; Centro de Forma\u00e7\u00e3o Profissional de Santar\u00e9m &#8211; Salvaterra de Magos"}]},{"@type":"WebSite","@id":"https:\/\/comarcas.csm.org.pt\/santarem\/#website","url":"https:\/\/comarcas.csm.org.pt\/santarem\/","name":"Tribunal Judicial da Comarca de Santar\u00e9m","description":"Tribunal Judicial da Comarca de Santar\u00e9m","publisher":{"@id":"https:\/\/comarcas.csm.org.pt\/santarem\/#organization"},"potentialAction":[{"@type":"SearchAction","target":{"@type":"EntryPoint","urlTemplate":"https:\/\/comarcas.csm.org.pt\/santarem\/?s={search_term_string}"},"query-input":{"@type":"PropertyValueSpecification","valueRequired":true,"valueName":"search_term_string"}}],"inLanguage":"pt-PT"},{"@type":"Organization","@id":"https:\/\/comarcas.csm.org.pt\/santarem\/#organization","name":"Tribunal Judicial da Comarca de Santar\u00e9m","url":"https:\/\/comarcas.csm.org.pt\/santarem\/","logo":{"@type":"ImageObject","inLanguage":"pt-PT","@id":"https:\/\/comarcas.csm.org.pt\/santarem\/#\/schema\/logo\/image\/","url":"https:\/\/comarcas.csm.org.pt\/santarem\/wp-content\/uploads\/sites\/24\/2024\/11\/Santarem_positivo-horizontal.png","contentUrl":"https:\/\/comarcas.csm.org.pt\/santarem\/wp-content\/uploads\/sites\/24\/2024\/11\/Santarem_positivo-horizontal.png","width":4842,"height":890,"caption":"Tribunal Judicial da Comarca de Santar\u00e9m"},"image":{"@id":"https:\/\/comarcas.csm.org.pt\/santarem\/#\/schema\/logo\/image\/"}},{"@type":"Person","@id":"https:\/\/comarcas.csm.org.pt\/santarem\/#\/schema\/person\/5fd90c1542a6b7618d34dc9e9dd201ce","name":"santarem","image":{"@type":"ImageObject","inLanguage":"pt-PT","@id":"https:\/\/comarcas.csm.org.pt\/santarem\/#\/schema\/person\/image\/","url":"https:\/\/secure.gravatar.com\/avatar\/8be77e04d594549bae7e8fd797832ba4f022a4b0890c90ff1b3a7c0cd8dfabc0?s=96&d=mm&r=g","contentUrl":"https:\/\/secure.gravatar.com\/avatar\/8be77e04d594549bae7e8fd797832ba4f022a4b0890c90ff1b3a7c0cd8dfabc0?s=96&d=mm&r=g","caption":"santarem"},"url":"https:\/\/comarcas.csm.org.pt\/santarem\/blog\/author\/santarem\/"}]}},"_links":{"self":[{"href":"https:\/\/comarcas.csm.org.pt\/santarem\/wp-json\/wp\/v2\/posts\/13510","targetHints":{"allow":["GET"]}}],"collection":[{"href":"https:\/\/comarcas.csm.org.pt\/santarem\/wp-json\/wp\/v2\/posts"}],"about":[{"href":"https:\/\/comarcas.csm.org.pt\/santarem\/wp-json\/wp\/v2\/types\/post"}],"author":[{"embeddable":true,"href":"https:\/\/comarcas.csm.org.pt\/santarem\/wp-json\/wp\/v2\/users\/24"}],"replies":[{"embeddable":true,"href":"https:\/\/comarcas.csm.org.pt\/santarem\/wp-json\/wp\/v2\/comments?post=13510"}],"version-history":[{"count":7,"href":"https:\/\/comarcas.csm.org.pt\/santarem\/wp-json\/wp\/v2\/posts\/13510\/revisions"}],"predecessor-version":[{"id":13517,"href":"https:\/\/comarcas.csm.org.pt\/santarem\/wp-json\/wp\/v2\/posts\/13510\/revisions\/13517"}],"wp:featuredmedia":[{"embeddable":true,"href":"https:\/\/comarcas.csm.org.pt\/santarem\/wp-json\/wp\/v2\/media\/13509"}],"wp:attachment":[{"href":"https:\/\/comarcas.csm.org.pt\/santarem\/wp-json\/wp\/v2\/media?parent=13510"}],"wp:term":[{"taxonomy":"category","embeddable":true,"href":"https:\/\/comarcas.csm.org.pt\/santarem\/wp-json\/wp\/v2\/categories?post=13510"},{"taxonomy":"post_tag","embeddable":true,"href":"https:\/\/comarcas.csm.org.pt\/santarem\/wp-json\/wp\/v2\/tags?post=13510"}],"curies":[{"name":"wp","href":"https:\/\/api.w.org\/{rel}","templated":true}]}}