{"id":13522,"date":"2025-10-17T11:05:43","date_gmt":"2025-10-17T14:05:43","guid":{"rendered":"https:\/\/comarcas.csm.org.pt\/santarem\/?p=13522"},"modified":"2025-10-29T10:34:42","modified_gmt":"2025-10-29T13:34:42","slug":"formacao-apresentacao-e-demonstracao-das-funcionalidades-do-citius","status":"publish","type":"post","link":"https:\/\/comarcas.csm.org.pt\/santarem\/blog\/2025\/10\/17\/formacao-apresentacao-e-demonstracao-das-funcionalidades-do-citius\/","title":{"rendered":"Forma\u00e7\u00e3o\u00a0\u201cApresenta\u00e7\u00e3o e Demonstra\u00e7\u00e3o das Funcionalidades do Citius\u201d"},"content":{"rendered":"\t\t<div data-elementor-type=\"wp-post\" data-elementor-id=\"13522\" class=\"elementor elementor-13522\" data-elementor-post-type=\"post\">\n\t\t\t\t<div class=\"elementor-element elementor-element-9fa3842 e-flex e-con-boxed e-con e-parent\" data-id=\"9fa3842\" data-element_type=\"container\">\n\t\t\t\t\t<div class=\"e-con-inner\">\n\t\t<div class=\"elementor-element elementor-element-8213a8d e-con-full e-flex e-con e-child\" data-id=\"8213a8d\" data-element_type=\"container\">\n\t\t\t\t<div class=\"elementor-element elementor-element-9ca2852 elementor-widget elementor-widget-text-editor\" data-id=\"9ca2852\" data-element_type=\"widget\" data-widget_type=\"text-editor.default\">\n\t\t\t\t<div class=\"elementor-widget-container\">\n\t\t\t\t\t\t\t\t\t<p>\u00a0<\/p><p><span data-olk-copy-source=\"MailCompose\">No dia 17 de outubro de 2025, realizou-se em Santar\u00e9m a segunda edi\u00e7\u00e3o do m\u00f3dulo de forma\u00e7\u00e3o\u00a0\u201cApresenta\u00e7\u00e3o e Demonstra\u00e7\u00e3o das Funcionalidades do Citius\u201d.<\/span><\/p><p>A sess\u00e3o resultou de um repto lan\u00e7ado pela comarca ao Centro de Forma\u00e7\u00e3o da DGAJ no sentido elaborar uma apresenta\u00e7\u00e3o dirigida a todos os que utilizam a plataforma Citius, demonstrando as suas funcionalidades e potencialidades.<\/p><p>A sess\u00e3o da manh\u00e3 foi dirigida a oficiais de justi\u00e7a e magistrados do Minist\u00e9rio P\u00fablico e a sess\u00e3o da tarde a oficiais de justi\u00e7a e magistrados judiciais, tendo no conjunto a iniciativa contado com 70 participantes.<\/p>\t\t\t\t\t\t\t\t<\/div>\n\t\t\t\t<\/div>\n\t\t\t\t<\/div>\n\t\t<div class=\"elementor-element elementor-element-ed032de e-con-full e-flex e-con e-child\" data-id=\"ed032de\" data-element_type=\"container\">\n\t\t<div class=\"elementor-element elementor-element-56d3a87 e-con-full e-flex e-con e-child\" data-id=\"56d3a87\" data-element_type=\"container\">\n\t\t\t\t<div class=\"elementor-element elementor-element-948c376 elementor-widget elementor-widget-image\" data-id=\"948c376\" data-element_type=\"widget\" data-widget_type=\"image.default\">\n\t\t\t\t<div class=\"elementor-widget-container\">\n\t\t\t\t\t\t\t\t\t\t\t\t\t\t\t<img fetchpriority=\"high\" decoding=\"async\" width=\"1024\" height=\"768\" src=\"https:\/\/comarcas.csm.org.pt\/santarem\/wp-content\/uploads\/sites\/24\/2025\/10\/Foto-2-1024x768.jpeg\" class=\"attachment-large size-large wp-image-13520\" alt=\"\" srcset=\"https:\/\/comarcas.csm.org.pt\/santarem\/wp-content\/uploads\/sites\/24\/2025\/10\/Foto-2-1024x768.jpeg 1024w, https:\/\/comarcas.csm.org.pt\/santarem\/wp-content\/uploads\/sites\/24\/2025\/10\/Foto-2-300x225.jpeg 300w, https:\/\/comarcas.csm.org.pt\/santarem\/wp-content\/uploads\/sites\/24\/2025\/10\/Foto-2-768x576.jpeg 768w, https:\/\/comarcas.csm.org.pt\/santarem\/wp-content\/uploads\/sites\/24\/2025\/10\/Foto-2-1536x1152.jpeg 1536w, https:\/\/comarcas.csm.org.pt\/santarem\/wp-content\/uploads\/sites\/24\/2025\/10\/Foto-2.jpeg 1600w\" sizes=\"(max-width: 1024px) 100vw, 1024px\" \/>\t\t\t\t\t\t\t\t\t\t\t\t\t\t\t<\/div>\n\t\t\t\t<\/div>\n\t\t\t\t<\/div>\n\t\t<div class=\"elementor-element elementor-element-64a323b e-con-full e-flex e-con e-child\" data-id=\"64a323b\" data-element_type=\"container\">\n\t\t\t\t<div class=\"elementor-element elementor-element-772305b elementor-widget elementor-widget-image\" data-id=\"772305b\" data-element_type=\"widget\" data-widget_type=\"image.default\">\n\t\t\t\t<div class=\"elementor-widget-container\">\n\t\t\t\t\t\t\t\t\t\t\t\t\t\t\t<img decoding=\"async\" width=\"1024\" height=\"768\" src=\"https:\/\/comarcas.csm.org.pt\/santarem\/wp-content\/uploads\/sites\/24\/2025\/10\/Foto-4-1024x768.jpeg\" class=\"attachment-large size-large wp-image-13521\" alt=\"\" srcset=\"https:\/\/comarcas.csm.org.pt\/santarem\/wp-content\/uploads\/sites\/24\/2025\/10\/Foto-4-1024x768.jpeg 1024w, https:\/\/comarcas.csm.org.pt\/santarem\/wp-content\/uploads\/sites\/24\/2025\/10\/Foto-4-300x225.jpeg 300w, https:\/\/comarcas.csm.org.pt\/santarem\/wp-content\/uploads\/sites\/24\/2025\/10\/Foto-4-768x576.jpeg 768w, https:\/\/comarcas.csm.org.pt\/santarem\/wp-content\/uploads\/sites\/24\/2025\/10\/Foto-4-1536x1152.jpeg 1536w, https:\/\/comarcas.csm.org.pt\/santarem\/wp-content\/uploads\/sites\/24\/2025\/10\/Foto-4.jpeg 1600w\" sizes=\"(max-width: 1024px) 100vw, 1024px\" \/>\t\t\t\t\t\t\t\t\t\t\t\t\t\t\t<\/div>\n\t\t\t\t<\/div>\n\t\t\t\t<\/div>\n\t\t\t\t<\/div>\n\t\t\t\t\t<\/div>\n\t\t\t\t<\/div>\n\t\t\t\t<\/div>\n\t\t","protected":false},"excerpt":{"rendered":"<p>\u00a0 No dia 17 de outubro de 2025, realizou-se em Santar\u00e9m a segunda edi\u00e7\u00e3o do m\u00f3dulo de forma\u00e7\u00e3o\u00a0\u201cApresenta\u00e7\u00e3o e Demonstra\u00e7\u00e3o das Funcionalidades do Citius\u201d. A sess\u00e3o resultou de um repto lan\u00e7ado pela comarca ao Centro&#8230;<\/p>\n","protected":false},"author":24,"featured_media":13519,"comment_status":"closed","ping_status":"open","sticky":false,"template":"","format":"standard","meta":{"_tbt_post_transparent":"","_tbt_post_title":"","_tbt_post_layout":"","_tbt_post_sidebar_id":"","_tbt_post_content_style":"","_tbt_post_vertical_padding":"","_tbt_post_feature":"","_tbt_post_feature_position":"","_tbt_post_header":false,"_tbt_post_footer":false},"categories":[2,1,5],"tags":[],"class_list":["post-13522","post","type-post","status-publish","format-standard","has-post-thumbnail","hentry","category-eventos","category-geral","category-noticias"],"yoast_head":"<!-- This site is optimized with the Yoast SEO plugin v25.6 - https:\/\/yoast.com\/wordpress\/plugins\/seo\/ -->\n<title>Forma\u00e7\u00e3o\u00a0\u201cApresenta\u00e7\u00e3o e Demonstra\u00e7\u00e3o das Funcionalidades do Citius\u201d - Tribunal Judicial da Comarca de Santar\u00e9m<\/title>\n<meta name=\"robots\" content=\"index, follow, max-snippet:-1, max-image-preview:large, max-video-preview:-1\" \/>\n<link rel=\"canonical\" href=\"https:\/\/comarcas.csm.org.pt\/santarem\/blog\/2025\/10\/17\/formacao-apresentacao-e-demonstracao-das-funcionalidades-do-citius\/\" \/>\n<meta property=\"og:locale\" content=\"pt_PT\" \/>\n<meta property=\"og:type\" content=\"article\" \/>\n<meta property=\"og:title\" content=\"Forma\u00e7\u00e3o\u00a0\u201cApresenta\u00e7\u00e3o e Demonstra\u00e7\u00e3o das Funcionalidades do Citius\u201d - Tribunal Judicial da Comarca de Santar\u00e9m\" \/>\n<meta property=\"og:description\" content=\"\u00a0 No dia 17 de outubro de 2025, realizou-se em Santar\u00e9m a segunda edi\u00e7\u00e3o do m\u00f3dulo de forma\u00e7\u00e3o\u00a0\u201cApresenta\u00e7\u00e3o e Demonstra\u00e7\u00e3o das Funcionalidades do Citius\u201d. A sess\u00e3o resultou de um repto lan\u00e7ado pela comarca ao Centro...\" \/>\n<meta property=\"og:url\" content=\"https:\/\/comarcas.csm.org.pt\/santarem\/blog\/2025\/10\/17\/formacao-apresentacao-e-demonstracao-das-funcionalidades-do-citius\/\" \/>\n<meta property=\"og:site_name\" content=\"Tribunal Judicial da Comarca de Santar\u00e9m\" \/>\n<meta property=\"article:published_time\" content=\"2025-10-17T14:05:43+00:00\" \/>\n<meta property=\"article:modified_time\" content=\"2025-10-29T13:34:42+00:00\" \/>\n<meta property=\"og:image\" content=\"https:\/\/comarcas.csm.org.pt\/santarem\/wp-content\/uploads\/sites\/24\/2025\/10\/Foto-1.jpeg\" \/>\n\t<meta property=\"og:image:width\" content=\"1600\" \/>\n\t<meta property=\"og:image:height\" content=\"1200\" \/>\n\t<meta property=\"og:image:type\" content=\"image\/jpeg\" \/>\n<meta name=\"author\" content=\"santarem\" \/>\n<meta name=\"twitter:card\" content=\"summary_large_image\" \/>\n<meta name=\"twitter:label1\" content=\"Escrito por\" \/>\n\t<meta name=\"twitter:data1\" content=\"santarem\" \/>\n\t<meta name=\"twitter:label2\" content=\"Tempo estimado de leitura\" \/>\n\t<meta name=\"twitter:data2\" content=\"2 minutos\" \/>\n<script type=\"application\/ld+json\" class=\"yoast-schema-graph\">{\"@context\":\"https:\/\/schema.org\",\"@graph\":[{\"@type\":\"Article\",\"@id\":\"https:\/\/comarcas.csm.org.pt\/santarem\/blog\/2025\/10\/17\/formacao-apresentacao-e-demonstracao-das-funcionalidades-do-citius\/#article\",\"isPartOf\":{\"@id\":\"https:\/\/comarcas.csm.org.pt\/santarem\/blog\/2025\/10\/17\/formacao-apresentacao-e-demonstracao-das-funcionalidades-do-citius\/\"},\"author\":{\"name\":\"santarem\",\"@id\":\"https:\/\/comarcas.csm.org.pt\/santarem\/#\/schema\/person\/5fd90c1542a6b7618d34dc9e9dd201ce\"},\"headline\":\"Forma\u00e7\u00e3o\u00a0\u201cApresenta\u00e7\u00e3o e Demonstra\u00e7\u00e3o das Funcionalidades do Citius\u201d\",\"datePublished\":\"2025-10-17T14:05:43+00:00\",\"dateModified\":\"2025-10-29T13:34:42+00:00\",\"mainEntityOfPage\":{\"@id\":\"https:\/\/comarcas.csm.org.pt\/santarem\/blog\/2025\/10\/17\/formacao-apresentacao-e-demonstracao-das-funcionalidades-do-citius\/\"},\"wordCount\":119,\"publisher\":{\"@id\":\"https:\/\/comarcas.csm.org.pt\/santarem\/#organization\"},\"image\":{\"@id\":\"https:\/\/comarcas.csm.org.pt\/santarem\/blog\/2025\/10\/17\/formacao-apresentacao-e-demonstracao-das-funcionalidades-do-citius\/#primaryimage\"},\"thumbnailUrl\":\"https:\/\/comarcas.csm.org.pt\/santarem\/wp-content\/uploads\/sites\/24\/2025\/10\/Foto-1.jpeg\",\"articleSection\":[\"Eventos\",\"Geral\",\"Not\u00edcias\"],\"inLanguage\":\"pt-PT\"},{\"@type\":\"WebPage\",\"@id\":\"https:\/\/comarcas.csm.org.pt\/santarem\/blog\/2025\/10\/17\/formacao-apresentacao-e-demonstracao-das-funcionalidades-do-citius\/\",\"url\":\"https:\/\/comarcas.csm.org.pt\/santarem\/blog\/2025\/10\/17\/formacao-apresentacao-e-demonstracao-das-funcionalidades-do-citius\/\",\"name\":\"Forma\u00e7\u00e3o\u00a0\u201cApresenta\u00e7\u00e3o e Demonstra\u00e7\u00e3o das Funcionalidades do Citius\u201d - Tribunal Judicial da Comarca de Santar\u00e9m\",\"isPartOf\":{\"@id\":\"https:\/\/comarcas.csm.org.pt\/santarem\/#website\"},\"primaryImageOfPage\":{\"@id\":\"https:\/\/comarcas.csm.org.pt\/santarem\/blog\/2025\/10\/17\/formacao-apresentacao-e-demonstracao-das-funcionalidades-do-citius\/#primaryimage\"},\"image\":{\"@id\":\"https:\/\/comarcas.csm.org.pt\/santarem\/blog\/2025\/10\/17\/formacao-apresentacao-e-demonstracao-das-funcionalidades-do-citius\/#primaryimage\"},\"thumbnailUrl\":\"https:\/\/comarcas.csm.org.pt\/santarem\/wp-content\/uploads\/sites\/24\/2025\/10\/Foto-1.jpeg\",\"datePublished\":\"2025-10-17T14:05:43+00:00\",\"dateModified\":\"2025-10-29T13:34:42+00:00\",\"breadcrumb\":{\"@id\":\"https:\/\/comarcas.csm.org.pt\/santarem\/blog\/2025\/10\/17\/formacao-apresentacao-e-demonstracao-das-funcionalidades-do-citius\/#breadcrumb\"},\"inLanguage\":\"pt-PT\",\"potentialAction\":[{\"@type\":\"ReadAction\",\"target\":[\"https:\/\/comarcas.csm.org.pt\/santarem\/blog\/2025\/10\/17\/formacao-apresentacao-e-demonstracao-das-funcionalidades-do-citius\/\"]}]},{\"@type\":\"ImageObject\",\"inLanguage\":\"pt-PT\",\"@id\":\"https:\/\/comarcas.csm.org.pt\/santarem\/blog\/2025\/10\/17\/formacao-apresentacao-e-demonstracao-das-funcionalidades-do-citius\/#primaryimage\",\"url\":\"https:\/\/comarcas.csm.org.pt\/santarem\/wp-content\/uploads\/sites\/24\/2025\/10\/Foto-1.jpeg\",\"contentUrl\":\"https:\/\/comarcas.csm.org.pt\/santarem\/wp-content\/uploads\/sites\/24\/2025\/10\/Foto-1.jpeg\",\"width\":1600,\"height\":1200},{\"@type\":\"BreadcrumbList\",\"@id\":\"https:\/\/comarcas.csm.org.pt\/santarem\/blog\/2025\/10\/17\/formacao-apresentacao-e-demonstracao-das-funcionalidades-do-citius\/#breadcrumb\",\"itemListElement\":[{\"@type\":\"ListItem\",\"position\":1,\"name\":\"In\u00edcio\",\"item\":\"https:\/\/comarcas.csm.org.pt\/santarem\/\"},{\"@type\":\"ListItem\",\"position\":2,\"name\":\"Forma\u00e7\u00e3o\u00a0\u201cApresenta\u00e7\u00e3o e Demonstra\u00e7\u00e3o das Funcionalidades do Citius\u201d\"}]},{\"@type\":\"WebSite\",\"@id\":\"https:\/\/comarcas.csm.org.pt\/santarem\/#website\",\"url\":\"https:\/\/comarcas.csm.org.pt\/santarem\/\",\"name\":\"Tribunal Judicial da Comarca de Santar\u00e9m\",\"description\":\"Tribunal Judicial da Comarca de Santar\u00e9m\",\"publisher\":{\"@id\":\"https:\/\/comarcas.csm.org.pt\/santarem\/#organization\"},\"potentialAction\":[{\"@type\":\"SearchAction\",\"target\":{\"@type\":\"EntryPoint\",\"urlTemplate\":\"https:\/\/comarcas.csm.org.pt\/santarem\/?s={search_term_string}\"},\"query-input\":{\"@type\":\"PropertyValueSpecification\",\"valueRequired\":true,\"valueName\":\"search_term_string\"}}],\"inLanguage\":\"pt-PT\"},{\"@type\":\"Organization\",\"@id\":\"https:\/\/comarcas.csm.org.pt\/santarem\/#organization\",\"name\":\"Tribunal Judicial da Comarca de Santar\u00e9m\",\"url\":\"https:\/\/comarcas.csm.org.pt\/santarem\/\",\"logo\":{\"@type\":\"ImageObject\",\"inLanguage\":\"pt-PT\",\"@id\":\"https:\/\/comarcas.csm.org.pt\/santarem\/#\/schema\/logo\/image\/\",\"url\":\"https:\/\/comarcas.csm.org.pt\/santarem\/wp-content\/uploads\/sites\/24\/2024\/11\/Santarem_positivo-horizontal.png\",\"contentUrl\":\"https:\/\/comarcas.csm.org.pt\/santarem\/wp-content\/uploads\/sites\/24\/2024\/11\/Santarem_positivo-horizontal.png\",\"width\":4842,\"height\":890,\"caption\":\"Tribunal Judicial da Comarca de Santar\u00e9m\"},\"image\":{\"@id\":\"https:\/\/comarcas.csm.org.pt\/santarem\/#\/schema\/logo\/image\/\"}},{\"@type\":\"Person\",\"@id\":\"https:\/\/comarcas.csm.org.pt\/santarem\/#\/schema\/person\/5fd90c1542a6b7618d34dc9e9dd201ce\",\"name\":\"santarem\",\"image\":{\"@type\":\"ImageObject\",\"inLanguage\":\"pt-PT\",\"@id\":\"https:\/\/comarcas.csm.org.pt\/santarem\/#\/schema\/person\/image\/\",\"url\":\"https:\/\/secure.gravatar.com\/avatar\/8be77e04d594549bae7e8fd797832ba4f022a4b0890c90ff1b3a7c0cd8dfabc0?s=96&d=mm&r=g\",\"contentUrl\":\"https:\/\/secure.gravatar.com\/avatar\/8be77e04d594549bae7e8fd797832ba4f022a4b0890c90ff1b3a7c0cd8dfabc0?s=96&d=mm&r=g\",\"caption\":\"santarem\"},\"url\":\"https:\/\/comarcas.csm.org.pt\/santarem\/blog\/author\/santarem\/\"}]}<\/script>\n<!-- \/ Yoast SEO plugin. -->","yoast_head_json":{"title":"Forma\u00e7\u00e3o\u00a0\u201cApresenta\u00e7\u00e3o e Demonstra\u00e7\u00e3o das Funcionalidades do Citius\u201d - Tribunal Judicial da Comarca de Santar\u00e9m","robots":{"index":"index","follow":"follow","max-snippet":"max-snippet:-1","max-image-preview":"max-image-preview:large","max-video-preview":"max-video-preview:-1"},"canonical":"https:\/\/comarcas.csm.org.pt\/santarem\/blog\/2025\/10\/17\/formacao-apresentacao-e-demonstracao-das-funcionalidades-do-citius\/","og_locale":"pt_PT","og_type":"article","og_title":"Forma\u00e7\u00e3o\u00a0\u201cApresenta\u00e7\u00e3o e Demonstra\u00e7\u00e3o das Funcionalidades do Citius\u201d - Tribunal Judicial da Comarca de Santar\u00e9m","og_description":"\u00a0 No dia 17 de outubro de 2025, realizou-se em Santar\u00e9m a segunda edi\u00e7\u00e3o do m\u00f3dulo de forma\u00e7\u00e3o\u00a0\u201cApresenta\u00e7\u00e3o e Demonstra\u00e7\u00e3o das Funcionalidades do Citius\u201d. A sess\u00e3o resultou de um repto lan\u00e7ado pela comarca ao Centro...","og_url":"https:\/\/comarcas.csm.org.pt\/santarem\/blog\/2025\/10\/17\/formacao-apresentacao-e-demonstracao-das-funcionalidades-do-citius\/","og_site_name":"Tribunal Judicial da Comarca de Santar\u00e9m","article_published_time":"2025-10-17T14:05:43+00:00","article_modified_time":"2025-10-29T13:34:42+00:00","og_image":[{"width":1600,"height":1200,"url":"https:\/\/comarcas.csm.org.pt\/santarem\/wp-content\/uploads\/sites\/24\/2025\/10\/Foto-1.jpeg","type":"image\/jpeg"}],"author":"santarem","twitter_card":"summary_large_image","twitter_misc":{"Escrito por":"santarem","Tempo estimado de leitura":"2 minutos"},"schema":{"@context":"https:\/\/schema.org","@graph":[{"@type":"Article","@id":"https:\/\/comarcas.csm.org.pt\/santarem\/blog\/2025\/10\/17\/formacao-apresentacao-e-demonstracao-das-funcionalidades-do-citius\/#article","isPartOf":{"@id":"https:\/\/comarcas.csm.org.pt\/santarem\/blog\/2025\/10\/17\/formacao-apresentacao-e-demonstracao-das-funcionalidades-do-citius\/"},"author":{"name":"santarem","@id":"https:\/\/comarcas.csm.org.pt\/santarem\/#\/schema\/person\/5fd90c1542a6b7618d34dc9e9dd201ce"},"headline":"Forma\u00e7\u00e3o\u00a0\u201cApresenta\u00e7\u00e3o e Demonstra\u00e7\u00e3o das Funcionalidades do Citius\u201d","datePublished":"2025-10-17T14:05:43+00:00","dateModified":"2025-10-29T13:34:42+00:00","mainEntityOfPage":{"@id":"https:\/\/comarcas.csm.org.pt\/santarem\/blog\/2025\/10\/17\/formacao-apresentacao-e-demonstracao-das-funcionalidades-do-citius\/"},"wordCount":119,"publisher":{"@id":"https:\/\/comarcas.csm.org.pt\/santarem\/#organization"},"image":{"@id":"https:\/\/comarcas.csm.org.pt\/santarem\/blog\/2025\/10\/17\/formacao-apresentacao-e-demonstracao-das-funcionalidades-do-citius\/#primaryimage"},"thumbnailUrl":"https:\/\/comarcas.csm.org.pt\/santarem\/wp-content\/uploads\/sites\/24\/2025\/10\/Foto-1.jpeg","articleSection":["Eventos","Geral","Not\u00edcias"],"inLanguage":"pt-PT"},{"@type":"WebPage","@id":"https:\/\/comarcas.csm.org.pt\/santarem\/blog\/2025\/10\/17\/formacao-apresentacao-e-demonstracao-das-funcionalidades-do-citius\/","url":"https:\/\/comarcas.csm.org.pt\/santarem\/blog\/2025\/10\/17\/formacao-apresentacao-e-demonstracao-das-funcionalidades-do-citius\/","name":"Forma\u00e7\u00e3o\u00a0\u201cApresenta\u00e7\u00e3o e Demonstra\u00e7\u00e3o das Funcionalidades do Citius\u201d - Tribunal Judicial da Comarca de Santar\u00e9m","isPartOf":{"@id":"https:\/\/comarcas.csm.org.pt\/santarem\/#website"},"primaryImageOfPage":{"@id":"https:\/\/comarcas.csm.org.pt\/santarem\/blog\/2025\/10\/17\/formacao-apresentacao-e-demonstracao-das-funcionalidades-do-citius\/#primaryimage"},"image":{"@id":"https:\/\/comarcas.csm.org.pt\/santarem\/blog\/2025\/10\/17\/formacao-apresentacao-e-demonstracao-das-funcionalidades-do-citius\/#primaryimage"},"thumbnailUrl":"https:\/\/comarcas.csm.org.pt\/santarem\/wp-content\/uploads\/sites\/24\/2025\/10\/Foto-1.jpeg","datePublished":"2025-10-17T14:05:43+00:00","dateModified":"2025-10-29T13:34:42+00:00","breadcrumb":{"@id":"https:\/\/comarcas.csm.org.pt\/santarem\/blog\/2025\/10\/17\/formacao-apresentacao-e-demonstracao-das-funcionalidades-do-citius\/#breadcrumb"},"inLanguage":"pt-PT","potentialAction":[{"@type":"ReadAction","target":["https:\/\/comarcas.csm.org.pt\/santarem\/blog\/2025\/10\/17\/formacao-apresentacao-e-demonstracao-das-funcionalidades-do-citius\/"]}]},{"@type":"ImageObject","inLanguage":"pt-PT","@id":"https:\/\/comarcas.csm.org.pt\/santarem\/blog\/2025\/10\/17\/formacao-apresentacao-e-demonstracao-das-funcionalidades-do-citius\/#primaryimage","url":"https:\/\/comarcas.csm.org.pt\/santarem\/wp-content\/uploads\/sites\/24\/2025\/10\/Foto-1.jpeg","contentUrl":"https:\/\/comarcas.csm.org.pt\/santarem\/wp-content\/uploads\/sites\/24\/2025\/10\/Foto-1.jpeg","width":1600,"height":1200},{"@type":"BreadcrumbList","@id":"https:\/\/comarcas.csm.org.pt\/santarem\/blog\/2025\/10\/17\/formacao-apresentacao-e-demonstracao-das-funcionalidades-do-citius\/#breadcrumb","itemListElement":[{"@type":"ListItem","position":1,"name":"In\u00edcio","item":"https:\/\/comarcas.csm.org.pt\/santarem\/"},{"@type":"ListItem","position":2,"name":"Forma\u00e7\u00e3o\u00a0\u201cApresenta\u00e7\u00e3o e Demonstra\u00e7\u00e3o das Funcionalidades do Citius\u201d"}]},{"@type":"WebSite","@id":"https:\/\/comarcas.csm.org.pt\/santarem\/#website","url":"https:\/\/comarcas.csm.org.pt\/santarem\/","name":"Tribunal Judicial da Comarca de Santar\u00e9m","description":"Tribunal Judicial da Comarca de Santar\u00e9m","publisher":{"@id":"https:\/\/comarcas.csm.org.pt\/santarem\/#organization"},"potentialAction":[{"@type":"SearchAction","target":{"@type":"EntryPoint","urlTemplate":"https:\/\/comarcas.csm.org.pt\/santarem\/?s={search_term_string}"},"query-input":{"@type":"PropertyValueSpecification","valueRequired":true,"valueName":"search_term_string"}}],"inLanguage":"pt-PT"},{"@type":"Organization","@id":"https:\/\/comarcas.csm.org.pt\/santarem\/#organization","name":"Tribunal Judicial da Comarca de Santar\u00e9m","url":"https:\/\/comarcas.csm.org.pt\/santarem\/","logo":{"@type":"ImageObject","inLanguage":"pt-PT","@id":"https:\/\/comarcas.csm.org.pt\/santarem\/#\/schema\/logo\/image\/","url":"https:\/\/comarcas.csm.org.pt\/santarem\/wp-content\/uploads\/sites\/24\/2024\/11\/Santarem_positivo-horizontal.png","contentUrl":"https:\/\/comarcas.csm.org.pt\/santarem\/wp-content\/uploads\/sites\/24\/2024\/11\/Santarem_positivo-horizontal.png","width":4842,"height":890,"caption":"Tribunal Judicial da Comarca de Santar\u00e9m"},"image":{"@id":"https:\/\/comarcas.csm.org.pt\/santarem\/#\/schema\/logo\/image\/"}},{"@type":"Person","@id":"https:\/\/comarcas.csm.org.pt\/santarem\/#\/schema\/person\/5fd90c1542a6b7618d34dc9e9dd201ce","name":"santarem","image":{"@type":"ImageObject","inLanguage":"pt-PT","@id":"https:\/\/comarcas.csm.org.pt\/santarem\/#\/schema\/person\/image\/","url":"https:\/\/secure.gravatar.com\/avatar\/8be77e04d594549bae7e8fd797832ba4f022a4b0890c90ff1b3a7c0cd8dfabc0?s=96&d=mm&r=g","contentUrl":"https:\/\/secure.gravatar.com\/avatar\/8be77e04d594549bae7e8fd797832ba4f022a4b0890c90ff1b3a7c0cd8dfabc0?s=96&d=mm&r=g","caption":"santarem"},"url":"https:\/\/comarcas.csm.org.pt\/santarem\/blog\/author\/santarem\/"}]}},"_links":{"self":[{"href":"https:\/\/comarcas.csm.org.pt\/santarem\/wp-json\/wp\/v2\/posts\/13522","targetHints":{"allow":["GET"]}}],"collection":[{"href":"https:\/\/comarcas.csm.org.pt\/santarem\/wp-json\/wp\/v2\/posts"}],"about":[{"href":"https:\/\/comarcas.csm.org.pt\/santarem\/wp-json\/wp\/v2\/types\/post"}],"author":[{"embeddable":true,"href":"https:\/\/comarcas.csm.org.pt\/santarem\/wp-json\/wp\/v2\/users\/24"}],"replies":[{"embeddable":true,"href":"https:\/\/comarcas.csm.org.pt\/santarem\/wp-json\/wp\/v2\/comments?post=13522"}],"version-history":[{"count":10,"href":"https:\/\/comarcas.csm.org.pt\/santarem\/wp-json\/wp\/v2\/posts\/13522\/revisions"}],"predecessor-version":[{"id":13547,"href":"https:\/\/comarcas.csm.org.pt\/santarem\/wp-json\/wp\/v2\/posts\/13522\/revisions\/13547"}],"wp:featuredmedia":[{"embeddable":true,"href":"https:\/\/comarcas.csm.org.pt\/santarem\/wp-json\/wp\/v2\/media\/13519"}],"wp:attachment":[{"href":"https:\/\/comarcas.csm.org.pt\/santarem\/wp-json\/wp\/v2\/media?parent=13522"}],"wp:term":[{"taxonomy":"category","embeddable":true,"href":"https:\/\/comarcas.csm.org.pt\/santarem\/wp-json\/wp\/v2\/categories?post=13522"},{"taxonomy":"post_tag","embeddable":true,"href":"https:\/\/comarcas.csm.org.pt\/santarem\/wp-json\/wp\/v2\/tags?post=13522"}],"curies":[{"name":"wp","href":"https:\/\/api.w.org\/{rel}","templated":true}]}}