{"id":13603,"date":"2025-11-27T11:43:59","date_gmt":"2025-11-27T14:43:59","guid":{"rendered":"https:\/\/comarcas.csm.org.pt\/santarem\/?p=13603"},"modified":"2025-11-27T14:35:31","modified_gmt":"2025-11-27T17:35:31","slug":"reabilitacao-palacio-da-justica-torres-novas","status":"publish","type":"post","link":"https:\/\/comarcas.csm.org.pt\/santarem\/blog\/2025\/11\/27\/reabilitacao-palacio-da-justica-torres-novas\/","title":{"rendered":"\u00a0Deslocaliza\u00e7\u00e3o do Ju\u00edzo Local C\u00edvel de Torres Novas"},"content":{"rendered":"\t\t<div data-elementor-type=\"wp-post\" data-elementor-id=\"13603\" class=\"elementor elementor-13603\" data-elementor-post-type=\"post\">\n\t\t\t\t<div class=\"elementor-element elementor-element-8f68a93 e-flex e-con-boxed e-con e-parent\" data-id=\"8f68a93\" data-element_type=\"container\">\n\t\t\t\t\t<div class=\"e-con-inner\">\n\t\t\t\t<div class=\"elementor-element elementor-element-bedb644 elementor-widget elementor-widget-text-editor\" data-id=\"bedb644\" data-element_type=\"widget\" data-widget_type=\"text-editor.default\">\n\t\t\t\t<div class=\"elementor-widget-container\">\n\t\t\t\t\t\t\t\t\t<p>D\u00e1-se conhecimento que no decurso dos trabalhos de reabilita\u00e7\u00e3o do Pal\u00e1cio da Justi\u00e7a de Torres Novas, iniciados a 24.11.2025 e com dura\u00e7\u00e3o prevista de 150 dias, o Ju\u00edzo Local C\u00edvel de Torres Novas estar\u00e1 deslocalizado no Pal\u00e1cio da Justi\u00e7a de Alcanena, local onde se encontram os respetivos servi\u00e7os e se realizar\u00e3o as respetivas dilig\u00eancias.<\/p><p>Mais se informa que o\u00a0Ju\u00edzo Local Criminal de Torres Novas, a unidade central de Torres Novas e os servi\u00e7os do Minist\u00e9rio P\u00fablico de Torres Novas permanecem em funcionamento no Pal\u00e1cio da Justi\u00e7a de Torres Novas.<\/p>\t\t\t\t\t\t\t\t<\/div>\n\t\t\t\t<\/div>\n\t\t\t\t\t<\/div>\n\t\t\t\t<\/div>\n\t\t\t\t<\/div>\n\t\t","protected":false},"excerpt":{"rendered":"<p>D\u00e1-se conhecimento que no decurso dos trabalhos de reabilita\u00e7\u00e3o do Pal\u00e1cio da Justi\u00e7a de Torres Novas, iniciados a 24.11.2025 e com dura\u00e7\u00e3o prevista de 150 dias, o Ju\u00edzo Local C\u00edvel de Torres Novas estar\u00e1 deslocalizado&#8230;<\/p>\n","protected":false},"author":24,"featured_media":0,"comment_status":"closed","ping_status":"open","sticky":false,"template":"","format":"standard","meta":{"_tbt_post_transparent":"","_tbt_post_title":"","_tbt_post_layout":"","_tbt_post_sidebar_id":"","_tbt_post_content_style":"","_tbt_post_vertical_padding":"","_tbt_post_feature":"","_tbt_post_feature_position":"","_tbt_post_header":false,"_tbt_post_footer":false},"categories":[2,1,5],"tags":[],"class_list":["post-13603","post","type-post","status-publish","format-standard","hentry","category-eventos","category-geral","category-noticias"],"yoast_head":"<!-- This site is optimized with the Yoast SEO plugin v25.6 - https:\/\/yoast.com\/wordpress\/plugins\/seo\/ -->\n<title>\u00a0Deslocaliza\u00e7\u00e3o do Ju\u00edzo Local C\u00edvel de Torres Novas - Tribunal Judicial da Comarca de Santar\u00e9m<\/title>\n<meta name=\"robots\" content=\"index, follow, max-snippet:-1, max-image-preview:large, max-video-preview:-1\" \/>\n<link rel=\"canonical\" href=\"https:\/\/comarcas.csm.org.pt\/santarem\/blog\/2025\/11\/27\/reabilitacao-palacio-da-justica-torres-novas\/\" \/>\n<meta property=\"og:locale\" content=\"pt_PT\" \/>\n<meta property=\"og:type\" content=\"article\" \/>\n<meta property=\"og:title\" content=\"\u00a0Deslocaliza\u00e7\u00e3o do Ju\u00edzo Local C\u00edvel de Torres Novas - Tribunal Judicial da Comarca de Santar\u00e9m\" \/>\n<meta property=\"og:description\" content=\"D\u00e1-se conhecimento que no decurso dos trabalhos de reabilita\u00e7\u00e3o do Pal\u00e1cio da Justi\u00e7a de Torres Novas, iniciados a 24.11.2025 e com dura\u00e7\u00e3o prevista de 150 dias, o Ju\u00edzo Local C\u00edvel de Torres Novas estar\u00e1 deslocalizado...\" \/>\n<meta property=\"og:url\" content=\"https:\/\/comarcas.csm.org.pt\/santarem\/blog\/2025\/11\/27\/reabilitacao-palacio-da-justica-torres-novas\/\" \/>\n<meta property=\"og:site_name\" content=\"Tribunal Judicial da Comarca de Santar\u00e9m\" \/>\n<meta property=\"article:published_time\" content=\"2025-11-27T14:43:59+00:00\" \/>\n<meta property=\"article:modified_time\" content=\"2025-11-27T17:35:31+00:00\" \/>\n<meta name=\"author\" content=\"santarem\" \/>\n<meta name=\"twitter:card\" content=\"summary_large_image\" \/>\n<meta name=\"twitter:label1\" content=\"Escrito por\" \/>\n\t<meta name=\"twitter:data1\" content=\"santarem\" \/>\n\t<meta name=\"twitter:label2\" content=\"Tempo estimado de leitura\" \/>\n\t<meta name=\"twitter:data2\" content=\"1 minuto\" \/>\n<script type=\"application\/ld+json\" class=\"yoast-schema-graph\">{\"@context\":\"https:\/\/schema.org\",\"@graph\":[{\"@type\":\"Article\",\"@id\":\"https:\/\/comarcas.csm.org.pt\/santarem\/blog\/2025\/11\/27\/reabilitacao-palacio-da-justica-torres-novas\/#article\",\"isPartOf\":{\"@id\":\"https:\/\/comarcas.csm.org.pt\/santarem\/blog\/2025\/11\/27\/reabilitacao-palacio-da-justica-torres-novas\/\"},\"author\":{\"name\":\"santarem\",\"@id\":\"https:\/\/comarcas.csm.org.pt\/santarem\/#\/schema\/person\/5fd90c1542a6b7618d34dc9e9dd201ce\"},\"headline\":\"\u00a0Deslocaliza\u00e7\u00e3o do Ju\u00edzo Local C\u00edvel de Torres Novas\",\"datePublished\":\"2025-11-27T14:43:59+00:00\",\"dateModified\":\"2025-11-27T17:35:31+00:00\",\"mainEntityOfPage\":{\"@id\":\"https:\/\/comarcas.csm.org.pt\/santarem\/blog\/2025\/11\/27\/reabilitacao-palacio-da-justica-torres-novas\/\"},\"wordCount\":117,\"publisher\":{\"@id\":\"https:\/\/comarcas.csm.org.pt\/santarem\/#organization\"},\"articleSection\":[\"Eventos\",\"Geral\",\"Not\u00edcias\"],\"inLanguage\":\"pt-PT\"},{\"@type\":\"WebPage\",\"@id\":\"https:\/\/comarcas.csm.org.pt\/santarem\/blog\/2025\/11\/27\/reabilitacao-palacio-da-justica-torres-novas\/\",\"url\":\"https:\/\/comarcas.csm.org.pt\/santarem\/blog\/2025\/11\/27\/reabilitacao-palacio-da-justica-torres-novas\/\",\"name\":\"\u00a0Deslocaliza\u00e7\u00e3o do Ju\u00edzo Local C\u00edvel de Torres Novas - Tribunal Judicial da Comarca de Santar\u00e9m\",\"isPartOf\":{\"@id\":\"https:\/\/comarcas.csm.org.pt\/santarem\/#website\"},\"datePublished\":\"2025-11-27T14:43:59+00:00\",\"dateModified\":\"2025-11-27T17:35:31+00:00\",\"breadcrumb\":{\"@id\":\"https:\/\/comarcas.csm.org.pt\/santarem\/blog\/2025\/11\/27\/reabilitacao-palacio-da-justica-torres-novas\/#breadcrumb\"},\"inLanguage\":\"pt-PT\",\"potentialAction\":[{\"@type\":\"ReadAction\",\"target\":[\"https:\/\/comarcas.csm.org.pt\/santarem\/blog\/2025\/11\/27\/reabilitacao-palacio-da-justica-torres-novas\/\"]}]},{\"@type\":\"BreadcrumbList\",\"@id\":\"https:\/\/comarcas.csm.org.pt\/santarem\/blog\/2025\/11\/27\/reabilitacao-palacio-da-justica-torres-novas\/#breadcrumb\",\"itemListElement\":[{\"@type\":\"ListItem\",\"position\":1,\"name\":\"In\u00edcio\",\"item\":\"https:\/\/comarcas.csm.org.pt\/santarem\/\"},{\"@type\":\"ListItem\",\"position\":2,\"name\":\"\u00a0Deslocaliza\u00e7\u00e3o do Ju\u00edzo Local C\u00edvel de Torres Novas\"}]},{\"@type\":\"WebSite\",\"@id\":\"https:\/\/comarcas.csm.org.pt\/santarem\/#website\",\"url\":\"https:\/\/comarcas.csm.org.pt\/santarem\/\",\"name\":\"Tribunal Judicial da Comarca de Santar\u00e9m\",\"description\":\"Tribunal Judicial da Comarca de Santar\u00e9m\",\"publisher\":{\"@id\":\"https:\/\/comarcas.csm.org.pt\/santarem\/#organization\"},\"potentialAction\":[{\"@type\":\"SearchAction\",\"target\":{\"@type\":\"EntryPoint\",\"urlTemplate\":\"https:\/\/comarcas.csm.org.pt\/santarem\/?s={search_term_string}\"},\"query-input\":{\"@type\":\"PropertyValueSpecification\",\"valueRequired\":true,\"valueName\":\"search_term_string\"}}],\"inLanguage\":\"pt-PT\"},{\"@type\":\"Organization\",\"@id\":\"https:\/\/comarcas.csm.org.pt\/santarem\/#organization\",\"name\":\"Tribunal Judicial da Comarca de Santar\u00e9m\",\"url\":\"https:\/\/comarcas.csm.org.pt\/santarem\/\",\"logo\":{\"@type\":\"ImageObject\",\"inLanguage\":\"pt-PT\",\"@id\":\"https:\/\/comarcas.csm.org.pt\/santarem\/#\/schema\/logo\/image\/\",\"url\":\"https:\/\/comarcas.csm.org.pt\/santarem\/wp-content\/uploads\/sites\/24\/2024\/11\/Santarem_positivo-horizontal.png\",\"contentUrl\":\"https:\/\/comarcas.csm.org.pt\/santarem\/wp-content\/uploads\/sites\/24\/2024\/11\/Santarem_positivo-horizontal.png\",\"width\":4842,\"height\":890,\"caption\":\"Tribunal Judicial da Comarca de Santar\u00e9m\"},\"image\":{\"@id\":\"https:\/\/comarcas.csm.org.pt\/santarem\/#\/schema\/logo\/image\/\"}},{\"@type\":\"Person\",\"@id\":\"https:\/\/comarcas.csm.org.pt\/santarem\/#\/schema\/person\/5fd90c1542a6b7618d34dc9e9dd201ce\",\"name\":\"santarem\",\"image\":{\"@type\":\"ImageObject\",\"inLanguage\":\"pt-PT\",\"@id\":\"https:\/\/comarcas.csm.org.pt\/santarem\/#\/schema\/person\/image\/\",\"url\":\"https:\/\/secure.gravatar.com\/avatar\/8be77e04d594549bae7e8fd797832ba4f022a4b0890c90ff1b3a7c0cd8dfabc0?s=96&d=mm&r=g\",\"contentUrl\":\"https:\/\/secure.gravatar.com\/avatar\/8be77e04d594549bae7e8fd797832ba4f022a4b0890c90ff1b3a7c0cd8dfabc0?s=96&d=mm&r=g\",\"caption\":\"santarem\"},\"url\":\"https:\/\/comarcas.csm.org.pt\/santarem\/blog\/author\/santarem\/\"}]}<\/script>\n<!-- \/ Yoast SEO plugin. -->","yoast_head_json":{"title":"\u00a0Deslocaliza\u00e7\u00e3o do Ju\u00edzo Local C\u00edvel de Torres Novas - Tribunal Judicial da Comarca de Santar\u00e9m","robots":{"index":"index","follow":"follow","max-snippet":"max-snippet:-1","max-image-preview":"max-image-preview:large","max-video-preview":"max-video-preview:-1"},"canonical":"https:\/\/comarcas.csm.org.pt\/santarem\/blog\/2025\/11\/27\/reabilitacao-palacio-da-justica-torres-novas\/","og_locale":"pt_PT","og_type":"article","og_title":"\u00a0Deslocaliza\u00e7\u00e3o do Ju\u00edzo Local C\u00edvel de Torres Novas - Tribunal Judicial da Comarca de Santar\u00e9m","og_description":"D\u00e1-se conhecimento que no decurso dos trabalhos de reabilita\u00e7\u00e3o do Pal\u00e1cio da Justi\u00e7a de Torres Novas, iniciados a 24.11.2025 e com dura\u00e7\u00e3o prevista de 150 dias, o Ju\u00edzo Local C\u00edvel de Torres Novas estar\u00e1 deslocalizado...","og_url":"https:\/\/comarcas.csm.org.pt\/santarem\/blog\/2025\/11\/27\/reabilitacao-palacio-da-justica-torres-novas\/","og_site_name":"Tribunal Judicial da Comarca de Santar\u00e9m","article_published_time":"2025-11-27T14:43:59+00:00","article_modified_time":"2025-11-27T17:35:31+00:00","author":"santarem","twitter_card":"summary_large_image","twitter_misc":{"Escrito por":"santarem","Tempo estimado de leitura":"1 minuto"},"schema":{"@context":"https:\/\/schema.org","@graph":[{"@type":"Article","@id":"https:\/\/comarcas.csm.org.pt\/santarem\/blog\/2025\/11\/27\/reabilitacao-palacio-da-justica-torres-novas\/#article","isPartOf":{"@id":"https:\/\/comarcas.csm.org.pt\/santarem\/blog\/2025\/11\/27\/reabilitacao-palacio-da-justica-torres-novas\/"},"author":{"name":"santarem","@id":"https:\/\/comarcas.csm.org.pt\/santarem\/#\/schema\/person\/5fd90c1542a6b7618d34dc9e9dd201ce"},"headline":"\u00a0Deslocaliza\u00e7\u00e3o do Ju\u00edzo Local C\u00edvel de Torres Novas","datePublished":"2025-11-27T14:43:59+00:00","dateModified":"2025-11-27T17:35:31+00:00","mainEntityOfPage":{"@id":"https:\/\/comarcas.csm.org.pt\/santarem\/blog\/2025\/11\/27\/reabilitacao-palacio-da-justica-torres-novas\/"},"wordCount":117,"publisher":{"@id":"https:\/\/comarcas.csm.org.pt\/santarem\/#organization"},"articleSection":["Eventos","Geral","Not\u00edcias"],"inLanguage":"pt-PT"},{"@type":"WebPage","@id":"https:\/\/comarcas.csm.org.pt\/santarem\/blog\/2025\/11\/27\/reabilitacao-palacio-da-justica-torres-novas\/","url":"https:\/\/comarcas.csm.org.pt\/santarem\/blog\/2025\/11\/27\/reabilitacao-palacio-da-justica-torres-novas\/","name":"\u00a0Deslocaliza\u00e7\u00e3o do Ju\u00edzo Local C\u00edvel de Torres Novas - Tribunal Judicial da Comarca de Santar\u00e9m","isPartOf":{"@id":"https:\/\/comarcas.csm.org.pt\/santarem\/#website"},"datePublished":"2025-11-27T14:43:59+00:00","dateModified":"2025-11-27T17:35:31+00:00","breadcrumb":{"@id":"https:\/\/comarcas.csm.org.pt\/santarem\/blog\/2025\/11\/27\/reabilitacao-palacio-da-justica-torres-novas\/#breadcrumb"},"inLanguage":"pt-PT","potentialAction":[{"@type":"ReadAction","target":["https:\/\/comarcas.csm.org.pt\/santarem\/blog\/2025\/11\/27\/reabilitacao-palacio-da-justica-torres-novas\/"]}]},{"@type":"BreadcrumbList","@id":"https:\/\/comarcas.csm.org.pt\/santarem\/blog\/2025\/11\/27\/reabilitacao-palacio-da-justica-torres-novas\/#breadcrumb","itemListElement":[{"@type":"ListItem","position":1,"name":"In\u00edcio","item":"https:\/\/comarcas.csm.org.pt\/santarem\/"},{"@type":"ListItem","position":2,"name":"\u00a0Deslocaliza\u00e7\u00e3o do Ju\u00edzo Local C\u00edvel de Torres Novas"}]},{"@type":"WebSite","@id":"https:\/\/comarcas.csm.org.pt\/santarem\/#website","url":"https:\/\/comarcas.csm.org.pt\/santarem\/","name":"Tribunal Judicial da Comarca de Santar\u00e9m","description":"Tribunal Judicial da Comarca de Santar\u00e9m","publisher":{"@id":"https:\/\/comarcas.csm.org.pt\/santarem\/#organization"},"potentialAction":[{"@type":"SearchAction","target":{"@type":"EntryPoint","urlTemplate":"https:\/\/comarcas.csm.org.pt\/santarem\/?s={search_term_string}"},"query-input":{"@type":"PropertyValueSpecification","valueRequired":true,"valueName":"search_term_string"}}],"inLanguage":"pt-PT"},{"@type":"Organization","@id":"https:\/\/comarcas.csm.org.pt\/santarem\/#organization","name":"Tribunal Judicial da Comarca de Santar\u00e9m","url":"https:\/\/comarcas.csm.org.pt\/santarem\/","logo":{"@type":"ImageObject","inLanguage":"pt-PT","@id":"https:\/\/comarcas.csm.org.pt\/santarem\/#\/schema\/logo\/image\/","url":"https:\/\/comarcas.csm.org.pt\/santarem\/wp-content\/uploads\/sites\/24\/2024\/11\/Santarem_positivo-horizontal.png","contentUrl":"https:\/\/comarcas.csm.org.pt\/santarem\/wp-content\/uploads\/sites\/24\/2024\/11\/Santarem_positivo-horizontal.png","width":4842,"height":890,"caption":"Tribunal Judicial da Comarca de Santar\u00e9m"},"image":{"@id":"https:\/\/comarcas.csm.org.pt\/santarem\/#\/schema\/logo\/image\/"}},{"@type":"Person","@id":"https:\/\/comarcas.csm.org.pt\/santarem\/#\/schema\/person\/5fd90c1542a6b7618d34dc9e9dd201ce","name":"santarem","image":{"@type":"ImageObject","inLanguage":"pt-PT","@id":"https:\/\/comarcas.csm.org.pt\/santarem\/#\/schema\/person\/image\/","url":"https:\/\/secure.gravatar.com\/avatar\/8be77e04d594549bae7e8fd797832ba4f022a4b0890c90ff1b3a7c0cd8dfabc0?s=96&d=mm&r=g","contentUrl":"https:\/\/secure.gravatar.com\/avatar\/8be77e04d594549bae7e8fd797832ba4f022a4b0890c90ff1b3a7c0cd8dfabc0?s=96&d=mm&r=g","caption":"santarem"},"url":"https:\/\/comarcas.csm.org.pt\/santarem\/blog\/author\/santarem\/"}]}},"_links":{"self":[{"href":"https:\/\/comarcas.csm.org.pt\/santarem\/wp-json\/wp\/v2\/posts\/13603","targetHints":{"allow":["GET"]}}],"collection":[{"href":"https:\/\/comarcas.csm.org.pt\/santarem\/wp-json\/wp\/v2\/posts"}],"about":[{"href":"https:\/\/comarcas.csm.org.pt\/santarem\/wp-json\/wp\/v2\/types\/post"}],"author":[{"embeddable":true,"href":"https:\/\/comarcas.csm.org.pt\/santarem\/wp-json\/wp\/v2\/users\/24"}],"replies":[{"embeddable":true,"href":"https:\/\/comarcas.csm.org.pt\/santarem\/wp-json\/wp\/v2\/comments?post=13603"}],"version-history":[{"count":9,"href":"https:\/\/comarcas.csm.org.pt\/santarem\/wp-json\/wp\/v2\/posts\/13603\/revisions"}],"predecessor-version":[{"id":13613,"href":"https:\/\/comarcas.csm.org.pt\/santarem\/wp-json\/wp\/v2\/posts\/13603\/revisions\/13613"}],"wp:attachment":[{"href":"https:\/\/comarcas.csm.org.pt\/santarem\/wp-json\/wp\/v2\/media?parent=13603"}],"wp:term":[{"taxonomy":"category","embeddable":true,"href":"https:\/\/comarcas.csm.org.pt\/santarem\/wp-json\/wp\/v2\/categories?post=13603"},{"taxonomy":"post_tag","embeddable":true,"href":"https:\/\/comarcas.csm.org.pt\/santarem\/wp-json\/wp\/v2\/tags?post=13603"}],"curies":[{"name":"wp","href":"https:\/\/api.w.org\/{rel}","templated":true}]}}