{"id":13645,"date":"2025-11-30T08:12:11","date_gmt":"2025-11-30T11:12:11","guid":{"rendered":"https:\/\/comarcas.csm.org.pt\/santarem\/?p=13645"},"modified":"2025-12-16T08:19:55","modified_gmt":"2025-12-16T11:19:55","slug":"comarca-solidaria-banco-alimentar","status":"publish","type":"post","link":"https:\/\/comarcas.csm.org.pt\/santarem\/blog\/2025\/11\/30\/comarca-solidaria-banco-alimentar\/","title":{"rendered":"Comarca Solid\u00e1ria | Banco Alimentar"},"content":{"rendered":"\t\t<div data-elementor-type=\"wp-post\" data-elementor-id=\"13645\" class=\"elementor elementor-13645\" data-elementor-post-type=\"post\">\n\t\t\t\t<div class=\"elementor-element elementor-element-3e82c14 e-con-full e-flex e-con e-parent\" data-id=\"3e82c14\" data-element_type=\"container\">\n\t\t<div class=\"elementor-element elementor-element-cf9cd93 e-con-full e-flex e-con e-child\" data-id=\"cf9cd93\" data-element_type=\"container\">\n\t\t\t\t<div class=\"elementor-element elementor-element-4a67f68 elementor-widget elementor-widget-text-editor\" data-id=\"4a67f68\" data-element_type=\"widget\" data-widget_type=\"text-editor.default\">\n\t\t\t\t<div class=\"elementor-widget-container\">\n\t\t\t\t\t\t\t\t\t<p>\u00a0<\/p><p>\u00a0<\/p><p>\u00a0<\/p><p>\u00a0<\/p><p><span data-olk-copy-source=\"MailCompose\">No passado dia 29 de novembro de 2025, em mais uma a\u00e7\u00e3o solid\u00e1ria, nove profissionais do Tribunal Judicial da Comarca de Santar\u00e9m e as suas fam\u00edlias juntaram-se ao Banco Alimentar e com o seu trabalho volunt\u00e1rio, no armaz\u00e9m do Banco Alimentar em Santar\u00e9m, colaboraram nas tarefas de separa\u00e7\u00e3o e armazenagem dos alimentos doados e recolhidos nas superf\u00edcies comerciais do distrito na campanha de recolha de alimentos em curso.<\/span><\/p><p>De cora\u00e7\u00e3o cheio, todos os participantes alimentaram a ideia da luta contra a fome e contra a pobreza.<\/p><p>Fica para todos o agradecimento pela sua disponibilidade e presen\u00e7a e a mem\u00f3ria de uma experi\u00eancia institucional e pessoalmente enriquecedora.<\/p>\t\t\t\t\t\t\t\t<\/div>\n\t\t\t\t<\/div>\n\t\t\t\t<\/div>\n\t\t<div class=\"elementor-element elementor-element-6f417b3 e-con-full e-flex e-con e-child\" data-id=\"6f417b3\" data-element_type=\"container\">\n\t\t<div class=\"elementor-element elementor-element-da73acf e-con-full e-flex e-con e-child\" data-id=\"da73acf\" data-element_type=\"container\">\n\t\t\t\t<div class=\"elementor-element elementor-element-ae84316 elementor-widget elementor-widget-image\" data-id=\"ae84316\" data-element_type=\"widget\" data-widget_type=\"image.default\">\n\t\t\t\t<div class=\"elementor-widget-container\">\n\t\t\t\t\t\t\t\t\t\t\t\t\t\t\t<img fetchpriority=\"high\" decoding=\"async\" width=\"247\" height=\"247\" src=\"https:\/\/comarcas.csm.org.pt\/santarem\/wp-content\/uploads\/sites\/24\/2025\/12\/Banco-Alimentar.png\" class=\"attachment-large size-large wp-image-13626\" alt=\"\" srcset=\"https:\/\/comarcas.csm.org.pt\/santarem\/wp-content\/uploads\/sites\/24\/2025\/12\/Banco-Alimentar.png 247w, https:\/\/comarcas.csm.org.pt\/santarem\/wp-content\/uploads\/sites\/24\/2025\/12\/Banco-Alimentar-150x150.png 150w\" sizes=\"(max-width: 247px) 100vw, 247px\" \/>\t\t\t\t\t\t\t\t\t\t\t\t\t\t\t<\/div>\n\t\t\t\t<\/div>\n\t\t\t\t<\/div>\n\t\t<div class=\"elementor-element elementor-element-b705a40 e-con-full e-flex e-con e-child\" data-id=\"b705a40\" data-element_type=\"container\">\n\t\t\t\t<div class=\"elementor-element elementor-element-db79e73 elementor-widget elementor-widget-image\" data-id=\"db79e73\" data-element_type=\"widget\" data-widget_type=\"image.default\">\n\t\t\t\t<div class=\"elementor-widget-container\">\n\t\t\t\t\t\t\t\t\t\t\t\t\t\t\t<img decoding=\"async\" width=\"768\" height=\"1024\" src=\"https:\/\/comarcas.csm.org.pt\/santarem\/wp-content\/uploads\/sites\/24\/2025\/12\/Foto-12-1-768x1024.jpeg\" class=\"attachment-large size-large wp-image-13630\" alt=\"\" srcset=\"https:\/\/comarcas.csm.org.pt\/santarem\/wp-content\/uploads\/sites\/24\/2025\/12\/Foto-12-1-768x1024.jpeg 768w, https:\/\/comarcas.csm.org.pt\/santarem\/wp-content\/uploads\/sites\/24\/2025\/12\/Foto-12-1-225x300.jpeg 225w, https:\/\/comarcas.csm.org.pt\/santarem\/wp-content\/uploads\/sites\/24\/2025\/12\/Foto-12-1-1152x1536.jpeg 1152w, https:\/\/comarcas.csm.org.pt\/santarem\/wp-content\/uploads\/sites\/24\/2025\/12\/Foto-12-1.jpeg 1536w\" sizes=\"(max-width: 768px) 100vw, 768px\" \/>\t\t\t\t\t\t\t\t\t\t\t\t\t\t\t<\/div>\n\t\t\t\t<\/div>\n\t\t\t\t<\/div>\n\t\t\t\t<\/div>\n\t\t\t\t<\/div>\n\t\t\t\t<\/div>\n\t\t","protected":false},"excerpt":{"rendered":"<p>No passado dia 29 de novembro de 2025, em mais uma a\u00e7\u00e3o solid\u00e1ria, nove profissionais do Tribunal Judicial da Comarca de Santar\u00e9m e as suas fam\u00edlias juntaram-se ao Banco Alimentar e com o seu trabalho&#8230;<\/p>\n","protected":false},"author":24,"featured_media":0,"comment_status":"closed","ping_status":"open","sticky":false,"template":"","format":"standard","meta":{"_tbt_post_transparent":"","_tbt_post_title":"","_tbt_post_layout":"","_tbt_post_sidebar_id":"","_tbt_post_content_style":"","_tbt_post_vertical_padding":"","_tbt_post_feature":"","_tbt_post_feature_position":"","_tbt_post_header":false,"_tbt_post_footer":false},"categories":[2,1,5],"tags":[],"class_list":["post-13645","post","type-post","status-publish","format-standard","hentry","category-eventos","category-geral","category-noticias"],"yoast_head":"<!-- This site is optimized with the Yoast SEO plugin v25.6 - https:\/\/yoast.com\/wordpress\/plugins\/seo\/ -->\n<title>Comarca Solid\u00e1ria | Banco Alimentar - Tribunal Judicial da Comarca de Santar\u00e9m<\/title>\n<meta name=\"robots\" content=\"index, follow, max-snippet:-1, max-image-preview:large, max-video-preview:-1\" \/>\n<link rel=\"canonical\" href=\"https:\/\/comarcas.csm.org.pt\/santarem\/blog\/2025\/11\/30\/comarca-solidaria-banco-alimentar\/\" \/>\n<meta property=\"og:locale\" content=\"pt_PT\" \/>\n<meta property=\"og:type\" content=\"article\" \/>\n<meta property=\"og:title\" content=\"Comarca Solid\u00e1ria | Banco Alimentar - Tribunal Judicial da Comarca de Santar\u00e9m\" \/>\n<meta property=\"og:description\" content=\"No passado dia 29 de novembro de 2025, em mais uma a\u00e7\u00e3o solid\u00e1ria, nove profissionais do Tribunal Judicial da Comarca de Santar\u00e9m e as suas fam\u00edlias juntaram-se ao Banco Alimentar e com o seu trabalho...\" \/>\n<meta property=\"og:url\" content=\"https:\/\/comarcas.csm.org.pt\/santarem\/blog\/2025\/11\/30\/comarca-solidaria-banco-alimentar\/\" \/>\n<meta property=\"og:site_name\" content=\"Tribunal Judicial da Comarca de Santar\u00e9m\" \/>\n<meta property=\"article:published_time\" content=\"2025-11-30T11:12:11+00:00\" \/>\n<meta property=\"article:modified_time\" content=\"2025-12-16T11:19:55+00:00\" \/>\n<meta property=\"og:image\" content=\"https:\/\/comarcas.csm.org.pt\/santarem\/wp-content\/uploads\/sites\/24\/2025\/12\/Banco-Alimentar.png\" \/>\n<meta name=\"author\" content=\"santarem\" \/>\n<meta name=\"twitter:card\" content=\"summary_large_image\" \/>\n<meta name=\"twitter:label1\" content=\"Escrito por\" \/>\n\t<meta name=\"twitter:data1\" content=\"santarem\" \/>\n\t<meta name=\"twitter:label2\" content=\"Tempo estimado de leitura\" \/>\n\t<meta name=\"twitter:data2\" content=\"1 minuto\" \/>\n<script type=\"application\/ld+json\" class=\"yoast-schema-graph\">{\"@context\":\"https:\/\/schema.org\",\"@graph\":[{\"@type\":\"Article\",\"@id\":\"https:\/\/comarcas.csm.org.pt\/santarem\/blog\/2025\/11\/30\/comarca-solidaria-banco-alimentar\/#article\",\"isPartOf\":{\"@id\":\"https:\/\/comarcas.csm.org.pt\/santarem\/blog\/2025\/11\/30\/comarca-solidaria-banco-alimentar\/\"},\"author\":{\"name\":\"santarem\",\"@id\":\"https:\/\/comarcas.csm.org.pt\/santarem\/#\/schema\/person\/5fd90c1542a6b7618d34dc9e9dd201ce\"},\"headline\":\"Comarca Solid\u00e1ria | Banco Alimentar\",\"datePublished\":\"2025-11-30T11:12:11+00:00\",\"dateModified\":\"2025-12-16T11:19:55+00:00\",\"mainEntityOfPage\":{\"@id\":\"https:\/\/comarcas.csm.org.pt\/santarem\/blog\/2025\/11\/30\/comarca-solidaria-banco-alimentar\/\"},\"wordCount\":122,\"publisher\":{\"@id\":\"https:\/\/comarcas.csm.org.pt\/santarem\/#organization\"},\"image\":{\"@id\":\"https:\/\/comarcas.csm.org.pt\/santarem\/blog\/2025\/11\/30\/comarca-solidaria-banco-alimentar\/#primaryimage\"},\"thumbnailUrl\":\"https:\/\/comarcas.csm.org.pt\/santarem\/wp-content\/uploads\/sites\/24\/2025\/12\/Banco-Alimentar.png\",\"articleSection\":[\"Eventos\",\"Geral\",\"Not\u00edcias\"],\"inLanguage\":\"pt-PT\"},{\"@type\":\"WebPage\",\"@id\":\"https:\/\/comarcas.csm.org.pt\/santarem\/blog\/2025\/11\/30\/comarca-solidaria-banco-alimentar\/\",\"url\":\"https:\/\/comarcas.csm.org.pt\/santarem\/blog\/2025\/11\/30\/comarca-solidaria-banco-alimentar\/\",\"name\":\"Comarca Solid\u00e1ria | Banco Alimentar - Tribunal Judicial da Comarca de Santar\u00e9m\",\"isPartOf\":{\"@id\":\"https:\/\/comarcas.csm.org.pt\/santarem\/#website\"},\"primaryImageOfPage\":{\"@id\":\"https:\/\/comarcas.csm.org.pt\/santarem\/blog\/2025\/11\/30\/comarca-solidaria-banco-alimentar\/#primaryimage\"},\"image\":{\"@id\":\"https:\/\/comarcas.csm.org.pt\/santarem\/blog\/2025\/11\/30\/comarca-solidaria-banco-alimentar\/#primaryimage\"},\"thumbnailUrl\":\"https:\/\/comarcas.csm.org.pt\/santarem\/wp-content\/uploads\/sites\/24\/2025\/12\/Banco-Alimentar.png\",\"datePublished\":\"2025-11-30T11:12:11+00:00\",\"dateModified\":\"2025-12-16T11:19:55+00:00\",\"breadcrumb\":{\"@id\":\"https:\/\/comarcas.csm.org.pt\/santarem\/blog\/2025\/11\/30\/comarca-solidaria-banco-alimentar\/#breadcrumb\"},\"inLanguage\":\"pt-PT\",\"potentialAction\":[{\"@type\":\"ReadAction\",\"target\":[\"https:\/\/comarcas.csm.org.pt\/santarem\/blog\/2025\/11\/30\/comarca-solidaria-banco-alimentar\/\"]}]},{\"@type\":\"ImageObject\",\"inLanguage\":\"pt-PT\",\"@id\":\"https:\/\/comarcas.csm.org.pt\/santarem\/blog\/2025\/11\/30\/comarca-solidaria-banco-alimentar\/#primaryimage\",\"url\":\"https:\/\/comarcas.csm.org.pt\/santarem\/wp-content\/uploads\/sites\/24\/2025\/12\/Banco-Alimentar.png\",\"contentUrl\":\"https:\/\/comarcas.csm.org.pt\/santarem\/wp-content\/uploads\/sites\/24\/2025\/12\/Banco-Alimentar.png\",\"width\":247,\"height\":247},{\"@type\":\"BreadcrumbList\",\"@id\":\"https:\/\/comarcas.csm.org.pt\/santarem\/blog\/2025\/11\/30\/comarca-solidaria-banco-alimentar\/#breadcrumb\",\"itemListElement\":[{\"@type\":\"ListItem\",\"position\":1,\"name\":\"In\u00edcio\",\"item\":\"https:\/\/comarcas.csm.org.pt\/santarem\/\"},{\"@type\":\"ListItem\",\"position\":2,\"name\":\"Comarca Solid\u00e1ria | Banco Alimentar\"}]},{\"@type\":\"WebSite\",\"@id\":\"https:\/\/comarcas.csm.org.pt\/santarem\/#website\",\"url\":\"https:\/\/comarcas.csm.org.pt\/santarem\/\",\"name\":\"Tribunal Judicial da Comarca de Santar\u00e9m\",\"description\":\"Tribunal Judicial da Comarca de Santar\u00e9m\",\"publisher\":{\"@id\":\"https:\/\/comarcas.csm.org.pt\/santarem\/#organization\"},\"potentialAction\":[{\"@type\":\"SearchAction\",\"target\":{\"@type\":\"EntryPoint\",\"urlTemplate\":\"https:\/\/comarcas.csm.org.pt\/santarem\/?s={search_term_string}\"},\"query-input\":{\"@type\":\"PropertyValueSpecification\",\"valueRequired\":true,\"valueName\":\"search_term_string\"}}],\"inLanguage\":\"pt-PT\"},{\"@type\":\"Organization\",\"@id\":\"https:\/\/comarcas.csm.org.pt\/santarem\/#organization\",\"name\":\"Tribunal Judicial da Comarca de Santar\u00e9m\",\"url\":\"https:\/\/comarcas.csm.org.pt\/santarem\/\",\"logo\":{\"@type\":\"ImageObject\",\"inLanguage\":\"pt-PT\",\"@id\":\"https:\/\/comarcas.csm.org.pt\/santarem\/#\/schema\/logo\/image\/\",\"url\":\"https:\/\/comarcas.csm.org.pt\/santarem\/wp-content\/uploads\/sites\/24\/2024\/11\/Santarem_positivo-horizontal.png\",\"contentUrl\":\"https:\/\/comarcas.csm.org.pt\/santarem\/wp-content\/uploads\/sites\/24\/2024\/11\/Santarem_positivo-horizontal.png\",\"width\":4842,\"height\":890,\"caption\":\"Tribunal Judicial da Comarca de Santar\u00e9m\"},\"image\":{\"@id\":\"https:\/\/comarcas.csm.org.pt\/santarem\/#\/schema\/logo\/image\/\"}},{\"@type\":\"Person\",\"@id\":\"https:\/\/comarcas.csm.org.pt\/santarem\/#\/schema\/person\/5fd90c1542a6b7618d34dc9e9dd201ce\",\"name\":\"santarem\",\"image\":{\"@type\":\"ImageObject\",\"inLanguage\":\"pt-PT\",\"@id\":\"https:\/\/comarcas.csm.org.pt\/santarem\/#\/schema\/person\/image\/\",\"url\":\"https:\/\/secure.gravatar.com\/avatar\/8be77e04d594549bae7e8fd797832ba4f022a4b0890c90ff1b3a7c0cd8dfabc0?s=96&d=mm&r=g\",\"contentUrl\":\"https:\/\/secure.gravatar.com\/avatar\/8be77e04d594549bae7e8fd797832ba4f022a4b0890c90ff1b3a7c0cd8dfabc0?s=96&d=mm&r=g\",\"caption\":\"santarem\"},\"url\":\"https:\/\/comarcas.csm.org.pt\/santarem\/blog\/author\/santarem\/\"}]}<\/script>\n<!-- \/ Yoast SEO plugin. -->","yoast_head_json":{"title":"Comarca Solid\u00e1ria | Banco Alimentar - Tribunal Judicial da Comarca de Santar\u00e9m","robots":{"index":"index","follow":"follow","max-snippet":"max-snippet:-1","max-image-preview":"max-image-preview:large","max-video-preview":"max-video-preview:-1"},"canonical":"https:\/\/comarcas.csm.org.pt\/santarem\/blog\/2025\/11\/30\/comarca-solidaria-banco-alimentar\/","og_locale":"pt_PT","og_type":"article","og_title":"Comarca Solid\u00e1ria | Banco Alimentar - Tribunal Judicial da Comarca de Santar\u00e9m","og_description":"No passado dia 29 de novembro de 2025, em mais uma a\u00e7\u00e3o solid\u00e1ria, nove profissionais do Tribunal Judicial da Comarca de Santar\u00e9m e as suas fam\u00edlias juntaram-se ao Banco Alimentar e com o seu trabalho...","og_url":"https:\/\/comarcas.csm.org.pt\/santarem\/blog\/2025\/11\/30\/comarca-solidaria-banco-alimentar\/","og_site_name":"Tribunal Judicial da Comarca de Santar\u00e9m","article_published_time":"2025-11-30T11:12:11+00:00","article_modified_time":"2025-12-16T11:19:55+00:00","og_image":[{"url":"https:\/\/comarcas.csm.org.pt\/santarem\/wp-content\/uploads\/sites\/24\/2025\/12\/Banco-Alimentar.png","type":"","width":"","height":""}],"author":"santarem","twitter_card":"summary_large_image","twitter_misc":{"Escrito por":"santarem","Tempo estimado de leitura":"1 minuto"},"schema":{"@context":"https:\/\/schema.org","@graph":[{"@type":"Article","@id":"https:\/\/comarcas.csm.org.pt\/santarem\/blog\/2025\/11\/30\/comarca-solidaria-banco-alimentar\/#article","isPartOf":{"@id":"https:\/\/comarcas.csm.org.pt\/santarem\/blog\/2025\/11\/30\/comarca-solidaria-banco-alimentar\/"},"author":{"name":"santarem","@id":"https:\/\/comarcas.csm.org.pt\/santarem\/#\/schema\/person\/5fd90c1542a6b7618d34dc9e9dd201ce"},"headline":"Comarca Solid\u00e1ria | Banco Alimentar","datePublished":"2025-11-30T11:12:11+00:00","dateModified":"2025-12-16T11:19:55+00:00","mainEntityOfPage":{"@id":"https:\/\/comarcas.csm.org.pt\/santarem\/blog\/2025\/11\/30\/comarca-solidaria-banco-alimentar\/"},"wordCount":122,"publisher":{"@id":"https:\/\/comarcas.csm.org.pt\/santarem\/#organization"},"image":{"@id":"https:\/\/comarcas.csm.org.pt\/santarem\/blog\/2025\/11\/30\/comarca-solidaria-banco-alimentar\/#primaryimage"},"thumbnailUrl":"https:\/\/comarcas.csm.org.pt\/santarem\/wp-content\/uploads\/sites\/24\/2025\/12\/Banco-Alimentar.png","articleSection":["Eventos","Geral","Not\u00edcias"],"inLanguage":"pt-PT"},{"@type":"WebPage","@id":"https:\/\/comarcas.csm.org.pt\/santarem\/blog\/2025\/11\/30\/comarca-solidaria-banco-alimentar\/","url":"https:\/\/comarcas.csm.org.pt\/santarem\/blog\/2025\/11\/30\/comarca-solidaria-banco-alimentar\/","name":"Comarca Solid\u00e1ria | Banco Alimentar - Tribunal Judicial da Comarca de Santar\u00e9m","isPartOf":{"@id":"https:\/\/comarcas.csm.org.pt\/santarem\/#website"},"primaryImageOfPage":{"@id":"https:\/\/comarcas.csm.org.pt\/santarem\/blog\/2025\/11\/30\/comarca-solidaria-banco-alimentar\/#primaryimage"},"image":{"@id":"https:\/\/comarcas.csm.org.pt\/santarem\/blog\/2025\/11\/30\/comarca-solidaria-banco-alimentar\/#primaryimage"},"thumbnailUrl":"https:\/\/comarcas.csm.org.pt\/santarem\/wp-content\/uploads\/sites\/24\/2025\/12\/Banco-Alimentar.png","datePublished":"2025-11-30T11:12:11+00:00","dateModified":"2025-12-16T11:19:55+00:00","breadcrumb":{"@id":"https:\/\/comarcas.csm.org.pt\/santarem\/blog\/2025\/11\/30\/comarca-solidaria-banco-alimentar\/#breadcrumb"},"inLanguage":"pt-PT","potentialAction":[{"@type":"ReadAction","target":["https:\/\/comarcas.csm.org.pt\/santarem\/blog\/2025\/11\/30\/comarca-solidaria-banco-alimentar\/"]}]},{"@type":"ImageObject","inLanguage":"pt-PT","@id":"https:\/\/comarcas.csm.org.pt\/santarem\/blog\/2025\/11\/30\/comarca-solidaria-banco-alimentar\/#primaryimage","url":"https:\/\/comarcas.csm.org.pt\/santarem\/wp-content\/uploads\/sites\/24\/2025\/12\/Banco-Alimentar.png","contentUrl":"https:\/\/comarcas.csm.org.pt\/santarem\/wp-content\/uploads\/sites\/24\/2025\/12\/Banco-Alimentar.png","width":247,"height":247},{"@type":"BreadcrumbList","@id":"https:\/\/comarcas.csm.org.pt\/santarem\/blog\/2025\/11\/30\/comarca-solidaria-banco-alimentar\/#breadcrumb","itemListElement":[{"@type":"ListItem","position":1,"name":"In\u00edcio","item":"https:\/\/comarcas.csm.org.pt\/santarem\/"},{"@type":"ListItem","position":2,"name":"Comarca Solid\u00e1ria | Banco Alimentar"}]},{"@type":"WebSite","@id":"https:\/\/comarcas.csm.org.pt\/santarem\/#website","url":"https:\/\/comarcas.csm.org.pt\/santarem\/","name":"Tribunal Judicial da Comarca de Santar\u00e9m","description":"Tribunal Judicial da Comarca de Santar\u00e9m","publisher":{"@id":"https:\/\/comarcas.csm.org.pt\/santarem\/#organization"},"potentialAction":[{"@type":"SearchAction","target":{"@type":"EntryPoint","urlTemplate":"https:\/\/comarcas.csm.org.pt\/santarem\/?s={search_term_string}"},"query-input":{"@type":"PropertyValueSpecification","valueRequired":true,"valueName":"search_term_string"}}],"inLanguage":"pt-PT"},{"@type":"Organization","@id":"https:\/\/comarcas.csm.org.pt\/santarem\/#organization","name":"Tribunal Judicial da Comarca de Santar\u00e9m","url":"https:\/\/comarcas.csm.org.pt\/santarem\/","logo":{"@type":"ImageObject","inLanguage":"pt-PT","@id":"https:\/\/comarcas.csm.org.pt\/santarem\/#\/schema\/logo\/image\/","url":"https:\/\/comarcas.csm.org.pt\/santarem\/wp-content\/uploads\/sites\/24\/2024\/11\/Santarem_positivo-horizontal.png","contentUrl":"https:\/\/comarcas.csm.org.pt\/santarem\/wp-content\/uploads\/sites\/24\/2024\/11\/Santarem_positivo-horizontal.png","width":4842,"height":890,"caption":"Tribunal Judicial da Comarca de Santar\u00e9m"},"image":{"@id":"https:\/\/comarcas.csm.org.pt\/santarem\/#\/schema\/logo\/image\/"}},{"@type":"Person","@id":"https:\/\/comarcas.csm.org.pt\/santarem\/#\/schema\/person\/5fd90c1542a6b7618d34dc9e9dd201ce","name":"santarem","image":{"@type":"ImageObject","inLanguage":"pt-PT","@id":"https:\/\/comarcas.csm.org.pt\/santarem\/#\/schema\/person\/image\/","url":"https:\/\/secure.gravatar.com\/avatar\/8be77e04d594549bae7e8fd797832ba4f022a4b0890c90ff1b3a7c0cd8dfabc0?s=96&d=mm&r=g","contentUrl":"https:\/\/secure.gravatar.com\/avatar\/8be77e04d594549bae7e8fd797832ba4f022a4b0890c90ff1b3a7c0cd8dfabc0?s=96&d=mm&r=g","caption":"santarem"},"url":"https:\/\/comarcas.csm.org.pt\/santarem\/blog\/author\/santarem\/"}]}},"_links":{"self":[{"href":"https:\/\/comarcas.csm.org.pt\/santarem\/wp-json\/wp\/v2\/posts\/13645","targetHints":{"allow":["GET"]}}],"collection":[{"href":"https:\/\/comarcas.csm.org.pt\/santarem\/wp-json\/wp\/v2\/posts"}],"about":[{"href":"https:\/\/comarcas.csm.org.pt\/santarem\/wp-json\/wp\/v2\/types\/post"}],"author":[{"embeddable":true,"href":"https:\/\/comarcas.csm.org.pt\/santarem\/wp-json\/wp\/v2\/users\/24"}],"replies":[{"embeddable":true,"href":"https:\/\/comarcas.csm.org.pt\/santarem\/wp-json\/wp\/v2\/comments?post=13645"}],"version-history":[{"count":8,"href":"https:\/\/comarcas.csm.org.pt\/santarem\/wp-json\/wp\/v2\/posts\/13645\/revisions"}],"predecessor-version":[{"id":13653,"href":"https:\/\/comarcas.csm.org.pt\/santarem\/wp-json\/wp\/v2\/posts\/13645\/revisions\/13653"}],"wp:attachment":[{"href":"https:\/\/comarcas.csm.org.pt\/santarem\/wp-json\/wp\/v2\/media?parent=13645"}],"wp:term":[{"taxonomy":"category","embeddable":true,"href":"https:\/\/comarcas.csm.org.pt\/santarem\/wp-json\/wp\/v2\/categories?post=13645"},{"taxonomy":"post_tag","embeddable":true,"href":"https:\/\/comarcas.csm.org.pt\/santarem\/wp-json\/wp\/v2\/tags?post=13645"}],"curies":[{"name":"wp","href":"https:\/\/api.w.org\/{rel}","templated":true}]}}