{"id":13869,"date":"2026-02-20T17:00:00","date_gmt":"2026-02-20T20:00:00","guid":{"rendered":"https:\/\/comarcas.csm.org.pt\/santarem\/?p=13869"},"modified":"2026-03-02T08:55:23","modified_gmt":"2026-03-02T11:55:23","slug":"conversas-com-as-execucoes","status":"publish","type":"post","link":"https:\/\/comarcas.csm.org.pt\/santarem\/blog\/2026\/02\/20\/conversas-com-as-execucoes\/","title":{"rendered":"Conversas com as Execu\u00e7\u00f5es"},"content":{"rendered":"\t\t<div data-elementor-type=\"wp-post\" data-elementor-id=\"13869\" class=\"elementor elementor-13869\" data-elementor-post-type=\"post\">\n\t\t\t\t<div class=\"elementor-element elementor-element-3830961 e-grid e-con-full e-con e-parent\" data-id=\"3830961\" data-element_type=\"container\">\n\t\t\t\t<div class=\"elementor-element elementor-element-af47e38 elementor-widget elementor-widget-text-editor\" data-id=\"af47e38\" data-element_type=\"widget\" data-widget_type=\"text-editor.default\">\n\t\t\t\t<div class=\"elementor-widget-container\">\n\t\t\t\t\t\t\t\t\t<p class=\"x_MsoNormal\"><span data-olk-copy-source=\"MessageBody\">No dia 20.2.2026, em colabora\u00e7\u00e3o com a Ordem dos Solicitadores e dos Agentes de Execu\u00e7\u00e3o (OSAE), realizou-se no Pal\u00e1cio da Justi\u00e7a do Entroncamento, sede do Ju\u00edzo de Execu\u00e7\u00e3o da Comarca de Santar\u00e9m, uma sess\u00e3o do projeto de forma\u00e7\u00e3o &#8220;Conversas com as Execu\u00e7\u00f5es&#8221;.<\/span><\/p><p class=\"x_MsoNormal\">O evento, que mereceu interesse alargado por parte de oficiais de justi\u00e7a, solicitadores e agentes de execu\u00e7\u00e3o, teve como temas centrais a\u00a0cita\u00e7\u00e3o eletr\u00f3nica e o\u00a0artigo 855.\u00ba-A do C\u00f3digo de Processo Civil e por objetivos a partilha de experi\u00eancias e perspetivas entre profissionais da \u00e1rea e o esclarecimento de aspetos t\u00e9cnicos e pr\u00e1ticos da a\u00e7\u00e3o executiva.<\/p><p class=\"x_MsoNormal\">No encontro participaram como oradores, em representa\u00e7\u00e3o do Tribunal Judicial da Comarca de Santar\u00e9m, o Dr. Jo\u00e3o Ricardo Carreira, juiz do Ju\u00edzo de Execu\u00e7\u00e3o e a escriv\u00e3 do mesmo Ju\u00edzo, Armandina Oliveira, e pela OSAE a Dr\u00aa. \u00a0Mara Fernandes e o Dr.\u00a0Bruno Rodrigues Coelho, respetivamente, presidente e vogal do Conselho Profissional do Col\u00e9gio dos Agentes de Execu\u00e7\u00e3o. A modera\u00e7\u00e3o foi da Dra. D\u00e9bora Riobom dos Santos,\u00a0presidente do Conselho Regional de Lisboa da OSAE.<\/p><p class=\"x_MsoNormal\">Ficou a vontade de mais conversas.<\/p>\t\t\t\t\t\t\t\t<\/div>\n\t\t\t\t<\/div>\n\t\t\t\t<div class=\"elementor-element elementor-element-62654b2 elementor-widget elementor-widget-image\" data-id=\"62654b2\" data-element_type=\"widget\" data-widget_type=\"image.default\">\n\t\t\t\t<div class=\"elementor-widget-container\">\n\t\t\t\t\t\t\t\t\t\t\t\t\t\t\t<img fetchpriority=\"high\" decoding=\"async\" width=\"768\" height=\"1024\" src=\"https:\/\/comarcas.csm.org.pt\/santarem\/wp-content\/uploads\/sites\/24\/2026\/03\/14-1-768x1024.jpeg\" class=\"attachment-large size-large wp-image-13875\" alt=\"\" srcset=\"https:\/\/comarcas.csm.org.pt\/santarem\/wp-content\/uploads\/sites\/24\/2026\/03\/14-1-768x1024.jpeg 768w, https:\/\/comarcas.csm.org.pt\/santarem\/wp-content\/uploads\/sites\/24\/2026\/03\/14-1-225x300.jpeg 225w, https:\/\/comarcas.csm.org.pt\/santarem\/wp-content\/uploads\/sites\/24\/2026\/03\/14-1-1152x1536.jpeg 1152w, https:\/\/comarcas.csm.org.pt\/santarem\/wp-content\/uploads\/sites\/24\/2026\/03\/14-1.jpeg 1200w\" sizes=\"(max-width: 768px) 100vw, 768px\" \/>\t\t\t\t\t\t\t\t\t\t\t\t\t\t\t<\/div>\n\t\t\t\t<\/div>\n\t\t\t\t<\/div>\n\t\t\t\t<\/div>\n\t\t","protected":false},"excerpt":{"rendered":"<p>No dia 20.2.2026, em colabora\u00e7\u00e3o com a Ordem dos Solicitadores e dos Agentes de Execu\u00e7\u00e3o (OSAE), realizou-se no Pal\u00e1cio da Justi\u00e7a do Entroncamento, sede do Ju\u00edzo de Execu\u00e7\u00e3o da Comarca de Santar\u00e9m, uma sess\u00e3o do&#8230;<\/p>\n","protected":false},"author":24,"featured_media":13870,"comment_status":"closed","ping_status":"open","sticky":false,"template":"","format":"standard","meta":{"_tbt_post_transparent":"","_tbt_post_title":"","_tbt_post_layout":"","_tbt_post_sidebar_id":"","_tbt_post_content_style":"","_tbt_post_vertical_padding":"","_tbt_post_feature":"","_tbt_post_feature_position":"","_tbt_post_header":false,"_tbt_post_footer":false},"categories":[2,1,5],"tags":[],"class_list":["post-13869","post","type-post","status-publish","format-standard","has-post-thumbnail","hentry","category-eventos","category-geral","category-noticias"],"yoast_head":"<!-- This site is optimized with the Yoast SEO plugin v25.6 - https:\/\/yoast.com\/wordpress\/plugins\/seo\/ -->\n<title>Conversas com as Execu\u00e7\u00f5es - Tribunal Judicial da Comarca de Santar\u00e9m<\/title>\n<meta name=\"robots\" content=\"index, follow, max-snippet:-1, max-image-preview:large, max-video-preview:-1\" \/>\n<link rel=\"canonical\" href=\"https:\/\/comarcas.csm.org.pt\/santarem\/blog\/2026\/02\/20\/conversas-com-as-execucoes\/\" \/>\n<meta property=\"og:locale\" content=\"pt_PT\" \/>\n<meta property=\"og:type\" content=\"article\" \/>\n<meta property=\"og:title\" content=\"Conversas com as Execu\u00e7\u00f5es - Tribunal Judicial da Comarca de Santar\u00e9m\" \/>\n<meta property=\"og:description\" content=\"No dia 20.2.2026, em colabora\u00e7\u00e3o com a Ordem dos Solicitadores e dos Agentes de Execu\u00e7\u00e3o (OSAE), realizou-se no Pal\u00e1cio da Justi\u00e7a do Entroncamento, sede do Ju\u00edzo de Execu\u00e7\u00e3o da Comarca de Santar\u00e9m, uma sess\u00e3o do...\" \/>\n<meta property=\"og:url\" content=\"https:\/\/comarcas.csm.org.pt\/santarem\/blog\/2026\/02\/20\/conversas-com-as-execucoes\/\" \/>\n<meta property=\"og:site_name\" content=\"Tribunal Judicial da Comarca de Santar\u00e9m\" \/>\n<meta property=\"article:published_time\" content=\"2026-02-20T20:00:00+00:00\" \/>\n<meta property=\"article:modified_time\" content=\"2026-03-02T11:55:23+00:00\" \/>\n<meta property=\"og:image\" content=\"https:\/\/comarcas.csm.org.pt\/santarem\/wp-content\/uploads\/sites\/24\/2026\/03\/Conversas-com-as-Execucoes.png\" \/>\n\t<meta property=\"og:image:width\" content=\"1044\" \/>\n\t<meta property=\"og:image:height\" content=\"799\" \/>\n\t<meta property=\"og:image:type\" content=\"image\/png\" \/>\n<meta name=\"author\" content=\"santarem\" \/>\n<meta name=\"twitter:card\" content=\"summary_large_image\" \/>\n<meta name=\"twitter:label1\" content=\"Escrito por\" \/>\n\t<meta name=\"twitter:data1\" content=\"santarem\" \/>\n\t<meta name=\"twitter:label2\" content=\"Tempo estimado de leitura\" \/>\n\t<meta name=\"twitter:data2\" content=\"2 minutos\" \/>\n<script type=\"application\/ld+json\" class=\"yoast-schema-graph\">{\"@context\":\"https:\/\/schema.org\",\"@graph\":[{\"@type\":\"Article\",\"@id\":\"https:\/\/comarcas.csm.org.pt\/santarem\/blog\/2026\/02\/20\/conversas-com-as-execucoes\/#article\",\"isPartOf\":{\"@id\":\"https:\/\/comarcas.csm.org.pt\/santarem\/blog\/2026\/02\/20\/conversas-com-as-execucoes\/\"},\"author\":{\"name\":\"santarem\",\"@id\":\"https:\/\/comarcas.csm.org.pt\/santarem\/#\/schema\/person\/5fd90c1542a6b7618d34dc9e9dd201ce\"},\"headline\":\"Conversas com as Execu\u00e7\u00f5es\",\"datePublished\":\"2026-02-20T20:00:00+00:00\",\"dateModified\":\"2026-03-02T11:55:23+00:00\",\"mainEntityOfPage\":{\"@id\":\"https:\/\/comarcas.csm.org.pt\/santarem\/blog\/2026\/02\/20\/conversas-com-as-execucoes\/\"},\"wordCount\":213,\"publisher\":{\"@id\":\"https:\/\/comarcas.csm.org.pt\/santarem\/#organization\"},\"image\":{\"@id\":\"https:\/\/comarcas.csm.org.pt\/santarem\/blog\/2026\/02\/20\/conversas-com-as-execucoes\/#primaryimage\"},\"thumbnailUrl\":\"https:\/\/comarcas.csm.org.pt\/santarem\/wp-content\/uploads\/sites\/24\/2026\/03\/Conversas-com-as-Execucoes.png\",\"articleSection\":[\"Eventos\",\"Geral\",\"Not\u00edcias\"],\"inLanguage\":\"pt-PT\"},{\"@type\":\"WebPage\",\"@id\":\"https:\/\/comarcas.csm.org.pt\/santarem\/blog\/2026\/02\/20\/conversas-com-as-execucoes\/\",\"url\":\"https:\/\/comarcas.csm.org.pt\/santarem\/blog\/2026\/02\/20\/conversas-com-as-execucoes\/\",\"name\":\"Conversas com as Execu\u00e7\u00f5es - Tribunal Judicial da Comarca de Santar\u00e9m\",\"isPartOf\":{\"@id\":\"https:\/\/comarcas.csm.org.pt\/santarem\/#website\"},\"primaryImageOfPage\":{\"@id\":\"https:\/\/comarcas.csm.org.pt\/santarem\/blog\/2026\/02\/20\/conversas-com-as-execucoes\/#primaryimage\"},\"image\":{\"@id\":\"https:\/\/comarcas.csm.org.pt\/santarem\/blog\/2026\/02\/20\/conversas-com-as-execucoes\/#primaryimage\"},\"thumbnailUrl\":\"https:\/\/comarcas.csm.org.pt\/santarem\/wp-content\/uploads\/sites\/24\/2026\/03\/Conversas-com-as-Execucoes.png\",\"datePublished\":\"2026-02-20T20:00:00+00:00\",\"dateModified\":\"2026-03-02T11:55:23+00:00\",\"breadcrumb\":{\"@id\":\"https:\/\/comarcas.csm.org.pt\/santarem\/blog\/2026\/02\/20\/conversas-com-as-execucoes\/#breadcrumb\"},\"inLanguage\":\"pt-PT\",\"potentialAction\":[{\"@type\":\"ReadAction\",\"target\":[\"https:\/\/comarcas.csm.org.pt\/santarem\/blog\/2026\/02\/20\/conversas-com-as-execucoes\/\"]}]},{\"@type\":\"ImageObject\",\"inLanguage\":\"pt-PT\",\"@id\":\"https:\/\/comarcas.csm.org.pt\/santarem\/blog\/2026\/02\/20\/conversas-com-as-execucoes\/#primaryimage\",\"url\":\"https:\/\/comarcas.csm.org.pt\/santarem\/wp-content\/uploads\/sites\/24\/2026\/03\/Conversas-com-as-Execucoes.png\",\"contentUrl\":\"https:\/\/comarcas.csm.org.pt\/santarem\/wp-content\/uploads\/sites\/24\/2026\/03\/Conversas-com-as-Execucoes.png\",\"width\":1044,\"height\":799},{\"@type\":\"BreadcrumbList\",\"@id\":\"https:\/\/comarcas.csm.org.pt\/santarem\/blog\/2026\/02\/20\/conversas-com-as-execucoes\/#breadcrumb\",\"itemListElement\":[{\"@type\":\"ListItem\",\"position\":1,\"name\":\"In\u00edcio\",\"item\":\"https:\/\/comarcas.csm.org.pt\/santarem\/\"},{\"@type\":\"ListItem\",\"position\":2,\"name\":\"Conversas com as Execu\u00e7\u00f5es\"}]},{\"@type\":\"WebSite\",\"@id\":\"https:\/\/comarcas.csm.org.pt\/santarem\/#website\",\"url\":\"https:\/\/comarcas.csm.org.pt\/santarem\/\",\"name\":\"Tribunal Judicial da Comarca de Santar\u00e9m\",\"description\":\"Tribunal Judicial da Comarca de Santar\u00e9m\",\"publisher\":{\"@id\":\"https:\/\/comarcas.csm.org.pt\/santarem\/#organization\"},\"potentialAction\":[{\"@type\":\"SearchAction\",\"target\":{\"@type\":\"EntryPoint\",\"urlTemplate\":\"https:\/\/comarcas.csm.org.pt\/santarem\/?s={search_term_string}\"},\"query-input\":{\"@type\":\"PropertyValueSpecification\",\"valueRequired\":true,\"valueName\":\"search_term_string\"}}],\"inLanguage\":\"pt-PT\"},{\"@type\":\"Organization\",\"@id\":\"https:\/\/comarcas.csm.org.pt\/santarem\/#organization\",\"name\":\"Tribunal Judicial da Comarca de Santar\u00e9m\",\"url\":\"https:\/\/comarcas.csm.org.pt\/santarem\/\",\"logo\":{\"@type\":\"ImageObject\",\"inLanguage\":\"pt-PT\",\"@id\":\"https:\/\/comarcas.csm.org.pt\/santarem\/#\/schema\/logo\/image\/\",\"url\":\"https:\/\/comarcas.csm.org.pt\/santarem\/wp-content\/uploads\/sites\/24\/2024\/11\/Santarem_positivo-horizontal.png\",\"contentUrl\":\"https:\/\/comarcas.csm.org.pt\/santarem\/wp-content\/uploads\/sites\/24\/2024\/11\/Santarem_positivo-horizontal.png\",\"width\":4842,\"height\":890,\"caption\":\"Tribunal Judicial da Comarca de Santar\u00e9m\"},\"image\":{\"@id\":\"https:\/\/comarcas.csm.org.pt\/santarem\/#\/schema\/logo\/image\/\"}},{\"@type\":\"Person\",\"@id\":\"https:\/\/comarcas.csm.org.pt\/santarem\/#\/schema\/person\/5fd90c1542a6b7618d34dc9e9dd201ce\",\"name\":\"santarem\",\"image\":{\"@type\":\"ImageObject\",\"inLanguage\":\"pt-PT\",\"@id\":\"https:\/\/comarcas.csm.org.pt\/santarem\/#\/schema\/person\/image\/\",\"url\":\"https:\/\/secure.gravatar.com\/avatar\/8be77e04d594549bae7e8fd797832ba4f022a4b0890c90ff1b3a7c0cd8dfabc0?s=96&d=mm&r=g\",\"contentUrl\":\"https:\/\/secure.gravatar.com\/avatar\/8be77e04d594549bae7e8fd797832ba4f022a4b0890c90ff1b3a7c0cd8dfabc0?s=96&d=mm&r=g\",\"caption\":\"santarem\"},\"url\":\"https:\/\/comarcas.csm.org.pt\/santarem\/blog\/author\/santarem\/\"}]}<\/script>\n<!-- \/ Yoast SEO plugin. -->","yoast_head_json":{"title":"Conversas com as Execu\u00e7\u00f5es - Tribunal Judicial da Comarca de Santar\u00e9m","robots":{"index":"index","follow":"follow","max-snippet":"max-snippet:-1","max-image-preview":"max-image-preview:large","max-video-preview":"max-video-preview:-1"},"canonical":"https:\/\/comarcas.csm.org.pt\/santarem\/blog\/2026\/02\/20\/conversas-com-as-execucoes\/","og_locale":"pt_PT","og_type":"article","og_title":"Conversas com as Execu\u00e7\u00f5es - Tribunal Judicial da Comarca de Santar\u00e9m","og_description":"No dia 20.2.2026, em colabora\u00e7\u00e3o com a Ordem dos Solicitadores e dos Agentes de Execu\u00e7\u00e3o (OSAE), realizou-se no Pal\u00e1cio da Justi\u00e7a do Entroncamento, sede do Ju\u00edzo de Execu\u00e7\u00e3o da Comarca de Santar\u00e9m, uma sess\u00e3o do...","og_url":"https:\/\/comarcas.csm.org.pt\/santarem\/blog\/2026\/02\/20\/conversas-com-as-execucoes\/","og_site_name":"Tribunal Judicial da Comarca de Santar\u00e9m","article_published_time":"2026-02-20T20:00:00+00:00","article_modified_time":"2026-03-02T11:55:23+00:00","og_image":[{"width":1044,"height":799,"url":"https:\/\/comarcas.csm.org.pt\/santarem\/wp-content\/uploads\/sites\/24\/2026\/03\/Conversas-com-as-Execucoes.png","type":"image\/png"}],"author":"santarem","twitter_card":"summary_large_image","twitter_misc":{"Escrito por":"santarem","Tempo estimado de leitura":"2 minutos"},"schema":{"@context":"https:\/\/schema.org","@graph":[{"@type":"Article","@id":"https:\/\/comarcas.csm.org.pt\/santarem\/blog\/2026\/02\/20\/conversas-com-as-execucoes\/#article","isPartOf":{"@id":"https:\/\/comarcas.csm.org.pt\/santarem\/blog\/2026\/02\/20\/conversas-com-as-execucoes\/"},"author":{"name":"santarem","@id":"https:\/\/comarcas.csm.org.pt\/santarem\/#\/schema\/person\/5fd90c1542a6b7618d34dc9e9dd201ce"},"headline":"Conversas com as Execu\u00e7\u00f5es","datePublished":"2026-02-20T20:00:00+00:00","dateModified":"2026-03-02T11:55:23+00:00","mainEntityOfPage":{"@id":"https:\/\/comarcas.csm.org.pt\/santarem\/blog\/2026\/02\/20\/conversas-com-as-execucoes\/"},"wordCount":213,"publisher":{"@id":"https:\/\/comarcas.csm.org.pt\/santarem\/#organization"},"image":{"@id":"https:\/\/comarcas.csm.org.pt\/santarem\/blog\/2026\/02\/20\/conversas-com-as-execucoes\/#primaryimage"},"thumbnailUrl":"https:\/\/comarcas.csm.org.pt\/santarem\/wp-content\/uploads\/sites\/24\/2026\/03\/Conversas-com-as-Execucoes.png","articleSection":["Eventos","Geral","Not\u00edcias"],"inLanguage":"pt-PT"},{"@type":"WebPage","@id":"https:\/\/comarcas.csm.org.pt\/santarem\/blog\/2026\/02\/20\/conversas-com-as-execucoes\/","url":"https:\/\/comarcas.csm.org.pt\/santarem\/blog\/2026\/02\/20\/conversas-com-as-execucoes\/","name":"Conversas com as Execu\u00e7\u00f5es - Tribunal Judicial da Comarca de Santar\u00e9m","isPartOf":{"@id":"https:\/\/comarcas.csm.org.pt\/santarem\/#website"},"primaryImageOfPage":{"@id":"https:\/\/comarcas.csm.org.pt\/santarem\/blog\/2026\/02\/20\/conversas-com-as-execucoes\/#primaryimage"},"image":{"@id":"https:\/\/comarcas.csm.org.pt\/santarem\/blog\/2026\/02\/20\/conversas-com-as-execucoes\/#primaryimage"},"thumbnailUrl":"https:\/\/comarcas.csm.org.pt\/santarem\/wp-content\/uploads\/sites\/24\/2026\/03\/Conversas-com-as-Execucoes.png","datePublished":"2026-02-20T20:00:00+00:00","dateModified":"2026-03-02T11:55:23+00:00","breadcrumb":{"@id":"https:\/\/comarcas.csm.org.pt\/santarem\/blog\/2026\/02\/20\/conversas-com-as-execucoes\/#breadcrumb"},"inLanguage":"pt-PT","potentialAction":[{"@type":"ReadAction","target":["https:\/\/comarcas.csm.org.pt\/santarem\/blog\/2026\/02\/20\/conversas-com-as-execucoes\/"]}]},{"@type":"ImageObject","inLanguage":"pt-PT","@id":"https:\/\/comarcas.csm.org.pt\/santarem\/blog\/2026\/02\/20\/conversas-com-as-execucoes\/#primaryimage","url":"https:\/\/comarcas.csm.org.pt\/santarem\/wp-content\/uploads\/sites\/24\/2026\/03\/Conversas-com-as-Execucoes.png","contentUrl":"https:\/\/comarcas.csm.org.pt\/santarem\/wp-content\/uploads\/sites\/24\/2026\/03\/Conversas-com-as-Execucoes.png","width":1044,"height":799},{"@type":"BreadcrumbList","@id":"https:\/\/comarcas.csm.org.pt\/santarem\/blog\/2026\/02\/20\/conversas-com-as-execucoes\/#breadcrumb","itemListElement":[{"@type":"ListItem","position":1,"name":"In\u00edcio","item":"https:\/\/comarcas.csm.org.pt\/santarem\/"},{"@type":"ListItem","position":2,"name":"Conversas com as Execu\u00e7\u00f5es"}]},{"@type":"WebSite","@id":"https:\/\/comarcas.csm.org.pt\/santarem\/#website","url":"https:\/\/comarcas.csm.org.pt\/santarem\/","name":"Tribunal Judicial da Comarca de Santar\u00e9m","description":"Tribunal Judicial da Comarca de Santar\u00e9m","publisher":{"@id":"https:\/\/comarcas.csm.org.pt\/santarem\/#organization"},"potentialAction":[{"@type":"SearchAction","target":{"@type":"EntryPoint","urlTemplate":"https:\/\/comarcas.csm.org.pt\/santarem\/?s={search_term_string}"},"query-input":{"@type":"PropertyValueSpecification","valueRequired":true,"valueName":"search_term_string"}}],"inLanguage":"pt-PT"},{"@type":"Organization","@id":"https:\/\/comarcas.csm.org.pt\/santarem\/#organization","name":"Tribunal Judicial da Comarca de Santar\u00e9m","url":"https:\/\/comarcas.csm.org.pt\/santarem\/","logo":{"@type":"ImageObject","inLanguage":"pt-PT","@id":"https:\/\/comarcas.csm.org.pt\/santarem\/#\/schema\/logo\/image\/","url":"https:\/\/comarcas.csm.org.pt\/santarem\/wp-content\/uploads\/sites\/24\/2024\/11\/Santarem_positivo-horizontal.png","contentUrl":"https:\/\/comarcas.csm.org.pt\/santarem\/wp-content\/uploads\/sites\/24\/2024\/11\/Santarem_positivo-horizontal.png","width":4842,"height":890,"caption":"Tribunal Judicial da Comarca de Santar\u00e9m"},"image":{"@id":"https:\/\/comarcas.csm.org.pt\/santarem\/#\/schema\/logo\/image\/"}},{"@type":"Person","@id":"https:\/\/comarcas.csm.org.pt\/santarem\/#\/schema\/person\/5fd90c1542a6b7618d34dc9e9dd201ce","name":"santarem","image":{"@type":"ImageObject","inLanguage":"pt-PT","@id":"https:\/\/comarcas.csm.org.pt\/santarem\/#\/schema\/person\/image\/","url":"https:\/\/secure.gravatar.com\/avatar\/8be77e04d594549bae7e8fd797832ba4f022a4b0890c90ff1b3a7c0cd8dfabc0?s=96&d=mm&r=g","contentUrl":"https:\/\/secure.gravatar.com\/avatar\/8be77e04d594549bae7e8fd797832ba4f022a4b0890c90ff1b3a7c0cd8dfabc0?s=96&d=mm&r=g","caption":"santarem"},"url":"https:\/\/comarcas.csm.org.pt\/santarem\/blog\/author\/santarem\/"}]}},"_links":{"self":[{"href":"https:\/\/comarcas.csm.org.pt\/santarem\/wp-json\/wp\/v2\/posts\/13869","targetHints":{"allow":["GET"]}}],"collection":[{"href":"https:\/\/comarcas.csm.org.pt\/santarem\/wp-json\/wp\/v2\/posts"}],"about":[{"href":"https:\/\/comarcas.csm.org.pt\/santarem\/wp-json\/wp\/v2\/types\/post"}],"author":[{"embeddable":true,"href":"https:\/\/comarcas.csm.org.pt\/santarem\/wp-json\/wp\/v2\/users\/24"}],"replies":[{"embeddable":true,"href":"https:\/\/comarcas.csm.org.pt\/santarem\/wp-json\/wp\/v2\/comments?post=13869"}],"version-history":[{"count":7,"href":"https:\/\/comarcas.csm.org.pt\/santarem\/wp-json\/wp\/v2\/posts\/13869\/revisions"}],"predecessor-version":[{"id":13881,"href":"https:\/\/comarcas.csm.org.pt\/santarem\/wp-json\/wp\/v2\/posts\/13869\/revisions\/13881"}],"wp:featuredmedia":[{"embeddable":true,"href":"https:\/\/comarcas.csm.org.pt\/santarem\/wp-json\/wp\/v2\/media\/13870"}],"wp:attachment":[{"href":"https:\/\/comarcas.csm.org.pt\/santarem\/wp-json\/wp\/v2\/media?parent=13869"}],"wp:term":[{"taxonomy":"category","embeddable":true,"href":"https:\/\/comarcas.csm.org.pt\/santarem\/wp-json\/wp\/v2\/categories?post=13869"},{"taxonomy":"post_tag","embeddable":true,"href":"https:\/\/comarcas.csm.org.pt\/santarem\/wp-json\/wp\/v2\/tags?post=13869"}],"curies":[{"name":"wp","href":"https:\/\/api.w.org\/{rel}","templated":true}]}}