{"id":13938,"date":"2026-04-10T17:00:00","date_gmt":"2026-04-10T20:00:00","guid":{"rendered":"https:\/\/comarcas.csm.org.pt\/santarem\/?p=13938"},"modified":"2026-04-15T08:20:01","modified_gmt":"2026-04-15T11:20:01","slug":"abril-mes-da-prevencao-dos-maus-tratos-na-infancia","status":"publish","type":"post","link":"https:\/\/comarcas.csm.org.pt\/santarem\/blog\/2026\/04\/10\/abril-mes-da-prevencao-dos-maus-tratos-na-infancia\/","title":{"rendered":"Abril &#8211; M\u00eas da Preven\u00e7\u00e3o dos Maus Tratos na Inf\u00e2ncia"},"content":{"rendered":"\t\t<div data-elementor-type=\"wp-post\" data-elementor-id=\"13938\" class=\"elementor elementor-13938\" data-elementor-post-type=\"post\">\n\t\t\t\t<div class=\"elementor-element elementor-element-07a2b40 e-grid e-con-full e-con e-parent\" data-id=\"07a2b40\" data-element_type=\"container\">\n\t\t\t\t<div class=\"elementor-element elementor-element-4722cfd elementor-widget elementor-widget-text-editor\" data-id=\"4722cfd\" data-element_type=\"widget\" data-widget_type=\"text-editor.default\">\n\t\t\t\t<div class=\"elementor-widget-container\">\n\t\t\t\t\t\t\t\t\t<p class=\"x_elementtoproof\"><span data-olk-copy-source=\"MessageBody\">Chegado abril, o Tribunal Judicial da Comarca de Santar\u00e9m associou-se mais uma vez \u00e0 campanha La\u00e7o Azul e \u00e0s iniciativas de sensibiliza\u00e7\u00e3o para a preven\u00e7\u00e3o dos maus-tratos na inf\u00e2ncia.<\/span><\/p><p class=\"x_elementtoproof\">Assim, no dia 10, com a finalidade de dar visibilidade \u00e0 causa, foi exposta no \u00e1trio do Pal\u00e1cio da Justi\u00e7a II de Santar\u00e9m, onde est\u00e1 o Ju\u00edzo de Fam\u00edlia e Menores, a &#8220;\u00c1rvore da Prote\u00e7\u00e3o&#8221; que atrav\u00e9s de trabalhos infantis evoca os direitos das crian\u00e7as e convoca a comunidade para a necessidade de os garantir e assegurar.<\/p><p class=\"x_elementtoproof\">Na ocasi\u00e3o, os alunos da turma do L\u00e1pis Azul ofereceram ao Tribunal um La\u00e7o Azul, que foi simbolicamente colocado na parede do Cantinho da Espera, \u00e1rea l\u00fadica dedicada \u00e0s crian\u00e7as no edif\u00edcio.<\/p><p class=\"x_elementtoproof\">Como vem sendo usual, o evento foi organizado em parceria com a CPCJ de Santar\u00e9m e os Agrupamentos de Escolas do concelho.<\/p><p class=\"x_MsoNormal\">Recorda-se que a origem da campanha La\u00e7o Azul remonta ao ano de 1989 e ao momento em que a americana Bonnie Finney amarrou uma fita azul na antena do seu carro em homenagem ao neto,\u00a0v\u00edtima mortal de\u00a0maus-tratos. Gesto com que quis\u00a0\u201c<i>fazer com que as pessoas se questionassem<\/i>\u201d.\u00a0<\/p><p class=\"x_MsoNormal\">Tal como o Tribunal est\u00e1 sempre, a \u201c\u00c1rvore da Prote\u00e7\u00e3o\u201d fica \u00e0 disposi\u00e7\u00e3o da comunidade.<\/p>\t\t\t\t\t\t\t\t<\/div>\n\t\t\t\t<\/div>\n\t\t\t\t<div class=\"elementor-element elementor-element-5d08ffb elementor-widget elementor-widget-image\" data-id=\"5d08ffb\" data-element_type=\"widget\" data-widget_type=\"image.default\">\n\t\t\t\t<div class=\"elementor-widget-container\">\n\t\t\t\t\t\t\t\t\t\t\t\t\t\t\t<img fetchpriority=\"high\" decoding=\"async\" width=\"768\" height=\"1024\" src=\"https:\/\/comarcas.csm.org.pt\/santarem\/wp-content\/uploads\/sites\/24\/2026\/04\/2-Arvore-da-Protecao-768x1024.jpeg\" class=\"attachment-large size-large wp-image-13941\" alt=\"\" srcset=\"https:\/\/comarcas.csm.org.pt\/santarem\/wp-content\/uploads\/sites\/24\/2026\/04\/2-Arvore-da-Protecao-768x1024.jpeg 768w, https:\/\/comarcas.csm.org.pt\/santarem\/wp-content\/uploads\/sites\/24\/2026\/04\/2-Arvore-da-Protecao-225x300.jpeg 225w, https:\/\/comarcas.csm.org.pt\/santarem\/wp-content\/uploads\/sites\/24\/2026\/04\/2-Arvore-da-Protecao-1152x1536.jpeg 1152w, https:\/\/comarcas.csm.org.pt\/santarem\/wp-content\/uploads\/sites\/24\/2026\/04\/2-Arvore-da-Protecao.jpeg 1500w\" sizes=\"(max-width: 768px) 100vw, 768px\" \/>\t\t\t\t\t\t\t\t\t\t\t\t\t\t\t<\/div>\n\t\t\t\t<\/div>\n\t\t\t\t<\/div>\n\t\t<div class=\"elementor-element elementor-element-081d143 e-flex e-con-boxed e-con e-parent\" data-id=\"081d143\" data-element_type=\"container\">\n\t\t\t\t\t<div class=\"e-con-inner\">\n\t\t\t\t<div class=\"elementor-element elementor-element-391755a elementor-widget elementor-widget-image-gallery\" data-id=\"391755a\" data-element_type=\"widget\" data-widget_type=\"image-gallery.default\">\n\t\t\t\t<div class=\"elementor-widget-container\">\n\t\t\t\t\t\t\t<div class=\"elementor-image-gallery\">\n\t\t\t<div id='gallery-1' class='gallery galleryid-13938 gallery-columns-6 gallery-size-thumbnail'><figure class='gallery-item'>\n\t\t\t<div class='gallery-icon landscape'>\n\t\t\t\t<a data-elementor-open-lightbox=\"yes\" data-elementor-lightbox-slideshow=\"391755a\" data-elementor-lightbox-title=\"4 \u00c1rvore da Prote\u00e7\u00e3o\" data-e-action-hash=\"#elementor-action%3Aaction%3Dlightbox%26settings%3DeyJpZCI6MTM5NDIsInVybCI6Imh0dHBzOlwvXC9jb21hcmNhcy5jc20ub3JnLnB0XC9zYW50YXJlbVwvd3AtY29udGVudFwvdXBsb2Fkc1wvc2l0ZXNcLzI0XC8yMDI2XC8wNFwvNC1BcnZvcmUtZGEtUHJvdGVjYW8uanBlZyIsInNsaWRlc2hvdyI6IjM5MTc1NWEifQ%3D%3D\" href='https:\/\/comarcas.csm.org.pt\/santarem\/wp-content\/uploads\/sites\/24\/2026\/04\/4-Arvore-da-Protecao.jpeg'><img decoding=\"async\" width=\"150\" height=\"150\" src=\"https:\/\/comarcas.csm.org.pt\/santarem\/wp-content\/uploads\/sites\/24\/2026\/04\/4-Arvore-da-Protecao-150x150.jpeg\" class=\"attachment-thumbnail size-thumbnail\" alt=\"\" \/><\/a>\n\t\t\t<\/div><\/figure><figure class='gallery-item'>\n\t\t\t<div class='gallery-icon landscape'>\n\t\t\t\t<a data-elementor-open-lightbox=\"yes\" data-elementor-lightbox-slideshow=\"391755a\" data-elementor-lightbox-title=\"5 \u00c1rvore da Prote\u00e7\u00e3o\" data-e-action-hash=\"#elementor-action%3Aaction%3Dlightbox%26settings%3DeyJpZCI6MTM5NDMsInVybCI6Imh0dHBzOlwvXC9jb21hcmNhcy5jc20ub3JnLnB0XC9zYW50YXJlbVwvd3AtY29udGVudFwvdXBsb2Fkc1wvc2l0ZXNcLzI0XC8yMDI2XC8wNFwvNS1BcnZvcmUtZGEtUHJvdGVjYW8uanBlZyIsInNsaWRlc2hvdyI6IjM5MTc1NWEifQ%3D%3D\" href='https:\/\/comarcas.csm.org.pt\/santarem\/wp-content\/uploads\/sites\/24\/2026\/04\/5-Arvore-da-Protecao.jpeg'><img decoding=\"async\" width=\"150\" height=\"150\" src=\"https:\/\/comarcas.csm.org.pt\/santarem\/wp-content\/uploads\/sites\/24\/2026\/04\/5-Arvore-da-Protecao-150x150.jpeg\" class=\"attachment-thumbnail size-thumbnail\" alt=\"\" \/><\/a>\n\t\t\t<\/div><\/figure><figure class='gallery-item'>\n\t\t\t<div class='gallery-icon landscape'>\n\t\t\t\t<a data-elementor-open-lightbox=\"yes\" data-elementor-lightbox-slideshow=\"391755a\" data-elementor-lightbox-title=\"7 \u00c1rvore da Prote\u00e7\u00e3o\" data-e-action-hash=\"#elementor-action%3Aaction%3Dlightbox%26settings%3DeyJpZCI6MTM5NDQsInVybCI6Imh0dHBzOlwvXC9jb21hcmNhcy5jc20ub3JnLnB0XC9zYW50YXJlbVwvd3AtY29udGVudFwvdXBsb2Fkc1wvc2l0ZXNcLzI0XC8yMDI2XC8wNFwvNy1BcnZvcmUtZGEtUHJvdGVjYW8uanBlZyIsInNsaWRlc2hvdyI6IjM5MTc1NWEifQ%3D%3D\" href='https:\/\/comarcas.csm.org.pt\/santarem\/wp-content\/uploads\/sites\/24\/2026\/04\/7-Arvore-da-Protecao.jpeg'><img loading=\"lazy\" decoding=\"async\" width=\"150\" height=\"150\" src=\"https:\/\/comarcas.csm.org.pt\/santarem\/wp-content\/uploads\/sites\/24\/2026\/04\/7-Arvore-da-Protecao-150x150.jpeg\" class=\"attachment-thumbnail size-thumbnail\" alt=\"\" \/><\/a>\n\t\t\t<\/div><\/figure><figure class='gallery-item'>\n\t\t\t<div class='gallery-icon landscape'>\n\t\t\t\t<a data-elementor-open-lightbox=\"yes\" data-elementor-lightbox-slideshow=\"391755a\" data-elementor-lightbox-title=\"9 \u00c1rvore da Prote\u00e7\u00e3o\" data-e-action-hash=\"#elementor-action%3Aaction%3Dlightbox%26settings%3DeyJpZCI6MTM5NDUsInVybCI6Imh0dHBzOlwvXC9jb21hcmNhcy5jc20ub3JnLnB0XC9zYW50YXJlbVwvd3AtY29udGVudFwvdXBsb2Fkc1wvc2l0ZXNcLzI0XC8yMDI2XC8wNFwvOS1BcnZvcmUtZGEtUHJvdGVjYW8uanBlZyIsInNsaWRlc2hvdyI6IjM5MTc1NWEifQ%3D%3D\" href='https:\/\/comarcas.csm.org.pt\/santarem\/wp-content\/uploads\/sites\/24\/2026\/04\/9-Arvore-da-Protecao.jpeg'><img loading=\"lazy\" decoding=\"async\" width=\"150\" height=\"150\" src=\"https:\/\/comarcas.csm.org.pt\/santarem\/wp-content\/uploads\/sites\/24\/2026\/04\/9-Arvore-da-Protecao-150x150.jpeg\" class=\"attachment-thumbnail size-thumbnail\" alt=\"\" \/><\/a>\n\t\t\t<\/div><\/figure><figure class='gallery-item'>\n\t\t\t<div class='gallery-icon portrait'>\n\t\t\t\t<a data-elementor-open-lightbox=\"yes\" data-elementor-lightbox-slideshow=\"391755a\" data-elementor-lightbox-title=\"11 \u00c1rvore da Prote\u00e7\u00e3o\" data-e-action-hash=\"#elementor-action%3Aaction%3Dlightbox%26settings%3DeyJpZCI6MTM5NDYsInVybCI6Imh0dHBzOlwvXC9jb21hcmNhcy5jc20ub3JnLnB0XC9zYW50YXJlbVwvd3AtY29udGVudFwvdXBsb2Fkc1wvc2l0ZXNcLzI0XC8yMDI2XC8wNFwvMTEtQXJ2b3JlLWRhLVByb3RlY2FvLmpwZWciLCJzbGlkZXNob3ciOiIzOTE3NTVhIn0%3D\" href='https:\/\/comarcas.csm.org.pt\/santarem\/wp-content\/uploads\/sites\/24\/2026\/04\/11-Arvore-da-Protecao.jpeg'><img loading=\"lazy\" decoding=\"async\" width=\"150\" height=\"150\" src=\"https:\/\/comarcas.csm.org.pt\/santarem\/wp-content\/uploads\/sites\/24\/2026\/04\/11-Arvore-da-Protecao-150x150.jpeg\" class=\"attachment-thumbnail size-thumbnail\" alt=\"\" \/><\/a>\n\t\t\t<\/div><\/figure><figure class='gallery-item'>\n\t\t\t<div class='gallery-icon landscape'>\n\t\t\t\t<a data-elementor-open-lightbox=\"yes\" data-elementor-lightbox-slideshow=\"391755a\" data-elementor-lightbox-title=\"17 \u00c1rvore da Prote\u00e7\u00e3o\" data-e-action-hash=\"#elementor-action%3Aaction%3Dlightbox%26settings%3DeyJpZCI6MTM5NDcsInVybCI6Imh0dHBzOlwvXC9jb21hcmNhcy5jc20ub3JnLnB0XC9zYW50YXJlbVwvd3AtY29udGVudFwvdXBsb2Fkc1wvc2l0ZXNcLzI0XC8yMDI2XC8wNFwvMTctQXJ2b3JlLWRhLVByb3RlY2FvLmpwZWciLCJzbGlkZXNob3ciOiIzOTE3NTVhIn0%3D\" href='https:\/\/comarcas.csm.org.pt\/santarem\/wp-content\/uploads\/sites\/24\/2026\/04\/17-Arvore-da-Protecao.jpeg'><img loading=\"lazy\" decoding=\"async\" width=\"150\" height=\"150\" src=\"https:\/\/comarcas.csm.org.pt\/santarem\/wp-content\/uploads\/sites\/24\/2026\/04\/17-Arvore-da-Protecao-150x150.jpeg\" class=\"attachment-thumbnail size-thumbnail\" alt=\"\" \/><\/a>\n\t\t\t<\/div><\/figure><figure class='gallery-item'>\n\t\t\t<div class='gallery-icon landscape'>\n\t\t\t\t<a data-elementor-open-lightbox=\"yes\" data-elementor-lightbox-slideshow=\"391755a\" data-elementor-lightbox-title=\"18 \u00c1rvore da Prote\u00e7\u00e3o\" data-e-action-hash=\"#elementor-action%3Aaction%3Dlightbox%26settings%3DeyJpZCI6MTM5NDgsInVybCI6Imh0dHBzOlwvXC9jb21hcmNhcy5jc20ub3JnLnB0XC9zYW50YXJlbVwvd3AtY29udGVudFwvdXBsb2Fkc1wvc2l0ZXNcLzI0XC8yMDI2XC8wNFwvMTgtQXJ2b3JlLWRhLVByb3RlY2FvLmpwZWciLCJzbGlkZXNob3ciOiIzOTE3NTVhIn0%3D\" href='https:\/\/comarcas.csm.org.pt\/santarem\/wp-content\/uploads\/sites\/24\/2026\/04\/18-Arvore-da-Protecao.jpeg'><img loading=\"lazy\" decoding=\"async\" width=\"150\" height=\"150\" src=\"https:\/\/comarcas.csm.org.pt\/santarem\/wp-content\/uploads\/sites\/24\/2026\/04\/18-Arvore-da-Protecao-150x150.jpeg\" class=\"attachment-thumbnail size-thumbnail\" alt=\"\" \/><\/a>\n\t\t\t<\/div><\/figure><figure class='gallery-item'>\n\t\t\t<div class='gallery-icon landscape'>\n\t\t\t\t<a data-elementor-open-lightbox=\"yes\" data-elementor-lightbox-slideshow=\"391755a\" data-elementor-lightbox-title=\"20 \u00c1rvore da Prote\u00e7\u00e3o\" data-e-action-hash=\"#elementor-action%3Aaction%3Dlightbox%26settings%3DeyJpZCI6MTM5NDksInVybCI6Imh0dHBzOlwvXC9jb21hcmNhcy5jc20ub3JnLnB0XC9zYW50YXJlbVwvd3AtY29udGVudFwvdXBsb2Fkc1wvc2l0ZXNcLzI0XC8yMDI2XC8wNFwvMjAtQXJ2b3JlLWRhLVByb3RlY2FvLmpwZWciLCJzbGlkZXNob3ciOiIzOTE3NTVhIn0%3D\" href='https:\/\/comarcas.csm.org.pt\/santarem\/wp-content\/uploads\/sites\/24\/2026\/04\/20-Arvore-da-Protecao.jpeg'><img loading=\"lazy\" decoding=\"async\" width=\"150\" height=\"150\" src=\"https:\/\/comarcas.csm.org.pt\/santarem\/wp-content\/uploads\/sites\/24\/2026\/04\/20-Arvore-da-Protecao-150x150.jpeg\" class=\"attachment-thumbnail size-thumbnail\" alt=\"\" \/><\/a>\n\t\t\t<\/div><\/figure><figure class='gallery-item'>\n\t\t\t<div class='gallery-icon portrait'>\n\t\t\t\t<a data-elementor-open-lightbox=\"yes\" data-elementor-lightbox-slideshow=\"391755a\" data-elementor-lightbox-title=\"25 \u00c1rvore da Prote\u00e7\u00e3o\" data-e-action-hash=\"#elementor-action%3Aaction%3Dlightbox%26settings%3DeyJpZCI6MTM5NTAsInVybCI6Imh0dHBzOlwvXC9jb21hcmNhcy5jc20ub3JnLnB0XC9zYW50YXJlbVwvd3AtY29udGVudFwvdXBsb2Fkc1wvc2l0ZXNcLzI0XC8yMDI2XC8wNFwvMjUtQXJ2b3JlLWRhLVByb3RlY2FvLmpwZWciLCJzbGlkZXNob3ciOiIzOTE3NTVhIn0%3D\" href='https:\/\/comarcas.csm.org.pt\/santarem\/wp-content\/uploads\/sites\/24\/2026\/04\/25-Arvore-da-Protecao.jpeg'><img loading=\"lazy\" decoding=\"async\" width=\"150\" height=\"150\" src=\"https:\/\/comarcas.csm.org.pt\/santarem\/wp-content\/uploads\/sites\/24\/2026\/04\/25-Arvore-da-Protecao-150x150.jpeg\" class=\"attachment-thumbnail size-thumbnail\" alt=\"\" \/><\/a>\n\t\t\t<\/div><\/figure><figure class='gallery-item'>\n\t\t\t<div class='gallery-icon landscape'>\n\t\t\t\t<a data-elementor-open-lightbox=\"yes\" data-elementor-lightbox-slideshow=\"391755a\" data-elementor-lightbox-title=\"26 \u00c1rvore da Prote\u00e7\u00e3o\" data-e-action-hash=\"#elementor-action%3Aaction%3Dlightbox%26settings%3DeyJpZCI6MTM5NTEsInVybCI6Imh0dHBzOlwvXC9jb21hcmNhcy5jc20ub3JnLnB0XC9zYW50YXJlbVwvd3AtY29udGVudFwvdXBsb2Fkc1wvc2l0ZXNcLzI0XC8yMDI2XC8wNFwvMjYtQXJ2b3JlLWRhLVByb3RlY2FvLmpwZWciLCJzbGlkZXNob3ciOiIzOTE3NTVhIn0%3D\" href='https:\/\/comarcas.csm.org.pt\/santarem\/wp-content\/uploads\/sites\/24\/2026\/04\/26-Arvore-da-Protecao.jpeg'><img loading=\"lazy\" decoding=\"async\" width=\"150\" height=\"150\" src=\"https:\/\/comarcas.csm.org.pt\/santarem\/wp-content\/uploads\/sites\/24\/2026\/04\/26-Arvore-da-Protecao-150x150.jpeg\" class=\"attachment-thumbnail size-thumbnail\" alt=\"\" \/><\/a>\n\t\t\t<\/div><\/figure><figure class='gallery-item'>\n\t\t\t<div class='gallery-icon portrait'>\n\t\t\t\t<a data-elementor-open-lightbox=\"yes\" data-elementor-lightbox-slideshow=\"391755a\" data-elementor-lightbox-title=\"39 \u00c1rvore da Prote\u00e7\u00e3o\" data-e-action-hash=\"#elementor-action%3Aaction%3Dlightbox%26settings%3DeyJpZCI6MTM5NTIsInVybCI6Imh0dHBzOlwvXC9jb21hcmNhcy5jc20ub3JnLnB0XC9zYW50YXJlbVwvd3AtY29udGVudFwvdXBsb2Fkc1wvc2l0ZXNcLzI0XC8yMDI2XC8wNFwvMzktQXJ2b3JlLWRhLVByb3RlY2FvLmpwZWciLCJzbGlkZXNob3ciOiIzOTE3NTVhIn0%3D\" href='https:\/\/comarcas.csm.org.pt\/santarem\/wp-content\/uploads\/sites\/24\/2026\/04\/39-Arvore-da-Protecao.jpeg'><img loading=\"lazy\" decoding=\"async\" width=\"150\" height=\"150\" src=\"https:\/\/comarcas.csm.org.pt\/santarem\/wp-content\/uploads\/sites\/24\/2026\/04\/39-Arvore-da-Protecao-150x150.jpeg\" class=\"attachment-thumbnail size-thumbnail\" alt=\"\" \/><\/a>\n\t\t\t<\/div><\/figure><figure class='gallery-item'>\n\t\t\t<div class='gallery-icon portrait'>\n\t\t\t\t<a data-elementor-open-lightbox=\"yes\" data-elementor-lightbox-slideshow=\"391755a\" data-elementor-lightbox-title=\"55 \u00c1rvore da Prote\u00e7\u00e3o\" data-e-action-hash=\"#elementor-action%3Aaction%3Dlightbox%26settings%3DeyJpZCI6MTM5NTMsInVybCI6Imh0dHBzOlwvXC9jb21hcmNhcy5jc20ub3JnLnB0XC9zYW50YXJlbVwvd3AtY29udGVudFwvdXBsb2Fkc1wvc2l0ZXNcLzI0XC8yMDI2XC8wNFwvNTUtQXJ2b3JlLWRhLVByb3RlY2FvLmpwZWciLCJzbGlkZXNob3ciOiIzOTE3NTVhIn0%3D\" href='https:\/\/comarcas.csm.org.pt\/santarem\/wp-content\/uploads\/sites\/24\/2026\/04\/55-Arvore-da-Protecao.jpeg'><img loading=\"lazy\" decoding=\"async\" width=\"150\" height=\"150\" src=\"https:\/\/comarcas.csm.org.pt\/santarem\/wp-content\/uploads\/sites\/24\/2026\/04\/55-Arvore-da-Protecao-150x150.jpeg\" class=\"attachment-thumbnail size-thumbnail\" alt=\"\" \/><\/a>\n\t\t\t<\/div><\/figure><figure class='gallery-item'>\n\t\t\t<div class='gallery-icon portrait'>\n\t\t\t\t<a data-elementor-open-lightbox=\"yes\" data-elementor-lightbox-slideshow=\"391755a\" data-elementor-lightbox-title=\"80 \u00c1rvore da Prote\u00e7\u00e3o\" data-e-action-hash=\"#elementor-action%3Aaction%3Dlightbox%26settings%3DeyJpZCI6MTM5NTQsInVybCI6Imh0dHBzOlwvXC9jb21hcmNhcy5jc20ub3JnLnB0XC9zYW50YXJlbVwvd3AtY29udGVudFwvdXBsb2Fkc1wvc2l0ZXNcLzI0XC8yMDI2XC8wNFwvODAtQXJ2b3JlLWRhLVByb3RlY2FvLmpwZWciLCJzbGlkZXNob3ciOiIzOTE3NTVhIn0%3D\" href='https:\/\/comarcas.csm.org.pt\/santarem\/wp-content\/uploads\/sites\/24\/2026\/04\/80-Arvore-da-Protecao.jpeg'><img loading=\"lazy\" decoding=\"async\" width=\"150\" height=\"150\" src=\"https:\/\/comarcas.csm.org.pt\/santarem\/wp-content\/uploads\/sites\/24\/2026\/04\/80-Arvore-da-Protecao-150x150.jpeg\" class=\"attachment-thumbnail size-thumbnail\" alt=\"\" \/><\/a>\n\t\t\t<\/div><\/figure><figure class='gallery-item'>\n\t\t\t<div class='gallery-icon landscape'>\n\t\t\t\t<a data-elementor-open-lightbox=\"yes\" data-elementor-lightbox-slideshow=\"391755a\" data-elementor-lightbox-title=\"105 \u00c1rvore da Prote\u00e7\u00e3o\" data-e-action-hash=\"#elementor-action%3Aaction%3Dlightbox%26settings%3DeyJpZCI6MTM5NTUsInVybCI6Imh0dHBzOlwvXC9jb21hcmNhcy5jc20ub3JnLnB0XC9zYW50YXJlbVwvd3AtY29udGVudFwvdXBsb2Fkc1wvc2l0ZXNcLzI0XC8yMDI2XC8wNFwvMTA1LUFydm9yZS1kYS1Qcm90ZWNhby5qcGVnIiwic2xpZGVzaG93IjoiMzkxNzU1YSJ9\" href='https:\/\/comarcas.csm.org.pt\/santarem\/wp-content\/uploads\/sites\/24\/2026\/04\/105-Arvore-da-Protecao.jpeg'><img loading=\"lazy\" decoding=\"async\" width=\"150\" height=\"150\" src=\"https:\/\/comarcas.csm.org.pt\/santarem\/wp-content\/uploads\/sites\/24\/2026\/04\/105-Arvore-da-Protecao-150x150.jpeg\" class=\"attachment-thumbnail size-thumbnail\" alt=\"\" \/><\/a>\n\t\t\t<\/div><\/figure><figure class='gallery-item'>\n\t\t\t<div class='gallery-icon landscape'>\n\t\t\t\t<a data-elementor-open-lightbox=\"yes\" data-elementor-lightbox-slideshow=\"391755a\" data-elementor-lightbox-title=\"108 \u00c1rvore da Prote\u00e7\u00e3o\" data-e-action-hash=\"#elementor-action%3Aaction%3Dlightbox%26settings%3DeyJpZCI6MTM5NTYsInVybCI6Imh0dHBzOlwvXC9jb21hcmNhcy5jc20ub3JnLnB0XC9zYW50YXJlbVwvd3AtY29udGVudFwvdXBsb2Fkc1wvc2l0ZXNcLzI0XC8yMDI2XC8wNFwvMTA4LUFydm9yZS1kYS1Qcm90ZWNhby5qcGVnIiwic2xpZGVzaG93IjoiMzkxNzU1YSJ9\" href='https:\/\/comarcas.csm.org.pt\/santarem\/wp-content\/uploads\/sites\/24\/2026\/04\/108-Arvore-da-Protecao.jpeg'><img loading=\"lazy\" decoding=\"async\" width=\"150\" height=\"150\" src=\"https:\/\/comarcas.csm.org.pt\/santarem\/wp-content\/uploads\/sites\/24\/2026\/04\/108-Arvore-da-Protecao-150x150.jpeg\" class=\"attachment-thumbnail size-thumbnail\" alt=\"\" \/><\/a>\n\t\t\t<\/div><\/figure><figure class='gallery-item'>\n\t\t\t<div class='gallery-icon portrait'>\n\t\t\t\t<a data-elementor-open-lightbox=\"yes\" data-elementor-lightbox-slideshow=\"391755a\" data-elementor-lightbox-title=\"109 \u00c1rvore da Prote\u00e7\u00e3o\" data-e-action-hash=\"#elementor-action%3Aaction%3Dlightbox%26settings%3DeyJpZCI6MTM5MzksInVybCI6Imh0dHBzOlwvXC9jb21hcmNhcy5jc20ub3JnLnB0XC9zYW50YXJlbVwvd3AtY29udGVudFwvdXBsb2Fkc1wvc2l0ZXNcLzI0XC8yMDI2XC8wNFwvMTA5LUFydm9yZS1kYS1Qcm90ZWNhby5qcGVnIiwic2xpZGVzaG93IjoiMzkxNzU1YSJ9\" href='https:\/\/comarcas.csm.org.pt\/santarem\/wp-content\/uploads\/sites\/24\/2026\/04\/109-Arvore-da-Protecao.jpeg'><img loading=\"lazy\" decoding=\"async\" width=\"150\" height=\"150\" src=\"https:\/\/comarcas.csm.org.pt\/santarem\/wp-content\/uploads\/sites\/24\/2026\/04\/109-Arvore-da-Protecao-150x150.jpeg\" class=\"attachment-thumbnail size-thumbnail\" alt=\"\" \/><\/a>\n\t\t\t<\/div><\/figure><figure class='gallery-item'>\n\t\t\t<div class='gallery-icon landscape'>\n\t\t\t\t<a data-elementor-open-lightbox=\"yes\" data-elementor-lightbox-slideshow=\"391755a\" data-elementor-lightbox-title=\"117 \u00c1rvore da Prote\u00e7\u00e3o v2\" data-e-action-hash=\"#elementor-action%3Aaction%3Dlightbox%26settings%3DeyJpZCI6MTM5ODMsInVybCI6Imh0dHBzOlwvXC9jb21hcmNhcy5jc20ub3JnLnB0XC9zYW50YXJlbVwvd3AtY29udGVudFwvdXBsb2Fkc1wvc2l0ZXNcLzI0XC8yMDI2XC8wNFwvMTE3LUFydm9yZS1kYS1Qcm90ZWNhby12Mi5qcGVnIiwic2xpZGVzaG93IjoiMzkxNzU1YSJ9\" href='https:\/\/comarcas.csm.org.pt\/santarem\/wp-content\/uploads\/sites\/24\/2026\/04\/117-Arvore-da-Protecao-v2.jpeg'><img loading=\"lazy\" decoding=\"async\" width=\"150\" height=\"150\" src=\"https:\/\/comarcas.csm.org.pt\/santarem\/wp-content\/uploads\/sites\/24\/2026\/04\/117-Arvore-da-Protecao-v2-150x150.jpeg\" class=\"attachment-thumbnail size-thumbnail\" alt=\"\" \/><\/a>\n\t\t\t<\/div><\/figure><figure class='gallery-item'>\n\t\t\t<div class='gallery-icon landscape'>\n\t\t\t\t<a data-elementor-open-lightbox=\"yes\" data-elementor-lightbox-slideshow=\"391755a\" data-elementor-lightbox-title=\"135 \u00c1rvore da Prote\u00e7\u00e3o v2\" data-e-action-hash=\"#elementor-action%3Aaction%3Dlightbox%26settings%3DeyJpZCI6MTM5ODQsInVybCI6Imh0dHBzOlwvXC9jb21hcmNhcy5jc20ub3JnLnB0XC9zYW50YXJlbVwvd3AtY29udGVudFwvdXBsb2Fkc1wvc2l0ZXNcLzI0XC8yMDI2XC8wNFwvMTM1LUFydm9yZS1kYS1Qcm90ZWNhby12Mi5qcGVnIiwic2xpZGVzaG93IjoiMzkxNzU1YSJ9\" href='https:\/\/comarcas.csm.org.pt\/santarem\/wp-content\/uploads\/sites\/24\/2026\/04\/135-Arvore-da-Protecao-v2.jpeg'><img loading=\"lazy\" decoding=\"async\" width=\"150\" height=\"150\" src=\"https:\/\/comarcas.csm.org.pt\/santarem\/wp-content\/uploads\/sites\/24\/2026\/04\/135-Arvore-da-Protecao-v2-150x150.jpeg\" class=\"attachment-thumbnail size-thumbnail\" alt=\"\" \/><\/a>\n\t\t\t<\/div><\/figure>\n\t\t<\/div>\n\t\t<\/div>\n\t\t\t\t\t\t<\/div>\n\t\t\t\t<\/div>\n\t\t\t\t\t<\/div>\n\t\t\t\t<\/div>\n\t\t\t\t<\/div>\n\t\t","protected":false},"excerpt":{"rendered":"<p>Chegado abril, o Tribunal Judicial da Comarca de Santar\u00e9m associou-se mais uma vez \u00e0 campanha La\u00e7o Azul e \u00e0s iniciativas de sensibiliza\u00e7\u00e3o para a preven\u00e7\u00e3o dos maus-tratos na inf\u00e2ncia. Assim, no dia 10, com a&#8230;<\/p>\n","protected":false},"author":24,"featured_media":13939,"comment_status":"closed","ping_status":"open","sticky":false,"template":"","format":"standard","meta":{"_tbt_post_transparent":"","_tbt_post_title":"","_tbt_post_layout":"","_tbt_post_sidebar_id":"","_tbt_post_content_style":"","_tbt_post_vertical_padding":"","_tbt_post_feature":"","_tbt_post_feature_position":"","_tbt_post_header":false,"_tbt_post_footer":false},"categories":[2,1,5],"tags":[],"class_list":["post-13938","post","type-post","status-publish","format-standard","has-post-thumbnail","hentry","category-eventos","category-geral","category-noticias"],"yoast_head":"<!-- This site is optimized with the Yoast SEO plugin v25.6 - https:\/\/yoast.com\/wordpress\/plugins\/seo\/ -->\n<title>Abril - M\u00eas da Preven\u00e7\u00e3o dos Maus Tratos na Inf\u00e2ncia - Tribunal Judicial da Comarca de Santar\u00e9m<\/title>\n<meta name=\"robots\" content=\"index, follow, max-snippet:-1, max-image-preview:large, max-video-preview:-1\" \/>\n<link rel=\"canonical\" href=\"https:\/\/comarcas.csm.org.pt\/santarem\/blog\/2026\/04\/10\/abril-mes-da-prevencao-dos-maus-tratos-na-infancia\/\" \/>\n<meta property=\"og:locale\" content=\"pt_PT\" \/>\n<meta property=\"og:type\" content=\"article\" \/>\n<meta property=\"og:title\" content=\"Abril - M\u00eas da Preven\u00e7\u00e3o dos Maus Tratos na Inf\u00e2ncia - Tribunal Judicial da Comarca de Santar\u00e9m\" \/>\n<meta property=\"og:description\" content=\"Chegado abril, o Tribunal Judicial da Comarca de Santar\u00e9m associou-se mais uma vez \u00e0 campanha La\u00e7o Azul e \u00e0s iniciativas de sensibiliza\u00e7\u00e3o para a preven\u00e7\u00e3o dos maus-tratos na inf\u00e2ncia. Assim, no dia 10, com a...\" \/>\n<meta property=\"og:url\" content=\"https:\/\/comarcas.csm.org.pt\/santarem\/blog\/2026\/04\/10\/abril-mes-da-prevencao-dos-maus-tratos-na-infancia\/\" \/>\n<meta property=\"og:site_name\" content=\"Tribunal Judicial da Comarca de Santar\u00e9m\" \/>\n<meta property=\"article:published_time\" content=\"2026-04-10T20:00:00+00:00\" \/>\n<meta property=\"article:modified_time\" content=\"2026-04-15T11:20:01+00:00\" \/>\n<meta property=\"og:image\" content=\"https:\/\/comarcas.csm.org.pt\/santarem\/wp-content\/uploads\/sites\/24\/2026\/04\/109-Arvore-da-Protecao.jpeg\" \/>\n\t<meta property=\"og:image:width\" content=\"1536\" \/>\n\t<meta property=\"og:image:height\" content=\"2048\" \/>\n\t<meta property=\"og:image:type\" content=\"image\/jpeg\" \/>\n<meta name=\"author\" content=\"santarem\" \/>\n<meta name=\"twitter:card\" content=\"summary_large_image\" \/>\n<meta name=\"twitter:label1\" content=\"Escrito por\" \/>\n\t<meta name=\"twitter:data1\" content=\"santarem\" \/>\n\t<meta name=\"twitter:label2\" content=\"Tempo estimado de leitura\" \/>\n\t<meta name=\"twitter:data2\" content=\"1 minuto\" \/>\n<script type=\"application\/ld+json\" class=\"yoast-schema-graph\">{\"@context\":\"https:\/\/schema.org\",\"@graph\":[{\"@type\":\"Article\",\"@id\":\"https:\/\/comarcas.csm.org.pt\/santarem\/blog\/2026\/04\/10\/abril-mes-da-prevencao-dos-maus-tratos-na-infancia\/#article\",\"isPartOf\":{\"@id\":\"https:\/\/comarcas.csm.org.pt\/santarem\/blog\/2026\/04\/10\/abril-mes-da-prevencao-dos-maus-tratos-na-infancia\/\"},\"author\":{\"name\":\"santarem\",\"@id\":\"https:\/\/comarcas.csm.org.pt\/santarem\/#\/schema\/person\/5fd90c1542a6b7618d34dc9e9dd201ce\"},\"headline\":\"Abril &#8211; M\u00eas da Preven\u00e7\u00e3o dos Maus Tratos na Inf\u00e2ncia\",\"datePublished\":\"2026-04-10T20:00:00+00:00\",\"dateModified\":\"2026-04-15T11:20:01+00:00\",\"mainEntityOfPage\":{\"@id\":\"https:\/\/comarcas.csm.org.pt\/santarem\/blog\/2026\/04\/10\/abril-mes-da-prevencao-dos-maus-tratos-na-infancia\/\"},\"wordCount\":237,\"publisher\":{\"@id\":\"https:\/\/comarcas.csm.org.pt\/santarem\/#organization\"},\"image\":{\"@id\":\"https:\/\/comarcas.csm.org.pt\/santarem\/blog\/2026\/04\/10\/abril-mes-da-prevencao-dos-maus-tratos-na-infancia\/#primaryimage\"},\"thumbnailUrl\":\"https:\/\/comarcas.csm.org.pt\/santarem\/wp-content\/uploads\/sites\/24\/2026\/04\/109-Arvore-da-Protecao.jpeg\",\"articleSection\":[\"Eventos\",\"Geral\",\"Not\u00edcias\"],\"inLanguage\":\"pt-PT\"},{\"@type\":\"WebPage\",\"@id\":\"https:\/\/comarcas.csm.org.pt\/santarem\/blog\/2026\/04\/10\/abril-mes-da-prevencao-dos-maus-tratos-na-infancia\/\",\"url\":\"https:\/\/comarcas.csm.org.pt\/santarem\/blog\/2026\/04\/10\/abril-mes-da-prevencao-dos-maus-tratos-na-infancia\/\",\"name\":\"Abril - M\u00eas da Preven\u00e7\u00e3o dos Maus Tratos na Inf\u00e2ncia - Tribunal Judicial da Comarca de Santar\u00e9m\",\"isPartOf\":{\"@id\":\"https:\/\/comarcas.csm.org.pt\/santarem\/#website\"},\"primaryImageOfPage\":{\"@id\":\"https:\/\/comarcas.csm.org.pt\/santarem\/blog\/2026\/04\/10\/abril-mes-da-prevencao-dos-maus-tratos-na-infancia\/#primaryimage\"},\"image\":{\"@id\":\"https:\/\/comarcas.csm.org.pt\/santarem\/blog\/2026\/04\/10\/abril-mes-da-prevencao-dos-maus-tratos-na-infancia\/#primaryimage\"},\"thumbnailUrl\":\"https:\/\/comarcas.csm.org.pt\/santarem\/wp-content\/uploads\/sites\/24\/2026\/04\/109-Arvore-da-Protecao.jpeg\",\"datePublished\":\"2026-04-10T20:00:00+00:00\",\"dateModified\":\"2026-04-15T11:20:01+00:00\",\"breadcrumb\":{\"@id\":\"https:\/\/comarcas.csm.org.pt\/santarem\/blog\/2026\/04\/10\/abril-mes-da-prevencao-dos-maus-tratos-na-infancia\/#breadcrumb\"},\"inLanguage\":\"pt-PT\",\"potentialAction\":[{\"@type\":\"ReadAction\",\"target\":[\"https:\/\/comarcas.csm.org.pt\/santarem\/blog\/2026\/04\/10\/abril-mes-da-prevencao-dos-maus-tratos-na-infancia\/\"]}]},{\"@type\":\"ImageObject\",\"inLanguage\":\"pt-PT\",\"@id\":\"https:\/\/comarcas.csm.org.pt\/santarem\/blog\/2026\/04\/10\/abril-mes-da-prevencao-dos-maus-tratos-na-infancia\/#primaryimage\",\"url\":\"https:\/\/comarcas.csm.org.pt\/santarem\/wp-content\/uploads\/sites\/24\/2026\/04\/109-Arvore-da-Protecao.jpeg\",\"contentUrl\":\"https:\/\/comarcas.csm.org.pt\/santarem\/wp-content\/uploads\/sites\/24\/2026\/04\/109-Arvore-da-Protecao.jpeg\",\"width\":1536,\"height\":2048},{\"@type\":\"BreadcrumbList\",\"@id\":\"https:\/\/comarcas.csm.org.pt\/santarem\/blog\/2026\/04\/10\/abril-mes-da-prevencao-dos-maus-tratos-na-infancia\/#breadcrumb\",\"itemListElement\":[{\"@type\":\"ListItem\",\"position\":1,\"name\":\"In\u00edcio\",\"item\":\"https:\/\/comarcas.csm.org.pt\/santarem\/\"},{\"@type\":\"ListItem\",\"position\":2,\"name\":\"Abril &#8211; M\u00eas da Preven\u00e7\u00e3o dos Maus Tratos na Inf\u00e2ncia\"}]},{\"@type\":\"WebSite\",\"@id\":\"https:\/\/comarcas.csm.org.pt\/santarem\/#website\",\"url\":\"https:\/\/comarcas.csm.org.pt\/santarem\/\",\"name\":\"Tribunal Judicial da Comarca de Santar\u00e9m\",\"description\":\"Tribunal Judicial da Comarca de Santar\u00e9m\",\"publisher\":{\"@id\":\"https:\/\/comarcas.csm.org.pt\/santarem\/#organization\"},\"potentialAction\":[{\"@type\":\"SearchAction\",\"target\":{\"@type\":\"EntryPoint\",\"urlTemplate\":\"https:\/\/comarcas.csm.org.pt\/santarem\/?s={search_term_string}\"},\"query-input\":{\"@type\":\"PropertyValueSpecification\",\"valueRequired\":true,\"valueName\":\"search_term_string\"}}],\"inLanguage\":\"pt-PT\"},{\"@type\":\"Organization\",\"@id\":\"https:\/\/comarcas.csm.org.pt\/santarem\/#organization\",\"name\":\"Tribunal Judicial da Comarca de Santar\u00e9m\",\"url\":\"https:\/\/comarcas.csm.org.pt\/santarem\/\",\"logo\":{\"@type\":\"ImageObject\",\"inLanguage\":\"pt-PT\",\"@id\":\"https:\/\/comarcas.csm.org.pt\/santarem\/#\/schema\/logo\/image\/\",\"url\":\"https:\/\/comarcas.csm.org.pt\/santarem\/wp-content\/uploads\/sites\/24\/2024\/11\/Santarem_positivo-horizontal.png\",\"contentUrl\":\"https:\/\/comarcas.csm.org.pt\/santarem\/wp-content\/uploads\/sites\/24\/2024\/11\/Santarem_positivo-horizontal.png\",\"width\":4842,\"height\":890,\"caption\":\"Tribunal Judicial da Comarca de Santar\u00e9m\"},\"image\":{\"@id\":\"https:\/\/comarcas.csm.org.pt\/santarem\/#\/schema\/logo\/image\/\"}},{\"@type\":\"Person\",\"@id\":\"https:\/\/comarcas.csm.org.pt\/santarem\/#\/schema\/person\/5fd90c1542a6b7618d34dc9e9dd201ce\",\"name\":\"santarem\",\"image\":{\"@type\":\"ImageObject\",\"inLanguage\":\"pt-PT\",\"@id\":\"https:\/\/comarcas.csm.org.pt\/santarem\/#\/schema\/person\/image\/\",\"url\":\"https:\/\/secure.gravatar.com\/avatar\/8be77e04d594549bae7e8fd797832ba4f022a4b0890c90ff1b3a7c0cd8dfabc0?s=96&d=mm&r=g\",\"contentUrl\":\"https:\/\/secure.gravatar.com\/avatar\/8be77e04d594549bae7e8fd797832ba4f022a4b0890c90ff1b3a7c0cd8dfabc0?s=96&d=mm&r=g\",\"caption\":\"santarem\"},\"url\":\"https:\/\/comarcas.csm.org.pt\/santarem\/blog\/author\/santarem\/\"}]}<\/script>\n<!-- \/ Yoast SEO plugin. -->","yoast_head_json":{"title":"Abril - M\u00eas da Preven\u00e7\u00e3o dos Maus Tratos na Inf\u00e2ncia - Tribunal Judicial da Comarca de Santar\u00e9m","robots":{"index":"index","follow":"follow","max-snippet":"max-snippet:-1","max-image-preview":"max-image-preview:large","max-video-preview":"max-video-preview:-1"},"canonical":"https:\/\/comarcas.csm.org.pt\/santarem\/blog\/2026\/04\/10\/abril-mes-da-prevencao-dos-maus-tratos-na-infancia\/","og_locale":"pt_PT","og_type":"article","og_title":"Abril - M\u00eas da Preven\u00e7\u00e3o dos Maus Tratos na Inf\u00e2ncia - Tribunal Judicial da Comarca de Santar\u00e9m","og_description":"Chegado abril, o Tribunal Judicial da Comarca de Santar\u00e9m associou-se mais uma vez \u00e0 campanha La\u00e7o Azul e \u00e0s iniciativas de sensibiliza\u00e7\u00e3o para a preven\u00e7\u00e3o dos maus-tratos na inf\u00e2ncia. Assim, no dia 10, com a...","og_url":"https:\/\/comarcas.csm.org.pt\/santarem\/blog\/2026\/04\/10\/abril-mes-da-prevencao-dos-maus-tratos-na-infancia\/","og_site_name":"Tribunal Judicial da Comarca de Santar\u00e9m","article_published_time":"2026-04-10T20:00:00+00:00","article_modified_time":"2026-04-15T11:20:01+00:00","og_image":[{"width":1536,"height":2048,"url":"https:\/\/comarcas.csm.org.pt\/santarem\/wp-content\/uploads\/sites\/24\/2026\/04\/109-Arvore-da-Protecao.jpeg","type":"image\/jpeg"}],"author":"santarem","twitter_card":"summary_large_image","twitter_misc":{"Escrito por":"santarem","Tempo estimado de leitura":"1 minuto"},"schema":{"@context":"https:\/\/schema.org","@graph":[{"@type":"Article","@id":"https:\/\/comarcas.csm.org.pt\/santarem\/blog\/2026\/04\/10\/abril-mes-da-prevencao-dos-maus-tratos-na-infancia\/#article","isPartOf":{"@id":"https:\/\/comarcas.csm.org.pt\/santarem\/blog\/2026\/04\/10\/abril-mes-da-prevencao-dos-maus-tratos-na-infancia\/"},"author":{"name":"santarem","@id":"https:\/\/comarcas.csm.org.pt\/santarem\/#\/schema\/person\/5fd90c1542a6b7618d34dc9e9dd201ce"},"headline":"Abril &#8211; M\u00eas da Preven\u00e7\u00e3o dos Maus Tratos na Inf\u00e2ncia","datePublished":"2026-04-10T20:00:00+00:00","dateModified":"2026-04-15T11:20:01+00:00","mainEntityOfPage":{"@id":"https:\/\/comarcas.csm.org.pt\/santarem\/blog\/2026\/04\/10\/abril-mes-da-prevencao-dos-maus-tratos-na-infancia\/"},"wordCount":237,"publisher":{"@id":"https:\/\/comarcas.csm.org.pt\/santarem\/#organization"},"image":{"@id":"https:\/\/comarcas.csm.org.pt\/santarem\/blog\/2026\/04\/10\/abril-mes-da-prevencao-dos-maus-tratos-na-infancia\/#primaryimage"},"thumbnailUrl":"https:\/\/comarcas.csm.org.pt\/santarem\/wp-content\/uploads\/sites\/24\/2026\/04\/109-Arvore-da-Protecao.jpeg","articleSection":["Eventos","Geral","Not\u00edcias"],"inLanguage":"pt-PT"},{"@type":"WebPage","@id":"https:\/\/comarcas.csm.org.pt\/santarem\/blog\/2026\/04\/10\/abril-mes-da-prevencao-dos-maus-tratos-na-infancia\/","url":"https:\/\/comarcas.csm.org.pt\/santarem\/blog\/2026\/04\/10\/abril-mes-da-prevencao-dos-maus-tratos-na-infancia\/","name":"Abril - M\u00eas da Preven\u00e7\u00e3o dos Maus Tratos na Inf\u00e2ncia - Tribunal Judicial da Comarca de Santar\u00e9m","isPartOf":{"@id":"https:\/\/comarcas.csm.org.pt\/santarem\/#website"},"primaryImageOfPage":{"@id":"https:\/\/comarcas.csm.org.pt\/santarem\/blog\/2026\/04\/10\/abril-mes-da-prevencao-dos-maus-tratos-na-infancia\/#primaryimage"},"image":{"@id":"https:\/\/comarcas.csm.org.pt\/santarem\/blog\/2026\/04\/10\/abril-mes-da-prevencao-dos-maus-tratos-na-infancia\/#primaryimage"},"thumbnailUrl":"https:\/\/comarcas.csm.org.pt\/santarem\/wp-content\/uploads\/sites\/24\/2026\/04\/109-Arvore-da-Protecao.jpeg","datePublished":"2026-04-10T20:00:00+00:00","dateModified":"2026-04-15T11:20:01+00:00","breadcrumb":{"@id":"https:\/\/comarcas.csm.org.pt\/santarem\/blog\/2026\/04\/10\/abril-mes-da-prevencao-dos-maus-tratos-na-infancia\/#breadcrumb"},"inLanguage":"pt-PT","potentialAction":[{"@type":"ReadAction","target":["https:\/\/comarcas.csm.org.pt\/santarem\/blog\/2026\/04\/10\/abril-mes-da-prevencao-dos-maus-tratos-na-infancia\/"]}]},{"@type":"ImageObject","inLanguage":"pt-PT","@id":"https:\/\/comarcas.csm.org.pt\/santarem\/blog\/2026\/04\/10\/abril-mes-da-prevencao-dos-maus-tratos-na-infancia\/#primaryimage","url":"https:\/\/comarcas.csm.org.pt\/santarem\/wp-content\/uploads\/sites\/24\/2026\/04\/109-Arvore-da-Protecao.jpeg","contentUrl":"https:\/\/comarcas.csm.org.pt\/santarem\/wp-content\/uploads\/sites\/24\/2026\/04\/109-Arvore-da-Protecao.jpeg","width":1536,"height":2048},{"@type":"BreadcrumbList","@id":"https:\/\/comarcas.csm.org.pt\/santarem\/blog\/2026\/04\/10\/abril-mes-da-prevencao-dos-maus-tratos-na-infancia\/#breadcrumb","itemListElement":[{"@type":"ListItem","position":1,"name":"In\u00edcio","item":"https:\/\/comarcas.csm.org.pt\/santarem\/"},{"@type":"ListItem","position":2,"name":"Abril &#8211; M\u00eas da Preven\u00e7\u00e3o dos Maus Tratos na Inf\u00e2ncia"}]},{"@type":"WebSite","@id":"https:\/\/comarcas.csm.org.pt\/santarem\/#website","url":"https:\/\/comarcas.csm.org.pt\/santarem\/","name":"Tribunal Judicial da Comarca de Santar\u00e9m","description":"Tribunal Judicial da Comarca de Santar\u00e9m","publisher":{"@id":"https:\/\/comarcas.csm.org.pt\/santarem\/#organization"},"potentialAction":[{"@type":"SearchAction","target":{"@type":"EntryPoint","urlTemplate":"https:\/\/comarcas.csm.org.pt\/santarem\/?s={search_term_string}"},"query-input":{"@type":"PropertyValueSpecification","valueRequired":true,"valueName":"search_term_string"}}],"inLanguage":"pt-PT"},{"@type":"Organization","@id":"https:\/\/comarcas.csm.org.pt\/santarem\/#organization","name":"Tribunal Judicial da Comarca de Santar\u00e9m","url":"https:\/\/comarcas.csm.org.pt\/santarem\/","logo":{"@type":"ImageObject","inLanguage":"pt-PT","@id":"https:\/\/comarcas.csm.org.pt\/santarem\/#\/schema\/logo\/image\/","url":"https:\/\/comarcas.csm.org.pt\/santarem\/wp-content\/uploads\/sites\/24\/2024\/11\/Santarem_positivo-horizontal.png","contentUrl":"https:\/\/comarcas.csm.org.pt\/santarem\/wp-content\/uploads\/sites\/24\/2024\/11\/Santarem_positivo-horizontal.png","width":4842,"height":890,"caption":"Tribunal Judicial da Comarca de Santar\u00e9m"},"image":{"@id":"https:\/\/comarcas.csm.org.pt\/santarem\/#\/schema\/logo\/image\/"}},{"@type":"Person","@id":"https:\/\/comarcas.csm.org.pt\/santarem\/#\/schema\/person\/5fd90c1542a6b7618d34dc9e9dd201ce","name":"santarem","image":{"@type":"ImageObject","inLanguage":"pt-PT","@id":"https:\/\/comarcas.csm.org.pt\/santarem\/#\/schema\/person\/image\/","url":"https:\/\/secure.gravatar.com\/avatar\/8be77e04d594549bae7e8fd797832ba4f022a4b0890c90ff1b3a7c0cd8dfabc0?s=96&d=mm&r=g","contentUrl":"https:\/\/secure.gravatar.com\/avatar\/8be77e04d594549bae7e8fd797832ba4f022a4b0890c90ff1b3a7c0cd8dfabc0?s=96&d=mm&r=g","caption":"santarem"},"url":"https:\/\/comarcas.csm.org.pt\/santarem\/blog\/author\/santarem\/"}]}},"_links":{"self":[{"href":"https:\/\/comarcas.csm.org.pt\/santarem\/wp-json\/wp\/v2\/posts\/13938","targetHints":{"allow":["GET"]}}],"collection":[{"href":"https:\/\/comarcas.csm.org.pt\/santarem\/wp-json\/wp\/v2\/posts"}],"about":[{"href":"https:\/\/comarcas.csm.org.pt\/santarem\/wp-json\/wp\/v2\/types\/post"}],"author":[{"embeddable":true,"href":"https:\/\/comarcas.csm.org.pt\/santarem\/wp-json\/wp\/v2\/users\/24"}],"replies":[{"embeddable":true,"href":"https:\/\/comarcas.csm.org.pt\/santarem\/wp-json\/wp\/v2\/comments?post=13938"}],"version-history":[{"count":25,"href":"https:\/\/comarcas.csm.org.pt\/santarem\/wp-json\/wp\/v2\/posts\/13938\/revisions"}],"predecessor-version":[{"id":13987,"href":"https:\/\/comarcas.csm.org.pt\/santarem\/wp-json\/wp\/v2\/posts\/13938\/revisions\/13987"}],"wp:featuredmedia":[{"embeddable":true,"href":"https:\/\/comarcas.csm.org.pt\/santarem\/wp-json\/wp\/v2\/media\/13939"}],"wp:attachment":[{"href":"https:\/\/comarcas.csm.org.pt\/santarem\/wp-json\/wp\/v2\/media?parent=13938"}],"wp:term":[{"taxonomy":"category","embeddable":true,"href":"https:\/\/comarcas.csm.org.pt\/santarem\/wp-json\/wp\/v2\/categories?post=13938"},{"taxonomy":"post_tag","embeddable":true,"href":"https:\/\/comarcas.csm.org.pt\/santarem\/wp-json\/wp\/v2\/tags?post=13938"}],"curies":[{"name":"wp","href":"https:\/\/api.w.org\/{rel}","templated":true}]}}