{"id":14004,"date":"2026-04-22T17:00:00","date_gmt":"2026-04-22T20:00:00","guid":{"rendered":"https:\/\/comarcas.csm.org.pt\/santarem\/?p=14004"},"modified":"2026-04-23T07:08:03","modified_gmt":"2026-04-23T10:08:03","slug":"50-anos-depois-tomar-reflete-sobre-o-caso-jose-diogo-e-recria-o-julgamento-popular","status":"publish","type":"post","link":"https:\/\/comarcas.csm.org.pt\/santarem\/blog\/2026\/04\/22\/50-anos-depois-tomar-reflete-sobre-o-caso-jose-diogo-e-recria-o-julgamento-popular\/","title":{"rendered":"50 anos depois, Tomar reflete sobre o caso Jos\u00e9 Diogo e recria o julgamento popular"},"content":{"rendered":"\t\t<div data-elementor-type=\"wp-post\" data-elementor-id=\"14004\" class=\"elementor elementor-14004\" data-elementor-post-type=\"post\">\n\t\t\t\t<div class=\"elementor-element elementor-element-dbc02ee e-flex e-con-boxed e-con e-parent\" data-id=\"dbc02ee\" data-element_type=\"container\">\n\t\t\t\t\t<div class=\"e-con-inner\">\n\t\t\t\t<div class=\"elementor-element elementor-element-e4339f7 elementor-widget elementor-widget-text-editor\" data-id=\"e4339f7\" data-element_type=\"widget\" data-widget_type=\"text-editor.default\">\n\t\t\t\t<div class=\"elementor-widget-container\">\n\t\t\t\t\t\t\t\t\t<div class=\"elementor-element elementor-element-6470f837 elementor-widget elementor-widget-text-editor\" data-id=\"6470f837\" data-element_type=\"widget\" data-widget_type=\"text-editor.default\">\n<div class=\"elementor-widget-container\">\n<p data-start=\"260\" data-end=\"555\">O Conselho Superior da Magistratura, a Comarca de Santar\u00e9m e a C\u00e2mara Municipal de Tomar promovem, no dia 22 de maio, em Tomar, o semin\u00e1rio \u201cJusti\u00e7a, Cidadania e Participa\u00e7\u00e3o Popular na Administra\u00e7\u00e3o da Justi\u00e7a\u201d. A iniciativa ter\u00e1 lugar no Cine-Teatro Para\u00edso e no Pal\u00e1cio da Justi\u00e7a I de Tomar.<\/p>\n<p data-start=\"557\" data-end=\"721\">O evento parte de um epis\u00f3dio marcante do per\u00edodo do PREC: o julgamento popular do caso Jos\u00e9 Diogo, ocorrido a 25 de julho de 1975, no Tribunal da Comarca de Tomar.<\/p>\n<p data-start=\"723\" data-end=\"1056\">Durante a manh\u00e3, o programa centra-se no enquadramento hist\u00f3rico do acontecimento, seguido de um debate sobre os seus protagonistas e o contexto em que ocorreu. Haver\u00e1 ainda um painel dedicado \u00e0 participa\u00e7\u00e3o popular na administra\u00e7\u00e3o da justi\u00e7a, com refer\u00eancia a mecanismos como o tribunal do j\u00fari, os ju\u00edzes sociais e a a\u00e7\u00e3o popular.<\/p>\n<p data-start=\"1058\" data-end=\"1169\">Durante a tarde, ter\u00e1 lugar uma visita guiada ao Pal\u00e1cio da Justi\u00e7a de Tomar, local dos acontecimentos de 1975.<\/p>\n<p data-start=\"1171\" data-end=\"1530\">Segue-se a apresenta\u00e7\u00e3o do livro \u201cA Justi\u00e7a no 25 de Abril e o caso Jos\u00e9 Diogo\u201d, do Procurador-Geral Adjunto Lu\u00eds Eloy Azevedo, que analisa o processo no contexto do per\u00edodo revolucion\u00e1rio p\u00f3s-25 de Abril. A obra reconstr\u00f3i os acontecimentos, os protagonistas e o chamado julgamento popular de Tomar, com base em fontes judiciais, documentais e jornal\u00edsticas.<\/p>\n<p data-start=\"1532\" data-end=\"1695\">Est\u00e1 ainda prevista a recria\u00e7\u00e3o teatral do caso, pelo grupo Fatias de C\u00e1, e, \u00e0 noite, a exibi\u00e7\u00e3o do document\u00e1rio \u201cLiberdade para Jos\u00e9 Diogo\u201d, de Lu\u00eds Galv\u00e3o Teles.<\/p>\n<p data-start=\"1697\" data-end=\"1835\">A iniciativa conta com a participa\u00e7\u00e3o de ju\u00edzes, acad\u00e9micos e profissionais de v\u00e1rias \u00e1reas, reunindo diferentes perspetivas sobre o tema.<\/p>\n<p data-start=\"1837\" data-end=\"1883\">O programa definitivo ser\u00e1 divulgado em breve.<\/p><p data-start=\"1837\" data-end=\"1883\"><br><\/p>\n<\/div>\n<\/div>\n<div class=\"elementor-element elementor-element-6bb203b elementor-widget elementor-widget-text-editor\" data-id=\"6bb203b\" data-element_type=\"widget\" data-widget_type=\"text-editor.default\">\n<div class=\"elementor-widget-container\">\n<p><em>Lisboa, 22 de abril de 2026<\/em><\/p>\n<\/div>\n<\/div>\t\t\t\t\t\t\t\t<\/div>\n\t\t\t\t<\/div>\n\t\t\t\t\t<\/div>\n\t\t\t\t<\/div>\n\t\t<div class=\"elementor-element elementor-element-6c654e0 e-flex e-con-boxed e-con e-parent\" data-id=\"6c654e0\" data-element_type=\"container\">\n\t\t\t\t\t<div class=\"e-con-inner\">\n\t\t\t\t<div class=\"elementor-element elementor-element-4bebe13 elementor-widget elementor-widget-image\" data-id=\"4bebe13\" data-element_type=\"widget\" data-widget_type=\"image.default\">\n\t\t\t\t<div class=\"elementor-widget-container\">\n\t\t\t\t\t\t\t\t\t\t\t\t\t\t\t<img fetchpriority=\"high\" decoding=\"async\" width=\"724\" height=\"1024\" src=\"https:\/\/comarcas.csm.org.pt\/santarem\/wp-content\/uploads\/sites\/24\/2026\/04\/Julgamento-Popular-cartaz.jpg\" class=\"attachment-large size-large wp-image-14005\" alt=\"\" srcset=\"https:\/\/comarcas.csm.org.pt\/santarem\/wp-content\/uploads\/sites\/24\/2026\/04\/Julgamento-Popular-cartaz.jpg 724w, https:\/\/comarcas.csm.org.pt\/santarem\/wp-content\/uploads\/sites\/24\/2026\/04\/Julgamento-Popular-cartaz-212x300.jpg 212w\" sizes=\"(max-width: 724px) 100vw, 724px\" \/>\t\t\t\t\t\t\t\t\t\t\t\t\t\t\t<\/div>\n\t\t\t\t<\/div>\n\t\t\t\t\t<\/div>\n\t\t\t\t<\/div>\n\t\t\t\t<\/div>\n\t\t","protected":false},"excerpt":{"rendered":"<p>O Conselho Superior da Magistratura, a Comarca de Santar\u00e9m e a C\u00e2mara Municipal de Tomar promovem, no dia 22 de maio, em Tomar, o semin\u00e1rio \u201cJusti\u00e7a, Cidadania e Participa\u00e7\u00e3o Popular na Administra\u00e7\u00e3o da Justi\u00e7a\u201d. A&#8230;<\/p>\n","protected":false},"author":24,"featured_media":14036,"comment_status":"closed","ping_status":"open","sticky":false,"template":"","format":"standard","meta":{"_tbt_post_transparent":"","_tbt_post_title":"","_tbt_post_layout":"","_tbt_post_sidebar_id":"","_tbt_post_content_style":"","_tbt_post_vertical_padding":"","_tbt_post_feature":"","_tbt_post_feature_position":"","_tbt_post_header":false,"_tbt_post_footer":false},"categories":[2,1,5],"tags":[],"class_list":["post-14004","post","type-post","status-publish","format-standard","has-post-thumbnail","hentry","category-eventos","category-geral","category-noticias"],"yoast_head":"<!-- This site is optimized with the Yoast SEO plugin v25.6 - https:\/\/yoast.com\/wordpress\/plugins\/seo\/ -->\n<title>50 anos depois, Tomar reflete sobre o caso Jos\u00e9 Diogo e recria o julgamento popular - Tribunal Judicial da Comarca de Santar\u00e9m<\/title>\n<meta name=\"robots\" content=\"index, follow, max-snippet:-1, max-image-preview:large, max-video-preview:-1\" \/>\n<link rel=\"canonical\" href=\"https:\/\/comarcas.csm.org.pt\/santarem\/blog\/2026\/04\/22\/50-anos-depois-tomar-reflete-sobre-o-caso-jose-diogo-e-recria-o-julgamento-popular\/\" \/>\n<meta property=\"og:locale\" content=\"pt_PT\" \/>\n<meta property=\"og:type\" content=\"article\" \/>\n<meta property=\"og:title\" content=\"50 anos depois, Tomar reflete sobre o caso Jos\u00e9 Diogo e recria o julgamento popular - Tribunal Judicial da Comarca de Santar\u00e9m\" \/>\n<meta property=\"og:description\" content=\"O Conselho Superior da Magistratura, a Comarca de Santar\u00e9m e a C\u00e2mara Municipal de Tomar promovem, no dia 22 de maio, em Tomar, o semin\u00e1rio \u201cJusti\u00e7a, Cidadania e Participa\u00e7\u00e3o Popular na Administra\u00e7\u00e3o da Justi\u00e7a\u201d. A...\" \/>\n<meta property=\"og:url\" content=\"https:\/\/comarcas.csm.org.pt\/santarem\/blog\/2026\/04\/22\/50-anos-depois-tomar-reflete-sobre-o-caso-jose-diogo-e-recria-o-julgamento-popular\/\" \/>\n<meta property=\"og:site_name\" content=\"Tribunal Judicial da Comarca de Santar\u00e9m\" \/>\n<meta property=\"article:published_time\" content=\"2026-04-22T20:00:00+00:00\" \/>\n<meta property=\"article:modified_time\" content=\"2026-04-23T10:08:03+00:00\" \/>\n<meta property=\"og:image\" content=\"https:\/\/comarcas.csm.org.pt\/santarem\/wp-content\/uploads\/sites\/24\/2026\/04\/2026_cartaz_tomar-scaled-1.jpg\" \/>\n\t<meta property=\"og:image:width\" content=\"1810\" \/>\n\t<meta property=\"og:image:height\" content=\"2560\" \/>\n\t<meta property=\"og:image:type\" content=\"image\/jpeg\" \/>\n<meta name=\"author\" content=\"santarem\" \/>\n<meta name=\"twitter:card\" content=\"summary_large_image\" \/>\n<meta name=\"twitter:label1\" content=\"Escrito por\" \/>\n\t<meta name=\"twitter:data1\" content=\"santarem\" \/>\n\t<meta name=\"twitter:label2\" content=\"Tempo estimado de leitura\" \/>\n\t<meta name=\"twitter:data2\" content=\"2 minutos\" \/>\n<script type=\"application\/ld+json\" class=\"yoast-schema-graph\">{\"@context\":\"https:\/\/schema.org\",\"@graph\":[{\"@type\":\"Article\",\"@id\":\"https:\/\/comarcas.csm.org.pt\/santarem\/blog\/2026\/04\/22\/50-anos-depois-tomar-reflete-sobre-o-caso-jose-diogo-e-recria-o-julgamento-popular\/#article\",\"isPartOf\":{\"@id\":\"https:\/\/comarcas.csm.org.pt\/santarem\/blog\/2026\/04\/22\/50-anos-depois-tomar-reflete-sobre-o-caso-jose-diogo-e-recria-o-julgamento-popular\/\"},\"author\":{\"name\":\"santarem\",\"@id\":\"https:\/\/comarcas.csm.org.pt\/santarem\/#\/schema\/person\/5fd90c1542a6b7618d34dc9e9dd201ce\"},\"headline\":\"50 anos depois, Tomar reflete sobre o caso Jos\u00e9 Diogo e recria o julgamento popular\",\"datePublished\":\"2026-04-22T20:00:00+00:00\",\"dateModified\":\"2026-04-23T10:08:03+00:00\",\"mainEntityOfPage\":{\"@id\":\"https:\/\/comarcas.csm.org.pt\/santarem\/blog\/2026\/04\/22\/50-anos-depois-tomar-reflete-sobre-o-caso-jose-diogo-e-recria-o-julgamento-popular\/\"},\"wordCount\":313,\"publisher\":{\"@id\":\"https:\/\/comarcas.csm.org.pt\/santarem\/#organization\"},\"image\":{\"@id\":\"https:\/\/comarcas.csm.org.pt\/santarem\/blog\/2026\/04\/22\/50-anos-depois-tomar-reflete-sobre-o-caso-jose-diogo-e-recria-o-julgamento-popular\/#primaryimage\"},\"thumbnailUrl\":\"https:\/\/comarcas.csm.org.pt\/santarem\/wp-content\/uploads\/sites\/24\/2026\/04\/2026_cartaz_tomar-scaled-1.jpg\",\"articleSection\":[\"Eventos\",\"Geral\",\"Not\u00edcias\"],\"inLanguage\":\"pt-PT\"},{\"@type\":\"WebPage\",\"@id\":\"https:\/\/comarcas.csm.org.pt\/santarem\/blog\/2026\/04\/22\/50-anos-depois-tomar-reflete-sobre-o-caso-jose-diogo-e-recria-o-julgamento-popular\/\",\"url\":\"https:\/\/comarcas.csm.org.pt\/santarem\/blog\/2026\/04\/22\/50-anos-depois-tomar-reflete-sobre-o-caso-jose-diogo-e-recria-o-julgamento-popular\/\",\"name\":\"50 anos depois, Tomar reflete sobre o caso Jos\u00e9 Diogo e recria o julgamento popular - Tribunal Judicial da Comarca de Santar\u00e9m\",\"isPartOf\":{\"@id\":\"https:\/\/comarcas.csm.org.pt\/santarem\/#website\"},\"primaryImageOfPage\":{\"@id\":\"https:\/\/comarcas.csm.org.pt\/santarem\/blog\/2026\/04\/22\/50-anos-depois-tomar-reflete-sobre-o-caso-jose-diogo-e-recria-o-julgamento-popular\/#primaryimage\"},\"image\":{\"@id\":\"https:\/\/comarcas.csm.org.pt\/santarem\/blog\/2026\/04\/22\/50-anos-depois-tomar-reflete-sobre-o-caso-jose-diogo-e-recria-o-julgamento-popular\/#primaryimage\"},\"thumbnailUrl\":\"https:\/\/comarcas.csm.org.pt\/santarem\/wp-content\/uploads\/sites\/24\/2026\/04\/2026_cartaz_tomar-scaled-1.jpg\",\"datePublished\":\"2026-04-22T20:00:00+00:00\",\"dateModified\":\"2026-04-23T10:08:03+00:00\",\"breadcrumb\":{\"@id\":\"https:\/\/comarcas.csm.org.pt\/santarem\/blog\/2026\/04\/22\/50-anos-depois-tomar-reflete-sobre-o-caso-jose-diogo-e-recria-o-julgamento-popular\/#breadcrumb\"},\"inLanguage\":\"pt-PT\",\"potentialAction\":[{\"@type\":\"ReadAction\",\"target\":[\"https:\/\/comarcas.csm.org.pt\/santarem\/blog\/2026\/04\/22\/50-anos-depois-tomar-reflete-sobre-o-caso-jose-diogo-e-recria-o-julgamento-popular\/\"]}]},{\"@type\":\"ImageObject\",\"inLanguage\":\"pt-PT\",\"@id\":\"https:\/\/comarcas.csm.org.pt\/santarem\/blog\/2026\/04\/22\/50-anos-depois-tomar-reflete-sobre-o-caso-jose-diogo-e-recria-o-julgamento-popular\/#primaryimage\",\"url\":\"https:\/\/comarcas.csm.org.pt\/santarem\/wp-content\/uploads\/sites\/24\/2026\/04\/2026_cartaz_tomar-scaled-1.jpg\",\"contentUrl\":\"https:\/\/comarcas.csm.org.pt\/santarem\/wp-content\/uploads\/sites\/24\/2026\/04\/2026_cartaz_tomar-scaled-1.jpg\",\"width\":1810,\"height\":2560},{\"@type\":\"BreadcrumbList\",\"@id\":\"https:\/\/comarcas.csm.org.pt\/santarem\/blog\/2026\/04\/22\/50-anos-depois-tomar-reflete-sobre-o-caso-jose-diogo-e-recria-o-julgamento-popular\/#breadcrumb\",\"itemListElement\":[{\"@type\":\"ListItem\",\"position\":1,\"name\":\"In\u00edcio\",\"item\":\"https:\/\/comarcas.csm.org.pt\/santarem\/\"},{\"@type\":\"ListItem\",\"position\":2,\"name\":\"50 anos depois, Tomar reflete sobre o caso Jos\u00e9 Diogo e recria o julgamento popular\"}]},{\"@type\":\"WebSite\",\"@id\":\"https:\/\/comarcas.csm.org.pt\/santarem\/#website\",\"url\":\"https:\/\/comarcas.csm.org.pt\/santarem\/\",\"name\":\"Tribunal Judicial da Comarca de Santar\u00e9m\",\"description\":\"Tribunal Judicial da Comarca de Santar\u00e9m\",\"publisher\":{\"@id\":\"https:\/\/comarcas.csm.org.pt\/santarem\/#organization\"},\"potentialAction\":[{\"@type\":\"SearchAction\",\"target\":{\"@type\":\"EntryPoint\",\"urlTemplate\":\"https:\/\/comarcas.csm.org.pt\/santarem\/?s={search_term_string}\"},\"query-input\":{\"@type\":\"PropertyValueSpecification\",\"valueRequired\":true,\"valueName\":\"search_term_string\"}}],\"inLanguage\":\"pt-PT\"},{\"@type\":\"Organization\",\"@id\":\"https:\/\/comarcas.csm.org.pt\/santarem\/#organization\",\"name\":\"Tribunal Judicial da Comarca de Santar\u00e9m\",\"url\":\"https:\/\/comarcas.csm.org.pt\/santarem\/\",\"logo\":{\"@type\":\"ImageObject\",\"inLanguage\":\"pt-PT\",\"@id\":\"https:\/\/comarcas.csm.org.pt\/santarem\/#\/schema\/logo\/image\/\",\"url\":\"https:\/\/comarcas.csm.org.pt\/santarem\/wp-content\/uploads\/sites\/24\/2024\/11\/Santarem_positivo-horizontal.png\",\"contentUrl\":\"https:\/\/comarcas.csm.org.pt\/santarem\/wp-content\/uploads\/sites\/24\/2024\/11\/Santarem_positivo-horizontal.png\",\"width\":4842,\"height\":890,\"caption\":\"Tribunal Judicial da Comarca de Santar\u00e9m\"},\"image\":{\"@id\":\"https:\/\/comarcas.csm.org.pt\/santarem\/#\/schema\/logo\/image\/\"}},{\"@type\":\"Person\",\"@id\":\"https:\/\/comarcas.csm.org.pt\/santarem\/#\/schema\/person\/5fd90c1542a6b7618d34dc9e9dd201ce\",\"name\":\"santarem\",\"image\":{\"@type\":\"ImageObject\",\"inLanguage\":\"pt-PT\",\"@id\":\"https:\/\/comarcas.csm.org.pt\/santarem\/#\/schema\/person\/image\/\",\"url\":\"https:\/\/secure.gravatar.com\/avatar\/8be77e04d594549bae7e8fd797832ba4f022a4b0890c90ff1b3a7c0cd8dfabc0?s=96&d=mm&r=g\",\"contentUrl\":\"https:\/\/secure.gravatar.com\/avatar\/8be77e04d594549bae7e8fd797832ba4f022a4b0890c90ff1b3a7c0cd8dfabc0?s=96&d=mm&r=g\",\"caption\":\"santarem\"},\"url\":\"https:\/\/comarcas.csm.org.pt\/santarem\/blog\/author\/santarem\/\"}]}<\/script>\n<!-- \/ Yoast SEO plugin. -->","yoast_head_json":{"title":"50 anos depois, Tomar reflete sobre o caso Jos\u00e9 Diogo e recria o julgamento popular - Tribunal Judicial da Comarca de Santar\u00e9m","robots":{"index":"index","follow":"follow","max-snippet":"max-snippet:-1","max-image-preview":"max-image-preview:large","max-video-preview":"max-video-preview:-1"},"canonical":"https:\/\/comarcas.csm.org.pt\/santarem\/blog\/2026\/04\/22\/50-anos-depois-tomar-reflete-sobre-o-caso-jose-diogo-e-recria-o-julgamento-popular\/","og_locale":"pt_PT","og_type":"article","og_title":"50 anos depois, Tomar reflete sobre o caso Jos\u00e9 Diogo e recria o julgamento popular - Tribunal Judicial da Comarca de Santar\u00e9m","og_description":"O Conselho Superior da Magistratura, a Comarca de Santar\u00e9m e a C\u00e2mara Municipal de Tomar promovem, no dia 22 de maio, em Tomar, o semin\u00e1rio \u201cJusti\u00e7a, Cidadania e Participa\u00e7\u00e3o Popular na Administra\u00e7\u00e3o da Justi\u00e7a\u201d. A...","og_url":"https:\/\/comarcas.csm.org.pt\/santarem\/blog\/2026\/04\/22\/50-anos-depois-tomar-reflete-sobre-o-caso-jose-diogo-e-recria-o-julgamento-popular\/","og_site_name":"Tribunal Judicial da Comarca de Santar\u00e9m","article_published_time":"2026-04-22T20:00:00+00:00","article_modified_time":"2026-04-23T10:08:03+00:00","og_image":[{"width":1810,"height":2560,"url":"https:\/\/comarcas.csm.org.pt\/santarem\/wp-content\/uploads\/sites\/24\/2026\/04\/2026_cartaz_tomar-scaled-1.jpg","type":"image\/jpeg"}],"author":"santarem","twitter_card":"summary_large_image","twitter_misc":{"Escrito por":"santarem","Tempo estimado de leitura":"2 minutos"},"schema":{"@context":"https:\/\/schema.org","@graph":[{"@type":"Article","@id":"https:\/\/comarcas.csm.org.pt\/santarem\/blog\/2026\/04\/22\/50-anos-depois-tomar-reflete-sobre-o-caso-jose-diogo-e-recria-o-julgamento-popular\/#article","isPartOf":{"@id":"https:\/\/comarcas.csm.org.pt\/santarem\/blog\/2026\/04\/22\/50-anos-depois-tomar-reflete-sobre-o-caso-jose-diogo-e-recria-o-julgamento-popular\/"},"author":{"name":"santarem","@id":"https:\/\/comarcas.csm.org.pt\/santarem\/#\/schema\/person\/5fd90c1542a6b7618d34dc9e9dd201ce"},"headline":"50 anos depois, Tomar reflete sobre o caso Jos\u00e9 Diogo e recria o julgamento popular","datePublished":"2026-04-22T20:00:00+00:00","dateModified":"2026-04-23T10:08:03+00:00","mainEntityOfPage":{"@id":"https:\/\/comarcas.csm.org.pt\/santarem\/blog\/2026\/04\/22\/50-anos-depois-tomar-reflete-sobre-o-caso-jose-diogo-e-recria-o-julgamento-popular\/"},"wordCount":313,"publisher":{"@id":"https:\/\/comarcas.csm.org.pt\/santarem\/#organization"},"image":{"@id":"https:\/\/comarcas.csm.org.pt\/santarem\/blog\/2026\/04\/22\/50-anos-depois-tomar-reflete-sobre-o-caso-jose-diogo-e-recria-o-julgamento-popular\/#primaryimage"},"thumbnailUrl":"https:\/\/comarcas.csm.org.pt\/santarem\/wp-content\/uploads\/sites\/24\/2026\/04\/2026_cartaz_tomar-scaled-1.jpg","articleSection":["Eventos","Geral","Not\u00edcias"],"inLanguage":"pt-PT"},{"@type":"WebPage","@id":"https:\/\/comarcas.csm.org.pt\/santarem\/blog\/2026\/04\/22\/50-anos-depois-tomar-reflete-sobre-o-caso-jose-diogo-e-recria-o-julgamento-popular\/","url":"https:\/\/comarcas.csm.org.pt\/santarem\/blog\/2026\/04\/22\/50-anos-depois-tomar-reflete-sobre-o-caso-jose-diogo-e-recria-o-julgamento-popular\/","name":"50 anos depois, Tomar reflete sobre o caso Jos\u00e9 Diogo e recria o julgamento popular - Tribunal Judicial da Comarca de Santar\u00e9m","isPartOf":{"@id":"https:\/\/comarcas.csm.org.pt\/santarem\/#website"},"primaryImageOfPage":{"@id":"https:\/\/comarcas.csm.org.pt\/santarem\/blog\/2026\/04\/22\/50-anos-depois-tomar-reflete-sobre-o-caso-jose-diogo-e-recria-o-julgamento-popular\/#primaryimage"},"image":{"@id":"https:\/\/comarcas.csm.org.pt\/santarem\/blog\/2026\/04\/22\/50-anos-depois-tomar-reflete-sobre-o-caso-jose-diogo-e-recria-o-julgamento-popular\/#primaryimage"},"thumbnailUrl":"https:\/\/comarcas.csm.org.pt\/santarem\/wp-content\/uploads\/sites\/24\/2026\/04\/2026_cartaz_tomar-scaled-1.jpg","datePublished":"2026-04-22T20:00:00+00:00","dateModified":"2026-04-23T10:08:03+00:00","breadcrumb":{"@id":"https:\/\/comarcas.csm.org.pt\/santarem\/blog\/2026\/04\/22\/50-anos-depois-tomar-reflete-sobre-o-caso-jose-diogo-e-recria-o-julgamento-popular\/#breadcrumb"},"inLanguage":"pt-PT","potentialAction":[{"@type":"ReadAction","target":["https:\/\/comarcas.csm.org.pt\/santarem\/blog\/2026\/04\/22\/50-anos-depois-tomar-reflete-sobre-o-caso-jose-diogo-e-recria-o-julgamento-popular\/"]}]},{"@type":"ImageObject","inLanguage":"pt-PT","@id":"https:\/\/comarcas.csm.org.pt\/santarem\/blog\/2026\/04\/22\/50-anos-depois-tomar-reflete-sobre-o-caso-jose-diogo-e-recria-o-julgamento-popular\/#primaryimage","url":"https:\/\/comarcas.csm.org.pt\/santarem\/wp-content\/uploads\/sites\/24\/2026\/04\/2026_cartaz_tomar-scaled-1.jpg","contentUrl":"https:\/\/comarcas.csm.org.pt\/santarem\/wp-content\/uploads\/sites\/24\/2026\/04\/2026_cartaz_tomar-scaled-1.jpg","width":1810,"height":2560},{"@type":"BreadcrumbList","@id":"https:\/\/comarcas.csm.org.pt\/santarem\/blog\/2026\/04\/22\/50-anos-depois-tomar-reflete-sobre-o-caso-jose-diogo-e-recria-o-julgamento-popular\/#breadcrumb","itemListElement":[{"@type":"ListItem","position":1,"name":"In\u00edcio","item":"https:\/\/comarcas.csm.org.pt\/santarem\/"},{"@type":"ListItem","position":2,"name":"50 anos depois, Tomar reflete sobre o caso Jos\u00e9 Diogo e recria o julgamento popular"}]},{"@type":"WebSite","@id":"https:\/\/comarcas.csm.org.pt\/santarem\/#website","url":"https:\/\/comarcas.csm.org.pt\/santarem\/","name":"Tribunal Judicial da Comarca de Santar\u00e9m","description":"Tribunal Judicial da Comarca de Santar\u00e9m","publisher":{"@id":"https:\/\/comarcas.csm.org.pt\/santarem\/#organization"},"potentialAction":[{"@type":"SearchAction","target":{"@type":"EntryPoint","urlTemplate":"https:\/\/comarcas.csm.org.pt\/santarem\/?s={search_term_string}"},"query-input":{"@type":"PropertyValueSpecification","valueRequired":true,"valueName":"search_term_string"}}],"inLanguage":"pt-PT"},{"@type":"Organization","@id":"https:\/\/comarcas.csm.org.pt\/santarem\/#organization","name":"Tribunal Judicial da Comarca de Santar\u00e9m","url":"https:\/\/comarcas.csm.org.pt\/santarem\/","logo":{"@type":"ImageObject","inLanguage":"pt-PT","@id":"https:\/\/comarcas.csm.org.pt\/santarem\/#\/schema\/logo\/image\/","url":"https:\/\/comarcas.csm.org.pt\/santarem\/wp-content\/uploads\/sites\/24\/2024\/11\/Santarem_positivo-horizontal.png","contentUrl":"https:\/\/comarcas.csm.org.pt\/santarem\/wp-content\/uploads\/sites\/24\/2024\/11\/Santarem_positivo-horizontal.png","width":4842,"height":890,"caption":"Tribunal Judicial da Comarca de Santar\u00e9m"},"image":{"@id":"https:\/\/comarcas.csm.org.pt\/santarem\/#\/schema\/logo\/image\/"}},{"@type":"Person","@id":"https:\/\/comarcas.csm.org.pt\/santarem\/#\/schema\/person\/5fd90c1542a6b7618d34dc9e9dd201ce","name":"santarem","image":{"@type":"ImageObject","inLanguage":"pt-PT","@id":"https:\/\/comarcas.csm.org.pt\/santarem\/#\/schema\/person\/image\/","url":"https:\/\/secure.gravatar.com\/avatar\/8be77e04d594549bae7e8fd797832ba4f022a4b0890c90ff1b3a7c0cd8dfabc0?s=96&d=mm&r=g","contentUrl":"https:\/\/secure.gravatar.com\/avatar\/8be77e04d594549bae7e8fd797832ba4f022a4b0890c90ff1b3a7c0cd8dfabc0?s=96&d=mm&r=g","caption":"santarem"},"url":"https:\/\/comarcas.csm.org.pt\/santarem\/blog\/author\/santarem\/"}]}},"_links":{"self":[{"href":"https:\/\/comarcas.csm.org.pt\/santarem\/wp-json\/wp\/v2\/posts\/14004","targetHints":{"allow":["GET"]}}],"collection":[{"href":"https:\/\/comarcas.csm.org.pt\/santarem\/wp-json\/wp\/v2\/posts"}],"about":[{"href":"https:\/\/comarcas.csm.org.pt\/santarem\/wp-json\/wp\/v2\/types\/post"}],"author":[{"embeddable":true,"href":"https:\/\/comarcas.csm.org.pt\/santarem\/wp-json\/wp\/v2\/users\/24"}],"replies":[{"embeddable":true,"href":"https:\/\/comarcas.csm.org.pt\/santarem\/wp-json\/wp\/v2\/comments?post=14004"}],"version-history":[{"count":8,"href":"https:\/\/comarcas.csm.org.pt\/santarem\/wp-json\/wp\/v2\/posts\/14004\/revisions"}],"predecessor-version":[{"id":14019,"href":"https:\/\/comarcas.csm.org.pt\/santarem\/wp-json\/wp\/v2\/posts\/14004\/revisions\/14019"}],"wp:featuredmedia":[{"embeddable":true,"href":"https:\/\/comarcas.csm.org.pt\/santarem\/wp-json\/wp\/v2\/media\/14036"}],"wp:attachment":[{"href":"https:\/\/comarcas.csm.org.pt\/santarem\/wp-json\/wp\/v2\/media?parent=14004"}],"wp:term":[{"taxonomy":"category","embeddable":true,"href":"https:\/\/comarcas.csm.org.pt\/santarem\/wp-json\/wp\/v2\/categories?post=14004"},{"taxonomy":"post_tag","embeddable":true,"href":"https:\/\/comarcas.csm.org.pt\/santarem\/wp-json\/wp\/v2\/tags?post=14004"}],"curies":[{"name":"wp","href":"https:\/\/api.w.org\/{rel}","templated":true}]}}