{"id":5,"count":1,"description":"<div class=\"elementor-element elementor-element-6470f837 elementor-widget elementor-widget-text-editor\" data-id=\"6470f837\" data-element_type=\"widget\" data-widget_type=\"text-editor.default\">\r\n<div class=\"elementor-widget-container\">\r\n\r\nRealizou-se, no dia 24 de abril, no Pal\u00e1cio da Justi\u00e7a de Viana do Castelo, a cerim\u00f3nia de tomada de posse da nova juiz presidente da comarca, Raquel Caldas.\r\n\r\nA sess\u00e3o foi presidida pelo presidente do Supremo Tribunal de Justi\u00e7a e do Conselho Superior da Magistratura, juiz conselheiro Jo\u00e3o Cura Mariano. No seu discurso, destacou a exig\u00eancia da fun\u00e7\u00e3o de juiz presidente e sublinhou o seu papel enquanto elemento de equil\u00edbrio entre o rigor da lei e a realidade concreta das pessoas. Referiu ainda a import\u00e2ncia de uma lideran\u00e7a assente na proximidade, na responsabilidade e na capacidade de decis\u00e3o.\r\n\r\nO juiz conselheiro dirigiu tamb\u00e9m palavras de reconhecimento ao juiz presidente cessante, juiz desembargador Jos\u00e9 Lino Alvoeiro, salientando o percurso marcado pela dedica\u00e7\u00e3o, pelo sentido de responsabilidade e pelo servi\u00e7o p\u00fablico. Destacou ainda o exemplo de rigor e integridade deixado no exerc\u00edcio das suas fun\u00e7\u00f5es.\r\n\r\nAo assumir fun\u00e7\u00f5es, Raquel Caldas destacou a sua liga\u00e7\u00e3o \u00e0 comarca, onde exerce h\u00e1 v\u00e1rios anos. Sublinhou a import\u00e2ncia da proximidade, da coopera\u00e7\u00e3o e do respeito entre todos os que servem a justi\u00e7a.\r\n\r\nA nova juiz presidente referiu ainda que encara a presid\u00eancia como uma fun\u00e7\u00e3o de acompanhamento e de responsabilidade partilhada. Defendeu uma gest\u00e3o orientada para uma comarca exigente, funcional e humana.\r\n\r\nRaquel Caldas abordou tamb\u00e9m os desafios atuais da justi\u00e7a, incluindo o impacto das novas tecnologias. Defendeu que estas devem estar ao servi\u00e7o do direito, sem substituir o papel essencial do juiz. Assumiu o compromisso de uma atua\u00e7\u00e3o orientada para a estabilidade, a organiza\u00e7\u00e3o e a confian\u00e7a, destacando a import\u00e2ncia do contributo de todos os intervenientes para assegurar um servi\u00e7o de justi\u00e7a de qualidade.\r\n<p style=\"text-align: left\">A cerim\u00f3nia contou com a presen\u00e7a do vice-presidente do CSM, juiz conselheiro Lu\u00eds Azevedo Mendes, assim como de representantes das v\u00e1rias entidades da \u00e1rea da justi\u00e7a e autoridades locais.<\/p>\r\n<p style=\"text-align: center\"><img class=\"size-medium wp-image-12018 aligncenter\" src=\"https:\/\/comarcas.csm.org.pt\/viana-do-castelo\/wp-content\/uploads\/sites\/25\/2026\/04\/20240424_viana3-scaled-1-300x201.jpg\" alt=\"\" width=\"300\" height=\"201\" \/><img class=\"size-medium wp-image-12019 aligncenter\" src=\"https:\/\/comarcas.csm.org.pt\/viana-do-castelo\/wp-content\/uploads\/sites\/25\/2026\/04\/20240424_viana4-scaled-1-300x201.jpg\" alt=\"\" width=\"300\" height=\"201\" \/><\/p>\r\n\r\n<\/div>\r\n<\/div>\r\n<div class=\"elementor-element elementor-element-6bb203b elementor-widget elementor-widget-text-editor\" data-id=\"6bb203b\" data-element_type=\"widget\" data-widget_type=\"text-editor.default\">\r\n<div class=\"elementor-widget-container\"><\/div>\r\n<\/div>","link":"https:\/\/comarcas.csm.org.pt\/viana-do-castelo\/blog\/category\/noticias\/","name":"Not\u00edcias","slug":"noticias","taxonomy":"category","parent":0,"meta":[],"yoast_head":"<!-- This site is optimized with the Yoast SEO plugin v25.6 - https:\/\/yoast.com\/wordpress\/plugins\/seo\/ -->\n<title>Arquivo de Not\u00edcias - Tribunal Judicial da Comarca de Viana do Castelo<\/title>\n<meta name=\"description\" content=\"Tomada de posse da nova Juiz Presidente\" \/>\n<meta name=\"robots\" content=\"index, follow, max-snippet:-1, max-image-preview:large, max-video-preview:-1\" \/>\n<link rel=\"canonical\" href=\"https:\/\/comarcas.csm.org.pt\/viana-do-castelo\/blog\/category\/noticias\/\" \/>\n<meta property=\"og:locale\" content=\"pt_PT\" \/>\n<meta property=\"og:type\" content=\"article\" \/>\n<meta property=\"og:title\" content=\"Arquivo de Not\u00edcias - Tribunal Judicial da Comarca de Viana do Castelo\" \/>\n<meta property=\"og:description\" content=\"Tomada de posse da nova Juiz Presidente\" \/>\n<meta property=\"og:url\" content=\"https:\/\/comarcas.csm.org.pt\/viana-do-castelo\/blog\/category\/noticias\/\" \/>\n<meta property=\"og:site_name\" content=\"Tribunal Judicial da Comarca de Viana do Castelo\" \/>\n<meta property=\"og:image\" content=\"https:\/\/comarcas.csm.org.pt\/viana-do-castelo\/wp-content\/uploads\/sites\/25\/2026\/04\/20240424_viana3-scaled-1.jpg\" \/>\n\t<meta property=\"og:image:width\" content=\"2560\" \/>\n\t<meta property=\"og:image:height\" content=\"1711\" \/>\n\t<meta property=\"og:image:type\" content=\"image\/jpeg\" \/>\n<meta name=\"twitter:card\" content=\"summary_large_image\" \/>\n<script type=\"application\/ld+json\" class=\"yoast-schema-graph\">{\"@context\":\"https:\/\/schema.org\",\"@graph\":[{\"@type\":\"CollectionPage\",\"@id\":\"https:\/\/comarcas.csm.org.pt\/viana-do-castelo\/blog\/category\/noticias\/\",\"url\":\"https:\/\/comarcas.csm.org.pt\/viana-do-castelo\/blog\/category\/noticias\/\",\"name\":\"Arquivo de Not\u00edcias - Tribunal Judicial da Comarca de Viana do Castelo\",\"isPartOf\":{\"@id\":\"https:\/\/comarcas.csm.org.pt\/viana-do-castelo\/#website\"},\"description\":\"Tomada de posse da nova Juiz Presidente\",\"breadcrumb\":{\"@id\":\"https:\/\/comarcas.csm.org.pt\/viana-do-castelo\/blog\/category\/noticias\/#breadcrumb\"},\"inLanguage\":\"pt-PT\"},{\"@type\":\"BreadcrumbList\",\"@id\":\"https:\/\/comarcas.csm.org.pt\/viana-do-castelo\/blog\/category\/noticias\/#breadcrumb\",\"itemListElement\":[{\"@type\":\"ListItem\",\"position\":1,\"name\":\"In\u00edcio\",\"item\":\"https:\/\/comarcas.csm.org.pt\/viana-do-castelo\/\"},{\"@type\":\"ListItem\",\"position\":2,\"name\":\"Not\u00edcias\"}]},{\"@type\":\"WebSite\",\"@id\":\"https:\/\/comarcas.csm.org.pt\/viana-do-castelo\/#website\",\"url\":\"https:\/\/comarcas.csm.org.pt\/viana-do-castelo\/\",\"name\":\"Tribunal Judicial da Comarca de Viana do Castelo\",\"description\":\"P\u00e1gina do Tribunal Judicial da Comarca de Viana do Castelo\",\"publisher\":{\"@id\":\"https:\/\/comarcas.csm.org.pt\/viana-do-castelo\/#organization\"},\"potentialAction\":[{\"@type\":\"SearchAction\",\"target\":{\"@type\":\"EntryPoint\",\"urlTemplate\":\"https:\/\/comarcas.csm.org.pt\/viana-do-castelo\/?s={search_term_string}\"},\"query-input\":{\"@type\":\"PropertyValueSpecification\",\"valueRequired\":true,\"valueName\":\"search_term_string\"}}],\"inLanguage\":\"pt-PT\"},{\"@type\":\"Organization\",\"@id\":\"https:\/\/comarcas.csm.org.pt\/viana-do-castelo\/#organization\",\"name\":\"Tribunal Judicial da Comarca de Viana do Castelo\",\"url\":\"https:\/\/comarcas.csm.org.pt\/viana-do-castelo\/\",\"logo\":{\"@type\":\"ImageObject\",\"inLanguage\":\"pt-PT\",\"@id\":\"https:\/\/comarcas.csm.org.pt\/viana-do-castelo\/#\/schema\/logo\/image\/\",\"url\":\"https:\/\/comarcas.csm.org.pt\/viana-do-castelo\/wp-content\/uploads\/sites\/25\/2024\/11\/V.-Castelo_positivo-horizontal.png\",\"contentUrl\":\"https:\/\/comarcas.csm.org.pt\/viana-do-castelo\/wp-content\/uploads\/sites\/25\/2024\/11\/V.-Castelo_positivo-horizontal.png\",\"width\":5570,\"height\":1011,\"caption\":\"Tribunal Judicial da Comarca de Viana do Castelo\"},\"image\":{\"@id\":\"https:\/\/comarcas.csm.org.pt\/viana-do-castelo\/#\/schema\/logo\/image\/\"}}]}<\/script>\n<!-- \/ Yoast SEO plugin. -->","yoast_head_json":{"title":"Arquivo de Not\u00edcias - Tribunal Judicial da Comarca de Viana do Castelo","description":"Tomada de posse da nova Juiz Presidente","robots":{"index":"index","follow":"follow","max-snippet":"max-snippet:-1","max-image-preview":"max-image-preview:large","max-video-preview":"max-video-preview:-1"},"canonical":"https:\/\/comarcas.csm.org.pt\/viana-do-castelo\/blog\/category\/noticias\/","og_locale":"pt_PT","og_type":"article","og_title":"Arquivo de Not\u00edcias - Tribunal Judicial da Comarca de Viana do Castelo","og_description":"Tomada de posse da nova Juiz Presidente","og_url":"https:\/\/comarcas.csm.org.pt\/viana-do-castelo\/blog\/category\/noticias\/","og_site_name":"Tribunal Judicial da Comarca de Viana do Castelo","og_image":[{"width":2560,"height":1711,"url":"https:\/\/comarcas.csm.org.pt\/viana-do-castelo\/wp-content\/uploads\/sites\/25\/2026\/04\/20240424_viana3-scaled-1.jpg","type":"image\/jpeg"}],"twitter_card":"summary_large_image","schema":{"@context":"https:\/\/schema.org","@graph":[{"@type":"CollectionPage","@id":"https:\/\/comarcas.csm.org.pt\/viana-do-castelo\/blog\/category\/noticias\/","url":"https:\/\/comarcas.csm.org.pt\/viana-do-castelo\/blog\/category\/noticias\/","name":"Arquivo de Not\u00edcias - Tribunal Judicial da Comarca de Viana do Castelo","isPartOf":{"@id":"https:\/\/comarcas.csm.org.pt\/viana-do-castelo\/#website"},"description":"Tomada de posse da nova Juiz Presidente","breadcrumb":{"@id":"https:\/\/comarcas.csm.org.pt\/viana-do-castelo\/blog\/category\/noticias\/#breadcrumb"},"inLanguage":"pt-PT"},{"@type":"BreadcrumbList","@id":"https:\/\/comarcas.csm.org.pt\/viana-do-castelo\/blog\/category\/noticias\/#breadcrumb","itemListElement":[{"@type":"ListItem","position":1,"name":"In\u00edcio","item":"https:\/\/comarcas.csm.org.pt\/viana-do-castelo\/"},{"@type":"ListItem","position":2,"name":"Not\u00edcias"}]},{"@type":"WebSite","@id":"https:\/\/comarcas.csm.org.pt\/viana-do-castelo\/#website","url":"https:\/\/comarcas.csm.org.pt\/viana-do-castelo\/","name":"Tribunal Judicial da Comarca de Viana do Castelo","description":"P\u00e1gina do Tribunal Judicial da Comarca de Viana do Castelo","publisher":{"@id":"https:\/\/comarcas.csm.org.pt\/viana-do-castelo\/#organization"},"potentialAction":[{"@type":"SearchAction","target":{"@type":"EntryPoint","urlTemplate":"https:\/\/comarcas.csm.org.pt\/viana-do-castelo\/?s={search_term_string}"},"query-input":{"@type":"PropertyValueSpecification","valueRequired":true,"valueName":"search_term_string"}}],"inLanguage":"pt-PT"},{"@type":"Organization","@id":"https:\/\/comarcas.csm.org.pt\/viana-do-castelo\/#organization","name":"Tribunal Judicial da Comarca de Viana do Castelo","url":"https:\/\/comarcas.csm.org.pt\/viana-do-castelo\/","logo":{"@type":"ImageObject","inLanguage":"pt-PT","@id":"https:\/\/comarcas.csm.org.pt\/viana-do-castelo\/#\/schema\/logo\/image\/","url":"https:\/\/comarcas.csm.org.pt\/viana-do-castelo\/wp-content\/uploads\/sites\/25\/2024\/11\/V.-Castelo_positivo-horizontal.png","contentUrl":"https:\/\/comarcas.csm.org.pt\/viana-do-castelo\/wp-content\/uploads\/sites\/25\/2024\/11\/V.-Castelo_positivo-horizontal.png","width":5570,"height":1011,"caption":"Tribunal Judicial da Comarca de Viana do Castelo"},"image":{"@id":"https:\/\/comarcas.csm.org.pt\/viana-do-castelo\/#\/schema\/logo\/image\/"}}]}},"_links":{"self":[{"href":"https:\/\/comarcas.csm.org.pt\/viana-do-castelo\/wp-json\/wp\/v2\/categories\/5","targetHints":{"allow":["GET"]}}],"collection":[{"href":"https:\/\/comarcas.csm.org.pt\/viana-do-castelo\/wp-json\/wp\/v2\/categories"}],"about":[{"href":"https:\/\/comarcas.csm.org.pt\/viana-do-castelo\/wp-json\/wp\/v2\/taxonomies\/category"}],"wp:post_type":[{"href":"https:\/\/comarcas.csm.org.pt\/viana-do-castelo\/wp-json\/wp\/v2\/posts?categories=5"}],"curies":[{"name":"wp","href":"https:\/\/api.w.org\/{rel}","templated":true}]}}