{"id":12044,"date":"2025-06-25T15:55:32","date_gmt":"2025-06-25T15:55:32","guid":{"rendered":"https:\/\/comarcas.csm.org.pt\/vila-real\/?p=12044"},"modified":"2025-06-25T16:04:17","modified_gmt":"2025-06-25T16:04:17","slug":"wokshop-sobre-burnout-reune-profissionais-em-vila-real","status":"publish","type":"post","link":"https:\/\/comarcas.csm.org.pt\/vila-real\/blog\/2025\/06\/25\/wokshop-sobre-burnout-reune-profissionais-em-vila-real\/","title":{"rendered":"Wokshop sobre burnout re\u00fane profissionais em Vila Real"},"content":{"rendered":"\t\t<div data-elementor-type=\"wp-post\" data-elementor-id=\"12044\" class=\"elementor elementor-12044\" data-elementor-post-type=\"post\">\n\t\t\t\t<div class=\"elementor-element elementor-element-3e84d8c e-flex e-con-boxed e-con e-parent\" data-id=\"3e84d8c\" data-element_type=\"container\">\n\t\t\t\t\t<div class=\"e-con-inner\">\n\t\t\t\t<div class=\"elementor-element elementor-element-246dc84 elementor-widget elementor-widget-text-editor\" data-id=\"246dc84\" data-element_type=\"widget\" data-widget_type=\"text-editor.default\">\n\t\t\t\t<div class=\"elementor-widget-container\">\n\t\t\t\t\t\t\t\t\t<p>No passado dia 28 de maio de 2025, realizou-se no Tribunal Judicial da Comarca de Vila Real um workshop te\u00f3rico-pr\u00e1tico dedicado ao tema\u00a0<strong><em>\u201cDesgaste Profissional \u2013 Os sinais e as ferramentas para o combater\u201d<\/em><\/strong>. A iniciativa foi promovida pelo grupo de trabalho da ASJP (Associa\u00e7\u00e3o Sindical dos Ju\u00edzes Portugueses), em parceria com o tribunal, e contou com a colabora\u00e7\u00e3o do Departamento de Psiquiatria da Unidade Local de Sa\u00fade de Tr\u00e1s-os-Montes e Alto Douro.<br \/>O evento visou sensibilizar para os sinais de\u00a0<em>burnout<\/em>\u00a0e fornecer estrat\u00e9gias pr\u00e1ticas para lidar com esta realidade crescente entre os profissionais da justi\u00e7a. A presen\u00e7a de especialistas da \u00e1rea da sa\u00fade mental permitiu um di\u00e1logo construtivo entre magistrados e cl\u00ednicos, refor\u00e7ando a import\u00e2ncia do bem-estar psicol\u00f3gico no exerc\u00edcio da fun\u00e7\u00e3o judicial.<\/p><p>\u00a0<\/p>\t\t\t\t\t\t\t\t<\/div>\n\t\t\t\t<\/div>\n\t\t\t\t\t<\/div>\n\t\t\t\t<\/div>\n\t\t\t\t<\/div>\n\t\t","protected":false},"excerpt":{"rendered":"<p>No passado dia 28 de maio de 2025, realizou-se no Tribunal Judicial da Comarca de Vila Real um workshop te\u00f3rico-pr\u00e1tico dedicado ao tema\u00a0\u201cDesgaste Profissional \u2013 Os sinais e as ferramentas para o combater\u201d. A iniciativa&#8230;<\/p>\n","protected":false},"author":28,"featured_media":0,"comment_status":"closed","ping_status":"open","sticky":false,"template":"","format":"standard","meta":{"_tbt_post_transparent":"","_tbt_post_title":"","_tbt_post_layout":"","_tbt_post_sidebar_id":"","_tbt_post_content_style":"","_tbt_post_vertical_padding":"","_tbt_post_feature":"","_tbt_post_feature_position":"","_tbt_post_header":false,"_tbt_post_footer":false},"categories":[1],"tags":[],"class_list":["post-12044","post","type-post","status-publish","format-standard","hentry","category-geral"],"yoast_head":"<!-- This site is optimized with the Yoast SEO plugin v25.6 - https:\/\/yoast.com\/wordpress\/plugins\/seo\/ -->\n<title>Wokshop sobre burnout re\u00fane profissionais em Vila Real - Tribunal Judicial da Comarca de Vila Real<\/title>\n<meta name=\"robots\" content=\"index, follow, max-snippet:-1, max-image-preview:large, max-video-preview:-1\" \/>\n<link rel=\"canonical\" href=\"https:\/\/comarcas.csm.org.pt\/vila-real\/blog\/2025\/06\/25\/wokshop-sobre-burnout-reune-profissionais-em-vila-real\/\" \/>\n<meta property=\"og:locale\" content=\"pt_PT\" \/>\n<meta property=\"og:type\" content=\"article\" \/>\n<meta property=\"og:title\" content=\"Wokshop sobre burnout re\u00fane profissionais em Vila Real - Tribunal Judicial da Comarca de Vila Real\" \/>\n<meta property=\"og:description\" content=\"No passado dia 28 de maio de 2025, realizou-se no Tribunal Judicial da Comarca de Vila Real um workshop te\u00f3rico-pr\u00e1tico dedicado ao tema\u00a0\u201cDesgaste Profissional \u2013 Os sinais e as ferramentas para o combater\u201d. A iniciativa...\" \/>\n<meta property=\"og:url\" content=\"https:\/\/comarcas.csm.org.pt\/vila-real\/blog\/2025\/06\/25\/wokshop-sobre-burnout-reune-profissionais-em-vila-real\/\" \/>\n<meta property=\"og:site_name\" content=\"Tribunal Judicial da Comarca de Vila Real\" \/>\n<meta property=\"article:published_time\" content=\"2025-06-25T15:55:32+00:00\" \/>\n<meta property=\"article:modified_time\" content=\"2025-06-25T16:04:17+00:00\" \/>\n<meta name=\"author\" content=\"vilareal1\" \/>\n<meta name=\"twitter:card\" content=\"summary_large_image\" \/>\n<meta name=\"twitter:label1\" content=\"Escrito por\" \/>\n\t<meta name=\"twitter:data1\" content=\"vilareal1\" \/>\n\t<meta name=\"twitter:label2\" content=\"Tempo estimado de leitura\" \/>\n\t<meta name=\"twitter:data2\" content=\"1 minuto\" \/>\n<script type=\"application\/ld+json\" class=\"yoast-schema-graph\">{\"@context\":\"https:\/\/schema.org\",\"@graph\":[{\"@type\":\"Article\",\"@id\":\"https:\/\/comarcas.csm.org.pt\/vila-real\/blog\/2025\/06\/25\/wokshop-sobre-burnout-reune-profissionais-em-vila-real\/#article\",\"isPartOf\":{\"@id\":\"https:\/\/comarcas.csm.org.pt\/vila-real\/blog\/2025\/06\/25\/wokshop-sobre-burnout-reune-profissionais-em-vila-real\/\"},\"author\":{\"name\":\"vilareal1\",\"@id\":\"https:\/\/comarcas.csm.org.pt\/vila-real\/#\/schema\/person\/e0530d2ddb467c94d9c217055f38916d\"},\"headline\":\"Wokshop sobre burnout re\u00fane profissionais em Vila Real\",\"datePublished\":\"2025-06-25T15:55:32+00:00\",\"dateModified\":\"2025-06-25T16:04:17+00:00\",\"mainEntityOfPage\":{\"@id\":\"https:\/\/comarcas.csm.org.pt\/vila-real\/blog\/2025\/06\/25\/wokshop-sobre-burnout-reune-profissionais-em-vila-real\/\"},\"wordCount\":150,\"publisher\":{\"@id\":\"https:\/\/comarcas.csm.org.pt\/vila-real\/#organization\"},\"articleSection\":[\"Geral\"],\"inLanguage\":\"pt-PT\"},{\"@type\":\"WebPage\",\"@id\":\"https:\/\/comarcas.csm.org.pt\/vila-real\/blog\/2025\/06\/25\/wokshop-sobre-burnout-reune-profissionais-em-vila-real\/\",\"url\":\"https:\/\/comarcas.csm.org.pt\/vila-real\/blog\/2025\/06\/25\/wokshop-sobre-burnout-reune-profissionais-em-vila-real\/\",\"name\":\"Wokshop sobre burnout re\u00fane profissionais em Vila Real - Tribunal Judicial da Comarca de Vila Real\",\"isPartOf\":{\"@id\":\"https:\/\/comarcas.csm.org.pt\/vila-real\/#website\"},\"datePublished\":\"2025-06-25T15:55:32+00:00\",\"dateModified\":\"2025-06-25T16:04:17+00:00\",\"breadcrumb\":{\"@id\":\"https:\/\/comarcas.csm.org.pt\/vila-real\/blog\/2025\/06\/25\/wokshop-sobre-burnout-reune-profissionais-em-vila-real\/#breadcrumb\"},\"inLanguage\":\"pt-PT\",\"potentialAction\":[{\"@type\":\"ReadAction\",\"target\":[\"https:\/\/comarcas.csm.org.pt\/vila-real\/blog\/2025\/06\/25\/wokshop-sobre-burnout-reune-profissionais-em-vila-real\/\"]}]},{\"@type\":\"BreadcrumbList\",\"@id\":\"https:\/\/comarcas.csm.org.pt\/vila-real\/blog\/2025\/06\/25\/wokshop-sobre-burnout-reune-profissionais-em-vila-real\/#breadcrumb\",\"itemListElement\":[{\"@type\":\"ListItem\",\"position\":1,\"name\":\"In\u00edcio\",\"item\":\"https:\/\/comarcas.csm.org.pt\/vila-real\/\"},{\"@type\":\"ListItem\",\"position\":2,\"name\":\"Wokshop sobre burnout re\u00fane profissionais em Vila Real\"}]},{\"@type\":\"WebSite\",\"@id\":\"https:\/\/comarcas.csm.org.pt\/vila-real\/#website\",\"url\":\"https:\/\/comarcas.csm.org.pt\/vila-real\/\",\"name\":\"Tribunal Judicial da Comarca de Vila Real\",\"description\":\"Tribunal Judicial da Comarca de Vila Real\",\"publisher\":{\"@id\":\"https:\/\/comarcas.csm.org.pt\/vila-real\/#organization\"},\"potentialAction\":[{\"@type\":\"SearchAction\",\"target\":{\"@type\":\"EntryPoint\",\"urlTemplate\":\"https:\/\/comarcas.csm.org.pt\/vila-real\/?s={search_term_string}\"},\"query-input\":{\"@type\":\"PropertyValueSpecification\",\"valueRequired\":true,\"valueName\":\"search_term_string\"}}],\"inLanguage\":\"pt-PT\"},{\"@type\":\"Organization\",\"@id\":\"https:\/\/comarcas.csm.org.pt\/vila-real\/#organization\",\"name\":\"Tribunal Judicial da Comarca de Vila Real\",\"url\":\"https:\/\/comarcas.csm.org.pt\/vila-real\/\",\"logo\":{\"@type\":\"ImageObject\",\"inLanguage\":\"pt-PT\",\"@id\":\"https:\/\/comarcas.csm.org.pt\/vila-real\/#\/schema\/logo\/image\/\",\"url\":\"https:\/\/comarcas.csm.org.pt\/vila-real\/wp-content\/uploads\/sites\/26\/2024\/11\/cropped-V.-Real_positivo-horizontal-scaled.png\",\"contentUrl\":\"https:\/\/comarcas.csm.org.pt\/vila-real\/wp-content\/uploads\/sites\/26\/2024\/11\/cropped-V.-Real_positivo-horizontal-scaled.png\",\"width\":2560,\"height\":583,\"caption\":\"Tribunal Judicial da Comarca de Vila Real\"},\"image\":{\"@id\":\"https:\/\/comarcas.csm.org.pt\/vila-real\/#\/schema\/logo\/image\/\"}},{\"@type\":\"Person\",\"@id\":\"https:\/\/comarcas.csm.org.pt\/vila-real\/#\/schema\/person\/e0530d2ddb467c94d9c217055f38916d\",\"name\":\"vilareal1\",\"image\":{\"@type\":\"ImageObject\",\"inLanguage\":\"pt-PT\",\"@id\":\"https:\/\/comarcas.csm.org.pt\/vila-real\/#\/schema\/person\/image\/\",\"url\":\"https:\/\/secure.gravatar.com\/avatar\/9709b259d761915d9f89bed3ec930bfa4931c1cea523226161dd6a0b8e1682c6?s=96&d=mm&r=g\",\"contentUrl\":\"https:\/\/secure.gravatar.com\/avatar\/9709b259d761915d9f89bed3ec930bfa4931c1cea523226161dd6a0b8e1682c6?s=96&d=mm&r=g\",\"caption\":\"vilareal1\"},\"url\":\"https:\/\/comarcas.csm.org.pt\/vila-real\/blog\/author\/vilareal1\/\"}]}<\/script>\n<!-- \/ Yoast SEO plugin. -->","yoast_head_json":{"title":"Wokshop sobre burnout re\u00fane profissionais em Vila Real - Tribunal Judicial da Comarca de Vila Real","robots":{"index":"index","follow":"follow","max-snippet":"max-snippet:-1","max-image-preview":"max-image-preview:large","max-video-preview":"max-video-preview:-1"},"canonical":"https:\/\/comarcas.csm.org.pt\/vila-real\/blog\/2025\/06\/25\/wokshop-sobre-burnout-reune-profissionais-em-vila-real\/","og_locale":"pt_PT","og_type":"article","og_title":"Wokshop sobre burnout re\u00fane profissionais em Vila Real - Tribunal Judicial da Comarca de Vila Real","og_description":"No passado dia 28 de maio de 2025, realizou-se no Tribunal Judicial da Comarca de Vila Real um workshop te\u00f3rico-pr\u00e1tico dedicado ao tema\u00a0\u201cDesgaste Profissional \u2013 Os sinais e as ferramentas para o combater\u201d. A iniciativa...","og_url":"https:\/\/comarcas.csm.org.pt\/vila-real\/blog\/2025\/06\/25\/wokshop-sobre-burnout-reune-profissionais-em-vila-real\/","og_site_name":"Tribunal Judicial da Comarca de Vila Real","article_published_time":"2025-06-25T15:55:32+00:00","article_modified_time":"2025-06-25T16:04:17+00:00","author":"vilareal1","twitter_card":"summary_large_image","twitter_misc":{"Escrito por":"vilareal1","Tempo estimado de leitura":"1 minuto"},"schema":{"@context":"https:\/\/schema.org","@graph":[{"@type":"Article","@id":"https:\/\/comarcas.csm.org.pt\/vila-real\/blog\/2025\/06\/25\/wokshop-sobre-burnout-reune-profissionais-em-vila-real\/#article","isPartOf":{"@id":"https:\/\/comarcas.csm.org.pt\/vila-real\/blog\/2025\/06\/25\/wokshop-sobre-burnout-reune-profissionais-em-vila-real\/"},"author":{"name":"vilareal1","@id":"https:\/\/comarcas.csm.org.pt\/vila-real\/#\/schema\/person\/e0530d2ddb467c94d9c217055f38916d"},"headline":"Wokshop sobre burnout re\u00fane profissionais em Vila Real","datePublished":"2025-06-25T15:55:32+00:00","dateModified":"2025-06-25T16:04:17+00:00","mainEntityOfPage":{"@id":"https:\/\/comarcas.csm.org.pt\/vila-real\/blog\/2025\/06\/25\/wokshop-sobre-burnout-reune-profissionais-em-vila-real\/"},"wordCount":150,"publisher":{"@id":"https:\/\/comarcas.csm.org.pt\/vila-real\/#organization"},"articleSection":["Geral"],"inLanguage":"pt-PT"},{"@type":"WebPage","@id":"https:\/\/comarcas.csm.org.pt\/vila-real\/blog\/2025\/06\/25\/wokshop-sobre-burnout-reune-profissionais-em-vila-real\/","url":"https:\/\/comarcas.csm.org.pt\/vila-real\/blog\/2025\/06\/25\/wokshop-sobre-burnout-reune-profissionais-em-vila-real\/","name":"Wokshop sobre burnout re\u00fane profissionais em Vila Real - Tribunal Judicial da Comarca de Vila Real","isPartOf":{"@id":"https:\/\/comarcas.csm.org.pt\/vila-real\/#website"},"datePublished":"2025-06-25T15:55:32+00:00","dateModified":"2025-06-25T16:04:17+00:00","breadcrumb":{"@id":"https:\/\/comarcas.csm.org.pt\/vila-real\/blog\/2025\/06\/25\/wokshop-sobre-burnout-reune-profissionais-em-vila-real\/#breadcrumb"},"inLanguage":"pt-PT","potentialAction":[{"@type":"ReadAction","target":["https:\/\/comarcas.csm.org.pt\/vila-real\/blog\/2025\/06\/25\/wokshop-sobre-burnout-reune-profissionais-em-vila-real\/"]}]},{"@type":"BreadcrumbList","@id":"https:\/\/comarcas.csm.org.pt\/vila-real\/blog\/2025\/06\/25\/wokshop-sobre-burnout-reune-profissionais-em-vila-real\/#breadcrumb","itemListElement":[{"@type":"ListItem","position":1,"name":"In\u00edcio","item":"https:\/\/comarcas.csm.org.pt\/vila-real\/"},{"@type":"ListItem","position":2,"name":"Wokshop sobre burnout re\u00fane profissionais em Vila Real"}]},{"@type":"WebSite","@id":"https:\/\/comarcas.csm.org.pt\/vila-real\/#website","url":"https:\/\/comarcas.csm.org.pt\/vila-real\/","name":"Tribunal Judicial da Comarca de Vila Real","description":"Tribunal Judicial da Comarca de Vila Real","publisher":{"@id":"https:\/\/comarcas.csm.org.pt\/vila-real\/#organization"},"potentialAction":[{"@type":"SearchAction","target":{"@type":"EntryPoint","urlTemplate":"https:\/\/comarcas.csm.org.pt\/vila-real\/?s={search_term_string}"},"query-input":{"@type":"PropertyValueSpecification","valueRequired":true,"valueName":"search_term_string"}}],"inLanguage":"pt-PT"},{"@type":"Organization","@id":"https:\/\/comarcas.csm.org.pt\/vila-real\/#organization","name":"Tribunal Judicial da Comarca de Vila Real","url":"https:\/\/comarcas.csm.org.pt\/vila-real\/","logo":{"@type":"ImageObject","inLanguage":"pt-PT","@id":"https:\/\/comarcas.csm.org.pt\/vila-real\/#\/schema\/logo\/image\/","url":"https:\/\/comarcas.csm.org.pt\/vila-real\/wp-content\/uploads\/sites\/26\/2024\/11\/cropped-V.-Real_positivo-horizontal-scaled.png","contentUrl":"https:\/\/comarcas.csm.org.pt\/vila-real\/wp-content\/uploads\/sites\/26\/2024\/11\/cropped-V.-Real_positivo-horizontal-scaled.png","width":2560,"height":583,"caption":"Tribunal Judicial da Comarca de Vila Real"},"image":{"@id":"https:\/\/comarcas.csm.org.pt\/vila-real\/#\/schema\/logo\/image\/"}},{"@type":"Person","@id":"https:\/\/comarcas.csm.org.pt\/vila-real\/#\/schema\/person\/e0530d2ddb467c94d9c217055f38916d","name":"vilareal1","image":{"@type":"ImageObject","inLanguage":"pt-PT","@id":"https:\/\/comarcas.csm.org.pt\/vila-real\/#\/schema\/person\/image\/","url":"https:\/\/secure.gravatar.com\/avatar\/9709b259d761915d9f89bed3ec930bfa4931c1cea523226161dd6a0b8e1682c6?s=96&d=mm&r=g","contentUrl":"https:\/\/secure.gravatar.com\/avatar\/9709b259d761915d9f89bed3ec930bfa4931c1cea523226161dd6a0b8e1682c6?s=96&d=mm&r=g","caption":"vilareal1"},"url":"https:\/\/comarcas.csm.org.pt\/vila-real\/blog\/author\/vilareal1\/"}]}},"_links":{"self":[{"href":"https:\/\/comarcas.csm.org.pt\/vila-real\/wp-json\/wp\/v2\/posts\/12044","targetHints":{"allow":["GET"]}}],"collection":[{"href":"https:\/\/comarcas.csm.org.pt\/vila-real\/wp-json\/wp\/v2\/posts"}],"about":[{"href":"https:\/\/comarcas.csm.org.pt\/vila-real\/wp-json\/wp\/v2\/types\/post"}],"author":[{"embeddable":true,"href":"https:\/\/comarcas.csm.org.pt\/vila-real\/wp-json\/wp\/v2\/users\/28"}],"replies":[{"embeddable":true,"href":"https:\/\/comarcas.csm.org.pt\/vila-real\/wp-json\/wp\/v2\/comments?post=12044"}],"version-history":[{"count":5,"href":"https:\/\/comarcas.csm.org.pt\/vila-real\/wp-json\/wp\/v2\/posts\/12044\/revisions"}],"predecessor-version":[{"id":12049,"href":"https:\/\/comarcas.csm.org.pt\/vila-real\/wp-json\/wp\/v2\/posts\/12044\/revisions\/12049"}],"wp:attachment":[{"href":"https:\/\/comarcas.csm.org.pt\/vila-real\/wp-json\/wp\/v2\/media?parent=12044"}],"wp:term":[{"taxonomy":"category","embeddable":true,"href":"https:\/\/comarcas.csm.org.pt\/vila-real\/wp-json\/wp\/v2\/categories?post=12044"},{"taxonomy":"post_tag","embeddable":true,"href":"https:\/\/comarcas.csm.org.pt\/vila-real\/wp-json\/wp\/v2\/tags?post=12044"}],"curies":[{"name":"wp","href":"https:\/\/api.w.org\/{rel}","templated":true}]}}